{"id":9237,"date":"2025-04-10T13:50:23","date_gmt":"2025-04-10T11:50:23","guid":{"rendered":"https:\/\/www.e-leclerc.es\/vitoria-gasteiz\/tendencias\/\/"},"modified":"2025-04-30T13:19:46","modified_gmt":"2025-04-30T11:19:46","slug":"novela-historica","status":"publish","type":"post","link":"https:\/\/e-leclerc.es\/vitoria-gasteiz\/tendencias\/novela-historica\/","title":{"rendered":"Novela hist\u00f3rica"},"content":{"rendered":"\t\t<div data-elementor-type=\"wp-post\" data-elementor-id=\"9237\" class=\"elementor elementor-9237\" data-elementor-post-type=\"post\">\n\t\t\t\t<div class=\"elementor-element elementor-element-9d825e2 e-con-full e-flex e-con e-parent\" data-id=\"9d825e2\" data-element_type=\"container\" data-e-type=\"container\">\n\t\t\t\t<div class=\"elementor-element elementor-element-adae01d elementor-widget__width-initial elementor-widget elementor-widget-image\" data-id=\"adae01d\" data-element_type=\"widget\" data-e-type=\"widget\" data-widget_type=\"image.default\">\n\t\t\t\t<div class=\"elementor-widget-container\">\n\t\t\t\t\t\t\t\t\t\t\t\t\t\t\t<img fetchpriority=\"high\" decoding=\"async\" width=\"584\" height=\"328\" src=\"https:\/\/e-leclerc.es\/vitoria-gasteiz\/wp-content\/uploads\/sites\/4\/2025\/04\/caballeros.webp\" class=\"attachment-large size-large wp-image-9239\" alt=\"\" srcset=\"https:\/\/e-leclerc.es\/vitoria-gasteiz\/wp-content\/uploads\/sites\/4\/2025\/04\/caballeros.webp 584w, https:\/\/e-leclerc.es\/vitoria-gasteiz\/wp-content\/uploads\/sites\/4\/2025\/04\/caballeros-300x168.webp 300w\" sizes=\"(max-width: 584px) 100vw, 584px\" \/>\t\t\t\t\t\t\t\t\t\t\t\t\t\t\t<\/div>\n\t\t\t\t<\/div>\n\t\t\t\t<\/div>\n\t\t<div class=\"elementor-element elementor-element-a85e933 e-flex e-con-boxed e-con e-parent\" data-id=\"a85e933\" data-element_type=\"container\" data-e-type=\"container\">\n\t\t\t\t\t<div class=\"e-con-inner\">\n\t\t<div class=\"elementor-element elementor-element-02a9fe2 e-con-full e-flex e-con e-child\" data-id=\"02a9fe2\" data-element_type=\"container\" data-e-type=\"container\">\n\t\t\t\t<div class=\"elementor-element elementor-element-907d065 elementor-widget elementor-widget-heading\" data-id=\"907d065\" data-element_type=\"widget\" data-e-type=\"widget\" data-widget_type=\"heading.default\">\n\t\t\t\t<div class=\"elementor-widget-container\">\n\t\t\t\t\t<h2 class=\"elementor-heading-title elementor-size-default\">Novela hist\u00f3rica\u200b<\/h2>\t\t\t\t<\/div>\n\t\t\t\t<\/div>\n\t\t\t\t<\/div>\n\t\t\t\t\t<\/div>\n\t\t\t\t<\/div>\n\t\t<div class=\"elementor-element elementor-element-b4199e4 e-flex e-con-boxed e-con e-parent\" data-id=\"b4199e4\" data-element_type=\"container\" data-e-type=\"container\">\n\t\t\t\t\t<div class=\"e-con-inner\">\n\t\t<div class=\"elementor-element elementor-element-5fc70ca e-con-full e-flex e-con e-child\" data-id=\"5fc70ca\" data-element_type=\"container\" data-e-type=\"container\">\n\t\t\t\t<div class=\"elementor-element elementor-element-9cad74f elementor-widget elementor-widget-text-editor\" data-id=\"9cad74f\" data-element_type=\"widget\" data-e-type=\"widget\" data-widget_type=\"text-editor.default\">\n\t\t\t\t<div class=\"elementor-widget-container\">\n\t\t\t\t\t\t\t\t\t<p>La novela hist\u00f3rica nos transporta a \u00e9pocas pasadas, tejiendo relatos que combinan ficci\u00f3n y hechos reales. A trav\u00e9s de personajes v\u00edvidos y escenarios detallados, este g\u00e9nero explora las complejidades de otros tiempos, permitiendo a los lectores revivir momentos clave de la historia mientras reflexionan sobre sus ecos en el presente. Es una invitaci\u00f3n a viajar al pasado y comprenderlo desde nuevas perspectivas.<\/p>\t\t\t\t\t\t\t\t<\/div>\n\t\t\t\t<\/div>\n\t\t\t\t<\/div>\n\t\t\t\t\t<\/div>\n\t\t\t\t<\/div>\n\t\t<div class=\"elementor-element elementor-element-b1be58e e-flex e-con-boxed e-con e-parent\" data-id=\"b1be58e\" data-element_type=\"container\" data-e-type=\"container\">\n\t\t\t\t\t<div class=\"e-con-inner\">\n\t\t<div class=\"elementor-element elementor-element-ffa25f7 e-con-full e-flex e-con e-child\" data-id=\"ffa25f7\" data-element_type=\"container\" data-e-type=\"container\">\n\t\t\t\t<div class=\"elementor-element elementor-element-8f90510 elementor-widget elementor-widget-heading\" data-id=\"8f90510\" data-element_type=\"widget\" data-e-type=\"widget\" data-widget_type=\"heading.default\">\n\t\t\t\t<div class=\"elementor-widget-container\">\n\t\t\t\t\t<h2 class=\"elementor-heading-title elementor-size-default\">Nuestras recomendaciones<\/h2>\t\t\t\t<\/div>\n\t\t\t\t<\/div>\n\t\t\t\t<\/div>\n\t\t\t\t\t<\/div>\n\t\t\t\t<\/div>\n\t\t<div class=\"elementor-element elementor-element-e753432 e-flex e-con-boxed e-con e-parent\" data-id=\"e753432\" data-element_type=\"container\" data-e-type=\"container\">\n\t\t\t\t\t<div class=\"e-con-inner\">\n\t\t<div class=\"elementor-element elementor-element-033b8bf e-con-full e-flex e-con e-child\" data-id=\"033b8bf\" data-element_type=\"container\" data-e-type=\"container\">\n\t\t<div class=\"elementor-element elementor-element-c13417b e-con-full e-flex e-con e-child\" data-id=\"c13417b\" data-element_type=\"container\" data-e-type=\"container\">\n\t\t<div class=\"elementor-element elementor-element-3a7b87f e-con-full e-flex e-con e-child\" data-id=\"3a7b87f\" data-element_type=\"container\" data-e-type=\"container\">\n\t\t\t\t<div class=\"elementor-element elementor-element-1c9e7fc elementor-widget elementor-widget-image\" data-id=\"1c9e7fc\" data-element_type=\"widget\" data-e-type=\"widget\" data-widget_type=\"image.default\">\n\t\t\t\t<div class=\"elementor-widget-container\">\n\t\t\t\t\t\t\t\t\t\t\t\t\t\t\t<img decoding=\"async\" width=\"735\" height=\"735\" src=\"https:\/\/e-leclerc.es\/vitoria-gasteiz\/wp-content\/uploads\/sites\/4\/2025\/04\/9788425369575_G.jpg\" class=\"attachment-large size-large wp-image-9197\" alt=\"\" srcset=\"https:\/\/e-leclerc.es\/vitoria-gasteiz\/wp-content\/uploads\/sites\/4\/2025\/04\/9788425369575_G.jpg 735w, https:\/\/e-leclerc.es\/vitoria-gasteiz\/wp-content\/uploads\/sites\/4\/2025\/04\/9788425369575_G-300x300.jpg 300w, https:\/\/e-leclerc.es\/vitoria-gasteiz\/wp-content\/uploads\/sites\/4\/2025\/04\/9788425369575_G-150x150.jpg 150w, https:\/\/e-leclerc.es\/vitoria-gasteiz\/wp-content\/uploads\/sites\/4\/2025\/04\/9788425369575_G-200x200.jpg 200w\" sizes=\"(max-width: 735px) 100vw, 735px\" \/>\t\t\t\t\t\t\t\t\t\t\t\t\t\t\t<\/div>\n\t\t\t\t<\/div>\n\t\t\t\t<\/div>\n\t\t<div class=\"elementor-element elementor-element-7da85eb e-con-full e-flex e-con e-child\" data-id=\"7da85eb\" data-element_type=\"container\" data-e-type=\"container\">\n\t\t\t\t<div class=\"elementor-element elementor-element-35abc2a elementor-widget elementor-widget-heading\" data-id=\"35abc2a\" data-element_type=\"widget\" data-e-type=\"widget\" data-widget_type=\"heading.default\">\n\t\t\t\t<div class=\"elementor-widget-container\">\n\t\t\t\t\t<h3 class=\"elementor-heading-title elementor-size-default\">\"En el amor y la guerra\" Ildefonso Falcones<\/h3>\t\t\t\t<\/div>\n\t\t\t\t<\/div>\n\t\t\t\t<div class=\"elementor-element elementor-element-5dec622 elementor-widget elementor-widget-text-editor\" data-id=\"5dec622\" data-element_type=\"widget\" data-e-type=\"widget\" data-widget_type=\"text-editor.default\">\n\t\t\t\t<div class=\"elementor-widget-container\">\n\t\t\t\t\t\t\t\t\t<p>UN MUNDO A PUNTO DE CAMBIAR PARA SIEMPRE. UN HOMBRE MARCADO POR LA FUERZA DE SU LINAJE. UNA HISTORIA DE AMOR, LEALTAD Y VENGANZA.<\/p><p>En el a\u00f1o 2006, un entonces desconocido Ildefonso Falcones protagoniz\u00f3 el mayor fen\u00f3meno editorial de la novela hist\u00f3rica en Espa\u00f1a con su obra maestra, La catedral del mar. Diez a\u00f1os despu\u00e9s, llegaba a manos de los lectores su apasionante continuaci\u00f3n, Los herederos de la tierra, que volvi\u00f3 a batir r\u00e9cords de ventas. Ahora que se cumple casi una d\u00e9cada m\u00e1s, Grijalbo presenta el lanzamiento de la tercera entrega de una saga imprescindible para todos los amantes de la mejor novela hist\u00f3rica.<\/p><p>1442. Arnau Estanyol, nieto del protagonista de La catedral del mar, sirve con fervor al rey de Arag\u00f3n en la conquista de N\u00e1poles cuando los enemigos eternos de la familia aprovechan su ausencia para irrumpir en su palacio y atacar a su hijastra, la joven Marina, con consecuencias devastadoras para todos. As\u00ed arranca una deslumbrante novela \u00e9pica que recorre la segunda mitad del siglo XV, unos a\u00f1os que supusieron el final del oscurantismo medieval y el inicio de un periodo m\u00e1s luminoso, el Renacimiento. Arnau Estanyol, descendiente de esos a\u00f1os oscuros, ver\u00e1 c\u00f3mo el mundo se transforma a su alrededor, c\u00f3mo cambia el arte de la guerra y c\u00f3mo el amor es capaz de transformar el coraz\u00f3n m\u00e1s endurecido.<\/p>\t\t\t\t\t\t\t\t<\/div>\n\t\t\t\t<\/div>\n\t\t\t\t<\/div>\n\t\t\t\t<\/div>\n\t\t\t\t<\/div>\n\t\t\t\t\t<\/div>\n\t\t\t\t<\/div>\n\t\t<div class=\"elementor-element elementor-element-6d2ebc0 e-flex e-con-boxed e-con e-parent\" data-id=\"6d2ebc0\" data-element_type=\"container\" data-e-type=\"container\">\n\t\t\t\t\t<div class=\"e-con-inner\">\n\t\t<div class=\"elementor-element elementor-element-dc21649 e-con-full e-flex e-con e-child\" data-id=\"dc21649\" data-element_type=\"container\" data-e-type=\"container\">\n\t\t\t\t<div class=\"elementor-element elementor-element-202a5c0 elementor-align-center elementor-widget__width-initial elementor-widget elementor-widget-button\" data-id=\"202a5c0\" data-element_type=\"widget\" data-e-type=\"widget\" data-widget_type=\"button.default\">\n\t\t\t\t<div class=\"elementor-widget-container\">\n\t\t\t\t\t\t\t\t\t<div class=\"elementor-button-wrapper\">\n\t\t\t\t\t<a class=\"elementor-button elementor-button-link elementor-size-sm\" href=\"https:\/\/e-leclerc.es\/vitoria-gasteiz\/tendencias\/feria-del-libro-2025\/\">\n\t\t\t\t\t\t<span class=\"elementor-button-content-wrapper\">\n\t\t\t\t\t\t\t\t\t<span class=\"elementor-button-text\">Feria del Libro 2025<\/span>\n\t\t\t\t\t<\/span>\n\t\t\t\t\t<\/a>\n\t\t\t\t<\/div>\n\t\t\t\t\t\t\t\t<\/div>\n\t\t\t\t<\/div>\n\t\t\t\t<\/div>\n\t\t\t\t\t<\/div>\n\t\t\t\t<\/div>\n\t\t\t\t<\/div>\n\t\t","protected":false},"excerpt":{"rendered":"<p>Novela hist\u00f3rica\u200b La novela hist\u00f3rica nos transporta a \u00e9pocas pasadas, tejiendo relatos que combinan ficci\u00f3n y hechos reales. A trav\u00e9s de personajes v\u00edvidos y escenarios detallados, este g\u00e9nero explora las complejidades de otros tiempos, permitiendo a los lectores revivir momentos clave de la historia mientras reflexionan sobre sus ecos en el presente. Es una invitaci\u00f3n [&hellip;]<\/p>\n","protected":false},"author":56,"featured_media":9239,"comment_status":"closed","ping_status":"open","sticky":false,"template":"","format":"standard","meta":{"_acf_changed":false,"footnotes":""},"categories":[126,125,1],"tags":[],"class_list":["post-9237","post","type-post","status-publish","format-standard","has-post-thumbnail","hentry","category-dias-especiales","category-feria-del-libro","category-uncategorized"],"acf":[],"yoast_head":"<!-- This site is optimized with the Yoast SEO plugin v27.4 - https:\/\/yoast.com\/product\/yoast-seo-wordpress\/ -->\n<title>Novela hist\u00f3rica - E.Leclerc Vitoria-Gasteiz<\/title>\n<meta name=\"robots\" content=\"index, follow, max-snippet:-1, max-image-preview:large, max-video-preview:-1\" \/>\n<link rel=\"canonical\" href=\"https:\/\/e-leclerc.es\/vitoria-gasteiz\/tendencias\/novela-historica\/\" \/>\n<meta property=\"og:locale\" content=\"es_ES\" \/>\n<meta property=\"og:type\" content=\"article\" \/>\n<meta property=\"og:title\" content=\"Novela hist\u00f3rica - E.Leclerc Vitoria-Gasteiz\" \/>\n<meta property=\"og:description\" content=\"Novela hist\u00f3rica\u200b La novela hist\u00f3rica nos transporta a \u00e9pocas pasadas, tejiendo relatos que combinan ficci\u00f3n y hechos reales. A trav\u00e9s de personajes v\u00edvidos y escenarios detallados, este g\u00e9nero explora las complejidades de otros tiempos, permitiendo a los lectores revivir momentos clave de la historia mientras reflexionan sobre sus ecos en el presente. Es una invitaci\u00f3n [&hellip;]\" \/>\n<meta property=\"og:url\" content=\"https:\/\/e-leclerc.es\/vitoria-gasteiz\/tendencias\/novela-historica\/\" \/>\n<meta property=\"og:site_name\" content=\"E.Leclerc Vitoria-Gasteiz\" \/>\n<meta property=\"article:published_time\" content=\"2025-04-10T11:50:23+00:00\" \/>\n<meta property=\"article:modified_time\" content=\"2025-04-30T11:19:46+00:00\" \/>\n<meta property=\"og:image\" content=\"https:\/\/e-leclerc.es\/vitoria-gasteiz\/wp-content\/uploads\/sites\/4\/2025\/04\/caballeros.webp\" \/>\n\t<meta property=\"og:image:width\" content=\"584\" \/>\n\t<meta property=\"og:image:height\" content=\"328\" \/>\n\t<meta property=\"og:image:type\" content=\"image\/webp\" \/>\n<meta name=\"author\" content=\"jorge\" \/>\n<meta name=\"twitter:card\" content=\"summary_large_image\" \/>\n<meta name=\"twitter:label1\" content=\"Escrito por\" \/>\n\t<meta name=\"twitter:data1\" content=\"jorge\" \/>\n\t<meta name=\"twitter:label2\" content=\"Tiempo de lectura\" \/>\n\t<meta name=\"twitter:data2\" content=\"2 minutos\" \/>\n<script type=\"application\/ld+json\" class=\"yoast-schema-graph\">{\"@context\":\"https:\\\/\\\/schema.org\",\"@graph\":[{\"@type\":\"Article\",\"@id\":\"https:\\\/\\\/e-leclerc.es\\\/vitoria-gasteiz\\\/tendencias\\\/novela-historica\\\/#article\",\"isPartOf\":{\"@id\":\"https:\\\/\\\/e-leclerc.es\\\/vitoria-gasteiz\\\/tendencias\\\/novela-historica\\\/\"},\"author\":{\"name\":\"jorge\",\"@id\":\"https:\\\/\\\/e-leclerc.es\\\/vitoria-gasteiz\\\/#\\\/schema\\\/person\\\/04ab2c7a51567f015c9ebf63cedfd818\"},\"headline\":\"Novela hist\u00f3rica\",\"datePublished\":\"2025-04-10T11:50:23+00:00\",\"dateModified\":\"2025-04-30T11:19:46+00:00\",\"mainEntityOfPage\":{\"@id\":\"https:\\\/\\\/e-leclerc.es\\\/vitoria-gasteiz\\\/tendencias\\\/novela-historica\\\/\"},\"wordCount\":330,\"publisher\":{\"@id\":\"https:\\\/\\\/e-leclerc.es\\\/vitoria-gasteiz\\\/#organization\"},\"image\":{\"@id\":\"https:\\\/\\\/e-leclerc.es\\\/vitoria-gasteiz\\\/tendencias\\\/novela-historica\\\/#primaryimage\"},\"thumbnailUrl\":\"https:\\\/\\\/e-leclerc.es\\\/vitoria-gasteiz\\\/wp-content\\\/uploads\\\/sites\\\/4\\\/2025\\\/04\\\/caballeros.webp\",\"articleSection\":[\"D\u00edas especiales\",\"Feria del libro\",\"Uncategorized\"],\"inLanguage\":\"es\"},{\"@type\":\"WebPage\",\"@id\":\"https:\\\/\\\/e-leclerc.es\\\/vitoria-gasteiz\\\/tendencias\\\/novela-historica\\\/\",\"url\":\"https:\\\/\\\/e-leclerc.es\\\/vitoria-gasteiz\\\/tendencias\\\/novela-historica\\\/\",\"name\":\"Novela hist\u00f3rica - E.Leclerc Vitoria-Gasteiz\",\"isPartOf\":{\"@id\":\"https:\\\/\\\/e-leclerc.es\\\/vitoria-gasteiz\\\/#website\"},\"primaryImageOfPage\":{\"@id\":\"https:\\\/\\\/e-leclerc.es\\\/vitoria-gasteiz\\\/tendencias\\\/novela-historica\\\/#primaryimage\"},\"image\":{\"@id\":\"https:\\\/\\\/e-leclerc.es\\\/vitoria-gasteiz\\\/tendencias\\\/novela-historica\\\/#primaryimage\"},\"thumbnailUrl\":\"https:\\\/\\\/e-leclerc.es\\\/vitoria-gasteiz\\\/wp-content\\\/uploads\\\/sites\\\/4\\\/2025\\\/04\\\/caballeros.webp\",\"datePublished\":\"2025-04-10T11:50:23+00:00\",\"dateModified\":\"2025-04-30T11:19:46+00:00\",\"breadcrumb\":{\"@id\":\"https:\\\/\\\/e-leclerc.es\\\/vitoria-gasteiz\\\/tendencias\\\/novela-historica\\\/#breadcrumb\"},\"inLanguage\":\"es\",\"potentialAction\":[{\"@type\":\"ReadAction\",\"target\":[\"https:\\\/\\\/e-leclerc.es\\\/vitoria-gasteiz\\\/tendencias\\\/novela-historica\\\/\"]}]},{\"@type\":\"ImageObject\",\"inLanguage\":\"es\",\"@id\":\"https:\\\/\\\/e-leclerc.es\\\/vitoria-gasteiz\\\/tendencias\\\/novela-historica\\\/#primaryimage\",\"url\":\"https:\\\/\\\/e-leclerc.es\\\/vitoria-gasteiz\\\/wp-content\\\/uploads\\\/sites\\\/4\\\/2025\\\/04\\\/caballeros.webp\",\"contentUrl\":\"https:\\\/\\\/e-leclerc.es\\\/vitoria-gasteiz\\\/wp-content\\\/uploads\\\/sites\\\/4\\\/2025\\\/04\\\/caballeros.webp\",\"width\":584,\"height\":328},{\"@type\":\"BreadcrumbList\",\"@id\":\"https:\\\/\\\/e-leclerc.es\\\/vitoria-gasteiz\\\/tendencias\\\/novela-historica\\\/#breadcrumb\",\"itemListElement\":[{\"@type\":\"ListItem\",\"position\":1,\"name\":\"Portada\",\"item\":\"https:\\\/\\\/e-leclerc.es\\\/vitoria-gasteiz\\\/\"},{\"@type\":\"ListItem\",\"position\":2,\"name\":\"Novela hist\u00f3rica\"}]},{\"@type\":\"WebSite\",\"@id\":\"https:\\\/\\\/e-leclerc.es\\\/vitoria-gasteiz\\\/#website\",\"url\":\"https:\\\/\\\/e-leclerc.es\\\/vitoria-gasteiz\\\/\",\"name\":\"E.Leclerc Vitoria-Gasteiz\",\"description\":\"Descubre los folletos, ofertas y promociones de nuestro hipermercado E.Leclerc Vitoria-Gasteiz en Pa\u00eds Vasco. Direcci\u00f3n | Horario | Productos locales\",\"publisher\":{\"@id\":\"https:\\\/\\\/e-leclerc.es\\\/vitoria-gasteiz\\\/#organization\"},\"potentialAction\":[{\"@type\":\"SearchAction\",\"target\":{\"@type\":\"EntryPoint\",\"urlTemplate\":\"https:\\\/\\\/e-leclerc.es\\\/vitoria-gasteiz\\\/?s={search_term_string}\"},\"query-input\":{\"@type\":\"PropertyValueSpecification\",\"valueRequired\":true,\"valueName\":\"search_term_string\"}}],\"inLanguage\":\"es\"},{\"@type\":\"Organization\",\"@id\":\"https:\\\/\\\/e-leclerc.es\\\/vitoria-gasteiz\\\/#organization\",\"name\":\"E.Leclerc Vitoria-Gasteiz\",\"url\":\"https:\\\/\\\/e-leclerc.es\\\/vitoria-gasteiz\\\/\",\"logo\":{\"@type\":\"ImageObject\",\"inLanguage\":\"es\",\"@id\":\"https:\\\/\\\/e-leclerc.es\\\/vitoria-gasteiz\\\/#\\\/schema\\\/logo\\\/image\\\/\",\"url\":\"https:\\\/\\\/e-leclerc.es\\\/vitoria-gasteiz\\\/wp-content\\\/uploads\\\/sites\\\/4\\\/2024\\\/03\\\/Leclerc_Logo.svg\",\"contentUrl\":\"https:\\\/\\\/e-leclerc.es\\\/vitoria-gasteiz\\\/wp-content\\\/uploads\\\/sites\\\/4\\\/2024\\\/03\\\/Leclerc_Logo.svg\",\"caption\":\"E.Leclerc Vitoria-Gasteiz\"},\"image\":{\"@id\":\"https:\\\/\\\/e-leclerc.es\\\/vitoria-gasteiz\\\/#\\\/schema\\\/logo\\\/image\\\/\"}},{\"@type\":\"Person\",\"@id\":\"https:\\\/\\\/e-leclerc.es\\\/vitoria-gasteiz\\\/#\\\/schema\\\/person\\\/04ab2c7a51567f015c9ebf63cedfd818\",\"name\":\"jorge\",\"url\":\"https:\\\/\\\/e-leclerc.es\\\/vitoria-gasteiz\\\/author\\\/jorge\\\/\"}]}<\/script>\n<!-- \/ Yoast SEO plugin. -->","yoast_head_json":{"title":"Novela hist\u00f3rica - E.Leclerc Vitoria-Gasteiz","robots":{"index":"index","follow":"follow","max-snippet":"max-snippet:-1","max-image-preview":"max-image-preview:large","max-video-preview":"max-video-preview:-1"},"canonical":"https:\/\/e-leclerc.es\/vitoria-gasteiz\/tendencias\/novela-historica\/","og_locale":"es_ES","og_type":"article","og_title":"Novela hist\u00f3rica - E.Leclerc Vitoria-Gasteiz","og_description":"Novela hist\u00f3rica\u200b La novela hist\u00f3rica nos transporta a \u00e9pocas pasadas, tejiendo relatos que combinan ficci\u00f3n y hechos reales. A trav\u00e9s de personajes v\u00edvidos y escenarios detallados, este g\u00e9nero explora las complejidades de otros tiempos, permitiendo a los lectores revivir momentos clave de la historia mientras reflexionan sobre sus ecos en el presente. Es una invitaci\u00f3n [&hellip;]","og_url":"https:\/\/e-leclerc.es\/vitoria-gasteiz\/tendencias\/novela-historica\/","og_site_name":"E.Leclerc Vitoria-Gasteiz","article_published_time":"2025-04-10T11:50:23+00:00","article_modified_time":"2025-04-30T11:19:46+00:00","og_image":[{"width":584,"height":328,"url":"https:\/\/e-leclerc.es\/vitoria-gasteiz\/wp-content\/uploads\/sites\/4\/2025\/04\/caballeros.webp","type":"image\/webp"}],"author":"jorge","twitter_card":"summary_large_image","twitter_misc":{"Escrito por":"jorge","Tiempo de lectura":"2 minutos"},"schema":{"@context":"https:\/\/schema.org","@graph":[{"@type":"Article","@id":"https:\/\/e-leclerc.es\/vitoria-gasteiz\/tendencias\/novela-historica\/#article","isPartOf":{"@id":"https:\/\/e-leclerc.es\/vitoria-gasteiz\/tendencias\/novela-historica\/"},"author":{"name":"jorge","@id":"https:\/\/e-leclerc.es\/vitoria-gasteiz\/#\/schema\/person\/04ab2c7a51567f015c9ebf63cedfd818"},"headline":"Novela hist\u00f3rica","datePublished":"2025-04-10T11:50:23+00:00","dateModified":"2025-04-30T11:19:46+00:00","mainEntityOfPage":{"@id":"https:\/\/e-leclerc.es\/vitoria-gasteiz\/tendencias\/novela-historica\/"},"wordCount":330,"publisher":{"@id":"https:\/\/e-leclerc.es\/vitoria-gasteiz\/#organization"},"image":{"@id":"https:\/\/e-leclerc.es\/vitoria-gasteiz\/tendencias\/novela-historica\/#primaryimage"},"thumbnailUrl":"https:\/\/e-leclerc.es\/vitoria-gasteiz\/wp-content\/uploads\/sites\/4\/2025\/04\/caballeros.webp","articleSection":["D\u00edas especiales","Feria del libro","Uncategorized"],"inLanguage":"es"},{"@type":"WebPage","@id":"https:\/\/e-leclerc.es\/vitoria-gasteiz\/tendencias\/novela-historica\/","url":"https:\/\/e-leclerc.es\/vitoria-gasteiz\/tendencias\/novela-historica\/","name":"Novela hist\u00f3rica - E.Leclerc Vitoria-Gasteiz","isPartOf":{"@id":"https:\/\/e-leclerc.es\/vitoria-gasteiz\/#website"},"primaryImageOfPage":{"@id":"https:\/\/e-leclerc.es\/vitoria-gasteiz\/tendencias\/novela-historica\/#primaryimage"},"image":{"@id":"https:\/\/e-leclerc.es\/vitoria-gasteiz\/tendencias\/novela-historica\/#primaryimage"},"thumbnailUrl":"https:\/\/e-leclerc.es\/vitoria-gasteiz\/wp-content\/uploads\/sites\/4\/2025\/04\/caballeros.webp","datePublished":"2025-04-10T11:50:23+00:00","dateModified":"2025-04-30T11:19:46+00:00","breadcrumb":{"@id":"https:\/\/e-leclerc.es\/vitoria-gasteiz\/tendencias\/novela-historica\/#breadcrumb"},"inLanguage":"es","potentialAction":[{"@type":"ReadAction","target":["https:\/\/e-leclerc.es\/vitoria-gasteiz\/tendencias\/novela-historica\/"]}]},{"@type":"ImageObject","inLanguage":"es","@id":"https:\/\/e-leclerc.es\/vitoria-gasteiz\/tendencias\/novela-historica\/#primaryimage","url":"https:\/\/e-leclerc.es\/vitoria-gasteiz\/wp-content\/uploads\/sites\/4\/2025\/04\/caballeros.webp","contentUrl":"https:\/\/e-leclerc.es\/vitoria-gasteiz\/wp-content\/uploads\/sites\/4\/2025\/04\/caballeros.webp","width":584,"height":328},{"@type":"BreadcrumbList","@id":"https:\/\/e-leclerc.es\/vitoria-gasteiz\/tendencias\/novela-historica\/#breadcrumb","itemListElement":[{"@type":"ListItem","position":1,"name":"Portada","item":"https:\/\/e-leclerc.es\/vitoria-gasteiz\/"},{"@type":"ListItem","position":2,"name":"Novela hist\u00f3rica"}]},{"@type":"WebSite","@id":"https:\/\/e-leclerc.es\/vitoria-gasteiz\/#website","url":"https:\/\/e-leclerc.es\/vitoria-gasteiz\/","name":"E.Leclerc Vitoria-Gasteiz","description":"Descubre los folletos, ofertas y promociones de nuestro hipermercado E.Leclerc Vitoria-Gasteiz en Pa\u00eds Vasco. Direcci\u00f3n | Horario | Productos locales","publisher":{"@id":"https:\/\/e-leclerc.es\/vitoria-gasteiz\/#organization"},"potentialAction":[{"@type":"SearchAction","target":{"@type":"EntryPoint","urlTemplate":"https:\/\/e-leclerc.es\/vitoria-gasteiz\/?s={search_term_string}"},"query-input":{"@type":"PropertyValueSpecification","valueRequired":true,"valueName":"search_term_string"}}],"inLanguage":"es"},{"@type":"Organization","@id":"https:\/\/e-leclerc.es\/vitoria-gasteiz\/#organization","name":"E.Leclerc Vitoria-Gasteiz","url":"https:\/\/e-leclerc.es\/vitoria-gasteiz\/","logo":{"@type":"ImageObject","inLanguage":"es","@id":"https:\/\/e-leclerc.es\/vitoria-gasteiz\/#\/schema\/logo\/image\/","url":"https:\/\/e-leclerc.es\/vitoria-gasteiz\/wp-content\/uploads\/sites\/4\/2024\/03\/Leclerc_Logo.svg","contentUrl":"https:\/\/e-leclerc.es\/vitoria-gasteiz\/wp-content\/uploads\/sites\/4\/2024\/03\/Leclerc_Logo.svg","caption":"E.Leclerc Vitoria-Gasteiz"},"image":{"@id":"https:\/\/e-leclerc.es\/vitoria-gasteiz\/#\/schema\/logo\/image\/"}},{"@type":"Person","@id":"https:\/\/e-leclerc.es\/vitoria-gasteiz\/#\/schema\/person\/04ab2c7a51567f015c9ebf63cedfd818","name":"jorge","url":"https:\/\/e-leclerc.es\/vitoria-gasteiz\/author\/jorge\/"}]}},"_links":{"self":[{"href":"https:\/\/e-leclerc.es\/vitoria-gasteiz\/wp-json\/wp\/v2\/posts\/9237","targetHints":{"allow":["GET"]}}],"collection":[{"href":"https:\/\/e-leclerc.es\/vitoria-gasteiz\/wp-json\/wp\/v2\/posts"}],"about":[{"href":"https:\/\/e-leclerc.es\/vitoria-gasteiz\/wp-json\/wp\/v2\/types\/post"}],"author":[{"embeddable":true,"href":"https:\/\/e-leclerc.es\/vitoria-gasteiz\/wp-json\/wp\/v2\/users\/56"}],"replies":[{"embeddable":true,"href":"https:\/\/e-leclerc.es\/vitoria-gasteiz\/wp-json\/wp\/v2\/comments?post=9237"}],"version-history":[{"count":7,"href":"https:\/\/e-leclerc.es\/vitoria-gasteiz\/wp-json\/wp\/v2\/posts\/9237\/revisions"}],"predecessor-version":[{"id":9248,"href":"https:\/\/e-leclerc.es\/vitoria-gasteiz\/wp-json\/wp\/v2\/posts\/9237\/revisions\/9248"}],"wp:featuredmedia":[{"embeddable":true,"href":"https:\/\/e-leclerc.es\/vitoria-gasteiz\/wp-json\/wp\/v2\/media\/9239"}],"wp:attachment":[{"href":"https:\/\/e-leclerc.es\/vitoria-gasteiz\/wp-json\/wp\/v2\/media?parent=9237"}],"wp:term":[{"taxonomy":"category","embeddable":true,"href":"https:\/\/e-leclerc.es\/vitoria-gasteiz\/wp-json\/wp\/v2\/categories?post=9237"},{"taxonomy":"post_tag","embeddable":true,"href":"https:\/\/e-leclerc.es\/vitoria-gasteiz\/wp-json\/wp\/v2\/tags?post=9237"}],"curies":[{"name":"wp","href":"https:\/\/api.w.org\/{rel}","templated":true}]}}