{"id":8803,"date":"2024-08-28T20:49:29","date_gmt":"2024-08-28T18:49:29","guid":{"rendered":"https:\/\/www.e-leclerc.es\/soria\/tendencias\/\/"},"modified":"2024-08-28T20:50:29","modified_gmt":"2024-08-28T18:50:29","slug":"e-leclerc-soria-renueva-con-el-c-d-numancia","status":"publish","type":"post","link":"https:\/\/e-leclerc.es\/soria\/tendencias\/e-leclerc-soria-renueva-con-el-c-d-numancia\/","title":{"rendered":"E.LECLERC SORIA RENUEVA SU COMPROMISO DE COLABORACI\u00d3N CON EL C.D.NUMANCIA"},"content":{"rendered":"\n<figure class=\"wp-block-image size-full is-resized\"><img fetchpriority=\"high\" decoding=\"async\" width=\"1080\" height=\"1080\" src=\"https:\/\/e-leclerc.es\/soria\/wp-content\/uploads\/sites\/3\/2024\/08\/Numancia-2425.png\" alt=\"\" class=\"wp-image-9535\" style=\"width:700px\" srcset=\"https:\/\/e-leclerc.es\/soria\/wp-content\/uploads\/sites\/3\/2024\/08\/Numancia-2425.png 1080w, https:\/\/e-leclerc.es\/soria\/wp-content\/uploads\/sites\/3\/2024\/08\/Numancia-2425-300x300.png 300w, https:\/\/e-leclerc.es\/soria\/wp-content\/uploads\/sites\/3\/2024\/08\/Numancia-2425-1024x1024.png 1024w, https:\/\/e-leclerc.es\/soria\/wp-content\/uploads\/sites\/3\/2024\/08\/Numancia-2425-150x150.png 150w, https:\/\/e-leclerc.es\/soria\/wp-content\/uploads\/sites\/3\/2024\/08\/Numancia-2425-768x768.png 768w, https:\/\/e-leclerc.es\/soria\/wp-content\/uploads\/sites\/3\/2024\/08\/Numancia-2425-200x200.png 200w\" sizes=\"(max-width: 1080px) 100vw, 1080px\" \/><\/figure>\n\n\n\n<p>Un a\u00f1o m\u00e1s contigo&#8230; Temporada 2024\/2025<\/p>\n\n\n\n<p>El <a href=\"https:\/\/cdnumancia.com\/\" target=\"_blank\" rel=\"noreferrer noopener\">C. D. Numancia<\/a> e Hipermercado E.Leclerc Soria han renovado una temporada m\u00e1s su convenio de colaboraci\u00f3n, demostrando una vez m\u00e1s durante los \u00faltimos veinte a\u00f1os el apoyo y la promoci\u00f3n del hipermercado con el equipo y toda su estructura social y deportiva.<\/p>\n\n\n\n<p>E. Leclerc Soria es patrocinador del <a href=\"https:\/\/cdnumancia.com\/\" target=\"_blank\" rel=\"noreferrer noopener\">C. D. Numancia<\/a> desde que el hipermercado inici\u00f3 su actividad y desde hace varios a\u00f1os el logotipo de la superficie comercial luce en la parte anterior del pantal\u00f3n de la equipaci\u00f3n numantina.<\/p>\n\n\n\n<p>Adem\u00e1s, Hipermercado E. Leclerc mantendr\u00e1 su presencia en el per\u00edmetro del terreno de juego de Los Pajaritos con varias vallas publicitarias, siendo tambi\u00e9n uno de los principales patrocinadores en la sala de prensa del club soriano.<\/p>\n\n\n\n<p><\/p>\n","protected":false},"excerpt":{"rendered":"<p>Un a\u00f1o m\u00e1s contigo&#8230; Temporada 2024\/2025<\/p>\n","protected":false},"author":35,"featured_media":9534,"comment_status":"closed","ping_status":"open","sticky":false,"template":"","format":"standard","meta":{"_acf_changed":false,"footnotes":""},"categories":[122],"tags":[],"class_list":["post-8803","post","type-post","status-publish","format-standard","has-post-thumbnail","hentry","category-deporte"],"acf":[],"yoast_head":"<!-- This site is optimized with the Yoast SEO plugin v27.4 - https:\/\/yoast.com\/product\/yoast-seo-wordpress\/ -->\n<title>E.LECLERC SORIA RENUEVA SU COMPROMISO DE COLABORACI\u00d3N CON EL C.D.NUMANCIA - E.Leclerc Soria<\/title>\n<meta name=\"description\" content=\"El C. D. Numancia e Hipermercado E.Leclerc Soria han renovado una temporada m\u00e1s su convenio de colaboraci\u00f3n, demostrando una vez m\u00e1s durante los \u00faltimos veinte a\u00f1os el apoyo y la promoci\u00f3n del hipermercado con el equipo y toda su estructura social y deportiva.\" \/>\n<meta name=\"robots\" content=\"index, follow, max-snippet:-1, max-image-preview:large, max-video-preview:-1\" \/>\n<link rel=\"canonical\" href=\"https:\/\/e-leclerc.es\/soria\/tendencias\/e-leclerc-soria-renueva-con-el-c-d-numancia\/\" \/>\n<meta property=\"og:locale\" content=\"es_ES\" \/>\n<meta property=\"og:type\" content=\"article\" \/>\n<meta property=\"og:title\" content=\"E.LECLERC SORIA RENUEVA SU COMPROMISO DE COLABORACI\u00d3N CON EL C.D.NUMANCIA - E.Leclerc Soria\" \/>\n<meta property=\"og:description\" content=\"El C. D. Numancia e Hipermercado E.Leclerc Soria han renovado una temporada m\u00e1s su convenio de colaboraci\u00f3n, demostrando una vez m\u00e1s durante los \u00faltimos veinte a\u00f1os el apoyo y la promoci\u00f3n del hipermercado con el equipo y toda su estructura social y deportiva.\" \/>\n<meta property=\"og:url\" content=\"https:\/\/e-leclerc.es\/soria\/tendencias\/e-leclerc-soria-renueva-con-el-c-d-numancia\/\" \/>\n<meta property=\"og:site_name\" content=\"E.Leclerc Soria\" \/>\n<meta property=\"article:publisher\" content=\"https:\/\/www.facebook.com\/eleclercsoria?ref=hl\" \/>\n<meta property=\"article:published_time\" content=\"2024-08-28T18:49:29+00:00\" \/>\n<meta property=\"article:modified_time\" content=\"2024-08-28T18:50:29+00:00\" \/>\n<meta property=\"og:image\" content=\"https:\/\/e-leclerc.es\/soria\/wp-content\/uploads\/sites\/3\/2024\/08\/Numancia-2425-web.png\" \/>\n\t<meta property=\"og:image:width\" content=\"700\" \/>\n\t<meta property=\"og:image:height\" content=\"445\" \/>\n\t<meta property=\"og:image:type\" content=\"image\/png\" \/>\n<meta name=\"author\" content=\"emily\" \/>\n<meta name=\"twitter:card\" content=\"summary_large_image\" \/>\n<meta name=\"twitter:creator\" content=\"@LeclercSoria\" \/>\n<meta name=\"twitter:site\" content=\"@LeclercSoria\" \/>\n<meta name=\"twitter:label1\" content=\"Escrito por\" \/>\n\t<meta name=\"twitter:data1\" content=\"emily\" \/>\n\t<meta name=\"twitter:label2\" content=\"Tiempo de lectura\" \/>\n\t<meta name=\"twitter:data2\" content=\"1 minuto\" \/>\n<script type=\"application\/ld+json\" class=\"yoast-schema-graph\">{\"@context\":\"https:\\\/\\\/schema.org\",\"@graph\":[{\"@type\":\"Article\",\"@id\":\"https:\\\/\\\/e-leclerc.es\\\/soria\\\/tendencias\\\/e-leclerc-soria-renueva-con-el-c-d-numancia\\\/#article\",\"isPartOf\":{\"@id\":\"https:\\\/\\\/e-leclerc.es\\\/soria\\\/tendencias\\\/e-leclerc-soria-renueva-con-el-c-d-numancia\\\/\"},\"author\":{\"name\":\"emily\",\"@id\":\"https:\\\/\\\/e-leclerc.es\\\/soria\\\/#\\\/schema\\\/person\\\/32de3111a627cf285893aeb6de2286df\"},\"headline\":\"E.LECLERC SORIA RENUEVA SU COMPROMISO DE COLABORACI\u00d3N CON EL C.D.NUMANCIA\",\"datePublished\":\"2024-08-28T18:49:29+00:00\",\"dateModified\":\"2024-08-28T18:50:29+00:00\",\"mainEntityOfPage\":{\"@id\":\"https:\\\/\\\/e-leclerc.es\\\/soria\\\/tendencias\\\/e-leclerc-soria-renueva-con-el-c-d-numancia\\\/\"},\"wordCount\":150,\"publisher\":{\"@id\":\"https:\\\/\\\/e-leclerc.es\\\/soria\\\/#organization\"},\"image\":{\"@id\":\"https:\\\/\\\/e-leclerc.es\\\/soria\\\/tendencias\\\/e-leclerc-soria-renueva-con-el-c-d-numancia\\\/#primaryimage\"},\"thumbnailUrl\":\"https:\\\/\\\/e-leclerc.es\\\/soria\\\/wp-content\\\/uploads\\\/sites\\\/3\\\/2024\\\/08\\\/Numancia-2425-web.png\",\"articleSection\":[\"Deporte\"],\"inLanguage\":\"es\"},{\"@type\":\"WebPage\",\"@id\":\"https:\\\/\\\/e-leclerc.es\\\/soria\\\/tendencias\\\/e-leclerc-soria-renueva-con-el-c-d-numancia\\\/\",\"url\":\"https:\\\/\\\/e-leclerc.es\\\/soria\\\/tendencias\\\/e-leclerc-soria-renueva-con-el-c-d-numancia\\\/\",\"name\":\"E.LECLERC SORIA RENUEVA SU COMPROMISO DE COLABORACI\u00d3N CON EL C.D.NUMANCIA - E.Leclerc Soria\",\"isPartOf\":{\"@id\":\"https:\\\/\\\/e-leclerc.es\\\/soria\\\/#website\"},\"primaryImageOfPage\":{\"@id\":\"https:\\\/\\\/e-leclerc.es\\\/soria\\\/tendencias\\\/e-leclerc-soria-renueva-con-el-c-d-numancia\\\/#primaryimage\"},\"image\":{\"@id\":\"https:\\\/\\\/e-leclerc.es\\\/soria\\\/tendencias\\\/e-leclerc-soria-renueva-con-el-c-d-numancia\\\/#primaryimage\"},\"thumbnailUrl\":\"https:\\\/\\\/e-leclerc.es\\\/soria\\\/wp-content\\\/uploads\\\/sites\\\/3\\\/2024\\\/08\\\/Numancia-2425-web.png\",\"datePublished\":\"2024-08-28T18:49:29+00:00\",\"dateModified\":\"2024-08-28T18:50:29+00:00\",\"description\":\"El C. D. Numancia e Hipermercado E.Leclerc Soria han renovado una temporada m\u00e1s su convenio de colaboraci\u00f3n, demostrando una vez m\u00e1s durante los \u00faltimos veinte a\u00f1os el apoyo y la promoci\u00f3n del hipermercado con el equipo y toda su estructura social y deportiva.\",\"breadcrumb\":{\"@id\":\"https:\\\/\\\/e-leclerc.es\\\/soria\\\/tendencias\\\/e-leclerc-soria-renueva-con-el-c-d-numancia\\\/#breadcrumb\"},\"inLanguage\":\"es\",\"potentialAction\":[{\"@type\":\"ReadAction\",\"target\":[\"https:\\\/\\\/e-leclerc.es\\\/soria\\\/tendencias\\\/e-leclerc-soria-renueva-con-el-c-d-numancia\\\/\"]}]},{\"@type\":\"ImageObject\",\"inLanguage\":\"es\",\"@id\":\"https:\\\/\\\/e-leclerc.es\\\/soria\\\/tendencias\\\/e-leclerc-soria-renueva-con-el-c-d-numancia\\\/#primaryimage\",\"url\":\"https:\\\/\\\/e-leclerc.es\\\/soria\\\/wp-content\\\/uploads\\\/sites\\\/3\\\/2024\\\/08\\\/Numancia-2425-web.png\",\"contentUrl\":\"https:\\\/\\\/e-leclerc.es\\\/soria\\\/wp-content\\\/uploads\\\/sites\\\/3\\\/2024\\\/08\\\/Numancia-2425-web.png\",\"width\":700,\"height\":445},{\"@type\":\"BreadcrumbList\",\"@id\":\"https:\\\/\\\/e-leclerc.es\\\/soria\\\/tendencias\\\/e-leclerc-soria-renueva-con-el-c-d-numancia\\\/#breadcrumb\",\"itemListElement\":[{\"@type\":\"ListItem\",\"position\":1,\"name\":\"Portada\",\"item\":\"https:\\\/\\\/e-leclerc.es\\\/soria\\\/\"},{\"@type\":\"ListItem\",\"position\":2,\"name\":\"E.LECLERC SORIA RENUEVA SU COMPROMISO DE COLABORACI\u00d3N CON EL C.D.NUMANCIA\"}]},{\"@type\":\"WebSite\",\"@id\":\"https:\\\/\\\/e-leclerc.es\\\/soria\\\/#website\",\"url\":\"https:\\\/\\\/e-leclerc.es\\\/soria\\\/\",\"name\":\"E.Leclerc Soria\",\"description\":\"Descubre los folletos, ofertas y promociones de nuestro hipermercado E.Leclerc Soria en Castilla y Le\u00f3n. Direcci\u00f3n | Horario | Productos locales\",\"publisher\":{\"@id\":\"https:\\\/\\\/e-leclerc.es\\\/soria\\\/#organization\"},\"alternateName\":\"E.Leclerc Soria\",\"potentialAction\":[{\"@type\":\"SearchAction\",\"target\":{\"@type\":\"EntryPoint\",\"urlTemplate\":\"https:\\\/\\\/e-leclerc.es\\\/soria\\\/?s={search_term_string}\"},\"query-input\":{\"@type\":\"PropertyValueSpecification\",\"valueRequired\":true,\"valueName\":\"search_term_string\"}}],\"inLanguage\":\"es\"},{\"@type\":\"Organization\",\"@id\":\"https:\\\/\\\/e-leclerc.es\\\/soria\\\/#organization\",\"name\":\"E.Leclerc Soria\",\"alternateName\":\"Soriadis, S.L.\",\"url\":\"https:\\\/\\\/e-leclerc.es\\\/soria\\\/\",\"logo\":{\"@type\":\"ImageObject\",\"inLanguage\":\"es\",\"@id\":\"https:\\\/\\\/e-leclerc.es\\\/soria\\\/#\\\/schema\\\/logo\\\/image\\\/\",\"url\":\"https:\\\/\\\/e-leclerc.es\\\/soria\\\/wp-content\\\/uploads\\\/sites\\\/3\\\/2024\\\/05\\\/Logo_Soria-1.svg\",\"contentUrl\":\"https:\\\/\\\/e-leclerc.es\\\/soria\\\/wp-content\\\/uploads\\\/sites\\\/3\\\/2024\\\/05\\\/Logo_Soria-1.svg\",\"width\":100,\"height\":100,\"caption\":\"E.Leclerc Soria\"},\"image\":{\"@id\":\"https:\\\/\\\/e-leclerc.es\\\/soria\\\/#\\\/schema\\\/logo\\\/image\\\/\"},\"sameAs\":[\"https:\\\/\\\/www.facebook.com\\\/eleclercsoria?ref=hl\",\"https:\\\/\\\/x.com\\\/LeclercSoria\",\"https:\\\/\\\/www.instagram.com\\\/e.leclercsoria\\\/\"]},{\"@type\":\"Person\",\"@id\":\"https:\\\/\\\/e-leclerc.es\\\/soria\\\/#\\\/schema\\\/person\\\/32de3111a627cf285893aeb6de2286df\",\"name\":\"emily\",\"url\":\"https:\\\/\\\/e-leclerc.es\\\/soria\\\/author\\\/emily\\\/\"}]}<\/script>\n<!-- \/ Yoast SEO plugin. -->","yoast_head_json":{"title":"E.LECLERC SORIA RENUEVA SU COMPROMISO DE COLABORACI\u00d3N CON EL C.D.NUMANCIA - E.Leclerc Soria","description":"El C. D. Numancia e Hipermercado E.Leclerc Soria han renovado una temporada m\u00e1s su convenio de colaboraci\u00f3n, demostrando una vez m\u00e1s durante los \u00faltimos veinte a\u00f1os el apoyo y la promoci\u00f3n del hipermercado con el equipo y toda su estructura social y deportiva.","robots":{"index":"index","follow":"follow","max-snippet":"max-snippet:-1","max-image-preview":"max-image-preview:large","max-video-preview":"max-video-preview:-1"},"canonical":"https:\/\/e-leclerc.es\/soria\/tendencias\/e-leclerc-soria-renueva-con-el-c-d-numancia\/","og_locale":"es_ES","og_type":"article","og_title":"E.LECLERC SORIA RENUEVA SU COMPROMISO DE COLABORACI\u00d3N CON EL C.D.NUMANCIA - E.Leclerc Soria","og_description":"El C. D. Numancia e Hipermercado E.Leclerc Soria han renovado una temporada m\u00e1s su convenio de colaboraci\u00f3n, demostrando una vez m\u00e1s durante los \u00faltimos veinte a\u00f1os el apoyo y la promoci\u00f3n del hipermercado con el equipo y toda su estructura social y deportiva.","og_url":"https:\/\/e-leclerc.es\/soria\/tendencias\/e-leclerc-soria-renueva-con-el-c-d-numancia\/","og_site_name":"E.Leclerc Soria","article_publisher":"https:\/\/www.facebook.com\/eleclercsoria?ref=hl","article_published_time":"2024-08-28T18:49:29+00:00","article_modified_time":"2024-08-28T18:50:29+00:00","og_image":[{"width":700,"height":445,"url":"https:\/\/e-leclerc.es\/soria\/wp-content\/uploads\/sites\/3\/2024\/08\/Numancia-2425-web.png","type":"image\/png"}],"author":"emily","twitter_card":"summary_large_image","twitter_creator":"@LeclercSoria","twitter_site":"@LeclercSoria","twitter_misc":{"Escrito por":"emily","Tiempo de lectura":"1 minuto"},"schema":{"@context":"https:\/\/schema.org","@graph":[{"@type":"Article","@id":"https:\/\/e-leclerc.es\/soria\/tendencias\/e-leclerc-soria-renueva-con-el-c-d-numancia\/#article","isPartOf":{"@id":"https:\/\/e-leclerc.es\/soria\/tendencias\/e-leclerc-soria-renueva-con-el-c-d-numancia\/"},"author":{"name":"emily","@id":"https:\/\/e-leclerc.es\/soria\/#\/schema\/person\/32de3111a627cf285893aeb6de2286df"},"headline":"E.LECLERC SORIA RENUEVA SU COMPROMISO DE COLABORACI\u00d3N CON EL C.D.NUMANCIA","datePublished":"2024-08-28T18:49:29+00:00","dateModified":"2024-08-28T18:50:29+00:00","mainEntityOfPage":{"@id":"https:\/\/e-leclerc.es\/soria\/tendencias\/e-leclerc-soria-renueva-con-el-c-d-numancia\/"},"wordCount":150,"publisher":{"@id":"https:\/\/e-leclerc.es\/soria\/#organization"},"image":{"@id":"https:\/\/e-leclerc.es\/soria\/tendencias\/e-leclerc-soria-renueva-con-el-c-d-numancia\/#primaryimage"},"thumbnailUrl":"https:\/\/e-leclerc.es\/soria\/wp-content\/uploads\/sites\/3\/2024\/08\/Numancia-2425-web.png","articleSection":["Deporte"],"inLanguage":"es"},{"@type":"WebPage","@id":"https:\/\/e-leclerc.es\/soria\/tendencias\/e-leclerc-soria-renueva-con-el-c-d-numancia\/","url":"https:\/\/e-leclerc.es\/soria\/tendencias\/e-leclerc-soria-renueva-con-el-c-d-numancia\/","name":"E.LECLERC SORIA RENUEVA SU COMPROMISO DE COLABORACI\u00d3N CON EL C.D.NUMANCIA - E.Leclerc Soria","isPartOf":{"@id":"https:\/\/e-leclerc.es\/soria\/#website"},"primaryImageOfPage":{"@id":"https:\/\/e-leclerc.es\/soria\/tendencias\/e-leclerc-soria-renueva-con-el-c-d-numancia\/#primaryimage"},"image":{"@id":"https:\/\/e-leclerc.es\/soria\/tendencias\/e-leclerc-soria-renueva-con-el-c-d-numancia\/#primaryimage"},"thumbnailUrl":"https:\/\/e-leclerc.es\/soria\/wp-content\/uploads\/sites\/3\/2024\/08\/Numancia-2425-web.png","datePublished":"2024-08-28T18:49:29+00:00","dateModified":"2024-08-28T18:50:29+00:00","description":"El C. D. Numancia e Hipermercado E.Leclerc Soria han renovado una temporada m\u00e1s su convenio de colaboraci\u00f3n, demostrando una vez m\u00e1s durante los \u00faltimos veinte a\u00f1os el apoyo y la promoci\u00f3n del hipermercado con el equipo y toda su estructura social y deportiva.","breadcrumb":{"@id":"https:\/\/e-leclerc.es\/soria\/tendencias\/e-leclerc-soria-renueva-con-el-c-d-numancia\/#breadcrumb"},"inLanguage":"es","potentialAction":[{"@type":"ReadAction","target":["https:\/\/e-leclerc.es\/soria\/tendencias\/e-leclerc-soria-renueva-con-el-c-d-numancia\/"]}]},{"@type":"ImageObject","inLanguage":"es","@id":"https:\/\/e-leclerc.es\/soria\/tendencias\/e-leclerc-soria-renueva-con-el-c-d-numancia\/#primaryimage","url":"https:\/\/e-leclerc.es\/soria\/wp-content\/uploads\/sites\/3\/2024\/08\/Numancia-2425-web.png","contentUrl":"https:\/\/e-leclerc.es\/soria\/wp-content\/uploads\/sites\/3\/2024\/08\/Numancia-2425-web.png","width":700,"height":445},{"@type":"BreadcrumbList","@id":"https:\/\/e-leclerc.es\/soria\/tendencias\/e-leclerc-soria-renueva-con-el-c-d-numancia\/#breadcrumb","itemListElement":[{"@type":"ListItem","position":1,"name":"Portada","item":"https:\/\/e-leclerc.es\/soria\/"},{"@type":"ListItem","position":2,"name":"E.LECLERC SORIA RENUEVA SU COMPROMISO DE COLABORACI\u00d3N CON EL C.D.NUMANCIA"}]},{"@type":"WebSite","@id":"https:\/\/e-leclerc.es\/soria\/#website","url":"https:\/\/e-leclerc.es\/soria\/","name":"E.Leclerc Soria","description":"Descubre los folletos, ofertas y promociones de nuestro hipermercado E.Leclerc Soria en Castilla y Le\u00f3n. Direcci\u00f3n | Horario | Productos locales","publisher":{"@id":"https:\/\/e-leclerc.es\/soria\/#organization"},"alternateName":"E.Leclerc Soria","potentialAction":[{"@type":"SearchAction","target":{"@type":"EntryPoint","urlTemplate":"https:\/\/e-leclerc.es\/soria\/?s={search_term_string}"},"query-input":{"@type":"PropertyValueSpecification","valueRequired":true,"valueName":"search_term_string"}}],"inLanguage":"es"},{"@type":"Organization","@id":"https:\/\/e-leclerc.es\/soria\/#organization","name":"E.Leclerc Soria","alternateName":"Soriadis, S.L.","url":"https:\/\/e-leclerc.es\/soria\/","logo":{"@type":"ImageObject","inLanguage":"es","@id":"https:\/\/e-leclerc.es\/soria\/#\/schema\/logo\/image\/","url":"https:\/\/e-leclerc.es\/soria\/wp-content\/uploads\/sites\/3\/2024\/05\/Logo_Soria-1.svg","contentUrl":"https:\/\/e-leclerc.es\/soria\/wp-content\/uploads\/sites\/3\/2024\/05\/Logo_Soria-1.svg","width":100,"height":100,"caption":"E.Leclerc Soria"},"image":{"@id":"https:\/\/e-leclerc.es\/soria\/#\/schema\/logo\/image\/"},"sameAs":["https:\/\/www.facebook.com\/eleclercsoria?ref=hl","https:\/\/x.com\/LeclercSoria","https:\/\/www.instagram.com\/e.leclercsoria\/"]},{"@type":"Person","@id":"https:\/\/e-leclerc.es\/soria\/#\/schema\/person\/32de3111a627cf285893aeb6de2286df","name":"emily","url":"https:\/\/e-leclerc.es\/soria\/author\/emily\/"}]}},"_links":{"self":[{"href":"https:\/\/e-leclerc.es\/soria\/wp-json\/wp\/v2\/posts\/8803","targetHints":{"allow":["GET"]}}],"collection":[{"href":"https:\/\/e-leclerc.es\/soria\/wp-json\/wp\/v2\/posts"}],"about":[{"href":"https:\/\/e-leclerc.es\/soria\/wp-json\/wp\/v2\/types\/post"}],"author":[{"embeddable":true,"href":"https:\/\/e-leclerc.es\/soria\/wp-json\/wp\/v2\/users\/35"}],"replies":[{"embeddable":true,"href":"https:\/\/e-leclerc.es\/soria\/wp-json\/wp\/v2\/comments?post=8803"}],"version-history":[{"count":3,"href":"https:\/\/e-leclerc.es\/soria\/wp-json\/wp\/v2\/posts\/8803\/revisions"}],"predecessor-version":[{"id":9537,"href":"https:\/\/e-leclerc.es\/soria\/wp-json\/wp\/v2\/posts\/8803\/revisions\/9537"}],"wp:featuredmedia":[{"embeddable":true,"href":"https:\/\/e-leclerc.es\/soria\/wp-json\/wp\/v2\/media\/9534"}],"wp:attachment":[{"href":"https:\/\/e-leclerc.es\/soria\/wp-json\/wp\/v2\/media?parent=8803"}],"wp:term":[{"taxonomy":"category","embeddable":true,"href":"https:\/\/e-leclerc.es\/soria\/wp-json\/wp\/v2\/categories?post=8803"},{"taxonomy":"post_tag","embeddable":true,"href":"https:\/\/e-leclerc.es\/soria\/wp-json\/wp\/v2\/tags?post=8803"}],"curies":[{"name":"wp","href":"https:\/\/api.w.org\/{rel}","templated":true}]}}