{"id":8508,"date":"2024-06-25T08:03:42","date_gmt":"2024-06-25T06:03:42","guid":{"rendered":"https:\/\/www.e-leclerc.es\/soria\/tendencias\/\/"},"modified":"2024-06-26T08:44:50","modified_gmt":"2024-06-26T06:44:50","slug":"cuadernos-de-verano-en-e-leclerc-soria","status":"publish","type":"post","link":"https:\/\/e-leclerc.es\/soria\/tendencias\/cuadernos-de-verano-en-e-leclerc-soria\/","title":{"rendered":"CUADERNOS DE VERANO. ENCUENTRA EL QUE NECESITAS EN E.LECLERC SORIA."},"content":{"rendered":"<div class=\"wp-block-image\">\n<figure class=\"aligncenter size-full is-resized\"><img fetchpriority=\"high\" decoding=\"async\" width=\"1920\" height=\"1080\" src=\"https:\/\/e-leclerc.es\/soria\/wp-content\/uploads\/sites\/3\/2024\/06\/Cuaderno-de-verano.jpg\" alt=\"\" class=\"wp-image-8509\" style=\"width:700px\" srcset=\"https:\/\/e-leclerc.es\/soria\/wp-content\/uploads\/sites\/3\/2024\/06\/Cuaderno-de-verano.jpg 1920w, https:\/\/e-leclerc.es\/soria\/wp-content\/uploads\/sites\/3\/2024\/06\/Cuaderno-de-verano-300x169.jpg 300w, https:\/\/e-leclerc.es\/soria\/wp-content\/uploads\/sites\/3\/2024\/06\/Cuaderno-de-verano-1024x576.jpg 1024w, https:\/\/e-leclerc.es\/soria\/wp-content\/uploads\/sites\/3\/2024\/06\/Cuaderno-de-verano-768x432.jpg 768w, https:\/\/e-leclerc.es\/soria\/wp-content\/uploads\/sites\/3\/2024\/06\/Cuaderno-de-verano-1536x864.jpg 1536w\" sizes=\"(max-width: 1920px) 100vw, 1920px\" \/><\/figure>\n<\/div>\n\n\n<p>\u00a1Por fin ha acabado el curso escolar! = \u00a1Ya esta aqu\u00ed el verano! = \u00a1Cuadernos de Verano!<\/p>\n\n\n\n<p>Si no quieres que olviden lo aprendido, si quieres que repasen, o simplemente por que s\u00ed&#8230;, ven a hipermercado E.Leclerc Soria y encuentra un gran variedad de cuadernos de Verano en la secci\u00f3n de librer\u00eda\/electro. <\/p>\n\n\n\n<p>Y recuerda que s\u00ed quieres dejar preparado los libros escolares del curso de viene, puedes <a href=\"https:\/\/e-leclerc.es\/soria\/folleto\/reserva-libros-de-texto-2024\/\" target=\"_blank\" rel=\"noreferrer noopener\">res\u00e9rvalos en Hipermercado E.Leclerc Soria<\/a> antes del 17 de agosto y participar en el <strong>sorteo de 300\u20ac en tarjeta E.Leclerc<\/strong>. <a href=\"https:\/\/e-leclerc.es\/soria\/bases-de-sorteo-reservas-de-libros-de-texto-2024\/\" target=\"_blank\" rel=\"noreferrer noopener\">Consulta condiciones.<\/a><\/p>\n\n\n\n<p><\/p>\n","protected":false},"excerpt":{"rendered":"<p>Ahora que llega el verano, cuadernos de verano. <\/p>\n","protected":false},"author":35,"featured_media":8509,"comment_status":"closed","ping_status":"open","sticky":false,"template":"","format":"standard","meta":{"_acf_changed":false,"footnotes":""},"categories":[118],"tags":[],"class_list":["post-8508","post","type-post","status-publish","format-standard","has-post-thumbnail","hentry","category-espacio-cultural"],"acf":[],"yoast_head":"<!-- This site is optimized with the Yoast SEO plugin v27.4 - https:\/\/yoast.com\/product\/yoast-seo-wordpress\/ -->\n<title>CUADERNOS DE VERANO. ENCUENTRA EL QUE NECESITAS EN E.LECLERC SORIA. - E.Leclerc Soria<\/title>\n<meta name=\"description\" content=\"Si no quieres que olviden lo aprendido, si quieres que repasen, o simplemente por que s\u00ed..., ven a hipermercado E.Leclerc Soria y encontraras un gran variedad de cuadernos de Verano en la secci\u00f3n de librer\u00eda.\" \/>\n<meta name=\"robots\" content=\"index, follow, max-snippet:-1, max-image-preview:large, max-video-preview:-1\" \/>\n<link rel=\"canonical\" href=\"https:\/\/e-leclerc.es\/soria\/tendencias\/cuadernos-de-verano-en-e-leclerc-soria\/\" \/>\n<meta property=\"og:locale\" content=\"es_ES\" \/>\n<meta property=\"og:type\" content=\"article\" \/>\n<meta property=\"og:title\" content=\"CUADERNOS DE VERANO. ENCUENTRA EL QUE NECESITAS EN E.LECLERC SORIA. - E.Leclerc Soria\" \/>\n<meta property=\"og:description\" content=\"Si no quieres que olviden lo aprendido, si quieres que repasen, o simplemente por que s\u00ed..., ven a hipermercado E.Leclerc Soria y encontraras un gran variedad de cuadernos de Verano en la secci\u00f3n de librer\u00eda.\" \/>\n<meta property=\"og:url\" content=\"https:\/\/e-leclerc.es\/soria\/tendencias\/cuadernos-de-verano-en-e-leclerc-soria\/\" \/>\n<meta property=\"og:site_name\" content=\"E.Leclerc Soria\" \/>\n<meta property=\"article:publisher\" content=\"https:\/\/www.facebook.com\/eleclercsoria?ref=hl\" \/>\n<meta property=\"article:published_time\" content=\"2024-06-25T06:03:42+00:00\" \/>\n<meta property=\"article:modified_time\" content=\"2024-06-26T06:44:50+00:00\" \/>\n<meta property=\"og:image\" content=\"https:\/\/e-leclerc.es\/soria\/wp-content\/uploads\/sites\/3\/2024\/06\/Cuaderno-de-verano.jpg\" \/>\n\t<meta property=\"og:image:width\" content=\"1920\" \/>\n\t<meta property=\"og:image:height\" content=\"1080\" \/>\n\t<meta property=\"og:image:type\" content=\"image\/jpeg\" \/>\n<meta name=\"author\" content=\"emily\" \/>\n<meta name=\"twitter:card\" content=\"summary_large_image\" \/>\n<meta name=\"twitter:creator\" content=\"@LeclercSoria\" \/>\n<meta name=\"twitter:site\" content=\"@LeclercSoria\" \/>\n<meta name=\"twitter:label1\" content=\"Escrito por\" \/>\n\t<meta name=\"twitter:data1\" content=\"emily\" \/>\n\t<meta name=\"twitter:label2\" content=\"Tiempo de lectura\" \/>\n\t<meta name=\"twitter:data2\" content=\"1 minuto\" \/>\n<script type=\"application\/ld+json\" class=\"yoast-schema-graph\">{\"@context\":\"https:\\\/\\\/schema.org\",\"@graph\":[{\"@type\":\"Article\",\"@id\":\"https:\\\/\\\/e-leclerc.es\\\/soria\\\/tendencias\\\/cuadernos-de-verano-en-e-leclerc-soria\\\/#article\",\"isPartOf\":{\"@id\":\"https:\\\/\\\/e-leclerc.es\\\/soria\\\/tendencias\\\/cuadernos-de-verano-en-e-leclerc-soria\\\/\"},\"author\":{\"name\":\"emily\",\"@id\":\"https:\\\/\\\/e-leclerc.es\\\/soria\\\/#\\\/schema\\\/person\\\/32de3111a627cf285893aeb6de2286df\"},\"headline\":\"CUADERNOS DE VERANO. ENCUENTRA EL QUE NECESITAS EN E.LECLERC SORIA.\",\"datePublished\":\"2024-06-25T06:03:42+00:00\",\"dateModified\":\"2024-06-26T06:44:50+00:00\",\"mainEntityOfPage\":{\"@id\":\"https:\\\/\\\/e-leclerc.es\\\/soria\\\/tendencias\\\/cuadernos-de-verano-en-e-leclerc-soria\\\/\"},\"wordCount\":103,\"publisher\":{\"@id\":\"https:\\\/\\\/e-leclerc.es\\\/soria\\\/#organization\"},\"image\":{\"@id\":\"https:\\\/\\\/e-leclerc.es\\\/soria\\\/tendencias\\\/cuadernos-de-verano-en-e-leclerc-soria\\\/#primaryimage\"},\"thumbnailUrl\":\"https:\\\/\\\/e-leclerc.es\\\/soria\\\/wp-content\\\/uploads\\\/sites\\\/3\\\/2024\\\/06\\\/Cuaderno-de-verano.jpg\",\"articleSection\":[\"Espacio cultural\"],\"inLanguage\":\"es\"},{\"@type\":\"WebPage\",\"@id\":\"https:\\\/\\\/e-leclerc.es\\\/soria\\\/tendencias\\\/cuadernos-de-verano-en-e-leclerc-soria\\\/\",\"url\":\"https:\\\/\\\/e-leclerc.es\\\/soria\\\/tendencias\\\/cuadernos-de-verano-en-e-leclerc-soria\\\/\",\"name\":\"CUADERNOS DE VERANO. ENCUENTRA EL QUE NECESITAS EN E.LECLERC SORIA. - E.Leclerc Soria\",\"isPartOf\":{\"@id\":\"https:\\\/\\\/e-leclerc.es\\\/soria\\\/#website\"},\"primaryImageOfPage\":{\"@id\":\"https:\\\/\\\/e-leclerc.es\\\/soria\\\/tendencias\\\/cuadernos-de-verano-en-e-leclerc-soria\\\/#primaryimage\"},\"image\":{\"@id\":\"https:\\\/\\\/e-leclerc.es\\\/soria\\\/tendencias\\\/cuadernos-de-verano-en-e-leclerc-soria\\\/#primaryimage\"},\"thumbnailUrl\":\"https:\\\/\\\/e-leclerc.es\\\/soria\\\/wp-content\\\/uploads\\\/sites\\\/3\\\/2024\\\/06\\\/Cuaderno-de-verano.jpg\",\"datePublished\":\"2024-06-25T06:03:42+00:00\",\"dateModified\":\"2024-06-26T06:44:50+00:00\",\"description\":\"Si no quieres que olviden lo aprendido, si quieres que repasen, o simplemente por que s\u00ed..., ven a hipermercado E.Leclerc Soria y encontraras un gran variedad de cuadernos de Verano en la secci\u00f3n de librer\u00eda.\",\"breadcrumb\":{\"@id\":\"https:\\\/\\\/e-leclerc.es\\\/soria\\\/tendencias\\\/cuadernos-de-verano-en-e-leclerc-soria\\\/#breadcrumb\"},\"inLanguage\":\"es\",\"potentialAction\":[{\"@type\":\"ReadAction\",\"target\":[\"https:\\\/\\\/e-leclerc.es\\\/soria\\\/tendencias\\\/cuadernos-de-verano-en-e-leclerc-soria\\\/\"]}]},{\"@type\":\"ImageObject\",\"inLanguage\":\"es\",\"@id\":\"https:\\\/\\\/e-leclerc.es\\\/soria\\\/tendencias\\\/cuadernos-de-verano-en-e-leclerc-soria\\\/#primaryimage\",\"url\":\"https:\\\/\\\/e-leclerc.es\\\/soria\\\/wp-content\\\/uploads\\\/sites\\\/3\\\/2024\\\/06\\\/Cuaderno-de-verano.jpg\",\"contentUrl\":\"https:\\\/\\\/e-leclerc.es\\\/soria\\\/wp-content\\\/uploads\\\/sites\\\/3\\\/2024\\\/06\\\/Cuaderno-de-verano.jpg\",\"width\":1920,\"height\":1080},{\"@type\":\"BreadcrumbList\",\"@id\":\"https:\\\/\\\/e-leclerc.es\\\/soria\\\/tendencias\\\/cuadernos-de-verano-en-e-leclerc-soria\\\/#breadcrumb\",\"itemListElement\":[{\"@type\":\"ListItem\",\"position\":1,\"name\":\"Portada\",\"item\":\"https:\\\/\\\/e-leclerc.es\\\/soria\\\/\"},{\"@type\":\"ListItem\",\"position\":2,\"name\":\"CUADERNOS DE VERANO. ENCUENTRA EL QUE NECESITAS EN E.LECLERC SORIA.\"}]},{\"@type\":\"WebSite\",\"@id\":\"https:\\\/\\\/e-leclerc.es\\\/soria\\\/#website\",\"url\":\"https:\\\/\\\/e-leclerc.es\\\/soria\\\/\",\"name\":\"E.Leclerc Soria\",\"description\":\"Descubre los folletos, ofertas y promociones de nuestro hipermercado E.Leclerc Soria en Castilla y Le\u00f3n. Direcci\u00f3n | Horario | Productos locales\",\"publisher\":{\"@id\":\"https:\\\/\\\/e-leclerc.es\\\/soria\\\/#organization\"},\"alternateName\":\"E.Leclerc Soria\",\"potentialAction\":[{\"@type\":\"SearchAction\",\"target\":{\"@type\":\"EntryPoint\",\"urlTemplate\":\"https:\\\/\\\/e-leclerc.es\\\/soria\\\/?s={search_term_string}\"},\"query-input\":{\"@type\":\"PropertyValueSpecification\",\"valueRequired\":true,\"valueName\":\"search_term_string\"}}],\"inLanguage\":\"es\"},{\"@type\":\"Organization\",\"@id\":\"https:\\\/\\\/e-leclerc.es\\\/soria\\\/#organization\",\"name\":\"E.Leclerc Soria\",\"alternateName\":\"Soriadis, S.L.\",\"url\":\"https:\\\/\\\/e-leclerc.es\\\/soria\\\/\",\"logo\":{\"@type\":\"ImageObject\",\"inLanguage\":\"es\",\"@id\":\"https:\\\/\\\/e-leclerc.es\\\/soria\\\/#\\\/schema\\\/logo\\\/image\\\/\",\"url\":\"https:\\\/\\\/e-leclerc.es\\\/soria\\\/wp-content\\\/uploads\\\/sites\\\/3\\\/2024\\\/05\\\/Logo_Soria-1.svg\",\"contentUrl\":\"https:\\\/\\\/e-leclerc.es\\\/soria\\\/wp-content\\\/uploads\\\/sites\\\/3\\\/2024\\\/05\\\/Logo_Soria-1.svg\",\"width\":100,\"height\":100,\"caption\":\"E.Leclerc Soria\"},\"image\":{\"@id\":\"https:\\\/\\\/e-leclerc.es\\\/soria\\\/#\\\/schema\\\/logo\\\/image\\\/\"},\"sameAs\":[\"https:\\\/\\\/www.facebook.com\\\/eleclercsoria?ref=hl\",\"https:\\\/\\\/x.com\\\/LeclercSoria\",\"https:\\\/\\\/www.instagram.com\\\/e.leclercsoria\\\/\"]},{\"@type\":\"Person\",\"@id\":\"https:\\\/\\\/e-leclerc.es\\\/soria\\\/#\\\/schema\\\/person\\\/32de3111a627cf285893aeb6de2286df\",\"name\":\"emily\",\"url\":\"https:\\\/\\\/e-leclerc.es\\\/soria\\\/author\\\/emily\\\/\"}]}<\/script>\n<!-- \/ Yoast SEO plugin. -->","yoast_head_json":{"title":"CUADERNOS DE VERANO. ENCUENTRA EL QUE NECESITAS EN E.LECLERC SORIA. - E.Leclerc Soria","description":"Si no quieres que olviden lo aprendido, si quieres que repasen, o simplemente por que s\u00ed..., ven a hipermercado E.Leclerc Soria y encontraras un gran variedad de cuadernos de Verano en la secci\u00f3n de librer\u00eda.","robots":{"index":"index","follow":"follow","max-snippet":"max-snippet:-1","max-image-preview":"max-image-preview:large","max-video-preview":"max-video-preview:-1"},"canonical":"https:\/\/e-leclerc.es\/soria\/tendencias\/cuadernos-de-verano-en-e-leclerc-soria\/","og_locale":"es_ES","og_type":"article","og_title":"CUADERNOS DE VERANO. ENCUENTRA EL QUE NECESITAS EN E.LECLERC SORIA. - E.Leclerc Soria","og_description":"Si no quieres que olviden lo aprendido, si quieres que repasen, o simplemente por que s\u00ed..., ven a hipermercado E.Leclerc Soria y encontraras un gran variedad de cuadernos de Verano en la secci\u00f3n de librer\u00eda.","og_url":"https:\/\/e-leclerc.es\/soria\/tendencias\/cuadernos-de-verano-en-e-leclerc-soria\/","og_site_name":"E.Leclerc Soria","article_publisher":"https:\/\/www.facebook.com\/eleclercsoria?ref=hl","article_published_time":"2024-06-25T06:03:42+00:00","article_modified_time":"2024-06-26T06:44:50+00:00","og_image":[{"width":1920,"height":1080,"url":"https:\/\/e-leclerc.es\/soria\/wp-content\/uploads\/sites\/3\/2024\/06\/Cuaderno-de-verano.jpg","type":"image\/jpeg"}],"author":"emily","twitter_card":"summary_large_image","twitter_creator":"@LeclercSoria","twitter_site":"@LeclercSoria","twitter_misc":{"Escrito por":"emily","Tiempo de lectura":"1 minuto"},"schema":{"@context":"https:\/\/schema.org","@graph":[{"@type":"Article","@id":"https:\/\/e-leclerc.es\/soria\/tendencias\/cuadernos-de-verano-en-e-leclerc-soria\/#article","isPartOf":{"@id":"https:\/\/e-leclerc.es\/soria\/tendencias\/cuadernos-de-verano-en-e-leclerc-soria\/"},"author":{"name":"emily","@id":"https:\/\/e-leclerc.es\/soria\/#\/schema\/person\/32de3111a627cf285893aeb6de2286df"},"headline":"CUADERNOS DE VERANO. ENCUENTRA EL QUE NECESITAS EN E.LECLERC SORIA.","datePublished":"2024-06-25T06:03:42+00:00","dateModified":"2024-06-26T06:44:50+00:00","mainEntityOfPage":{"@id":"https:\/\/e-leclerc.es\/soria\/tendencias\/cuadernos-de-verano-en-e-leclerc-soria\/"},"wordCount":103,"publisher":{"@id":"https:\/\/e-leclerc.es\/soria\/#organization"},"image":{"@id":"https:\/\/e-leclerc.es\/soria\/tendencias\/cuadernos-de-verano-en-e-leclerc-soria\/#primaryimage"},"thumbnailUrl":"https:\/\/e-leclerc.es\/soria\/wp-content\/uploads\/sites\/3\/2024\/06\/Cuaderno-de-verano.jpg","articleSection":["Espacio cultural"],"inLanguage":"es"},{"@type":"WebPage","@id":"https:\/\/e-leclerc.es\/soria\/tendencias\/cuadernos-de-verano-en-e-leclerc-soria\/","url":"https:\/\/e-leclerc.es\/soria\/tendencias\/cuadernos-de-verano-en-e-leclerc-soria\/","name":"CUADERNOS DE VERANO. ENCUENTRA EL QUE NECESITAS EN E.LECLERC SORIA. - E.Leclerc Soria","isPartOf":{"@id":"https:\/\/e-leclerc.es\/soria\/#website"},"primaryImageOfPage":{"@id":"https:\/\/e-leclerc.es\/soria\/tendencias\/cuadernos-de-verano-en-e-leclerc-soria\/#primaryimage"},"image":{"@id":"https:\/\/e-leclerc.es\/soria\/tendencias\/cuadernos-de-verano-en-e-leclerc-soria\/#primaryimage"},"thumbnailUrl":"https:\/\/e-leclerc.es\/soria\/wp-content\/uploads\/sites\/3\/2024\/06\/Cuaderno-de-verano.jpg","datePublished":"2024-06-25T06:03:42+00:00","dateModified":"2024-06-26T06:44:50+00:00","description":"Si no quieres que olviden lo aprendido, si quieres que repasen, o simplemente por que s\u00ed..., ven a hipermercado E.Leclerc Soria y encontraras un gran variedad de cuadernos de Verano en la secci\u00f3n de librer\u00eda.","breadcrumb":{"@id":"https:\/\/e-leclerc.es\/soria\/tendencias\/cuadernos-de-verano-en-e-leclerc-soria\/#breadcrumb"},"inLanguage":"es","potentialAction":[{"@type":"ReadAction","target":["https:\/\/e-leclerc.es\/soria\/tendencias\/cuadernos-de-verano-en-e-leclerc-soria\/"]}]},{"@type":"ImageObject","inLanguage":"es","@id":"https:\/\/e-leclerc.es\/soria\/tendencias\/cuadernos-de-verano-en-e-leclerc-soria\/#primaryimage","url":"https:\/\/e-leclerc.es\/soria\/wp-content\/uploads\/sites\/3\/2024\/06\/Cuaderno-de-verano.jpg","contentUrl":"https:\/\/e-leclerc.es\/soria\/wp-content\/uploads\/sites\/3\/2024\/06\/Cuaderno-de-verano.jpg","width":1920,"height":1080},{"@type":"BreadcrumbList","@id":"https:\/\/e-leclerc.es\/soria\/tendencias\/cuadernos-de-verano-en-e-leclerc-soria\/#breadcrumb","itemListElement":[{"@type":"ListItem","position":1,"name":"Portada","item":"https:\/\/e-leclerc.es\/soria\/"},{"@type":"ListItem","position":2,"name":"CUADERNOS DE VERANO. ENCUENTRA EL QUE NECESITAS EN E.LECLERC SORIA."}]},{"@type":"WebSite","@id":"https:\/\/e-leclerc.es\/soria\/#website","url":"https:\/\/e-leclerc.es\/soria\/","name":"E.Leclerc Soria","description":"Descubre los folletos, ofertas y promociones de nuestro hipermercado E.Leclerc Soria en Castilla y Le\u00f3n. Direcci\u00f3n | Horario | Productos locales","publisher":{"@id":"https:\/\/e-leclerc.es\/soria\/#organization"},"alternateName":"E.Leclerc Soria","potentialAction":[{"@type":"SearchAction","target":{"@type":"EntryPoint","urlTemplate":"https:\/\/e-leclerc.es\/soria\/?s={search_term_string}"},"query-input":{"@type":"PropertyValueSpecification","valueRequired":true,"valueName":"search_term_string"}}],"inLanguage":"es"},{"@type":"Organization","@id":"https:\/\/e-leclerc.es\/soria\/#organization","name":"E.Leclerc Soria","alternateName":"Soriadis, S.L.","url":"https:\/\/e-leclerc.es\/soria\/","logo":{"@type":"ImageObject","inLanguage":"es","@id":"https:\/\/e-leclerc.es\/soria\/#\/schema\/logo\/image\/","url":"https:\/\/e-leclerc.es\/soria\/wp-content\/uploads\/sites\/3\/2024\/05\/Logo_Soria-1.svg","contentUrl":"https:\/\/e-leclerc.es\/soria\/wp-content\/uploads\/sites\/3\/2024\/05\/Logo_Soria-1.svg","width":100,"height":100,"caption":"E.Leclerc Soria"},"image":{"@id":"https:\/\/e-leclerc.es\/soria\/#\/schema\/logo\/image\/"},"sameAs":["https:\/\/www.facebook.com\/eleclercsoria?ref=hl","https:\/\/x.com\/LeclercSoria","https:\/\/www.instagram.com\/e.leclercsoria\/"]},{"@type":"Person","@id":"https:\/\/e-leclerc.es\/soria\/#\/schema\/person\/32de3111a627cf285893aeb6de2286df","name":"emily","url":"https:\/\/e-leclerc.es\/soria\/author\/emily\/"}]}},"_links":{"self":[{"href":"https:\/\/e-leclerc.es\/soria\/wp-json\/wp\/v2\/posts\/8508","targetHints":{"allow":["GET"]}}],"collection":[{"href":"https:\/\/e-leclerc.es\/soria\/wp-json\/wp\/v2\/posts"}],"about":[{"href":"https:\/\/e-leclerc.es\/soria\/wp-json\/wp\/v2\/types\/post"}],"author":[{"embeddable":true,"href":"https:\/\/e-leclerc.es\/soria\/wp-json\/wp\/v2\/users\/35"}],"replies":[{"embeddable":true,"href":"https:\/\/e-leclerc.es\/soria\/wp-json\/wp\/v2\/comments?post=8508"}],"version-history":[{"count":3,"href":"https:\/\/e-leclerc.es\/soria\/wp-json\/wp\/v2\/posts\/8508\/revisions"}],"predecessor-version":[{"id":8519,"href":"https:\/\/e-leclerc.es\/soria\/wp-json\/wp\/v2\/posts\/8508\/revisions\/8519"}],"wp:featuredmedia":[{"embeddable":true,"href":"https:\/\/e-leclerc.es\/soria\/wp-json\/wp\/v2\/media\/8509"}],"wp:attachment":[{"href":"https:\/\/e-leclerc.es\/soria\/wp-json\/wp\/v2\/media?parent=8508"}],"wp:term":[{"taxonomy":"category","embeddable":true,"href":"https:\/\/e-leclerc.es\/soria\/wp-json\/wp\/v2\/categories?post=8508"},{"taxonomy":"post_tag","embeddable":true,"href":"https:\/\/e-leclerc.es\/soria\/wp-json\/wp\/v2\/tags?post=8508"}],"curies":[{"name":"wp","href":"https:\/\/api.w.org\/{rel}","templated":true}]}}