{"id":7545,"date":"2024-05-03T11:54:02","date_gmt":"2024-05-03T09:54:02","guid":{"rendered":"https:\/\/www.e-leclerc.es\/soria\/tendencias\/\/"},"modified":"2024-05-03T17:58:37","modified_gmt":"2024-05-03T15:58:37","slug":"e-leclerc-soria-patrocina-el-campeonato-de-espana-de-duatlon","status":"publish","type":"post","link":"https:\/\/e-leclerc.es\/soria\/tendencias\/e-leclerc-soria-patrocina-el-campeonato-de-espana-de-duatlon\/","title":{"rendered":"E.LECLERC SORIA PATROCINA EL CAMPEONATO DE ESPA\u00d1A DE DUATL\u00d3N"},"content":{"rendered":"\n<figure class=\"wp-block-image size-full\"><img fetchpriority=\"high\" decoding=\"async\" width=\"520\" height=\"330\" src=\"https:\/\/e-leclerc.es\/soria\/wp-content\/uploads\/sites\/3\/2024\/05\/Duatlon-2024-520x330px.jpg\" alt=\"\" class=\"wp-image-7546\" srcset=\"https:\/\/e-leclerc.es\/soria\/wp-content\/uploads\/sites\/3\/2024\/05\/Duatlon-2024-520x330px.jpg 520w, https:\/\/e-leclerc.es\/soria\/wp-content\/uploads\/sites\/3\/2024\/05\/Duatlon-2024-520x330px-300x190.jpg 300w\" sizes=\"(max-width: 520px) 100vw, 520px\" \/><\/figure>\n\n\n\n<p><strong>La prueba tuvo lugar el pasado 27 de abril en Soria<\/strong><\/p>\n\n\n\n<p>E. Leclerc Soria patrocin\u00f3 la prueba con una importante aportaci\u00f3n en met\u00e1lico. El apoyo al deporte es una de las piezas fundamentales del compromiso de la ense\u00f1a E.Leclerc con la ciudad de Soria<\/p>\n\n\n\n<p><\/p>\n\n\n\n<p>Desde la direcci\u00f3n de E.Leclerc Soria han se\u00f1alado que \u201cestamos encantados de unirnos un a\u00f1o m\u00e1s a esta prueba, para nosotros es muy importante colaborar con iniciativas que fomenten el deporte y la vida saludable. Por ello, no hemos dudado en seguir colaborando con esta prueba, esperamos seguir haci\u00e9ndolo durante muchos a\u00f1os m\u00e1s.<\/p>\n","protected":false},"excerpt":{"rendered":"<p>La prueba tuvo lugar el pasado 27 de abril en Soria.<\/p>\n","protected":false},"author":34,"featured_media":7546,"comment_status":"closed","ping_status":"open","sticky":false,"template":"","format":"standard","meta":{"_acf_changed":false,"footnotes":""},"categories":[122],"tags":[],"class_list":["post-7545","post","type-post","status-publish","format-standard","has-post-thumbnail","hentry","category-deporte"],"acf":[],"yoast_head":"<!-- This site is optimized with the Yoast SEO plugin v27.4 - https:\/\/yoast.com\/product\/yoast-seo-wordpress\/ -->\n<title>E.LECLERC SORIA PATROCINA EL CAMPEONATO DE ESPA\u00d1A DE DUATL\u00d3N - E.Leclerc Soria<\/title>\n<meta name=\"robots\" content=\"index, follow, max-snippet:-1, max-image-preview:large, max-video-preview:-1\" \/>\n<link rel=\"canonical\" href=\"https:\/\/e-leclerc.es\/soria\/tendencias\/e-leclerc-soria-patrocina-el-campeonato-de-espana-de-duatlon\/\" \/>\n<meta property=\"og:locale\" content=\"es_ES\" \/>\n<meta property=\"og:type\" content=\"article\" \/>\n<meta property=\"og:title\" content=\"E.LECLERC SORIA PATROCINA EL CAMPEONATO DE ESPA\u00d1A DE DUATL\u00d3N - E.Leclerc Soria\" \/>\n<meta property=\"og:description\" content=\"La prueba tuvo lugar el pasado 27 de abril en Soria.\" \/>\n<meta property=\"og:url\" content=\"https:\/\/e-leclerc.es\/soria\/tendencias\/e-leclerc-soria-patrocina-el-campeonato-de-espana-de-duatlon\/\" \/>\n<meta property=\"og:site_name\" content=\"E.Leclerc Soria\" \/>\n<meta property=\"article:publisher\" content=\"https:\/\/www.facebook.com\/eleclercsoria?ref=hl\" \/>\n<meta property=\"article:published_time\" content=\"2024-05-03T09:54:02+00:00\" \/>\n<meta property=\"article:modified_time\" content=\"2024-05-03T15:58:37+00:00\" \/>\n<meta property=\"og:image\" content=\"https:\/\/e-leclerc.es\/soria\/wp-content\/uploads\/sites\/3\/2024\/05\/Duatlon-2024-520x330px.jpg\" \/>\n\t<meta property=\"og:image:width\" content=\"520\" \/>\n\t<meta property=\"og:image:height\" content=\"330\" \/>\n\t<meta property=\"og:image:type\" content=\"image\/jpeg\" \/>\n<meta name=\"author\" content=\"redessociales\" \/>\n<meta name=\"twitter:card\" content=\"summary_large_image\" \/>\n<meta name=\"twitter:creator\" content=\"@LeclercSoria\" \/>\n<meta name=\"twitter:site\" content=\"@LeclercSoria\" \/>\n<meta name=\"twitter:label1\" content=\"Escrito por\" \/>\n\t<meta name=\"twitter:data1\" content=\"redessociales\" \/>\n\t<meta name=\"twitter:label2\" content=\"Tiempo de lectura\" \/>\n\t<meta name=\"twitter:data2\" content=\"1 minuto\" \/>\n<script type=\"application\/ld+json\" class=\"yoast-schema-graph\">{\"@context\":\"https:\\\/\\\/schema.org\",\"@graph\":[{\"@type\":\"Article\",\"@id\":\"https:\\\/\\\/e-leclerc.es\\\/soria\\\/tendencias\\\/e-leclerc-soria-patrocina-el-campeonato-de-espana-de-duatlon\\\/#article\",\"isPartOf\":{\"@id\":\"https:\\\/\\\/e-leclerc.es\\\/soria\\\/tendencias\\\/e-leclerc-soria-patrocina-el-campeonato-de-espana-de-duatlon\\\/\"},\"author\":{\"name\":\"redessociales\",\"@id\":\"https:\\\/\\\/e-leclerc.es\\\/soria\\\/#\\\/schema\\\/person\\\/f6930249838e3aa5df50a3d1eb070a30\"},\"headline\":\"E.LECLERC SORIA PATROCINA EL CAMPEONATO DE ESPA\u00d1A DE DUATL\u00d3N\",\"datePublished\":\"2024-05-03T09:54:02+00:00\",\"dateModified\":\"2024-05-03T15:58:37+00:00\",\"mainEntityOfPage\":{\"@id\":\"https:\\\/\\\/e-leclerc.es\\\/soria\\\/tendencias\\\/e-leclerc-soria-patrocina-el-campeonato-de-espana-de-duatlon\\\/\"},\"wordCount\":120,\"publisher\":{\"@id\":\"https:\\\/\\\/e-leclerc.es\\\/soria\\\/#organization\"},\"image\":{\"@id\":\"https:\\\/\\\/e-leclerc.es\\\/soria\\\/tendencias\\\/e-leclerc-soria-patrocina-el-campeonato-de-espana-de-duatlon\\\/#primaryimage\"},\"thumbnailUrl\":\"https:\\\/\\\/e-leclerc.es\\\/soria\\\/wp-content\\\/uploads\\\/sites\\\/3\\\/2024\\\/05\\\/Duatlon-2024-520x330px.jpg\",\"articleSection\":[\"Deporte\"],\"inLanguage\":\"es\"},{\"@type\":\"WebPage\",\"@id\":\"https:\\\/\\\/e-leclerc.es\\\/soria\\\/tendencias\\\/e-leclerc-soria-patrocina-el-campeonato-de-espana-de-duatlon\\\/\",\"url\":\"https:\\\/\\\/e-leclerc.es\\\/soria\\\/tendencias\\\/e-leclerc-soria-patrocina-el-campeonato-de-espana-de-duatlon\\\/\",\"name\":\"E.LECLERC SORIA PATROCINA EL CAMPEONATO DE ESPA\u00d1A DE DUATL\u00d3N - E.Leclerc Soria\",\"isPartOf\":{\"@id\":\"https:\\\/\\\/e-leclerc.es\\\/soria\\\/#website\"},\"primaryImageOfPage\":{\"@id\":\"https:\\\/\\\/e-leclerc.es\\\/soria\\\/tendencias\\\/e-leclerc-soria-patrocina-el-campeonato-de-espana-de-duatlon\\\/#primaryimage\"},\"image\":{\"@id\":\"https:\\\/\\\/e-leclerc.es\\\/soria\\\/tendencias\\\/e-leclerc-soria-patrocina-el-campeonato-de-espana-de-duatlon\\\/#primaryimage\"},\"thumbnailUrl\":\"https:\\\/\\\/e-leclerc.es\\\/soria\\\/wp-content\\\/uploads\\\/sites\\\/3\\\/2024\\\/05\\\/Duatlon-2024-520x330px.jpg\",\"datePublished\":\"2024-05-03T09:54:02+00:00\",\"dateModified\":\"2024-05-03T15:58:37+00:00\",\"breadcrumb\":{\"@id\":\"https:\\\/\\\/e-leclerc.es\\\/soria\\\/tendencias\\\/e-leclerc-soria-patrocina-el-campeonato-de-espana-de-duatlon\\\/#breadcrumb\"},\"inLanguage\":\"es\",\"potentialAction\":[{\"@type\":\"ReadAction\",\"target\":[\"https:\\\/\\\/e-leclerc.es\\\/soria\\\/tendencias\\\/e-leclerc-soria-patrocina-el-campeonato-de-espana-de-duatlon\\\/\"]}]},{\"@type\":\"ImageObject\",\"inLanguage\":\"es\",\"@id\":\"https:\\\/\\\/e-leclerc.es\\\/soria\\\/tendencias\\\/e-leclerc-soria-patrocina-el-campeonato-de-espana-de-duatlon\\\/#primaryimage\",\"url\":\"https:\\\/\\\/e-leclerc.es\\\/soria\\\/wp-content\\\/uploads\\\/sites\\\/3\\\/2024\\\/05\\\/Duatlon-2024-520x330px.jpg\",\"contentUrl\":\"https:\\\/\\\/e-leclerc.es\\\/soria\\\/wp-content\\\/uploads\\\/sites\\\/3\\\/2024\\\/05\\\/Duatlon-2024-520x330px.jpg\",\"width\":520,\"height\":330},{\"@type\":\"BreadcrumbList\",\"@id\":\"https:\\\/\\\/e-leclerc.es\\\/soria\\\/tendencias\\\/e-leclerc-soria-patrocina-el-campeonato-de-espana-de-duatlon\\\/#breadcrumb\",\"itemListElement\":[{\"@type\":\"ListItem\",\"position\":1,\"name\":\"Portada\",\"item\":\"https:\\\/\\\/e-leclerc.es\\\/soria\\\/\"},{\"@type\":\"ListItem\",\"position\":2,\"name\":\"E.LECLERC SORIA PATROCINA EL CAMPEONATO DE ESPA\u00d1A DE DUATL\u00d3N\"}]},{\"@type\":\"WebSite\",\"@id\":\"https:\\\/\\\/e-leclerc.es\\\/soria\\\/#website\",\"url\":\"https:\\\/\\\/e-leclerc.es\\\/soria\\\/\",\"name\":\"E.Leclerc Soria\",\"description\":\"Descubre los folletos, ofertas y promociones de nuestro hipermercado E.Leclerc Soria en Castilla y Le\u00f3n. Direcci\u00f3n | Horario | Productos locales\",\"publisher\":{\"@id\":\"https:\\\/\\\/e-leclerc.es\\\/soria\\\/#organization\"},\"alternateName\":\"E.Leclerc Soria\",\"potentialAction\":[{\"@type\":\"SearchAction\",\"target\":{\"@type\":\"EntryPoint\",\"urlTemplate\":\"https:\\\/\\\/e-leclerc.es\\\/soria\\\/?s={search_term_string}\"},\"query-input\":{\"@type\":\"PropertyValueSpecification\",\"valueRequired\":true,\"valueName\":\"search_term_string\"}}],\"inLanguage\":\"es\"},{\"@type\":\"Organization\",\"@id\":\"https:\\\/\\\/e-leclerc.es\\\/soria\\\/#organization\",\"name\":\"E.Leclerc Soria\",\"alternateName\":\"Soriadis, S.L.\",\"url\":\"https:\\\/\\\/e-leclerc.es\\\/soria\\\/\",\"logo\":{\"@type\":\"ImageObject\",\"inLanguage\":\"es\",\"@id\":\"https:\\\/\\\/e-leclerc.es\\\/soria\\\/#\\\/schema\\\/logo\\\/image\\\/\",\"url\":\"https:\\\/\\\/e-leclerc.es\\\/soria\\\/wp-content\\\/uploads\\\/sites\\\/3\\\/2024\\\/05\\\/Logo_Soria-1.svg\",\"contentUrl\":\"https:\\\/\\\/e-leclerc.es\\\/soria\\\/wp-content\\\/uploads\\\/sites\\\/3\\\/2024\\\/05\\\/Logo_Soria-1.svg\",\"width\":100,\"height\":100,\"caption\":\"E.Leclerc Soria\"},\"image\":{\"@id\":\"https:\\\/\\\/e-leclerc.es\\\/soria\\\/#\\\/schema\\\/logo\\\/image\\\/\"},\"sameAs\":[\"https:\\\/\\\/www.facebook.com\\\/eleclercsoria?ref=hl\",\"https:\\\/\\\/x.com\\\/LeclercSoria\",\"https:\\\/\\\/www.instagram.com\\\/e.leclercsoria\\\/\"]},{\"@type\":\"Person\",\"@id\":\"https:\\\/\\\/e-leclerc.es\\\/soria\\\/#\\\/schema\\\/person\\\/f6930249838e3aa5df50a3d1eb070a30\",\"name\":\"redessociales\",\"url\":\"https:\\\/\\\/e-leclerc.es\\\/soria\\\/author\\\/redessociales\\\/\"}]}<\/script>\n<!-- \/ Yoast SEO plugin. -->","yoast_head_json":{"title":"E.LECLERC SORIA PATROCINA EL CAMPEONATO DE ESPA\u00d1A DE DUATL\u00d3N - E.Leclerc Soria","robots":{"index":"index","follow":"follow","max-snippet":"max-snippet:-1","max-image-preview":"max-image-preview:large","max-video-preview":"max-video-preview:-1"},"canonical":"https:\/\/e-leclerc.es\/soria\/tendencias\/e-leclerc-soria-patrocina-el-campeonato-de-espana-de-duatlon\/","og_locale":"es_ES","og_type":"article","og_title":"E.LECLERC SORIA PATROCINA EL CAMPEONATO DE ESPA\u00d1A DE DUATL\u00d3N - E.Leclerc Soria","og_description":"La prueba tuvo lugar el pasado 27 de abril en Soria.","og_url":"https:\/\/e-leclerc.es\/soria\/tendencias\/e-leclerc-soria-patrocina-el-campeonato-de-espana-de-duatlon\/","og_site_name":"E.Leclerc Soria","article_publisher":"https:\/\/www.facebook.com\/eleclercsoria?ref=hl","article_published_time":"2024-05-03T09:54:02+00:00","article_modified_time":"2024-05-03T15:58:37+00:00","og_image":[{"width":520,"height":330,"url":"https:\/\/e-leclerc.es\/soria\/wp-content\/uploads\/sites\/3\/2024\/05\/Duatlon-2024-520x330px.jpg","type":"image\/jpeg"}],"author":"redessociales","twitter_card":"summary_large_image","twitter_creator":"@LeclercSoria","twitter_site":"@LeclercSoria","twitter_misc":{"Escrito por":"redessociales","Tiempo de lectura":"1 minuto"},"schema":{"@context":"https:\/\/schema.org","@graph":[{"@type":"Article","@id":"https:\/\/e-leclerc.es\/soria\/tendencias\/e-leclerc-soria-patrocina-el-campeonato-de-espana-de-duatlon\/#article","isPartOf":{"@id":"https:\/\/e-leclerc.es\/soria\/tendencias\/e-leclerc-soria-patrocina-el-campeonato-de-espana-de-duatlon\/"},"author":{"name":"redessociales","@id":"https:\/\/e-leclerc.es\/soria\/#\/schema\/person\/f6930249838e3aa5df50a3d1eb070a30"},"headline":"E.LECLERC SORIA PATROCINA EL CAMPEONATO DE ESPA\u00d1A DE DUATL\u00d3N","datePublished":"2024-05-03T09:54:02+00:00","dateModified":"2024-05-03T15:58:37+00:00","mainEntityOfPage":{"@id":"https:\/\/e-leclerc.es\/soria\/tendencias\/e-leclerc-soria-patrocina-el-campeonato-de-espana-de-duatlon\/"},"wordCount":120,"publisher":{"@id":"https:\/\/e-leclerc.es\/soria\/#organization"},"image":{"@id":"https:\/\/e-leclerc.es\/soria\/tendencias\/e-leclerc-soria-patrocina-el-campeonato-de-espana-de-duatlon\/#primaryimage"},"thumbnailUrl":"https:\/\/e-leclerc.es\/soria\/wp-content\/uploads\/sites\/3\/2024\/05\/Duatlon-2024-520x330px.jpg","articleSection":["Deporte"],"inLanguage":"es"},{"@type":"WebPage","@id":"https:\/\/e-leclerc.es\/soria\/tendencias\/e-leclerc-soria-patrocina-el-campeonato-de-espana-de-duatlon\/","url":"https:\/\/e-leclerc.es\/soria\/tendencias\/e-leclerc-soria-patrocina-el-campeonato-de-espana-de-duatlon\/","name":"E.LECLERC SORIA PATROCINA EL CAMPEONATO DE ESPA\u00d1A DE DUATL\u00d3N - E.Leclerc Soria","isPartOf":{"@id":"https:\/\/e-leclerc.es\/soria\/#website"},"primaryImageOfPage":{"@id":"https:\/\/e-leclerc.es\/soria\/tendencias\/e-leclerc-soria-patrocina-el-campeonato-de-espana-de-duatlon\/#primaryimage"},"image":{"@id":"https:\/\/e-leclerc.es\/soria\/tendencias\/e-leclerc-soria-patrocina-el-campeonato-de-espana-de-duatlon\/#primaryimage"},"thumbnailUrl":"https:\/\/e-leclerc.es\/soria\/wp-content\/uploads\/sites\/3\/2024\/05\/Duatlon-2024-520x330px.jpg","datePublished":"2024-05-03T09:54:02+00:00","dateModified":"2024-05-03T15:58:37+00:00","breadcrumb":{"@id":"https:\/\/e-leclerc.es\/soria\/tendencias\/e-leclerc-soria-patrocina-el-campeonato-de-espana-de-duatlon\/#breadcrumb"},"inLanguage":"es","potentialAction":[{"@type":"ReadAction","target":["https:\/\/e-leclerc.es\/soria\/tendencias\/e-leclerc-soria-patrocina-el-campeonato-de-espana-de-duatlon\/"]}]},{"@type":"ImageObject","inLanguage":"es","@id":"https:\/\/e-leclerc.es\/soria\/tendencias\/e-leclerc-soria-patrocina-el-campeonato-de-espana-de-duatlon\/#primaryimage","url":"https:\/\/e-leclerc.es\/soria\/wp-content\/uploads\/sites\/3\/2024\/05\/Duatlon-2024-520x330px.jpg","contentUrl":"https:\/\/e-leclerc.es\/soria\/wp-content\/uploads\/sites\/3\/2024\/05\/Duatlon-2024-520x330px.jpg","width":520,"height":330},{"@type":"BreadcrumbList","@id":"https:\/\/e-leclerc.es\/soria\/tendencias\/e-leclerc-soria-patrocina-el-campeonato-de-espana-de-duatlon\/#breadcrumb","itemListElement":[{"@type":"ListItem","position":1,"name":"Portada","item":"https:\/\/e-leclerc.es\/soria\/"},{"@type":"ListItem","position":2,"name":"E.LECLERC SORIA PATROCINA EL CAMPEONATO DE ESPA\u00d1A DE DUATL\u00d3N"}]},{"@type":"WebSite","@id":"https:\/\/e-leclerc.es\/soria\/#website","url":"https:\/\/e-leclerc.es\/soria\/","name":"E.Leclerc Soria","description":"Descubre los folletos, ofertas y promociones de nuestro hipermercado E.Leclerc Soria en Castilla y Le\u00f3n. Direcci\u00f3n | Horario | Productos locales","publisher":{"@id":"https:\/\/e-leclerc.es\/soria\/#organization"},"alternateName":"E.Leclerc Soria","potentialAction":[{"@type":"SearchAction","target":{"@type":"EntryPoint","urlTemplate":"https:\/\/e-leclerc.es\/soria\/?s={search_term_string}"},"query-input":{"@type":"PropertyValueSpecification","valueRequired":true,"valueName":"search_term_string"}}],"inLanguage":"es"},{"@type":"Organization","@id":"https:\/\/e-leclerc.es\/soria\/#organization","name":"E.Leclerc Soria","alternateName":"Soriadis, S.L.","url":"https:\/\/e-leclerc.es\/soria\/","logo":{"@type":"ImageObject","inLanguage":"es","@id":"https:\/\/e-leclerc.es\/soria\/#\/schema\/logo\/image\/","url":"https:\/\/e-leclerc.es\/soria\/wp-content\/uploads\/sites\/3\/2024\/05\/Logo_Soria-1.svg","contentUrl":"https:\/\/e-leclerc.es\/soria\/wp-content\/uploads\/sites\/3\/2024\/05\/Logo_Soria-1.svg","width":100,"height":100,"caption":"E.Leclerc Soria"},"image":{"@id":"https:\/\/e-leclerc.es\/soria\/#\/schema\/logo\/image\/"},"sameAs":["https:\/\/www.facebook.com\/eleclercsoria?ref=hl","https:\/\/x.com\/LeclercSoria","https:\/\/www.instagram.com\/e.leclercsoria\/"]},{"@type":"Person","@id":"https:\/\/e-leclerc.es\/soria\/#\/schema\/person\/f6930249838e3aa5df50a3d1eb070a30","name":"redessociales","url":"https:\/\/e-leclerc.es\/soria\/author\/redessociales\/"}]}},"_links":{"self":[{"href":"https:\/\/e-leclerc.es\/soria\/wp-json\/wp\/v2\/posts\/7545","targetHints":{"allow":["GET"]}}],"collection":[{"href":"https:\/\/e-leclerc.es\/soria\/wp-json\/wp\/v2\/posts"}],"about":[{"href":"https:\/\/e-leclerc.es\/soria\/wp-json\/wp\/v2\/types\/post"}],"author":[{"embeddable":true,"href":"https:\/\/e-leclerc.es\/soria\/wp-json\/wp\/v2\/users\/34"}],"replies":[{"embeddable":true,"href":"https:\/\/e-leclerc.es\/soria\/wp-json\/wp\/v2\/comments?post=7545"}],"version-history":[{"count":5,"href":"https:\/\/e-leclerc.es\/soria\/wp-json\/wp\/v2\/posts\/7545\/revisions"}],"predecessor-version":[{"id":7609,"href":"https:\/\/e-leclerc.es\/soria\/wp-json\/wp\/v2\/posts\/7545\/revisions\/7609"}],"wp:featuredmedia":[{"embeddable":true,"href":"https:\/\/e-leclerc.es\/soria\/wp-json\/wp\/v2\/media\/7546"}],"wp:attachment":[{"href":"https:\/\/e-leclerc.es\/soria\/wp-json\/wp\/v2\/media?parent=7545"}],"wp:term":[{"taxonomy":"category","embeddable":true,"href":"https:\/\/e-leclerc.es\/soria\/wp-json\/wp\/v2\/categories?post=7545"},{"taxonomy":"post_tag","embeddable":true,"href":"https:\/\/e-leclerc.es\/soria\/wp-json\/wp\/v2\/tags?post=7545"}],"curies":[{"name":"wp","href":"https:\/\/api.w.org\/{rel}","templated":true}]}}