{"id":6634,"date":"2023-06-12T11:25:56","date_gmt":"2023-06-12T09:25:56","guid":{"rendered":"https:\/\/www.e-leclerc.es\/soria\/tendencias\/e-leclerc-soria-acoge-una-jornada-de-donacion-de-sangre\/"},"modified":"2023-06-12T11:25:56","modified_gmt":"2023-06-12T09:25:56","slug":"e-leclerc-soria-acoge-una-jornada-de-donacion-de-sangre","status":"publish","type":"post","link":"https:\/\/e-leclerc.es\/soria\/tendencias\/e-leclerc-soria-acoge-una-jornada-de-donacion-de-sangre\/","title":{"rendered":"E.LECLERC SORIA ACOGE UNA JORNADA DE  DONACI\u00d3N DE SANGRE"},"content":{"rendered":"<p>E. Leclerc Soria, participa en la campa\u00f1a que lleva a cabo la Hermandad de Donantes de Soria, acogiendo el d\u00eda 9 de junio en horario de 08.30h a 14.00h en el parking del hipermercado una unidad m\u00f3vil de donaci\u00f3n de sangre.<br \/>\nDe esta manera, E.Leclerc Soria busca, como en otras ocasiones, facilitar la donaci\u00f3n tanto a sus trabajadores, como al p\u00fablico general y as\u00ed ayudar a salvar vidas. Adem\u00e1s, a las personas que se acerquen a donar, se les entregar\u00e1 un vale por un desayuno en la cafeter\u00eda del hipermercado.<br \/>\nDesde el hipermercado afirman: \u201cAnimamos a todo el mundo para que se acerquen a donar sangre y as\u00ed aportar su granito de arena para salvar vidas. Las donaciones son muy necesarias, ya que cada bolsa de sangre donada se extraen componentes para tres personas distintas. Desde E. Leclerc Soria seguiremos apoyando causas solidarias como estas cada vez que podamos\u201d. <\/p>\n","protected":false},"excerpt":{"rendered":"<p><strong>Con motivo del D\u00eda Mundial del Donante de Sangre, que se celebra el 14 de junio, <\/strong><\/p>\n","protected":false},"author":0,"featured_media":6635,"comment_status":"","ping_status":"open","sticky":false,"template":"","format":"standard","meta":{"_acf_changed":false,"footnotes":""},"categories":[123],"tags":[],"class_list":["post-6634","post","type-post","status-publish","format-standard","has-post-thumbnail","hentry","category-e-leclerc-en-los-medios"],"acf":[],"yoast_head":"<!-- This site is optimized with the Yoast SEO plugin v27.4 - https:\/\/yoast.com\/product\/yoast-seo-wordpress\/ -->\n<title>E.LECLERC SORIA ACOGE UNA JORNADA DE DONACI\u00d3N DE SANGRE - E.Leclerc Soria<\/title>\n<meta name=\"robots\" content=\"index, follow, max-snippet:-1, max-image-preview:large, max-video-preview:-1\" \/>\n<link rel=\"canonical\" href=\"https:\/\/e-leclerc.es\/soria\/tendencias\/e-leclerc-soria-acoge-una-jornada-de-donacion-de-sangre\/\" \/>\n<meta property=\"og:locale\" content=\"es_ES\" \/>\n<meta property=\"og:type\" content=\"article\" \/>\n<meta property=\"og:title\" content=\"E.LECLERC SORIA ACOGE UNA JORNADA DE DONACI\u00d3N DE SANGRE - E.Leclerc Soria\" \/>\n<meta property=\"og:description\" content=\"Con motivo del D\u00eda Mundial del Donante de Sangre, que se celebra el 14 de junio,\" \/>\n<meta property=\"og:url\" content=\"https:\/\/e-leclerc.es\/soria\/tendencias\/e-leclerc-soria-acoge-una-jornada-de-donacion-de-sangre\/\" \/>\n<meta property=\"og:site_name\" content=\"E.Leclerc Soria\" \/>\n<meta property=\"article:publisher\" content=\"https:\/\/www.facebook.com\/eleclercsoria?ref=hl\" \/>\n<meta property=\"article:published_time\" content=\"2023-06-12T09:25:56+00:00\" \/>\n<meta property=\"og:image\" content=\"https:\/\/e-leclerc.es\/soria\/wp-content\/uploads\/sites\/3\/2023\/06\/230609112946_1692.jpg\" \/>\n\t<meta property=\"og:image:width\" content=\"1600\" \/>\n\t<meta property=\"og:image:height\" content=\"900\" \/>\n\t<meta property=\"og:image:type\" content=\"image\/jpeg\" \/>\n<meta name=\"twitter:card\" content=\"summary_large_image\" \/>\n<meta name=\"twitter:creator\" content=\"@LeclercSoria\" \/>\n<meta name=\"twitter:site\" content=\"@LeclercSoria\" \/>\n<meta name=\"twitter:label1\" content=\"Tiempo de lectura\" \/>\n\t<meta name=\"twitter:data1\" content=\"1 minuto\" \/>\n<script type=\"application\/ld+json\" class=\"yoast-schema-graph\">{\"@context\":\"https:\\\/\\\/schema.org\",\"@graph\":[{\"@type\":\"Article\",\"@id\":\"https:\\\/\\\/e-leclerc.es\\\/soria\\\/tendencias\\\/e-leclerc-soria-acoge-una-jornada-de-donacion-de-sangre\\\/#article\",\"isPartOf\":{\"@id\":\"https:\\\/\\\/e-leclerc.es\\\/soria\\\/tendencias\\\/e-leclerc-soria-acoge-una-jornada-de-donacion-de-sangre\\\/\"},\"author\":{\"name\":\"\",\"@id\":\"\"},\"headline\":\"E.LECLERC SORIA ACOGE UNA JORNADA DE DONACI\u00d3N DE SANGRE\",\"datePublished\":\"2023-06-12T09:25:56+00:00\",\"mainEntityOfPage\":{\"@id\":\"https:\\\/\\\/e-leclerc.es\\\/soria\\\/tendencias\\\/e-leclerc-soria-acoge-una-jornada-de-donacion-de-sangre\\\/\"},\"wordCount\":168,\"publisher\":{\"@id\":\"https:\\\/\\\/e-leclerc.es\\\/soria\\\/#organization\"},\"image\":{\"@id\":\"https:\\\/\\\/e-leclerc.es\\\/soria\\\/tendencias\\\/e-leclerc-soria-acoge-una-jornada-de-donacion-de-sangre\\\/#primaryimage\"},\"thumbnailUrl\":\"https:\\\/\\\/e-leclerc.es\\\/soria\\\/wp-content\\\/uploads\\\/sites\\\/3\\\/2023\\\/06\\\/230609112946_1692.jpg\",\"articleSection\":[\"E.Leclerc en los medios\"],\"inLanguage\":\"es\"},{\"@type\":\"WebPage\",\"@id\":\"https:\\\/\\\/e-leclerc.es\\\/soria\\\/tendencias\\\/e-leclerc-soria-acoge-una-jornada-de-donacion-de-sangre\\\/\",\"url\":\"https:\\\/\\\/e-leclerc.es\\\/soria\\\/tendencias\\\/e-leclerc-soria-acoge-una-jornada-de-donacion-de-sangre\\\/\",\"name\":\"E.LECLERC SORIA ACOGE UNA JORNADA DE DONACI\u00d3N DE SANGRE - E.Leclerc Soria\",\"isPartOf\":{\"@id\":\"https:\\\/\\\/e-leclerc.es\\\/soria\\\/#website\"},\"primaryImageOfPage\":{\"@id\":\"https:\\\/\\\/e-leclerc.es\\\/soria\\\/tendencias\\\/e-leclerc-soria-acoge-una-jornada-de-donacion-de-sangre\\\/#primaryimage\"},\"image\":{\"@id\":\"https:\\\/\\\/e-leclerc.es\\\/soria\\\/tendencias\\\/e-leclerc-soria-acoge-una-jornada-de-donacion-de-sangre\\\/#primaryimage\"},\"thumbnailUrl\":\"https:\\\/\\\/e-leclerc.es\\\/soria\\\/wp-content\\\/uploads\\\/sites\\\/3\\\/2023\\\/06\\\/230609112946_1692.jpg\",\"datePublished\":\"2023-06-12T09:25:56+00:00\",\"breadcrumb\":{\"@id\":\"https:\\\/\\\/e-leclerc.es\\\/soria\\\/tendencias\\\/e-leclerc-soria-acoge-una-jornada-de-donacion-de-sangre\\\/#breadcrumb\"},\"inLanguage\":\"es\",\"potentialAction\":[{\"@type\":\"ReadAction\",\"target\":[\"https:\\\/\\\/e-leclerc.es\\\/soria\\\/tendencias\\\/e-leclerc-soria-acoge-una-jornada-de-donacion-de-sangre\\\/\"]}]},{\"@type\":\"ImageObject\",\"inLanguage\":\"es\",\"@id\":\"https:\\\/\\\/e-leclerc.es\\\/soria\\\/tendencias\\\/e-leclerc-soria-acoge-una-jornada-de-donacion-de-sangre\\\/#primaryimage\",\"url\":\"https:\\\/\\\/e-leclerc.es\\\/soria\\\/wp-content\\\/uploads\\\/sites\\\/3\\\/2023\\\/06\\\/230609112946_1692.jpg\",\"contentUrl\":\"https:\\\/\\\/e-leclerc.es\\\/soria\\\/wp-content\\\/uploads\\\/sites\\\/3\\\/2023\\\/06\\\/230609112946_1692.jpg\",\"width\":1600,\"height\":900},{\"@type\":\"BreadcrumbList\",\"@id\":\"https:\\\/\\\/e-leclerc.es\\\/soria\\\/tendencias\\\/e-leclerc-soria-acoge-una-jornada-de-donacion-de-sangre\\\/#breadcrumb\",\"itemListElement\":[{\"@type\":\"ListItem\",\"position\":1,\"name\":\"Portada\",\"item\":\"https:\\\/\\\/e-leclerc.es\\\/soria\\\/\"},{\"@type\":\"ListItem\",\"position\":2,\"name\":\"E.LECLERC SORIA ACOGE UNA JORNADA DE DONACI\u00d3N DE SANGRE\"}]},{\"@type\":\"WebSite\",\"@id\":\"https:\\\/\\\/e-leclerc.es\\\/soria\\\/#website\",\"url\":\"https:\\\/\\\/e-leclerc.es\\\/soria\\\/\",\"name\":\"E.Leclerc Soria\",\"description\":\"Descubre los folletos, ofertas y promociones de nuestro hipermercado E.Leclerc Soria en Castilla y Le\u00f3n. Direcci\u00f3n | Horario | Productos locales\",\"publisher\":{\"@id\":\"https:\\\/\\\/e-leclerc.es\\\/soria\\\/#organization\"},\"alternateName\":\"E.Leclerc Soria\",\"potentialAction\":[{\"@type\":\"SearchAction\",\"target\":{\"@type\":\"EntryPoint\",\"urlTemplate\":\"https:\\\/\\\/e-leclerc.es\\\/soria\\\/?s={search_term_string}\"},\"query-input\":{\"@type\":\"PropertyValueSpecification\",\"valueRequired\":true,\"valueName\":\"search_term_string\"}}],\"inLanguage\":\"es\"},{\"@type\":\"Organization\",\"@id\":\"https:\\\/\\\/e-leclerc.es\\\/soria\\\/#organization\",\"name\":\"E.Leclerc Soria\",\"alternateName\":\"Soriadis, S.L.\",\"url\":\"https:\\\/\\\/e-leclerc.es\\\/soria\\\/\",\"logo\":{\"@type\":\"ImageObject\",\"inLanguage\":\"es\",\"@id\":\"https:\\\/\\\/e-leclerc.es\\\/soria\\\/#\\\/schema\\\/logo\\\/image\\\/\",\"url\":\"https:\\\/\\\/e-leclerc.es\\\/soria\\\/wp-content\\\/uploads\\\/sites\\\/3\\\/2024\\\/05\\\/Logo_Soria-1.svg\",\"contentUrl\":\"https:\\\/\\\/e-leclerc.es\\\/soria\\\/wp-content\\\/uploads\\\/sites\\\/3\\\/2024\\\/05\\\/Logo_Soria-1.svg\",\"width\":100,\"height\":100,\"caption\":\"E.Leclerc Soria\"},\"image\":{\"@id\":\"https:\\\/\\\/e-leclerc.es\\\/soria\\\/#\\\/schema\\\/logo\\\/image\\\/\"},\"sameAs\":[\"https:\\\/\\\/www.facebook.com\\\/eleclercsoria?ref=hl\",\"https:\\\/\\\/x.com\\\/LeclercSoria\",\"https:\\\/\\\/www.instagram.com\\\/e.leclercsoria\\\/\"]}]}<\/script>\n<!-- \/ Yoast SEO plugin. -->","yoast_head_json":{"title":"E.LECLERC SORIA ACOGE UNA JORNADA DE DONACI\u00d3N DE SANGRE - E.Leclerc Soria","robots":{"index":"index","follow":"follow","max-snippet":"max-snippet:-1","max-image-preview":"max-image-preview:large","max-video-preview":"max-video-preview:-1"},"canonical":"https:\/\/e-leclerc.es\/soria\/tendencias\/e-leclerc-soria-acoge-una-jornada-de-donacion-de-sangre\/","og_locale":"es_ES","og_type":"article","og_title":"E.LECLERC SORIA ACOGE UNA JORNADA DE DONACI\u00d3N DE SANGRE - E.Leclerc Soria","og_description":"Con motivo del D\u00eda Mundial del Donante de Sangre, que se celebra el 14 de junio,","og_url":"https:\/\/e-leclerc.es\/soria\/tendencias\/e-leclerc-soria-acoge-una-jornada-de-donacion-de-sangre\/","og_site_name":"E.Leclerc Soria","article_publisher":"https:\/\/www.facebook.com\/eleclercsoria?ref=hl","article_published_time":"2023-06-12T09:25:56+00:00","og_image":[{"width":1600,"height":900,"url":"https:\/\/e-leclerc.es\/soria\/wp-content\/uploads\/sites\/3\/2023\/06\/230609112946_1692.jpg","type":"image\/jpeg"}],"twitter_card":"summary_large_image","twitter_creator":"@LeclercSoria","twitter_site":"@LeclercSoria","twitter_misc":{"Tiempo de lectura":"1 minuto"},"schema":{"@context":"https:\/\/schema.org","@graph":[{"@type":"Article","@id":"https:\/\/e-leclerc.es\/soria\/tendencias\/e-leclerc-soria-acoge-una-jornada-de-donacion-de-sangre\/#article","isPartOf":{"@id":"https:\/\/e-leclerc.es\/soria\/tendencias\/e-leclerc-soria-acoge-una-jornada-de-donacion-de-sangre\/"},"author":{"name":"","@id":""},"headline":"E.LECLERC SORIA ACOGE UNA JORNADA DE DONACI\u00d3N DE SANGRE","datePublished":"2023-06-12T09:25:56+00:00","mainEntityOfPage":{"@id":"https:\/\/e-leclerc.es\/soria\/tendencias\/e-leclerc-soria-acoge-una-jornada-de-donacion-de-sangre\/"},"wordCount":168,"publisher":{"@id":"https:\/\/e-leclerc.es\/soria\/#organization"},"image":{"@id":"https:\/\/e-leclerc.es\/soria\/tendencias\/e-leclerc-soria-acoge-una-jornada-de-donacion-de-sangre\/#primaryimage"},"thumbnailUrl":"https:\/\/e-leclerc.es\/soria\/wp-content\/uploads\/sites\/3\/2023\/06\/230609112946_1692.jpg","articleSection":["E.Leclerc en los medios"],"inLanguage":"es"},{"@type":"WebPage","@id":"https:\/\/e-leclerc.es\/soria\/tendencias\/e-leclerc-soria-acoge-una-jornada-de-donacion-de-sangre\/","url":"https:\/\/e-leclerc.es\/soria\/tendencias\/e-leclerc-soria-acoge-una-jornada-de-donacion-de-sangre\/","name":"E.LECLERC SORIA ACOGE UNA JORNADA DE DONACI\u00d3N DE SANGRE - E.Leclerc Soria","isPartOf":{"@id":"https:\/\/e-leclerc.es\/soria\/#website"},"primaryImageOfPage":{"@id":"https:\/\/e-leclerc.es\/soria\/tendencias\/e-leclerc-soria-acoge-una-jornada-de-donacion-de-sangre\/#primaryimage"},"image":{"@id":"https:\/\/e-leclerc.es\/soria\/tendencias\/e-leclerc-soria-acoge-una-jornada-de-donacion-de-sangre\/#primaryimage"},"thumbnailUrl":"https:\/\/e-leclerc.es\/soria\/wp-content\/uploads\/sites\/3\/2023\/06\/230609112946_1692.jpg","datePublished":"2023-06-12T09:25:56+00:00","breadcrumb":{"@id":"https:\/\/e-leclerc.es\/soria\/tendencias\/e-leclerc-soria-acoge-una-jornada-de-donacion-de-sangre\/#breadcrumb"},"inLanguage":"es","potentialAction":[{"@type":"ReadAction","target":["https:\/\/e-leclerc.es\/soria\/tendencias\/e-leclerc-soria-acoge-una-jornada-de-donacion-de-sangre\/"]}]},{"@type":"ImageObject","inLanguage":"es","@id":"https:\/\/e-leclerc.es\/soria\/tendencias\/e-leclerc-soria-acoge-una-jornada-de-donacion-de-sangre\/#primaryimage","url":"https:\/\/e-leclerc.es\/soria\/wp-content\/uploads\/sites\/3\/2023\/06\/230609112946_1692.jpg","contentUrl":"https:\/\/e-leclerc.es\/soria\/wp-content\/uploads\/sites\/3\/2023\/06\/230609112946_1692.jpg","width":1600,"height":900},{"@type":"BreadcrumbList","@id":"https:\/\/e-leclerc.es\/soria\/tendencias\/e-leclerc-soria-acoge-una-jornada-de-donacion-de-sangre\/#breadcrumb","itemListElement":[{"@type":"ListItem","position":1,"name":"Portada","item":"https:\/\/e-leclerc.es\/soria\/"},{"@type":"ListItem","position":2,"name":"E.LECLERC SORIA ACOGE UNA JORNADA DE DONACI\u00d3N DE SANGRE"}]},{"@type":"WebSite","@id":"https:\/\/e-leclerc.es\/soria\/#website","url":"https:\/\/e-leclerc.es\/soria\/","name":"E.Leclerc Soria","description":"Descubre los folletos, ofertas y promociones de nuestro hipermercado E.Leclerc Soria en Castilla y Le\u00f3n. Direcci\u00f3n | Horario | Productos locales","publisher":{"@id":"https:\/\/e-leclerc.es\/soria\/#organization"},"alternateName":"E.Leclerc Soria","potentialAction":[{"@type":"SearchAction","target":{"@type":"EntryPoint","urlTemplate":"https:\/\/e-leclerc.es\/soria\/?s={search_term_string}"},"query-input":{"@type":"PropertyValueSpecification","valueRequired":true,"valueName":"search_term_string"}}],"inLanguage":"es"},{"@type":"Organization","@id":"https:\/\/e-leclerc.es\/soria\/#organization","name":"E.Leclerc Soria","alternateName":"Soriadis, S.L.","url":"https:\/\/e-leclerc.es\/soria\/","logo":{"@type":"ImageObject","inLanguage":"es","@id":"https:\/\/e-leclerc.es\/soria\/#\/schema\/logo\/image\/","url":"https:\/\/e-leclerc.es\/soria\/wp-content\/uploads\/sites\/3\/2024\/05\/Logo_Soria-1.svg","contentUrl":"https:\/\/e-leclerc.es\/soria\/wp-content\/uploads\/sites\/3\/2024\/05\/Logo_Soria-1.svg","width":100,"height":100,"caption":"E.Leclerc Soria"},"image":{"@id":"https:\/\/e-leclerc.es\/soria\/#\/schema\/logo\/image\/"},"sameAs":["https:\/\/www.facebook.com\/eleclercsoria?ref=hl","https:\/\/x.com\/LeclercSoria","https:\/\/www.instagram.com\/e.leclercsoria\/"]}]}},"_links":{"self":[{"href":"https:\/\/e-leclerc.es\/soria\/wp-json\/wp\/v2\/posts\/6634","targetHints":{"allow":["GET"]}}],"collection":[{"href":"https:\/\/e-leclerc.es\/soria\/wp-json\/wp\/v2\/posts"}],"about":[{"href":"https:\/\/e-leclerc.es\/soria\/wp-json\/wp\/v2\/types\/post"}],"replies":[{"embeddable":true,"href":"https:\/\/e-leclerc.es\/soria\/wp-json\/wp\/v2\/comments?post=6634"}],"version-history":[{"count":0,"href":"https:\/\/e-leclerc.es\/soria\/wp-json\/wp\/v2\/posts\/6634\/revisions"}],"wp:featuredmedia":[{"embeddable":true,"href":"https:\/\/e-leclerc.es\/soria\/wp-json\/wp\/v2\/media\/6635"}],"wp:attachment":[{"href":"https:\/\/e-leclerc.es\/soria\/wp-json\/wp\/v2\/media?parent=6634"}],"wp:term":[{"taxonomy":"category","embeddable":true,"href":"https:\/\/e-leclerc.es\/soria\/wp-json\/wp\/v2\/categories?post=6634"},{"taxonomy":"post_tag","embeddable":true,"href":"https:\/\/e-leclerc.es\/soria\/wp-json\/wp\/v2\/tags?post=6634"}],"curies":[{"name":"wp","href":"https:\/\/api.w.org\/{rel}","templated":true}]}}