{"id":6628,"date":"2023-02-08T12:20:32","date_gmt":"2023-02-08T11:20:32","guid":{"rendered":"https:\/\/www.e-leclerc.es\/soria\/tendencias\/e-leclerc-se-une-nuevamente-a-la-aecc-en-la-lucha-contra-el-cancer\/"},"modified":"2023-02-08T12:20:32","modified_gmt":"2023-02-08T11:20:32","slug":"e-leclerc-se-une-nuevamente-a-la-aecc-en-la-lucha-contra-el-cancer","status":"publish","type":"post","link":"https:\/\/e-leclerc.es\/soria\/tendencias\/e-leclerc-se-une-nuevamente-a-la-aecc-en-la-lucha-contra-el-cancer\/","title":{"rendered":"E. Leclerc se une nuevamente a la AECC en la lucha contra el c\u00e1ncer"},"content":{"rendered":"<p>Por tercer a\u00f1o consecutivo, todos los hipermercados E. Leclerc se unen a la Asociaci\u00f3n Espa\u00f1ola Contra el c\u00e1ncer (AECC), con la tercera edici\u00f3n de la campa\u00f1a \u2018La compra de tu vida\u2019. El objetivo de esta iniciativa es recaudar fondos que ser\u00e1n destinados a impulsar la investigaci\u00f3n en c\u00e1ncer y a servicios gratuitos de apoyo y acompa\u00f1amiento a pacientes y familiares.<\/p>\n<p>Del 3 al 12 de febrero, los clientes que deseen podr\u00e1n colaborar en los hipermercados y supermercados, al finalizar compra podr\u00e1n formalizar donaciones de 1, 3, 5, 10 y 20 euros o la cantidad que se desee hasta 99 euros.<br \/>\nDesde la direcci\u00f3n de E. Leclerc afirman que \u201cun a\u00f1o m\u00e1s, volvemos a unirnos a esta iniciativa, con la que queremos animar a todos nuestros clientes a aportar su granito de arena. Es misi\u00f3n de todos colaborar para poder seguir investigando en c\u00e1ncer, y con ello, conseguir estar m\u00e1s cerca de vencer a esta enfermedad\u201d.<\/p>\n","protected":false},"excerpt":{"rendered":"<p><strong>La firma de supermercados, con establecimientos en Soria, lanza la campa\u00f1a \u2018La compra de tu vida\u2019 para recaudar fondos destinados a la investigaci\u00f3n de este tipo de dolencias.<\/strong><\/p>\n","protected":false},"author":0,"featured_media":6629,"comment_status":"","ping_status":"open","sticky":false,"template":"","format":"standard","meta":{"_acf_changed":false,"footnotes":""},"categories":[123],"tags":[],"class_list":["post-6628","post","type-post","status-publish","format-standard","has-post-thumbnail","hentry","category-e-leclerc-en-los-medios"],"acf":[],"yoast_head":"<!-- This site is optimized with the Yoast SEO plugin v27.4 - https:\/\/yoast.com\/product\/yoast-seo-wordpress\/ -->\n<title>E. Leclerc se une nuevamente a la AECC en la lucha contra el c\u00e1ncer - E.Leclerc Soria<\/title>\n<meta name=\"robots\" content=\"index, follow, max-snippet:-1, max-image-preview:large, max-video-preview:-1\" \/>\n<link rel=\"canonical\" href=\"https:\/\/e-leclerc.es\/soria\/tendencias\/e-leclerc-se-une-nuevamente-a-la-aecc-en-la-lucha-contra-el-cancer\/\" \/>\n<meta property=\"og:locale\" content=\"es_ES\" \/>\n<meta property=\"og:type\" content=\"article\" \/>\n<meta property=\"og:title\" content=\"E. Leclerc se une nuevamente a la AECC en la lucha contra el c\u00e1ncer - E.Leclerc Soria\" \/>\n<meta property=\"og:description\" content=\"La firma de supermercados, con establecimientos en Soria, lanza la campa\u00f1a \u2018La compra de tu vida\u2019 para recaudar fondos destinados a la investigaci\u00f3n de este tipo de dolencias.\" \/>\n<meta property=\"og:url\" content=\"https:\/\/e-leclerc.es\/soria\/tendencias\/e-leclerc-se-une-nuevamente-a-la-aecc-en-la-lucha-contra-el-cancer\/\" \/>\n<meta property=\"og:site_name\" content=\"E.Leclerc Soria\" \/>\n<meta property=\"article:publisher\" content=\"https:\/\/www.facebook.com\/eleclercsoria?ref=hl\" \/>\n<meta property=\"article:published_time\" content=\"2023-02-08T11:20:32+00:00\" \/>\n<meta property=\"og:image\" content=\"https:\/\/e-leclerc.es\/soria\/wp-content\/uploads\/sites\/3\/2023\/02\/cancer-web_1688.jpg\" \/>\n\t<meta property=\"og:image:width\" content=\"768\" \/>\n\t<meta property=\"og:image:height\" content=\"351\" \/>\n\t<meta property=\"og:image:type\" content=\"image\/jpeg\" \/>\n<meta name=\"twitter:card\" content=\"summary_large_image\" \/>\n<meta name=\"twitter:creator\" content=\"@LeclercSoria\" \/>\n<meta name=\"twitter:site\" content=\"@LeclercSoria\" \/>\n<meta name=\"twitter:label1\" content=\"Tiempo de lectura\" \/>\n\t<meta name=\"twitter:data1\" content=\"1 minuto\" \/>\n<script type=\"application\/ld+json\" class=\"yoast-schema-graph\">{\"@context\":\"https:\\\/\\\/schema.org\",\"@graph\":[{\"@type\":\"Article\",\"@id\":\"https:\\\/\\\/e-leclerc.es\\\/soria\\\/tendencias\\\/e-leclerc-se-une-nuevamente-a-la-aecc-en-la-lucha-contra-el-cancer\\\/#article\",\"isPartOf\":{\"@id\":\"https:\\\/\\\/e-leclerc.es\\\/soria\\\/tendencias\\\/e-leclerc-se-une-nuevamente-a-la-aecc-en-la-lucha-contra-el-cancer\\\/\"},\"author\":{\"name\":\"\",\"@id\":\"\"},\"headline\":\"E. Leclerc se une nuevamente a la AECC en la lucha contra el c\u00e1ncer\",\"datePublished\":\"2023-02-08T11:20:32+00:00\",\"mainEntityOfPage\":{\"@id\":\"https:\\\/\\\/e-leclerc.es\\\/soria\\\/tendencias\\\/e-leclerc-se-une-nuevamente-a-la-aecc-en-la-lucha-contra-el-cancer\\\/\"},\"wordCount\":180,\"publisher\":{\"@id\":\"https:\\\/\\\/e-leclerc.es\\\/soria\\\/#organization\"},\"image\":{\"@id\":\"https:\\\/\\\/e-leclerc.es\\\/soria\\\/tendencias\\\/e-leclerc-se-une-nuevamente-a-la-aecc-en-la-lucha-contra-el-cancer\\\/#primaryimage\"},\"thumbnailUrl\":\"https:\\\/\\\/e-leclerc.es\\\/soria\\\/wp-content\\\/uploads\\\/sites\\\/3\\\/2023\\\/02\\\/cancer-web_1688.jpg\",\"articleSection\":[\"E.Leclerc en los medios\"],\"inLanguage\":\"es\"},{\"@type\":\"WebPage\",\"@id\":\"https:\\\/\\\/e-leclerc.es\\\/soria\\\/tendencias\\\/e-leclerc-se-une-nuevamente-a-la-aecc-en-la-lucha-contra-el-cancer\\\/\",\"url\":\"https:\\\/\\\/e-leclerc.es\\\/soria\\\/tendencias\\\/e-leclerc-se-une-nuevamente-a-la-aecc-en-la-lucha-contra-el-cancer\\\/\",\"name\":\"E. Leclerc se une nuevamente a la AECC en la lucha contra el c\u00e1ncer - E.Leclerc Soria\",\"isPartOf\":{\"@id\":\"https:\\\/\\\/e-leclerc.es\\\/soria\\\/#website\"},\"primaryImageOfPage\":{\"@id\":\"https:\\\/\\\/e-leclerc.es\\\/soria\\\/tendencias\\\/e-leclerc-se-une-nuevamente-a-la-aecc-en-la-lucha-contra-el-cancer\\\/#primaryimage\"},\"image\":{\"@id\":\"https:\\\/\\\/e-leclerc.es\\\/soria\\\/tendencias\\\/e-leclerc-se-une-nuevamente-a-la-aecc-en-la-lucha-contra-el-cancer\\\/#primaryimage\"},\"thumbnailUrl\":\"https:\\\/\\\/e-leclerc.es\\\/soria\\\/wp-content\\\/uploads\\\/sites\\\/3\\\/2023\\\/02\\\/cancer-web_1688.jpg\",\"datePublished\":\"2023-02-08T11:20:32+00:00\",\"breadcrumb\":{\"@id\":\"https:\\\/\\\/e-leclerc.es\\\/soria\\\/tendencias\\\/e-leclerc-se-une-nuevamente-a-la-aecc-en-la-lucha-contra-el-cancer\\\/#breadcrumb\"},\"inLanguage\":\"es\",\"potentialAction\":[{\"@type\":\"ReadAction\",\"target\":[\"https:\\\/\\\/e-leclerc.es\\\/soria\\\/tendencias\\\/e-leclerc-se-une-nuevamente-a-la-aecc-en-la-lucha-contra-el-cancer\\\/\"]}]},{\"@type\":\"ImageObject\",\"inLanguage\":\"es\",\"@id\":\"https:\\\/\\\/e-leclerc.es\\\/soria\\\/tendencias\\\/e-leclerc-se-une-nuevamente-a-la-aecc-en-la-lucha-contra-el-cancer\\\/#primaryimage\",\"url\":\"https:\\\/\\\/e-leclerc.es\\\/soria\\\/wp-content\\\/uploads\\\/sites\\\/3\\\/2023\\\/02\\\/cancer-web_1688.jpg\",\"contentUrl\":\"https:\\\/\\\/e-leclerc.es\\\/soria\\\/wp-content\\\/uploads\\\/sites\\\/3\\\/2023\\\/02\\\/cancer-web_1688.jpg\",\"width\":768,\"height\":351},{\"@type\":\"BreadcrumbList\",\"@id\":\"https:\\\/\\\/e-leclerc.es\\\/soria\\\/tendencias\\\/e-leclerc-se-une-nuevamente-a-la-aecc-en-la-lucha-contra-el-cancer\\\/#breadcrumb\",\"itemListElement\":[{\"@type\":\"ListItem\",\"position\":1,\"name\":\"Portada\",\"item\":\"https:\\\/\\\/e-leclerc.es\\\/soria\\\/\"},{\"@type\":\"ListItem\",\"position\":2,\"name\":\"E. Leclerc se une nuevamente a la AECC en la lucha contra el c\u00e1ncer\"}]},{\"@type\":\"WebSite\",\"@id\":\"https:\\\/\\\/e-leclerc.es\\\/soria\\\/#website\",\"url\":\"https:\\\/\\\/e-leclerc.es\\\/soria\\\/\",\"name\":\"E.Leclerc Soria\",\"description\":\"Descubre los folletos, ofertas y promociones de nuestro hipermercado E.Leclerc Soria en Castilla y Le\u00f3n. Direcci\u00f3n | Horario | Productos locales\",\"publisher\":{\"@id\":\"https:\\\/\\\/e-leclerc.es\\\/soria\\\/#organization\"},\"alternateName\":\"E.Leclerc Soria\",\"potentialAction\":[{\"@type\":\"SearchAction\",\"target\":{\"@type\":\"EntryPoint\",\"urlTemplate\":\"https:\\\/\\\/e-leclerc.es\\\/soria\\\/?s={search_term_string}\"},\"query-input\":{\"@type\":\"PropertyValueSpecification\",\"valueRequired\":true,\"valueName\":\"search_term_string\"}}],\"inLanguage\":\"es\"},{\"@type\":\"Organization\",\"@id\":\"https:\\\/\\\/e-leclerc.es\\\/soria\\\/#organization\",\"name\":\"E.Leclerc Soria\",\"alternateName\":\"Soriadis, S.L.\",\"url\":\"https:\\\/\\\/e-leclerc.es\\\/soria\\\/\",\"logo\":{\"@type\":\"ImageObject\",\"inLanguage\":\"es\",\"@id\":\"https:\\\/\\\/e-leclerc.es\\\/soria\\\/#\\\/schema\\\/logo\\\/image\\\/\",\"url\":\"https:\\\/\\\/e-leclerc.es\\\/soria\\\/wp-content\\\/uploads\\\/sites\\\/3\\\/2024\\\/05\\\/Logo_Soria-1.svg\",\"contentUrl\":\"https:\\\/\\\/e-leclerc.es\\\/soria\\\/wp-content\\\/uploads\\\/sites\\\/3\\\/2024\\\/05\\\/Logo_Soria-1.svg\",\"width\":100,\"height\":100,\"caption\":\"E.Leclerc Soria\"},\"image\":{\"@id\":\"https:\\\/\\\/e-leclerc.es\\\/soria\\\/#\\\/schema\\\/logo\\\/image\\\/\"},\"sameAs\":[\"https:\\\/\\\/www.facebook.com\\\/eleclercsoria?ref=hl\",\"https:\\\/\\\/x.com\\\/LeclercSoria\",\"https:\\\/\\\/www.instagram.com\\\/e.leclercsoria\\\/\"]}]}<\/script>\n<!-- \/ Yoast SEO plugin. -->","yoast_head_json":{"title":"E. Leclerc se une nuevamente a la AECC en la lucha contra el c\u00e1ncer - E.Leclerc Soria","robots":{"index":"index","follow":"follow","max-snippet":"max-snippet:-1","max-image-preview":"max-image-preview:large","max-video-preview":"max-video-preview:-1"},"canonical":"https:\/\/e-leclerc.es\/soria\/tendencias\/e-leclerc-se-une-nuevamente-a-la-aecc-en-la-lucha-contra-el-cancer\/","og_locale":"es_ES","og_type":"article","og_title":"E. Leclerc se une nuevamente a la AECC en la lucha contra el c\u00e1ncer - E.Leclerc Soria","og_description":"La firma de supermercados, con establecimientos en Soria, lanza la campa\u00f1a \u2018La compra de tu vida\u2019 para recaudar fondos destinados a la investigaci\u00f3n de este tipo de dolencias.","og_url":"https:\/\/e-leclerc.es\/soria\/tendencias\/e-leclerc-se-une-nuevamente-a-la-aecc-en-la-lucha-contra-el-cancer\/","og_site_name":"E.Leclerc Soria","article_publisher":"https:\/\/www.facebook.com\/eleclercsoria?ref=hl","article_published_time":"2023-02-08T11:20:32+00:00","og_image":[{"width":768,"height":351,"url":"https:\/\/e-leclerc.es\/soria\/wp-content\/uploads\/sites\/3\/2023\/02\/cancer-web_1688.jpg","type":"image\/jpeg"}],"twitter_card":"summary_large_image","twitter_creator":"@LeclercSoria","twitter_site":"@LeclercSoria","twitter_misc":{"Tiempo de lectura":"1 minuto"},"schema":{"@context":"https:\/\/schema.org","@graph":[{"@type":"Article","@id":"https:\/\/e-leclerc.es\/soria\/tendencias\/e-leclerc-se-une-nuevamente-a-la-aecc-en-la-lucha-contra-el-cancer\/#article","isPartOf":{"@id":"https:\/\/e-leclerc.es\/soria\/tendencias\/e-leclerc-se-une-nuevamente-a-la-aecc-en-la-lucha-contra-el-cancer\/"},"author":{"name":"","@id":""},"headline":"E. Leclerc se une nuevamente a la AECC en la lucha contra el c\u00e1ncer","datePublished":"2023-02-08T11:20:32+00:00","mainEntityOfPage":{"@id":"https:\/\/e-leclerc.es\/soria\/tendencias\/e-leclerc-se-une-nuevamente-a-la-aecc-en-la-lucha-contra-el-cancer\/"},"wordCount":180,"publisher":{"@id":"https:\/\/e-leclerc.es\/soria\/#organization"},"image":{"@id":"https:\/\/e-leclerc.es\/soria\/tendencias\/e-leclerc-se-une-nuevamente-a-la-aecc-en-la-lucha-contra-el-cancer\/#primaryimage"},"thumbnailUrl":"https:\/\/e-leclerc.es\/soria\/wp-content\/uploads\/sites\/3\/2023\/02\/cancer-web_1688.jpg","articleSection":["E.Leclerc en los medios"],"inLanguage":"es"},{"@type":"WebPage","@id":"https:\/\/e-leclerc.es\/soria\/tendencias\/e-leclerc-se-une-nuevamente-a-la-aecc-en-la-lucha-contra-el-cancer\/","url":"https:\/\/e-leclerc.es\/soria\/tendencias\/e-leclerc-se-une-nuevamente-a-la-aecc-en-la-lucha-contra-el-cancer\/","name":"E. Leclerc se une nuevamente a la AECC en la lucha contra el c\u00e1ncer - E.Leclerc Soria","isPartOf":{"@id":"https:\/\/e-leclerc.es\/soria\/#website"},"primaryImageOfPage":{"@id":"https:\/\/e-leclerc.es\/soria\/tendencias\/e-leclerc-se-une-nuevamente-a-la-aecc-en-la-lucha-contra-el-cancer\/#primaryimage"},"image":{"@id":"https:\/\/e-leclerc.es\/soria\/tendencias\/e-leclerc-se-une-nuevamente-a-la-aecc-en-la-lucha-contra-el-cancer\/#primaryimage"},"thumbnailUrl":"https:\/\/e-leclerc.es\/soria\/wp-content\/uploads\/sites\/3\/2023\/02\/cancer-web_1688.jpg","datePublished":"2023-02-08T11:20:32+00:00","breadcrumb":{"@id":"https:\/\/e-leclerc.es\/soria\/tendencias\/e-leclerc-se-une-nuevamente-a-la-aecc-en-la-lucha-contra-el-cancer\/#breadcrumb"},"inLanguage":"es","potentialAction":[{"@type":"ReadAction","target":["https:\/\/e-leclerc.es\/soria\/tendencias\/e-leclerc-se-une-nuevamente-a-la-aecc-en-la-lucha-contra-el-cancer\/"]}]},{"@type":"ImageObject","inLanguage":"es","@id":"https:\/\/e-leclerc.es\/soria\/tendencias\/e-leclerc-se-une-nuevamente-a-la-aecc-en-la-lucha-contra-el-cancer\/#primaryimage","url":"https:\/\/e-leclerc.es\/soria\/wp-content\/uploads\/sites\/3\/2023\/02\/cancer-web_1688.jpg","contentUrl":"https:\/\/e-leclerc.es\/soria\/wp-content\/uploads\/sites\/3\/2023\/02\/cancer-web_1688.jpg","width":768,"height":351},{"@type":"BreadcrumbList","@id":"https:\/\/e-leclerc.es\/soria\/tendencias\/e-leclerc-se-une-nuevamente-a-la-aecc-en-la-lucha-contra-el-cancer\/#breadcrumb","itemListElement":[{"@type":"ListItem","position":1,"name":"Portada","item":"https:\/\/e-leclerc.es\/soria\/"},{"@type":"ListItem","position":2,"name":"E. Leclerc se une nuevamente a la AECC en la lucha contra el c\u00e1ncer"}]},{"@type":"WebSite","@id":"https:\/\/e-leclerc.es\/soria\/#website","url":"https:\/\/e-leclerc.es\/soria\/","name":"E.Leclerc Soria","description":"Descubre los folletos, ofertas y promociones de nuestro hipermercado E.Leclerc Soria en Castilla y Le\u00f3n. Direcci\u00f3n | Horario | Productos locales","publisher":{"@id":"https:\/\/e-leclerc.es\/soria\/#organization"},"alternateName":"E.Leclerc Soria","potentialAction":[{"@type":"SearchAction","target":{"@type":"EntryPoint","urlTemplate":"https:\/\/e-leclerc.es\/soria\/?s={search_term_string}"},"query-input":{"@type":"PropertyValueSpecification","valueRequired":true,"valueName":"search_term_string"}}],"inLanguage":"es"},{"@type":"Organization","@id":"https:\/\/e-leclerc.es\/soria\/#organization","name":"E.Leclerc Soria","alternateName":"Soriadis, S.L.","url":"https:\/\/e-leclerc.es\/soria\/","logo":{"@type":"ImageObject","inLanguage":"es","@id":"https:\/\/e-leclerc.es\/soria\/#\/schema\/logo\/image\/","url":"https:\/\/e-leclerc.es\/soria\/wp-content\/uploads\/sites\/3\/2024\/05\/Logo_Soria-1.svg","contentUrl":"https:\/\/e-leclerc.es\/soria\/wp-content\/uploads\/sites\/3\/2024\/05\/Logo_Soria-1.svg","width":100,"height":100,"caption":"E.Leclerc Soria"},"image":{"@id":"https:\/\/e-leclerc.es\/soria\/#\/schema\/logo\/image\/"},"sameAs":["https:\/\/www.facebook.com\/eleclercsoria?ref=hl","https:\/\/x.com\/LeclercSoria","https:\/\/www.instagram.com\/e.leclercsoria\/"]}]}},"_links":{"self":[{"href":"https:\/\/e-leclerc.es\/soria\/wp-json\/wp\/v2\/posts\/6628","targetHints":{"allow":["GET"]}}],"collection":[{"href":"https:\/\/e-leclerc.es\/soria\/wp-json\/wp\/v2\/posts"}],"about":[{"href":"https:\/\/e-leclerc.es\/soria\/wp-json\/wp\/v2\/types\/post"}],"replies":[{"embeddable":true,"href":"https:\/\/e-leclerc.es\/soria\/wp-json\/wp\/v2\/comments?post=6628"}],"version-history":[{"count":0,"href":"https:\/\/e-leclerc.es\/soria\/wp-json\/wp\/v2\/posts\/6628\/revisions"}],"wp:featuredmedia":[{"embeddable":true,"href":"https:\/\/e-leclerc.es\/soria\/wp-json\/wp\/v2\/media\/6629"}],"wp:attachment":[{"href":"https:\/\/e-leclerc.es\/soria\/wp-json\/wp\/v2\/media?parent=6628"}],"wp:term":[{"taxonomy":"category","embeddable":true,"href":"https:\/\/e-leclerc.es\/soria\/wp-json\/wp\/v2\/categories?post=6628"},{"taxonomy":"post_tag","embeddable":true,"href":"https:\/\/e-leclerc.es\/soria\/wp-json\/wp\/v2\/tags?post=6628"}],"curies":[{"name":"wp","href":"https:\/\/api.w.org\/{rel}","templated":true}]}}