{"id":6619,"date":"2022-06-24T12:45:05","date_gmt":"2022-06-24T10:45:05","guid":{"rendered":"https:\/\/www.e-leclerc.es\/soria\/tendencias\/la-nueva-equipacion-numantina-presentada-en-el-hipermercado-e-leclerc-soria\/"},"modified":"2022-06-24T12:45:05","modified_gmt":"2022-06-24T10:45:05","slug":"la-nueva-equipacion-numantina-presentada-en-el-hipermercado-e-leclerc-soria","status":"publish","type":"post","link":"https:\/\/e-leclerc.es\/soria\/tendencias\/la-nueva-equipacion-numantina-presentada-en-el-hipermercado-e-leclerc-soria\/","title":{"rendered":"LA NUEVA EQUIPACI\u00d3N NUMANTINA, PRESENTADA EN EL HIPERMERCADO E. LECLERC SORIA"},"content":{"rendered":"<p>El C.D. Numancia se vestir\u00e1 la pr\u00f3xima temporada con los valores del equipo que hizo historia en la Copa del Rey en 1996. El director de marketing del club, Javier del Pino, y el responsable de Errea en Espa\u00f1a y Portugal, David Ram\u00f3n, han dado a conocer hoy los detalles de la nueva equipaci\u00f3n en un acto que celebrado en el Hipermercado E.Leclerc. \u00abUna equipaci\u00f3n novedosa y con historia para so\u00f1ar con el regreso al f\u00fatbol profesional\u00bb, ha se\u00f1alado Del Pino.<\/p>\n<p>\u201cUn homenaje al sue\u00f1o que nos hizo grandes\u201d. As\u00ed define el director del marketing del C. D. Numancia su equipaci\u00f3n para la temporada 22-23. Una indumentaria que mantiene el rojo en la camiseta y el azul en el pantal\u00f3n en la primera equipaci\u00f3n y mantiene el homenaje al Soria C.F. como alternativa. El objetivo del club es copiar los valores de esa temporada a la actual para \u201cdevolver al Numancia al f\u00fatbol profesional\u201d.<\/p>\n<p>Seg\u00fan explicaba Javier Del Pino se trata de una equipaci\u00f3n \u201cnovedosa y con historia\u201d que apela a los valores de \u201clucha, garra, coraz\u00f3n y compromiso\u201d. Donde m\u00e1s se nota el aspecto vintage de esta equipaci\u00f3n es el cuello, con solapa y con un bot\u00f3n y con una franja blanca. Tambi\u00e9n hace referencia a aquella equipaci\u00f3n que viaj\u00f3 al Camp Nou la marca del sponsor oficial, repetida en toda la manga.<\/p>\n<p>La segunda equipaci\u00f3n sigue los mismos patrones, pero con los colores morados del Soria C.F.. El blanco y el morado de la provincia son el gui\u00f1o al club soriano que se unific\u00f3 con el Numancia en 1989. En la ropa entrenamiento, se ha elegido el azul cian en la camiseta y el marino para los pantalones con una ligera franja con el color cian de la camiseta.<\/p>\n<p>En la equipaci\u00f3n de la temporada 22-23 est\u00e1n presentes los logotipos de los patrocinadores del club, Caja Rural de Soria, y Met\u00e1licas Los Linajes e Hipermercado E.Leclerc, en el pantal\u00f3n de las equipaciones.<\/p>\n<p>Adem\u00e1s, tambi\u00e9n destacan detalles en la el\u00e1stica rojilla como el emblema de la Copa del Rey en la parte superior del cuello y el hashtag #SiempreNumancia en la parte posterior.<\/p>\n","protected":false},"excerpt":{"rendered":"<p><strong>El club ha presentado sus nuevas equipaciones en Hipermercado E.Leclerc Soria.<\/strong><\/p>\n","protected":false},"author":0,"featured_media":6620,"comment_status":"","ping_status":"open","sticky":false,"template":"","format":"standard","meta":{"_acf_changed":false,"footnotes":""},"categories":[122],"tags":[],"class_list":["post-6619","post","type-post","status-publish","format-standard","has-post-thumbnail","hentry","category-deporte"],"acf":[],"yoast_head":"<!-- This site is optimized with the Yoast SEO plugin v27.4 - https:\/\/yoast.com\/product\/yoast-seo-wordpress\/ -->\n<title>LA NUEVA EQUIPACI\u00d3N NUMANTINA, PRESENTADA EN EL HIPERMERCADO E. LECLERC SORIA - E.Leclerc Soria<\/title>\n<meta name=\"robots\" content=\"index, follow, max-snippet:-1, max-image-preview:large, max-video-preview:-1\" \/>\n<link rel=\"canonical\" href=\"https:\/\/e-leclerc.es\/soria\/tendencias\/la-nueva-equipacion-numantina-presentada-en-el-hipermercado-e-leclerc-soria\/\" \/>\n<meta property=\"og:locale\" content=\"es_ES\" \/>\n<meta property=\"og:type\" content=\"article\" \/>\n<meta property=\"og:title\" content=\"LA NUEVA EQUIPACI\u00d3N NUMANTINA, PRESENTADA EN EL HIPERMERCADO E. LECLERC SORIA - E.Leclerc Soria\" \/>\n<meta property=\"og:description\" content=\"El club ha presentado sus nuevas equipaciones en Hipermercado E.Leclerc Soria.\" \/>\n<meta property=\"og:url\" content=\"https:\/\/e-leclerc.es\/soria\/tendencias\/la-nueva-equipacion-numantina-presentada-en-el-hipermercado-e-leclerc-soria\/\" \/>\n<meta property=\"og:site_name\" content=\"E.Leclerc Soria\" \/>\n<meta property=\"article:publisher\" content=\"https:\/\/www.facebook.com\/eleclercsoria?ref=hl\" \/>\n<meta property=\"article:published_time\" content=\"2022-06-24T10:45:05+00:00\" \/>\n<meta property=\"og:image\" content=\"https:\/\/e-leclerc.es\/soria\/wp-content\/uploads\/sites\/3\/2022\/06\/fv7t4mfxoaismji_1648.jpg\" \/>\n\t<meta property=\"og:image:width\" content=\"680\" \/>\n\t<meta property=\"og:image:height\" content=\"383\" \/>\n\t<meta property=\"og:image:type\" content=\"image\/jpeg\" \/>\n<meta name=\"twitter:card\" content=\"summary_large_image\" \/>\n<meta name=\"twitter:creator\" content=\"@LeclercSoria\" \/>\n<meta name=\"twitter:site\" content=\"@LeclercSoria\" \/>\n<meta name=\"twitter:label1\" content=\"Tiempo de lectura\" \/>\n\t<meta name=\"twitter:data1\" content=\"2 minutos\" \/>\n<script type=\"application\/ld+json\" class=\"yoast-schema-graph\">{\"@context\":\"https:\\\/\\\/schema.org\",\"@graph\":[{\"@type\":\"Article\",\"@id\":\"https:\\\/\\\/e-leclerc.es\\\/soria\\\/tendencias\\\/la-nueva-equipacion-numantina-presentada-en-el-hipermercado-e-leclerc-soria\\\/#article\",\"isPartOf\":{\"@id\":\"https:\\\/\\\/e-leclerc.es\\\/soria\\\/tendencias\\\/la-nueva-equipacion-numantina-presentada-en-el-hipermercado-e-leclerc-soria\\\/\"},\"author\":{\"name\":\"\",\"@id\":\"\"},\"headline\":\"LA NUEVA EQUIPACI\u00d3N NUMANTINA, PRESENTADA EN EL HIPERMERCADO E. LECLERC SORIA\",\"datePublished\":\"2022-06-24T10:45:05+00:00\",\"mainEntityOfPage\":{\"@id\":\"https:\\\/\\\/e-leclerc.es\\\/soria\\\/tendencias\\\/la-nueva-equipacion-numantina-presentada-en-el-hipermercado-e-leclerc-soria\\\/\"},\"wordCount\":399,\"publisher\":{\"@id\":\"https:\\\/\\\/e-leclerc.es\\\/soria\\\/#organization\"},\"image\":{\"@id\":\"https:\\\/\\\/e-leclerc.es\\\/soria\\\/tendencias\\\/la-nueva-equipacion-numantina-presentada-en-el-hipermercado-e-leclerc-soria\\\/#primaryimage\"},\"thumbnailUrl\":\"https:\\\/\\\/e-leclerc.es\\\/soria\\\/wp-content\\\/uploads\\\/sites\\\/3\\\/2022\\\/06\\\/fv7t4mfxoaismji_1648.jpg\",\"articleSection\":[\"Deporte\"],\"inLanguage\":\"es\"},{\"@type\":\"WebPage\",\"@id\":\"https:\\\/\\\/e-leclerc.es\\\/soria\\\/tendencias\\\/la-nueva-equipacion-numantina-presentada-en-el-hipermercado-e-leclerc-soria\\\/\",\"url\":\"https:\\\/\\\/e-leclerc.es\\\/soria\\\/tendencias\\\/la-nueva-equipacion-numantina-presentada-en-el-hipermercado-e-leclerc-soria\\\/\",\"name\":\"LA NUEVA EQUIPACI\u00d3N NUMANTINA, PRESENTADA EN EL HIPERMERCADO E. LECLERC SORIA - E.Leclerc Soria\",\"isPartOf\":{\"@id\":\"https:\\\/\\\/e-leclerc.es\\\/soria\\\/#website\"},\"primaryImageOfPage\":{\"@id\":\"https:\\\/\\\/e-leclerc.es\\\/soria\\\/tendencias\\\/la-nueva-equipacion-numantina-presentada-en-el-hipermercado-e-leclerc-soria\\\/#primaryimage\"},\"image\":{\"@id\":\"https:\\\/\\\/e-leclerc.es\\\/soria\\\/tendencias\\\/la-nueva-equipacion-numantina-presentada-en-el-hipermercado-e-leclerc-soria\\\/#primaryimage\"},\"thumbnailUrl\":\"https:\\\/\\\/e-leclerc.es\\\/soria\\\/wp-content\\\/uploads\\\/sites\\\/3\\\/2022\\\/06\\\/fv7t4mfxoaismji_1648.jpg\",\"datePublished\":\"2022-06-24T10:45:05+00:00\",\"breadcrumb\":{\"@id\":\"https:\\\/\\\/e-leclerc.es\\\/soria\\\/tendencias\\\/la-nueva-equipacion-numantina-presentada-en-el-hipermercado-e-leclerc-soria\\\/#breadcrumb\"},\"inLanguage\":\"es\",\"potentialAction\":[{\"@type\":\"ReadAction\",\"target\":[\"https:\\\/\\\/e-leclerc.es\\\/soria\\\/tendencias\\\/la-nueva-equipacion-numantina-presentada-en-el-hipermercado-e-leclerc-soria\\\/\"]}]},{\"@type\":\"ImageObject\",\"inLanguage\":\"es\",\"@id\":\"https:\\\/\\\/e-leclerc.es\\\/soria\\\/tendencias\\\/la-nueva-equipacion-numantina-presentada-en-el-hipermercado-e-leclerc-soria\\\/#primaryimage\",\"url\":\"https:\\\/\\\/e-leclerc.es\\\/soria\\\/wp-content\\\/uploads\\\/sites\\\/3\\\/2022\\\/06\\\/fv7t4mfxoaismji_1648.jpg\",\"contentUrl\":\"https:\\\/\\\/e-leclerc.es\\\/soria\\\/wp-content\\\/uploads\\\/sites\\\/3\\\/2022\\\/06\\\/fv7t4mfxoaismji_1648.jpg\",\"width\":680,\"height\":383},{\"@type\":\"BreadcrumbList\",\"@id\":\"https:\\\/\\\/e-leclerc.es\\\/soria\\\/tendencias\\\/la-nueva-equipacion-numantina-presentada-en-el-hipermercado-e-leclerc-soria\\\/#breadcrumb\",\"itemListElement\":[{\"@type\":\"ListItem\",\"position\":1,\"name\":\"Portada\",\"item\":\"https:\\\/\\\/e-leclerc.es\\\/soria\\\/\"},{\"@type\":\"ListItem\",\"position\":2,\"name\":\"LA NUEVA EQUIPACI\u00d3N NUMANTINA, PRESENTADA EN EL HIPERMERCADO E. LECLERC SORIA\"}]},{\"@type\":\"WebSite\",\"@id\":\"https:\\\/\\\/e-leclerc.es\\\/soria\\\/#website\",\"url\":\"https:\\\/\\\/e-leclerc.es\\\/soria\\\/\",\"name\":\"E.Leclerc Soria\",\"description\":\"Descubre los folletos, ofertas y promociones de nuestro hipermercado E.Leclerc Soria en Castilla y Le\u00f3n. Direcci\u00f3n | Horario | Productos locales\",\"publisher\":{\"@id\":\"https:\\\/\\\/e-leclerc.es\\\/soria\\\/#organization\"},\"alternateName\":\"E.Leclerc Soria\",\"potentialAction\":[{\"@type\":\"SearchAction\",\"target\":{\"@type\":\"EntryPoint\",\"urlTemplate\":\"https:\\\/\\\/e-leclerc.es\\\/soria\\\/?s={search_term_string}\"},\"query-input\":{\"@type\":\"PropertyValueSpecification\",\"valueRequired\":true,\"valueName\":\"search_term_string\"}}],\"inLanguage\":\"es\"},{\"@type\":\"Organization\",\"@id\":\"https:\\\/\\\/e-leclerc.es\\\/soria\\\/#organization\",\"name\":\"E.Leclerc Soria\",\"alternateName\":\"Soriadis, S.L.\",\"url\":\"https:\\\/\\\/e-leclerc.es\\\/soria\\\/\",\"logo\":{\"@type\":\"ImageObject\",\"inLanguage\":\"es\",\"@id\":\"https:\\\/\\\/e-leclerc.es\\\/soria\\\/#\\\/schema\\\/logo\\\/image\\\/\",\"url\":\"https:\\\/\\\/e-leclerc.es\\\/soria\\\/wp-content\\\/uploads\\\/sites\\\/3\\\/2024\\\/05\\\/Logo_Soria-1.svg\",\"contentUrl\":\"https:\\\/\\\/e-leclerc.es\\\/soria\\\/wp-content\\\/uploads\\\/sites\\\/3\\\/2024\\\/05\\\/Logo_Soria-1.svg\",\"width\":100,\"height\":100,\"caption\":\"E.Leclerc Soria\"},\"image\":{\"@id\":\"https:\\\/\\\/e-leclerc.es\\\/soria\\\/#\\\/schema\\\/logo\\\/image\\\/\"},\"sameAs\":[\"https:\\\/\\\/www.facebook.com\\\/eleclercsoria?ref=hl\",\"https:\\\/\\\/x.com\\\/LeclercSoria\",\"https:\\\/\\\/www.instagram.com\\\/e.leclercsoria\\\/\"]}]}<\/script>\n<!-- \/ Yoast SEO plugin. -->","yoast_head_json":{"title":"LA NUEVA EQUIPACI\u00d3N NUMANTINA, PRESENTADA EN EL HIPERMERCADO E. LECLERC SORIA - E.Leclerc Soria","robots":{"index":"index","follow":"follow","max-snippet":"max-snippet:-1","max-image-preview":"max-image-preview:large","max-video-preview":"max-video-preview:-1"},"canonical":"https:\/\/e-leclerc.es\/soria\/tendencias\/la-nueva-equipacion-numantina-presentada-en-el-hipermercado-e-leclerc-soria\/","og_locale":"es_ES","og_type":"article","og_title":"LA NUEVA EQUIPACI\u00d3N NUMANTINA, PRESENTADA EN EL HIPERMERCADO E. LECLERC SORIA - E.Leclerc Soria","og_description":"El club ha presentado sus nuevas equipaciones en Hipermercado E.Leclerc Soria.","og_url":"https:\/\/e-leclerc.es\/soria\/tendencias\/la-nueva-equipacion-numantina-presentada-en-el-hipermercado-e-leclerc-soria\/","og_site_name":"E.Leclerc Soria","article_publisher":"https:\/\/www.facebook.com\/eleclercsoria?ref=hl","article_published_time":"2022-06-24T10:45:05+00:00","og_image":[{"width":680,"height":383,"url":"https:\/\/e-leclerc.es\/soria\/wp-content\/uploads\/sites\/3\/2022\/06\/fv7t4mfxoaismji_1648.jpg","type":"image\/jpeg"}],"twitter_card":"summary_large_image","twitter_creator":"@LeclercSoria","twitter_site":"@LeclercSoria","twitter_misc":{"Tiempo de lectura":"2 minutos"},"schema":{"@context":"https:\/\/schema.org","@graph":[{"@type":"Article","@id":"https:\/\/e-leclerc.es\/soria\/tendencias\/la-nueva-equipacion-numantina-presentada-en-el-hipermercado-e-leclerc-soria\/#article","isPartOf":{"@id":"https:\/\/e-leclerc.es\/soria\/tendencias\/la-nueva-equipacion-numantina-presentada-en-el-hipermercado-e-leclerc-soria\/"},"author":{"name":"","@id":""},"headline":"LA NUEVA EQUIPACI\u00d3N NUMANTINA, PRESENTADA EN EL HIPERMERCADO E. LECLERC SORIA","datePublished":"2022-06-24T10:45:05+00:00","mainEntityOfPage":{"@id":"https:\/\/e-leclerc.es\/soria\/tendencias\/la-nueva-equipacion-numantina-presentada-en-el-hipermercado-e-leclerc-soria\/"},"wordCount":399,"publisher":{"@id":"https:\/\/e-leclerc.es\/soria\/#organization"},"image":{"@id":"https:\/\/e-leclerc.es\/soria\/tendencias\/la-nueva-equipacion-numantina-presentada-en-el-hipermercado-e-leclerc-soria\/#primaryimage"},"thumbnailUrl":"https:\/\/e-leclerc.es\/soria\/wp-content\/uploads\/sites\/3\/2022\/06\/fv7t4mfxoaismji_1648.jpg","articleSection":["Deporte"],"inLanguage":"es"},{"@type":"WebPage","@id":"https:\/\/e-leclerc.es\/soria\/tendencias\/la-nueva-equipacion-numantina-presentada-en-el-hipermercado-e-leclerc-soria\/","url":"https:\/\/e-leclerc.es\/soria\/tendencias\/la-nueva-equipacion-numantina-presentada-en-el-hipermercado-e-leclerc-soria\/","name":"LA NUEVA EQUIPACI\u00d3N NUMANTINA, PRESENTADA EN EL HIPERMERCADO E. LECLERC SORIA - E.Leclerc Soria","isPartOf":{"@id":"https:\/\/e-leclerc.es\/soria\/#website"},"primaryImageOfPage":{"@id":"https:\/\/e-leclerc.es\/soria\/tendencias\/la-nueva-equipacion-numantina-presentada-en-el-hipermercado-e-leclerc-soria\/#primaryimage"},"image":{"@id":"https:\/\/e-leclerc.es\/soria\/tendencias\/la-nueva-equipacion-numantina-presentada-en-el-hipermercado-e-leclerc-soria\/#primaryimage"},"thumbnailUrl":"https:\/\/e-leclerc.es\/soria\/wp-content\/uploads\/sites\/3\/2022\/06\/fv7t4mfxoaismji_1648.jpg","datePublished":"2022-06-24T10:45:05+00:00","breadcrumb":{"@id":"https:\/\/e-leclerc.es\/soria\/tendencias\/la-nueva-equipacion-numantina-presentada-en-el-hipermercado-e-leclerc-soria\/#breadcrumb"},"inLanguage":"es","potentialAction":[{"@type":"ReadAction","target":["https:\/\/e-leclerc.es\/soria\/tendencias\/la-nueva-equipacion-numantina-presentada-en-el-hipermercado-e-leclerc-soria\/"]}]},{"@type":"ImageObject","inLanguage":"es","@id":"https:\/\/e-leclerc.es\/soria\/tendencias\/la-nueva-equipacion-numantina-presentada-en-el-hipermercado-e-leclerc-soria\/#primaryimage","url":"https:\/\/e-leclerc.es\/soria\/wp-content\/uploads\/sites\/3\/2022\/06\/fv7t4mfxoaismji_1648.jpg","contentUrl":"https:\/\/e-leclerc.es\/soria\/wp-content\/uploads\/sites\/3\/2022\/06\/fv7t4mfxoaismji_1648.jpg","width":680,"height":383},{"@type":"BreadcrumbList","@id":"https:\/\/e-leclerc.es\/soria\/tendencias\/la-nueva-equipacion-numantina-presentada-en-el-hipermercado-e-leclerc-soria\/#breadcrumb","itemListElement":[{"@type":"ListItem","position":1,"name":"Portada","item":"https:\/\/e-leclerc.es\/soria\/"},{"@type":"ListItem","position":2,"name":"LA NUEVA EQUIPACI\u00d3N NUMANTINA, PRESENTADA EN EL HIPERMERCADO E. LECLERC SORIA"}]},{"@type":"WebSite","@id":"https:\/\/e-leclerc.es\/soria\/#website","url":"https:\/\/e-leclerc.es\/soria\/","name":"E.Leclerc Soria","description":"Descubre los folletos, ofertas y promociones de nuestro hipermercado E.Leclerc Soria en Castilla y Le\u00f3n. Direcci\u00f3n | Horario | Productos locales","publisher":{"@id":"https:\/\/e-leclerc.es\/soria\/#organization"},"alternateName":"E.Leclerc Soria","potentialAction":[{"@type":"SearchAction","target":{"@type":"EntryPoint","urlTemplate":"https:\/\/e-leclerc.es\/soria\/?s={search_term_string}"},"query-input":{"@type":"PropertyValueSpecification","valueRequired":true,"valueName":"search_term_string"}}],"inLanguage":"es"},{"@type":"Organization","@id":"https:\/\/e-leclerc.es\/soria\/#organization","name":"E.Leclerc Soria","alternateName":"Soriadis, S.L.","url":"https:\/\/e-leclerc.es\/soria\/","logo":{"@type":"ImageObject","inLanguage":"es","@id":"https:\/\/e-leclerc.es\/soria\/#\/schema\/logo\/image\/","url":"https:\/\/e-leclerc.es\/soria\/wp-content\/uploads\/sites\/3\/2024\/05\/Logo_Soria-1.svg","contentUrl":"https:\/\/e-leclerc.es\/soria\/wp-content\/uploads\/sites\/3\/2024\/05\/Logo_Soria-1.svg","width":100,"height":100,"caption":"E.Leclerc Soria"},"image":{"@id":"https:\/\/e-leclerc.es\/soria\/#\/schema\/logo\/image\/"},"sameAs":["https:\/\/www.facebook.com\/eleclercsoria?ref=hl","https:\/\/x.com\/LeclercSoria","https:\/\/www.instagram.com\/e.leclercsoria\/"]}]}},"_links":{"self":[{"href":"https:\/\/e-leclerc.es\/soria\/wp-json\/wp\/v2\/posts\/6619","targetHints":{"allow":["GET"]}}],"collection":[{"href":"https:\/\/e-leclerc.es\/soria\/wp-json\/wp\/v2\/posts"}],"about":[{"href":"https:\/\/e-leclerc.es\/soria\/wp-json\/wp\/v2\/types\/post"}],"replies":[{"embeddable":true,"href":"https:\/\/e-leclerc.es\/soria\/wp-json\/wp\/v2\/comments?post=6619"}],"version-history":[{"count":0,"href":"https:\/\/e-leclerc.es\/soria\/wp-json\/wp\/v2\/posts\/6619\/revisions"}],"wp:featuredmedia":[{"embeddable":true,"href":"https:\/\/e-leclerc.es\/soria\/wp-json\/wp\/v2\/media\/6620"}],"wp:attachment":[{"href":"https:\/\/e-leclerc.es\/soria\/wp-json\/wp\/v2\/media?parent=6619"}],"wp:term":[{"taxonomy":"category","embeddable":true,"href":"https:\/\/e-leclerc.es\/soria\/wp-json\/wp\/v2\/categories?post=6619"},{"taxonomy":"post_tag","embeddable":true,"href":"https:\/\/e-leclerc.es\/soria\/wp-json\/wp\/v2\/tags?post=6619"}],"curies":[{"name":"wp","href":"https:\/\/api.w.org\/{rel}","templated":true}]}}