{"id":6611,"date":"2021-10-01T13:25:49","date_gmt":"2021-10-01T11:25:49","guid":{"rendered":"https:\/\/www.e-leclerc.es\/soria\/tendencias\/e-leclerc-soria-renueva-su-compromiso-con-el-c-d-numancia\/"},"modified":"2021-10-01T13:25:49","modified_gmt":"2021-10-01T11:25:49","slug":"e-leclerc-soria-renueva-su-compromiso-con-el-c-d-numancia","status":"publish","type":"post","link":"https:\/\/e-leclerc.es\/soria\/tendencias\/e-leclerc-soria-renueva-su-compromiso-con-el-c-d-numancia\/","title":{"rendered":"E. Leclerc Soria renueva su compromiso con el C.D Numancia"},"content":{"rendered":"<p>E.Leclerc Soria es patrocinador del C. D. Numancia desde que el hipermercado inici\u00f3 su actividad y esta temporada da un paso adelante, pues lucir\u00e1 el logotipo de la superficie comercial en la parte anterior del pantal\u00f3n de la equipaci\u00f3n numantina.<\/p>\n<p>Adem\u00e1s, gracias a Hipermercado E. Leclerc, el C. D. Numancia ha conseguido sobrepasar la cifra de 2.800 abonados, ya que han adquirido 30 abonos para ayudar en el objetivo de ser m\u00e1s numantinos cada domingo.<\/p>\n<p>Hipermercado E. Leclerc mantendr\u00e1 su presencia en el per\u00edmetro del terreno de juego de Los Pajaritos con varias vallas publicitarias y ser\u00e1 uno de los principales patrocinadores en sala de prensa y zona mixta del Municipal soriano.<\/p>\n<p>Eduardo Rubio, director general del C. D. Numancia, ha asegurado que \u201cpara el club numantino es un honor seguir contando con la colaboraci\u00f3n de Hipermercado E.Leclerc, una relaci\u00f3n leal y continua desde que este hipermercado se instal\u00f3 en Soria, hace m\u00e1s de veinte a\u00f1os, dando sentido de responsabilidad social y de apoyo al deporte y al f\u00fatbol, con el Numancia como principal estandarte\u201d<\/p>\n","protected":false},"excerpt":{"rendered":"<p><strong>C. D. Numancia e Hipermercado E.Leclerc han renovado una temporada m\u00e1s su convenio de colaboraci\u00f3n, demostrando una vez m\u00e1s durante los \u00faltimos veinte a\u00f1os el apoyo y la promoci\u00f3n del hipermercado con el equipo numantino y toda su estructura social y deportiva.<\/strong><\/p>\n","protected":false},"author":0,"featured_media":6612,"comment_status":"","ping_status":"open","sticky":false,"template":"","format":"standard","meta":{"_acf_changed":false,"footnotes":""},"categories":[122],"tags":[],"class_list":["post-6611","post","type-post","status-publish","format-standard","has-post-thumbnail","hentry","category-deporte"],"acf":[],"yoast_head":"<!-- This site is optimized with the Yoast SEO plugin v27.4 - https:\/\/yoast.com\/product\/yoast-seo-wordpress\/ -->\n<title>E. Leclerc Soria renueva su compromiso con el C.D Numancia - E.Leclerc Soria<\/title>\n<meta name=\"robots\" content=\"index, follow, max-snippet:-1, max-image-preview:large, max-video-preview:-1\" \/>\n<link rel=\"canonical\" href=\"https:\/\/e-leclerc.es\/soria\/tendencias\/e-leclerc-soria-renueva-su-compromiso-con-el-c-d-numancia\/\" \/>\n<meta property=\"og:locale\" content=\"es_ES\" \/>\n<meta property=\"og:type\" content=\"article\" \/>\n<meta property=\"og:title\" content=\"E. Leclerc Soria renueva su compromiso con el C.D Numancia - E.Leclerc Soria\" \/>\n<meta property=\"og:description\" content=\"C. D. Numancia e Hipermercado E.Leclerc han renovado una temporada m\u00e1s su convenio de colaboraci\u00f3n, demostrando una vez m\u00e1s durante los \u00faltimos veinte a\u00f1os el apoyo y la promoci\u00f3n del hipermercado con el equipo numantino y toda su estructura social y deportiva.\" \/>\n<meta property=\"og:url\" content=\"https:\/\/e-leclerc.es\/soria\/tendencias\/e-leclerc-soria-renueva-su-compromiso-con-el-c-d-numancia\/\" \/>\n<meta property=\"og:site_name\" content=\"E.Leclerc Soria\" \/>\n<meta property=\"article:publisher\" content=\"https:\/\/www.facebook.com\/eleclercsoria?ref=hl\" \/>\n<meta property=\"article:published_time\" content=\"2021-10-01T11:25:49+00:00\" \/>\n<meta property=\"og:image\" content=\"https:\/\/e-leclerc.es\/soria\/wp-content\/uploads\/sites\/3\/2021\/10\/30leclerc1_1641.jpg\" \/>\n\t<meta property=\"og:image:width\" content=\"980\" \/>\n\t<meta property=\"og:image:height\" content=\"551\" \/>\n\t<meta property=\"og:image:type\" content=\"image\/jpeg\" \/>\n<meta name=\"twitter:card\" content=\"summary_large_image\" \/>\n<meta name=\"twitter:creator\" content=\"@LeclercSoria\" \/>\n<meta name=\"twitter:site\" content=\"@LeclercSoria\" \/>\n<meta name=\"twitter:label1\" content=\"Tiempo de lectura\" \/>\n\t<meta name=\"twitter:data1\" content=\"1 minuto\" \/>\n<script type=\"application\/ld+json\" class=\"yoast-schema-graph\">{\"@context\":\"https:\\\/\\\/schema.org\",\"@graph\":[{\"@type\":\"Article\",\"@id\":\"https:\\\/\\\/e-leclerc.es\\\/soria\\\/tendencias\\\/e-leclerc-soria-renueva-su-compromiso-con-el-c-d-numancia\\\/#article\",\"isPartOf\":{\"@id\":\"https:\\\/\\\/e-leclerc.es\\\/soria\\\/tendencias\\\/e-leclerc-soria-renueva-su-compromiso-con-el-c-d-numancia\\\/\"},\"author\":{\"name\":\"\",\"@id\":\"\"},\"headline\":\"E. Leclerc Soria renueva su compromiso con el C.D Numancia\",\"datePublished\":\"2021-10-01T11:25:49+00:00\",\"mainEntityOfPage\":{\"@id\":\"https:\\\/\\\/e-leclerc.es\\\/soria\\\/tendencias\\\/e-leclerc-soria-renueva-su-compromiso-con-el-c-d-numancia\\\/\"},\"wordCount\":196,\"publisher\":{\"@id\":\"https:\\\/\\\/e-leclerc.es\\\/soria\\\/#organization\"},\"image\":{\"@id\":\"https:\\\/\\\/e-leclerc.es\\\/soria\\\/tendencias\\\/e-leclerc-soria-renueva-su-compromiso-con-el-c-d-numancia\\\/#primaryimage\"},\"thumbnailUrl\":\"https:\\\/\\\/e-leclerc.es\\\/soria\\\/wp-content\\\/uploads\\\/sites\\\/3\\\/2021\\\/10\\\/30leclerc1_1641.jpg\",\"articleSection\":[\"Deporte\"],\"inLanguage\":\"es\"},{\"@type\":\"WebPage\",\"@id\":\"https:\\\/\\\/e-leclerc.es\\\/soria\\\/tendencias\\\/e-leclerc-soria-renueva-su-compromiso-con-el-c-d-numancia\\\/\",\"url\":\"https:\\\/\\\/e-leclerc.es\\\/soria\\\/tendencias\\\/e-leclerc-soria-renueva-su-compromiso-con-el-c-d-numancia\\\/\",\"name\":\"E. Leclerc Soria renueva su compromiso con el C.D Numancia - E.Leclerc Soria\",\"isPartOf\":{\"@id\":\"https:\\\/\\\/e-leclerc.es\\\/soria\\\/#website\"},\"primaryImageOfPage\":{\"@id\":\"https:\\\/\\\/e-leclerc.es\\\/soria\\\/tendencias\\\/e-leclerc-soria-renueva-su-compromiso-con-el-c-d-numancia\\\/#primaryimage\"},\"image\":{\"@id\":\"https:\\\/\\\/e-leclerc.es\\\/soria\\\/tendencias\\\/e-leclerc-soria-renueva-su-compromiso-con-el-c-d-numancia\\\/#primaryimage\"},\"thumbnailUrl\":\"https:\\\/\\\/e-leclerc.es\\\/soria\\\/wp-content\\\/uploads\\\/sites\\\/3\\\/2021\\\/10\\\/30leclerc1_1641.jpg\",\"datePublished\":\"2021-10-01T11:25:49+00:00\",\"breadcrumb\":{\"@id\":\"https:\\\/\\\/e-leclerc.es\\\/soria\\\/tendencias\\\/e-leclerc-soria-renueva-su-compromiso-con-el-c-d-numancia\\\/#breadcrumb\"},\"inLanguage\":\"es\",\"potentialAction\":[{\"@type\":\"ReadAction\",\"target\":[\"https:\\\/\\\/e-leclerc.es\\\/soria\\\/tendencias\\\/e-leclerc-soria-renueva-su-compromiso-con-el-c-d-numancia\\\/\"]}]},{\"@type\":\"ImageObject\",\"inLanguage\":\"es\",\"@id\":\"https:\\\/\\\/e-leclerc.es\\\/soria\\\/tendencias\\\/e-leclerc-soria-renueva-su-compromiso-con-el-c-d-numancia\\\/#primaryimage\",\"url\":\"https:\\\/\\\/e-leclerc.es\\\/soria\\\/wp-content\\\/uploads\\\/sites\\\/3\\\/2021\\\/10\\\/30leclerc1_1641.jpg\",\"contentUrl\":\"https:\\\/\\\/e-leclerc.es\\\/soria\\\/wp-content\\\/uploads\\\/sites\\\/3\\\/2021\\\/10\\\/30leclerc1_1641.jpg\",\"width\":980,\"height\":551},{\"@type\":\"BreadcrumbList\",\"@id\":\"https:\\\/\\\/e-leclerc.es\\\/soria\\\/tendencias\\\/e-leclerc-soria-renueva-su-compromiso-con-el-c-d-numancia\\\/#breadcrumb\",\"itemListElement\":[{\"@type\":\"ListItem\",\"position\":1,\"name\":\"Portada\",\"item\":\"https:\\\/\\\/e-leclerc.es\\\/soria\\\/\"},{\"@type\":\"ListItem\",\"position\":2,\"name\":\"E. Leclerc Soria renueva su compromiso con el C.D Numancia\"}]},{\"@type\":\"WebSite\",\"@id\":\"https:\\\/\\\/e-leclerc.es\\\/soria\\\/#website\",\"url\":\"https:\\\/\\\/e-leclerc.es\\\/soria\\\/\",\"name\":\"E.Leclerc Soria\",\"description\":\"Descubre los folletos, ofertas y promociones de nuestro hipermercado E.Leclerc Soria en Castilla y Le\u00f3n. Direcci\u00f3n | Horario | Productos locales\",\"publisher\":{\"@id\":\"https:\\\/\\\/e-leclerc.es\\\/soria\\\/#organization\"},\"alternateName\":\"E.Leclerc Soria\",\"potentialAction\":[{\"@type\":\"SearchAction\",\"target\":{\"@type\":\"EntryPoint\",\"urlTemplate\":\"https:\\\/\\\/e-leclerc.es\\\/soria\\\/?s={search_term_string}\"},\"query-input\":{\"@type\":\"PropertyValueSpecification\",\"valueRequired\":true,\"valueName\":\"search_term_string\"}}],\"inLanguage\":\"es\"},{\"@type\":\"Organization\",\"@id\":\"https:\\\/\\\/e-leclerc.es\\\/soria\\\/#organization\",\"name\":\"E.Leclerc Soria\",\"alternateName\":\"Soriadis, S.L.\",\"url\":\"https:\\\/\\\/e-leclerc.es\\\/soria\\\/\",\"logo\":{\"@type\":\"ImageObject\",\"inLanguage\":\"es\",\"@id\":\"https:\\\/\\\/e-leclerc.es\\\/soria\\\/#\\\/schema\\\/logo\\\/image\\\/\",\"url\":\"https:\\\/\\\/e-leclerc.es\\\/soria\\\/wp-content\\\/uploads\\\/sites\\\/3\\\/2024\\\/05\\\/Logo_Soria-1.svg\",\"contentUrl\":\"https:\\\/\\\/e-leclerc.es\\\/soria\\\/wp-content\\\/uploads\\\/sites\\\/3\\\/2024\\\/05\\\/Logo_Soria-1.svg\",\"width\":100,\"height\":100,\"caption\":\"E.Leclerc Soria\"},\"image\":{\"@id\":\"https:\\\/\\\/e-leclerc.es\\\/soria\\\/#\\\/schema\\\/logo\\\/image\\\/\"},\"sameAs\":[\"https:\\\/\\\/www.facebook.com\\\/eleclercsoria?ref=hl\",\"https:\\\/\\\/x.com\\\/LeclercSoria\",\"https:\\\/\\\/www.instagram.com\\\/e.leclercsoria\\\/\"]}]}<\/script>\n<!-- \/ Yoast SEO plugin. -->","yoast_head_json":{"title":"E. Leclerc Soria renueva su compromiso con el C.D Numancia - E.Leclerc Soria","robots":{"index":"index","follow":"follow","max-snippet":"max-snippet:-1","max-image-preview":"max-image-preview:large","max-video-preview":"max-video-preview:-1"},"canonical":"https:\/\/e-leclerc.es\/soria\/tendencias\/e-leclerc-soria-renueva-su-compromiso-con-el-c-d-numancia\/","og_locale":"es_ES","og_type":"article","og_title":"E. Leclerc Soria renueva su compromiso con el C.D Numancia - E.Leclerc Soria","og_description":"C. D. Numancia e Hipermercado E.Leclerc han renovado una temporada m\u00e1s su convenio de colaboraci\u00f3n, demostrando una vez m\u00e1s durante los \u00faltimos veinte a\u00f1os el apoyo y la promoci\u00f3n del hipermercado con el equipo numantino y toda su estructura social y deportiva.","og_url":"https:\/\/e-leclerc.es\/soria\/tendencias\/e-leclerc-soria-renueva-su-compromiso-con-el-c-d-numancia\/","og_site_name":"E.Leclerc Soria","article_publisher":"https:\/\/www.facebook.com\/eleclercsoria?ref=hl","article_published_time":"2021-10-01T11:25:49+00:00","og_image":[{"width":980,"height":551,"url":"https:\/\/e-leclerc.es\/soria\/wp-content\/uploads\/sites\/3\/2021\/10\/30leclerc1_1641.jpg","type":"image\/jpeg"}],"twitter_card":"summary_large_image","twitter_creator":"@LeclercSoria","twitter_site":"@LeclercSoria","twitter_misc":{"Tiempo de lectura":"1 minuto"},"schema":{"@context":"https:\/\/schema.org","@graph":[{"@type":"Article","@id":"https:\/\/e-leclerc.es\/soria\/tendencias\/e-leclerc-soria-renueva-su-compromiso-con-el-c-d-numancia\/#article","isPartOf":{"@id":"https:\/\/e-leclerc.es\/soria\/tendencias\/e-leclerc-soria-renueva-su-compromiso-con-el-c-d-numancia\/"},"author":{"name":"","@id":""},"headline":"E. Leclerc Soria renueva su compromiso con el C.D Numancia","datePublished":"2021-10-01T11:25:49+00:00","mainEntityOfPage":{"@id":"https:\/\/e-leclerc.es\/soria\/tendencias\/e-leclerc-soria-renueva-su-compromiso-con-el-c-d-numancia\/"},"wordCount":196,"publisher":{"@id":"https:\/\/e-leclerc.es\/soria\/#organization"},"image":{"@id":"https:\/\/e-leclerc.es\/soria\/tendencias\/e-leclerc-soria-renueva-su-compromiso-con-el-c-d-numancia\/#primaryimage"},"thumbnailUrl":"https:\/\/e-leclerc.es\/soria\/wp-content\/uploads\/sites\/3\/2021\/10\/30leclerc1_1641.jpg","articleSection":["Deporte"],"inLanguage":"es"},{"@type":"WebPage","@id":"https:\/\/e-leclerc.es\/soria\/tendencias\/e-leclerc-soria-renueva-su-compromiso-con-el-c-d-numancia\/","url":"https:\/\/e-leclerc.es\/soria\/tendencias\/e-leclerc-soria-renueva-su-compromiso-con-el-c-d-numancia\/","name":"E. Leclerc Soria renueva su compromiso con el C.D Numancia - E.Leclerc Soria","isPartOf":{"@id":"https:\/\/e-leclerc.es\/soria\/#website"},"primaryImageOfPage":{"@id":"https:\/\/e-leclerc.es\/soria\/tendencias\/e-leclerc-soria-renueva-su-compromiso-con-el-c-d-numancia\/#primaryimage"},"image":{"@id":"https:\/\/e-leclerc.es\/soria\/tendencias\/e-leclerc-soria-renueva-su-compromiso-con-el-c-d-numancia\/#primaryimage"},"thumbnailUrl":"https:\/\/e-leclerc.es\/soria\/wp-content\/uploads\/sites\/3\/2021\/10\/30leclerc1_1641.jpg","datePublished":"2021-10-01T11:25:49+00:00","breadcrumb":{"@id":"https:\/\/e-leclerc.es\/soria\/tendencias\/e-leclerc-soria-renueva-su-compromiso-con-el-c-d-numancia\/#breadcrumb"},"inLanguage":"es","potentialAction":[{"@type":"ReadAction","target":["https:\/\/e-leclerc.es\/soria\/tendencias\/e-leclerc-soria-renueva-su-compromiso-con-el-c-d-numancia\/"]}]},{"@type":"ImageObject","inLanguage":"es","@id":"https:\/\/e-leclerc.es\/soria\/tendencias\/e-leclerc-soria-renueva-su-compromiso-con-el-c-d-numancia\/#primaryimage","url":"https:\/\/e-leclerc.es\/soria\/wp-content\/uploads\/sites\/3\/2021\/10\/30leclerc1_1641.jpg","contentUrl":"https:\/\/e-leclerc.es\/soria\/wp-content\/uploads\/sites\/3\/2021\/10\/30leclerc1_1641.jpg","width":980,"height":551},{"@type":"BreadcrumbList","@id":"https:\/\/e-leclerc.es\/soria\/tendencias\/e-leclerc-soria-renueva-su-compromiso-con-el-c-d-numancia\/#breadcrumb","itemListElement":[{"@type":"ListItem","position":1,"name":"Portada","item":"https:\/\/e-leclerc.es\/soria\/"},{"@type":"ListItem","position":2,"name":"E. Leclerc Soria renueva su compromiso con el C.D Numancia"}]},{"@type":"WebSite","@id":"https:\/\/e-leclerc.es\/soria\/#website","url":"https:\/\/e-leclerc.es\/soria\/","name":"E.Leclerc Soria","description":"Descubre los folletos, ofertas y promociones de nuestro hipermercado E.Leclerc Soria en Castilla y Le\u00f3n. Direcci\u00f3n | Horario | Productos locales","publisher":{"@id":"https:\/\/e-leclerc.es\/soria\/#organization"},"alternateName":"E.Leclerc Soria","potentialAction":[{"@type":"SearchAction","target":{"@type":"EntryPoint","urlTemplate":"https:\/\/e-leclerc.es\/soria\/?s={search_term_string}"},"query-input":{"@type":"PropertyValueSpecification","valueRequired":true,"valueName":"search_term_string"}}],"inLanguage":"es"},{"@type":"Organization","@id":"https:\/\/e-leclerc.es\/soria\/#organization","name":"E.Leclerc Soria","alternateName":"Soriadis, S.L.","url":"https:\/\/e-leclerc.es\/soria\/","logo":{"@type":"ImageObject","inLanguage":"es","@id":"https:\/\/e-leclerc.es\/soria\/#\/schema\/logo\/image\/","url":"https:\/\/e-leclerc.es\/soria\/wp-content\/uploads\/sites\/3\/2024\/05\/Logo_Soria-1.svg","contentUrl":"https:\/\/e-leclerc.es\/soria\/wp-content\/uploads\/sites\/3\/2024\/05\/Logo_Soria-1.svg","width":100,"height":100,"caption":"E.Leclerc Soria"},"image":{"@id":"https:\/\/e-leclerc.es\/soria\/#\/schema\/logo\/image\/"},"sameAs":["https:\/\/www.facebook.com\/eleclercsoria?ref=hl","https:\/\/x.com\/LeclercSoria","https:\/\/www.instagram.com\/e.leclercsoria\/"]}]}},"_links":{"self":[{"href":"https:\/\/e-leclerc.es\/soria\/wp-json\/wp\/v2\/posts\/6611","targetHints":{"allow":["GET"]}}],"collection":[{"href":"https:\/\/e-leclerc.es\/soria\/wp-json\/wp\/v2\/posts"}],"about":[{"href":"https:\/\/e-leclerc.es\/soria\/wp-json\/wp\/v2\/types\/post"}],"replies":[{"embeddable":true,"href":"https:\/\/e-leclerc.es\/soria\/wp-json\/wp\/v2\/comments?post=6611"}],"version-history":[{"count":0,"href":"https:\/\/e-leclerc.es\/soria\/wp-json\/wp\/v2\/posts\/6611\/revisions"}],"wp:featuredmedia":[{"embeddable":true,"href":"https:\/\/e-leclerc.es\/soria\/wp-json\/wp\/v2\/media\/6612"}],"wp:attachment":[{"href":"https:\/\/e-leclerc.es\/soria\/wp-json\/wp\/v2\/media?parent=6611"}],"wp:term":[{"taxonomy":"category","embeddable":true,"href":"https:\/\/e-leclerc.es\/soria\/wp-json\/wp\/v2\/categories?post=6611"},{"taxonomy":"post_tag","embeddable":true,"href":"https:\/\/e-leclerc.es\/soria\/wp-json\/wp\/v2\/tags?post=6611"}],"curies":[{"name":"wp","href":"https:\/\/api.w.org\/{rel}","templated":true}]}}