{"id":6601,"date":"2020-11-19T12:45:23","date_gmt":"2020-11-19T11:45:23","guid":{"rendered":"https:\/\/www.e-leclerc.es\/soria\/tendencias\/e-leclerc-participa-en-la-gran-recogida-de-alimentos-de-fesbal\/"},"modified":"2020-11-19T12:45:23","modified_gmt":"2020-11-19T11:45:23","slug":"e-leclerc-participa-en-la-gran-recogida-de-alimentos-de-fesbal","status":"publish","type":"post","link":"https:\/\/e-leclerc.es\/soria\/tendencias\/e-leclerc-participa-en-la-gran-recogida-de-alimentos-de-fesbal\/","title":{"rendered":"E. Leclerc participa en la Gran Recogida de Alimentos de FESBAL"},"content":{"rendered":"<p>En un a\u00f1o marcado por la crisis sanitaria provocada por la pandemia, E.Leclerc es consciente de que, ahora m\u00e1s que nunca, es fundamental colaborar con esta campa\u00f1a para ayudar a tantas personas que lo necesitan y a quienes esta crisis les ha afectado especialmente.<br \/>\nPor motivos de seguridad, este a\u00f1o la mec\u00e1nica de donaci\u00f3n cambia, y se realizar\u00e1 mediante una donaci\u00f3n econ\u00f3mica en la l\u00ednea de caja.<\/p>\n<p>Para ello, los clientes que lo deseen podr\u00e1n adquirir una tarjeta con el importe que quieran donar o, directamente, indicar en la caja la cantidad con la que deseen colaborar y que se marcar\u00e1 con un c\u00f3digo de barras espec\u00edfico, mostr\u00e1ndose en el ticket de compra como \u2018Donaci\u00f3n Gran Recogida de Alimentos 2020\u2019.<\/p>\n<p>La cantidad de dinero recaudada en cada hipermercado se entregar\u00e1 \u00edntegramente a los diferentes Bancos de Alimentos locales, para que puedan comprar alimentos seg\u00fan las necesidades y en el plazo m\u00e1ximo de un a\u00f1o, en el hipermercado en el que se hizo la recaudaci\u00f3n.<\/p>\n<p>Desde la direcci\u00f3n de E.Leclerc han hecho un llamamiento para participar en esta Gran Recogida.<\/p>\n<p>\u201cEstamos viviendo un a\u00f1o muy complicado por la crisis sanitaria, que ha provocado que miles de personas se encuentren con enormes dificultades para cubrir sus necesidades. Esperamos que, con esta campa\u00f1a, podamos contribuir entre todos a que tantas familias que lo necesitan tengan acceso a productos b\u00e1sicos.\u201d, ha se\u00f1alado.<\/p>\n","protected":false},"excerpt":{"rendered":"<p><strong>Los hipermercados E.Leclerc participan un a\u00f1o m\u00e1s en la Gran Recogida de Alimentos, organizada por la FESBAL (Federaci\u00f3n Espa\u00f1ola de Bancos de Alimentos), y que tendr\u00e1 lugar del hoy, 16 de noviembre, hasta el pr\u00f3ximo 22 de noviembre.<\/strong><\/p>\n","protected":false},"author":0,"featured_media":6602,"comment_status":"","ping_status":"open","sticky":false,"template":"","format":"standard","meta":{"_acf_changed":false,"footnotes":""},"categories":[123],"tags":[],"class_list":["post-6601","post","type-post","status-publish","format-standard","has-post-thumbnail","hentry","category-e-leclerc-en-los-medios"],"acf":[],"yoast_head":"<!-- This site is optimized with the Yoast SEO plugin v27.4 - https:\/\/yoast.com\/product\/yoast-seo-wordpress\/ -->\n<title>E. Leclerc participa en la Gran Recogida de Alimentos de FESBAL - E.Leclerc Soria<\/title>\n<meta name=\"robots\" content=\"index, follow, max-snippet:-1, max-image-preview:large, max-video-preview:-1\" \/>\n<link rel=\"canonical\" href=\"https:\/\/e-leclerc.es\/soria\/tendencias\/e-leclerc-participa-en-la-gran-recogida-de-alimentos-de-fesbal\/\" \/>\n<meta property=\"og:locale\" content=\"es_ES\" \/>\n<meta property=\"og:type\" content=\"article\" \/>\n<meta property=\"og:title\" content=\"E. Leclerc participa en la Gran Recogida de Alimentos de FESBAL - E.Leclerc Soria\" \/>\n<meta property=\"og:description\" content=\"Los hipermercados E.Leclerc participan un a\u00f1o m\u00e1s en la Gran Recogida de Alimentos, organizada por la FESBAL (Federaci\u00f3n Espa\u00f1ola de Bancos de Alimentos), y que tendr\u00e1 lugar del hoy, 16 de noviembre, hasta el pr\u00f3ximo 22 de noviembre.\" \/>\n<meta property=\"og:url\" content=\"https:\/\/e-leclerc.es\/soria\/tendencias\/e-leclerc-participa-en-la-gran-recogida-de-alimentos-de-fesbal\/\" \/>\n<meta property=\"og:site_name\" content=\"E.Leclerc Soria\" \/>\n<meta property=\"article:publisher\" content=\"https:\/\/www.facebook.com\/eleclercsoria?ref=hl\" \/>\n<meta property=\"article:published_time\" content=\"2020-11-19T11:45:23+00:00\" \/>\n<meta property=\"og:image\" content=\"https:\/\/e-leclerc.es\/soria\/wp-content\/uploads\/sites\/3\/2020\/11\/bancoalimentos-web_1625.jpg\" \/>\n\t<meta property=\"og:image:width\" content=\"768\" \/>\n\t<meta property=\"og:image:height\" content=\"351\" \/>\n\t<meta property=\"og:image:type\" content=\"image\/jpeg\" \/>\n<meta name=\"twitter:card\" content=\"summary_large_image\" \/>\n<meta name=\"twitter:creator\" content=\"@LeclercSoria\" \/>\n<meta name=\"twitter:site\" content=\"@LeclercSoria\" \/>\n<meta name=\"twitter:label1\" content=\"Tiempo de lectura\" \/>\n\t<meta name=\"twitter:data1\" content=\"1 minuto\" \/>\n<script type=\"application\/ld+json\" class=\"yoast-schema-graph\">{\"@context\":\"https:\\\/\\\/schema.org\",\"@graph\":[{\"@type\":\"Article\",\"@id\":\"https:\\\/\\\/e-leclerc.es\\\/soria\\\/tendencias\\\/e-leclerc-participa-en-la-gran-recogida-de-alimentos-de-fesbal\\\/#article\",\"isPartOf\":{\"@id\":\"https:\\\/\\\/e-leclerc.es\\\/soria\\\/tendencias\\\/e-leclerc-participa-en-la-gran-recogida-de-alimentos-de-fesbal\\\/\"},\"author\":{\"name\":\"\",\"@id\":\"\"},\"headline\":\"E. Leclerc participa en la Gran Recogida de Alimentos de FESBAL\",\"datePublished\":\"2020-11-19T11:45:23+00:00\",\"mainEntityOfPage\":{\"@id\":\"https:\\\/\\\/e-leclerc.es\\\/soria\\\/tendencias\\\/e-leclerc-participa-en-la-gran-recogida-de-alimentos-de-fesbal\\\/\"},\"wordCount\":263,\"publisher\":{\"@id\":\"https:\\\/\\\/e-leclerc.es\\\/soria\\\/#organization\"},\"image\":{\"@id\":\"https:\\\/\\\/e-leclerc.es\\\/soria\\\/tendencias\\\/e-leclerc-participa-en-la-gran-recogida-de-alimentos-de-fesbal\\\/#primaryimage\"},\"thumbnailUrl\":\"https:\\\/\\\/e-leclerc.es\\\/soria\\\/wp-content\\\/uploads\\\/sites\\\/3\\\/2020\\\/11\\\/bancoalimentos-web_1625.jpg\",\"articleSection\":[\"E.Leclerc en los medios\"],\"inLanguage\":\"es\"},{\"@type\":\"WebPage\",\"@id\":\"https:\\\/\\\/e-leclerc.es\\\/soria\\\/tendencias\\\/e-leclerc-participa-en-la-gran-recogida-de-alimentos-de-fesbal\\\/\",\"url\":\"https:\\\/\\\/e-leclerc.es\\\/soria\\\/tendencias\\\/e-leclerc-participa-en-la-gran-recogida-de-alimentos-de-fesbal\\\/\",\"name\":\"E. Leclerc participa en la Gran Recogida de Alimentos de FESBAL - E.Leclerc Soria\",\"isPartOf\":{\"@id\":\"https:\\\/\\\/e-leclerc.es\\\/soria\\\/#website\"},\"primaryImageOfPage\":{\"@id\":\"https:\\\/\\\/e-leclerc.es\\\/soria\\\/tendencias\\\/e-leclerc-participa-en-la-gran-recogida-de-alimentos-de-fesbal\\\/#primaryimage\"},\"image\":{\"@id\":\"https:\\\/\\\/e-leclerc.es\\\/soria\\\/tendencias\\\/e-leclerc-participa-en-la-gran-recogida-de-alimentos-de-fesbal\\\/#primaryimage\"},\"thumbnailUrl\":\"https:\\\/\\\/e-leclerc.es\\\/soria\\\/wp-content\\\/uploads\\\/sites\\\/3\\\/2020\\\/11\\\/bancoalimentos-web_1625.jpg\",\"datePublished\":\"2020-11-19T11:45:23+00:00\",\"breadcrumb\":{\"@id\":\"https:\\\/\\\/e-leclerc.es\\\/soria\\\/tendencias\\\/e-leclerc-participa-en-la-gran-recogida-de-alimentos-de-fesbal\\\/#breadcrumb\"},\"inLanguage\":\"es\",\"potentialAction\":[{\"@type\":\"ReadAction\",\"target\":[\"https:\\\/\\\/e-leclerc.es\\\/soria\\\/tendencias\\\/e-leclerc-participa-en-la-gran-recogida-de-alimentos-de-fesbal\\\/\"]}]},{\"@type\":\"ImageObject\",\"inLanguage\":\"es\",\"@id\":\"https:\\\/\\\/e-leclerc.es\\\/soria\\\/tendencias\\\/e-leclerc-participa-en-la-gran-recogida-de-alimentos-de-fesbal\\\/#primaryimage\",\"url\":\"https:\\\/\\\/e-leclerc.es\\\/soria\\\/wp-content\\\/uploads\\\/sites\\\/3\\\/2020\\\/11\\\/bancoalimentos-web_1625.jpg\",\"contentUrl\":\"https:\\\/\\\/e-leclerc.es\\\/soria\\\/wp-content\\\/uploads\\\/sites\\\/3\\\/2020\\\/11\\\/bancoalimentos-web_1625.jpg\",\"width\":768,\"height\":351},{\"@type\":\"BreadcrumbList\",\"@id\":\"https:\\\/\\\/e-leclerc.es\\\/soria\\\/tendencias\\\/e-leclerc-participa-en-la-gran-recogida-de-alimentos-de-fesbal\\\/#breadcrumb\",\"itemListElement\":[{\"@type\":\"ListItem\",\"position\":1,\"name\":\"Portada\",\"item\":\"https:\\\/\\\/e-leclerc.es\\\/soria\\\/\"},{\"@type\":\"ListItem\",\"position\":2,\"name\":\"E. Leclerc participa en la Gran Recogida de Alimentos de FESBAL\"}]},{\"@type\":\"WebSite\",\"@id\":\"https:\\\/\\\/e-leclerc.es\\\/soria\\\/#website\",\"url\":\"https:\\\/\\\/e-leclerc.es\\\/soria\\\/\",\"name\":\"E.Leclerc Soria\",\"description\":\"Descubre los folletos, ofertas y promociones de nuestro hipermercado E.Leclerc Soria en Castilla y Le\u00f3n. Direcci\u00f3n | Horario | Productos locales\",\"publisher\":{\"@id\":\"https:\\\/\\\/e-leclerc.es\\\/soria\\\/#organization\"},\"alternateName\":\"E.Leclerc Soria\",\"potentialAction\":[{\"@type\":\"SearchAction\",\"target\":{\"@type\":\"EntryPoint\",\"urlTemplate\":\"https:\\\/\\\/e-leclerc.es\\\/soria\\\/?s={search_term_string}\"},\"query-input\":{\"@type\":\"PropertyValueSpecification\",\"valueRequired\":true,\"valueName\":\"search_term_string\"}}],\"inLanguage\":\"es\"},{\"@type\":\"Organization\",\"@id\":\"https:\\\/\\\/e-leclerc.es\\\/soria\\\/#organization\",\"name\":\"E.Leclerc Soria\",\"alternateName\":\"Soriadis, S.L.\",\"url\":\"https:\\\/\\\/e-leclerc.es\\\/soria\\\/\",\"logo\":{\"@type\":\"ImageObject\",\"inLanguage\":\"es\",\"@id\":\"https:\\\/\\\/e-leclerc.es\\\/soria\\\/#\\\/schema\\\/logo\\\/image\\\/\",\"url\":\"https:\\\/\\\/e-leclerc.es\\\/soria\\\/wp-content\\\/uploads\\\/sites\\\/3\\\/2024\\\/05\\\/Logo_Soria-1.svg\",\"contentUrl\":\"https:\\\/\\\/e-leclerc.es\\\/soria\\\/wp-content\\\/uploads\\\/sites\\\/3\\\/2024\\\/05\\\/Logo_Soria-1.svg\",\"width\":100,\"height\":100,\"caption\":\"E.Leclerc Soria\"},\"image\":{\"@id\":\"https:\\\/\\\/e-leclerc.es\\\/soria\\\/#\\\/schema\\\/logo\\\/image\\\/\"},\"sameAs\":[\"https:\\\/\\\/www.facebook.com\\\/eleclercsoria?ref=hl\",\"https:\\\/\\\/x.com\\\/LeclercSoria\",\"https:\\\/\\\/www.instagram.com\\\/e.leclercsoria\\\/\"]}]}<\/script>\n<!-- \/ Yoast SEO plugin. -->","yoast_head_json":{"title":"E. Leclerc participa en la Gran Recogida de Alimentos de FESBAL - E.Leclerc Soria","robots":{"index":"index","follow":"follow","max-snippet":"max-snippet:-1","max-image-preview":"max-image-preview:large","max-video-preview":"max-video-preview:-1"},"canonical":"https:\/\/e-leclerc.es\/soria\/tendencias\/e-leclerc-participa-en-la-gran-recogida-de-alimentos-de-fesbal\/","og_locale":"es_ES","og_type":"article","og_title":"E. Leclerc participa en la Gran Recogida de Alimentos de FESBAL - E.Leclerc Soria","og_description":"Los hipermercados E.Leclerc participan un a\u00f1o m\u00e1s en la Gran Recogida de Alimentos, organizada por la FESBAL (Federaci\u00f3n Espa\u00f1ola de Bancos de Alimentos), y que tendr\u00e1 lugar del hoy, 16 de noviembre, hasta el pr\u00f3ximo 22 de noviembre.","og_url":"https:\/\/e-leclerc.es\/soria\/tendencias\/e-leclerc-participa-en-la-gran-recogida-de-alimentos-de-fesbal\/","og_site_name":"E.Leclerc Soria","article_publisher":"https:\/\/www.facebook.com\/eleclercsoria?ref=hl","article_published_time":"2020-11-19T11:45:23+00:00","og_image":[{"width":768,"height":351,"url":"https:\/\/e-leclerc.es\/soria\/wp-content\/uploads\/sites\/3\/2020\/11\/bancoalimentos-web_1625.jpg","type":"image\/jpeg"}],"twitter_card":"summary_large_image","twitter_creator":"@LeclercSoria","twitter_site":"@LeclercSoria","twitter_misc":{"Tiempo de lectura":"1 minuto"},"schema":{"@context":"https:\/\/schema.org","@graph":[{"@type":"Article","@id":"https:\/\/e-leclerc.es\/soria\/tendencias\/e-leclerc-participa-en-la-gran-recogida-de-alimentos-de-fesbal\/#article","isPartOf":{"@id":"https:\/\/e-leclerc.es\/soria\/tendencias\/e-leclerc-participa-en-la-gran-recogida-de-alimentos-de-fesbal\/"},"author":{"name":"","@id":""},"headline":"E. Leclerc participa en la Gran Recogida de Alimentos de FESBAL","datePublished":"2020-11-19T11:45:23+00:00","mainEntityOfPage":{"@id":"https:\/\/e-leclerc.es\/soria\/tendencias\/e-leclerc-participa-en-la-gran-recogida-de-alimentos-de-fesbal\/"},"wordCount":263,"publisher":{"@id":"https:\/\/e-leclerc.es\/soria\/#organization"},"image":{"@id":"https:\/\/e-leclerc.es\/soria\/tendencias\/e-leclerc-participa-en-la-gran-recogida-de-alimentos-de-fesbal\/#primaryimage"},"thumbnailUrl":"https:\/\/e-leclerc.es\/soria\/wp-content\/uploads\/sites\/3\/2020\/11\/bancoalimentos-web_1625.jpg","articleSection":["E.Leclerc en los medios"],"inLanguage":"es"},{"@type":"WebPage","@id":"https:\/\/e-leclerc.es\/soria\/tendencias\/e-leclerc-participa-en-la-gran-recogida-de-alimentos-de-fesbal\/","url":"https:\/\/e-leclerc.es\/soria\/tendencias\/e-leclerc-participa-en-la-gran-recogida-de-alimentos-de-fesbal\/","name":"E. Leclerc participa en la Gran Recogida de Alimentos de FESBAL - E.Leclerc Soria","isPartOf":{"@id":"https:\/\/e-leclerc.es\/soria\/#website"},"primaryImageOfPage":{"@id":"https:\/\/e-leclerc.es\/soria\/tendencias\/e-leclerc-participa-en-la-gran-recogida-de-alimentos-de-fesbal\/#primaryimage"},"image":{"@id":"https:\/\/e-leclerc.es\/soria\/tendencias\/e-leclerc-participa-en-la-gran-recogida-de-alimentos-de-fesbal\/#primaryimage"},"thumbnailUrl":"https:\/\/e-leclerc.es\/soria\/wp-content\/uploads\/sites\/3\/2020\/11\/bancoalimentos-web_1625.jpg","datePublished":"2020-11-19T11:45:23+00:00","breadcrumb":{"@id":"https:\/\/e-leclerc.es\/soria\/tendencias\/e-leclerc-participa-en-la-gran-recogida-de-alimentos-de-fesbal\/#breadcrumb"},"inLanguage":"es","potentialAction":[{"@type":"ReadAction","target":["https:\/\/e-leclerc.es\/soria\/tendencias\/e-leclerc-participa-en-la-gran-recogida-de-alimentos-de-fesbal\/"]}]},{"@type":"ImageObject","inLanguage":"es","@id":"https:\/\/e-leclerc.es\/soria\/tendencias\/e-leclerc-participa-en-la-gran-recogida-de-alimentos-de-fesbal\/#primaryimage","url":"https:\/\/e-leclerc.es\/soria\/wp-content\/uploads\/sites\/3\/2020\/11\/bancoalimentos-web_1625.jpg","contentUrl":"https:\/\/e-leclerc.es\/soria\/wp-content\/uploads\/sites\/3\/2020\/11\/bancoalimentos-web_1625.jpg","width":768,"height":351},{"@type":"BreadcrumbList","@id":"https:\/\/e-leclerc.es\/soria\/tendencias\/e-leclerc-participa-en-la-gran-recogida-de-alimentos-de-fesbal\/#breadcrumb","itemListElement":[{"@type":"ListItem","position":1,"name":"Portada","item":"https:\/\/e-leclerc.es\/soria\/"},{"@type":"ListItem","position":2,"name":"E. Leclerc participa en la Gran Recogida de Alimentos de FESBAL"}]},{"@type":"WebSite","@id":"https:\/\/e-leclerc.es\/soria\/#website","url":"https:\/\/e-leclerc.es\/soria\/","name":"E.Leclerc Soria","description":"Descubre los folletos, ofertas y promociones de nuestro hipermercado E.Leclerc Soria en Castilla y Le\u00f3n. Direcci\u00f3n | Horario | Productos locales","publisher":{"@id":"https:\/\/e-leclerc.es\/soria\/#organization"},"alternateName":"E.Leclerc Soria","potentialAction":[{"@type":"SearchAction","target":{"@type":"EntryPoint","urlTemplate":"https:\/\/e-leclerc.es\/soria\/?s={search_term_string}"},"query-input":{"@type":"PropertyValueSpecification","valueRequired":true,"valueName":"search_term_string"}}],"inLanguage":"es"},{"@type":"Organization","@id":"https:\/\/e-leclerc.es\/soria\/#organization","name":"E.Leclerc Soria","alternateName":"Soriadis, S.L.","url":"https:\/\/e-leclerc.es\/soria\/","logo":{"@type":"ImageObject","inLanguage":"es","@id":"https:\/\/e-leclerc.es\/soria\/#\/schema\/logo\/image\/","url":"https:\/\/e-leclerc.es\/soria\/wp-content\/uploads\/sites\/3\/2024\/05\/Logo_Soria-1.svg","contentUrl":"https:\/\/e-leclerc.es\/soria\/wp-content\/uploads\/sites\/3\/2024\/05\/Logo_Soria-1.svg","width":100,"height":100,"caption":"E.Leclerc Soria"},"image":{"@id":"https:\/\/e-leclerc.es\/soria\/#\/schema\/logo\/image\/"},"sameAs":["https:\/\/www.facebook.com\/eleclercsoria?ref=hl","https:\/\/x.com\/LeclercSoria","https:\/\/www.instagram.com\/e.leclercsoria\/"]}]}},"_links":{"self":[{"href":"https:\/\/e-leclerc.es\/soria\/wp-json\/wp\/v2\/posts\/6601","targetHints":{"allow":["GET"]}}],"collection":[{"href":"https:\/\/e-leclerc.es\/soria\/wp-json\/wp\/v2\/posts"}],"about":[{"href":"https:\/\/e-leclerc.es\/soria\/wp-json\/wp\/v2\/types\/post"}],"replies":[{"embeddable":true,"href":"https:\/\/e-leclerc.es\/soria\/wp-json\/wp\/v2\/comments?post=6601"}],"version-history":[{"count":0,"href":"https:\/\/e-leclerc.es\/soria\/wp-json\/wp\/v2\/posts\/6601\/revisions"}],"wp:featuredmedia":[{"embeddable":true,"href":"https:\/\/e-leclerc.es\/soria\/wp-json\/wp\/v2\/media\/6602"}],"wp:attachment":[{"href":"https:\/\/e-leclerc.es\/soria\/wp-json\/wp\/v2\/media?parent=6601"}],"wp:term":[{"taxonomy":"category","embeddable":true,"href":"https:\/\/e-leclerc.es\/soria\/wp-json\/wp\/v2\/categories?post=6601"},{"taxonomy":"post_tag","embeddable":true,"href":"https:\/\/e-leclerc.es\/soria\/wp-json\/wp\/v2\/tags?post=6601"}],"curies":[{"name":"wp","href":"https:\/\/api.w.org\/{rel}","templated":true}]}}