{"id":6590,"date":"2020-05-28T11:25:59","date_gmt":"2020-05-28T09:25:59","guid":{"rendered":"https:\/\/www.e-leclerc.es\/soria\/tendencias\/en-e-leclerc-soria-cumplimos-24-anos-contigo\/"},"modified":"2020-05-28T11:25:59","modified_gmt":"2020-05-28T09:25:59","slug":"en-e-leclerc-soria-cumplimos-24-anos-contigo","status":"publish","type":"post","link":"https:\/\/e-leclerc.es\/soria\/tendencias\/en-e-leclerc-soria-cumplimos-24-anos-contigo\/","title":{"rendered":"EN E.LECLERC SORIA CUMPLIMOS 24 A\u00d1OS CONTIGO"},"content":{"rendered":"<p>24 a\u00f1os, 288 meses, 8760 d\u00edas, 210240 horas\u2026 parece que fue ayer cuando un grupo de j\u00f3venes ilusionados abr\u00edamos la puerta de nuestro hipermercado. <\/p>\n<p>Han sido 24 a\u00f1os compartiendo la vida de miles de familias de Soria, y de todo el mundo, que nos han acompa\u00f1ado en nuestra andadura. <\/p>\n<p>Nos hubiera gustado poder celebrarlo a lo grande, como hemos hecho siempre, pero este a\u00f1o, la actual situaci\u00f3n sanitaria nos lo impide. Esperemos que el pr\u00f3ximo a\u00f1o podamos celebrar nuestras bodas de plata como se merece.<\/p>\n<p>En E.Leclerc Soria creemos que es el momento de apostar por el consumo de productos sorianos y nacionales y a ellos les dedicamos nuestro folleto especial aniversario. Queremos darles las gracias por su esfuerzo y dedicaci\u00f3n que hace que, cada d\u00eda, podamos disfrutar de los mejores productos de nuestra tierra. Nuestra tarea es ofrec\u00e9rtelos y estamos encantado de hacerlo.<\/p>\n<p>Tambi\u00e9n queremos dar las gracias a todos nuestros clientes por su comportamiento y por su confianza en estos meses tan dif\u00edciles.<\/p>\n<p>Estamos retomando la vida normal agradecidos por los que han velado por nuestra salud y sin olvidar a los que nos ha dejado.<br \/>\nAntes, como ahora, seguimos estando a tu lado. Como siempre.<br \/>\nPor qu\u00e9 en E. Leclerc nos importas mucho.<\/p>\n","protected":false},"excerpt":{"rendered":"<p><strong>Han sido 24 a\u00f1os compartiendo la vida de miles de familias de Soria, y de todo el mundo, que nos han acompa\u00f1ado en nuestra andadura. <\/strong><\/p>\n","protected":false},"author":0,"featured_media":6591,"comment_status":"","ping_status":"open","sticky":false,"template":"","format":"standard","meta":{"_acf_changed":false,"footnotes":""},"categories":[118],"tags":[],"class_list":["post-6590","post","type-post","status-publish","format-standard","has-post-thumbnail","hentry","category-espacio-cultural"],"acf":[],"yoast_head":"<!-- This site is optimized with the Yoast SEO plugin v27.4 - https:\/\/yoast.com\/product\/yoast-seo-wordpress\/ -->\n<title>EN E.LECLERC SORIA CUMPLIMOS 24 A\u00d1OS CONTIGO - E.Leclerc Soria<\/title>\n<meta name=\"robots\" content=\"index, follow, max-snippet:-1, max-image-preview:large, max-video-preview:-1\" \/>\n<link rel=\"canonical\" href=\"https:\/\/e-leclerc.es\/soria\/tendencias\/en-e-leclerc-soria-cumplimos-24-anos-contigo\/\" \/>\n<meta property=\"og:locale\" content=\"es_ES\" \/>\n<meta property=\"og:type\" content=\"article\" \/>\n<meta property=\"og:title\" content=\"EN E.LECLERC SORIA CUMPLIMOS 24 A\u00d1OS CONTIGO - E.Leclerc Soria\" \/>\n<meta property=\"og:description\" content=\"Han sido 24 a\u00f1os compartiendo la vida de miles de familias de Soria, y de todo el mundo, que nos han acompa\u00f1ado en nuestra andadura.\" \/>\n<meta property=\"og:url\" content=\"https:\/\/e-leclerc.es\/soria\/tendencias\/en-e-leclerc-soria-cumplimos-24-anos-contigo\/\" \/>\n<meta property=\"og:site_name\" content=\"E.Leclerc Soria\" \/>\n<meta property=\"article:publisher\" content=\"https:\/\/www.facebook.com\/eleclercsoria?ref=hl\" \/>\n<meta property=\"article:published_time\" content=\"2020-05-28T09:25:59+00:00\" \/>\n<meta property=\"og:image\" content=\"https:\/\/e-leclerc.es\/soria\/wp-content\/uploads\/sites\/3\/2020\/05\/aniversario-sala-de-prensa_1609.jpg\" \/>\n\t<meta property=\"og:image:width\" content=\"760\" \/>\n\t<meta property=\"og:image:height\" content=\"347\" \/>\n\t<meta property=\"og:image:type\" content=\"image\/jpeg\" \/>\n<meta name=\"twitter:card\" content=\"summary_large_image\" \/>\n<meta name=\"twitter:creator\" content=\"@LeclercSoria\" \/>\n<meta name=\"twitter:site\" content=\"@LeclercSoria\" \/>\n<meta name=\"twitter:label1\" content=\"Tiempo de lectura\" \/>\n\t<meta name=\"twitter:data1\" content=\"1 minuto\" \/>\n<script type=\"application\/ld+json\" class=\"yoast-schema-graph\">{\"@context\":\"https:\\\/\\\/schema.org\",\"@graph\":[{\"@type\":\"Article\",\"@id\":\"https:\\\/\\\/e-leclerc.es\\\/soria\\\/tendencias\\\/en-e-leclerc-soria-cumplimos-24-anos-contigo\\\/#article\",\"isPartOf\":{\"@id\":\"https:\\\/\\\/e-leclerc.es\\\/soria\\\/tendencias\\\/en-e-leclerc-soria-cumplimos-24-anos-contigo\\\/\"},\"author\":{\"name\":\"\",\"@id\":\"\"},\"headline\":\"EN E.LECLERC SORIA CUMPLIMOS 24 A\u00d1OS CONTIGO\",\"datePublished\":\"2020-05-28T09:25:59+00:00\",\"mainEntityOfPage\":{\"@id\":\"https:\\\/\\\/e-leclerc.es\\\/soria\\\/tendencias\\\/en-e-leclerc-soria-cumplimos-24-anos-contigo\\\/\"},\"wordCount\":225,\"publisher\":{\"@id\":\"https:\\\/\\\/e-leclerc.es\\\/soria\\\/#organization\"},\"image\":{\"@id\":\"https:\\\/\\\/e-leclerc.es\\\/soria\\\/tendencias\\\/en-e-leclerc-soria-cumplimos-24-anos-contigo\\\/#primaryimage\"},\"thumbnailUrl\":\"https:\\\/\\\/e-leclerc.es\\\/soria\\\/wp-content\\\/uploads\\\/sites\\\/3\\\/2020\\\/05\\\/aniversario-sala-de-prensa_1609.jpg\",\"articleSection\":[\"Espacio cultural\"],\"inLanguage\":\"es\"},{\"@type\":\"WebPage\",\"@id\":\"https:\\\/\\\/e-leclerc.es\\\/soria\\\/tendencias\\\/en-e-leclerc-soria-cumplimos-24-anos-contigo\\\/\",\"url\":\"https:\\\/\\\/e-leclerc.es\\\/soria\\\/tendencias\\\/en-e-leclerc-soria-cumplimos-24-anos-contigo\\\/\",\"name\":\"EN E.LECLERC SORIA CUMPLIMOS 24 A\u00d1OS CONTIGO - E.Leclerc Soria\",\"isPartOf\":{\"@id\":\"https:\\\/\\\/e-leclerc.es\\\/soria\\\/#website\"},\"primaryImageOfPage\":{\"@id\":\"https:\\\/\\\/e-leclerc.es\\\/soria\\\/tendencias\\\/en-e-leclerc-soria-cumplimos-24-anos-contigo\\\/#primaryimage\"},\"image\":{\"@id\":\"https:\\\/\\\/e-leclerc.es\\\/soria\\\/tendencias\\\/en-e-leclerc-soria-cumplimos-24-anos-contigo\\\/#primaryimage\"},\"thumbnailUrl\":\"https:\\\/\\\/e-leclerc.es\\\/soria\\\/wp-content\\\/uploads\\\/sites\\\/3\\\/2020\\\/05\\\/aniversario-sala-de-prensa_1609.jpg\",\"datePublished\":\"2020-05-28T09:25:59+00:00\",\"breadcrumb\":{\"@id\":\"https:\\\/\\\/e-leclerc.es\\\/soria\\\/tendencias\\\/en-e-leclerc-soria-cumplimos-24-anos-contigo\\\/#breadcrumb\"},\"inLanguage\":\"es\",\"potentialAction\":[{\"@type\":\"ReadAction\",\"target\":[\"https:\\\/\\\/e-leclerc.es\\\/soria\\\/tendencias\\\/en-e-leclerc-soria-cumplimos-24-anos-contigo\\\/\"]}]},{\"@type\":\"ImageObject\",\"inLanguage\":\"es\",\"@id\":\"https:\\\/\\\/e-leclerc.es\\\/soria\\\/tendencias\\\/en-e-leclerc-soria-cumplimos-24-anos-contigo\\\/#primaryimage\",\"url\":\"https:\\\/\\\/e-leclerc.es\\\/soria\\\/wp-content\\\/uploads\\\/sites\\\/3\\\/2020\\\/05\\\/aniversario-sala-de-prensa_1609.jpg\",\"contentUrl\":\"https:\\\/\\\/e-leclerc.es\\\/soria\\\/wp-content\\\/uploads\\\/sites\\\/3\\\/2020\\\/05\\\/aniversario-sala-de-prensa_1609.jpg\",\"width\":760,\"height\":347},{\"@type\":\"BreadcrumbList\",\"@id\":\"https:\\\/\\\/e-leclerc.es\\\/soria\\\/tendencias\\\/en-e-leclerc-soria-cumplimos-24-anos-contigo\\\/#breadcrumb\",\"itemListElement\":[{\"@type\":\"ListItem\",\"position\":1,\"name\":\"Portada\",\"item\":\"https:\\\/\\\/e-leclerc.es\\\/soria\\\/\"},{\"@type\":\"ListItem\",\"position\":2,\"name\":\"EN E.LECLERC SORIA CUMPLIMOS 24 A\u00d1OS CONTIGO\"}]},{\"@type\":\"WebSite\",\"@id\":\"https:\\\/\\\/e-leclerc.es\\\/soria\\\/#website\",\"url\":\"https:\\\/\\\/e-leclerc.es\\\/soria\\\/\",\"name\":\"E.Leclerc Soria\",\"description\":\"Descubre los folletos, ofertas y promociones de nuestro hipermercado E.Leclerc Soria en Castilla y Le\u00f3n. Direcci\u00f3n | Horario | Productos locales\",\"publisher\":{\"@id\":\"https:\\\/\\\/e-leclerc.es\\\/soria\\\/#organization\"},\"alternateName\":\"E.Leclerc Soria\",\"potentialAction\":[{\"@type\":\"SearchAction\",\"target\":{\"@type\":\"EntryPoint\",\"urlTemplate\":\"https:\\\/\\\/e-leclerc.es\\\/soria\\\/?s={search_term_string}\"},\"query-input\":{\"@type\":\"PropertyValueSpecification\",\"valueRequired\":true,\"valueName\":\"search_term_string\"}}],\"inLanguage\":\"es\"},{\"@type\":\"Organization\",\"@id\":\"https:\\\/\\\/e-leclerc.es\\\/soria\\\/#organization\",\"name\":\"E.Leclerc Soria\",\"alternateName\":\"Soriadis, S.L.\",\"url\":\"https:\\\/\\\/e-leclerc.es\\\/soria\\\/\",\"logo\":{\"@type\":\"ImageObject\",\"inLanguage\":\"es\",\"@id\":\"https:\\\/\\\/e-leclerc.es\\\/soria\\\/#\\\/schema\\\/logo\\\/image\\\/\",\"url\":\"https:\\\/\\\/e-leclerc.es\\\/soria\\\/wp-content\\\/uploads\\\/sites\\\/3\\\/2024\\\/05\\\/Logo_Soria-1.svg\",\"contentUrl\":\"https:\\\/\\\/e-leclerc.es\\\/soria\\\/wp-content\\\/uploads\\\/sites\\\/3\\\/2024\\\/05\\\/Logo_Soria-1.svg\",\"width\":100,\"height\":100,\"caption\":\"E.Leclerc Soria\"},\"image\":{\"@id\":\"https:\\\/\\\/e-leclerc.es\\\/soria\\\/#\\\/schema\\\/logo\\\/image\\\/\"},\"sameAs\":[\"https:\\\/\\\/www.facebook.com\\\/eleclercsoria?ref=hl\",\"https:\\\/\\\/x.com\\\/LeclercSoria\",\"https:\\\/\\\/www.instagram.com\\\/e.leclercsoria\\\/\"]}]}<\/script>\n<!-- \/ Yoast SEO plugin. -->","yoast_head_json":{"title":"EN E.LECLERC SORIA CUMPLIMOS 24 A\u00d1OS CONTIGO - E.Leclerc Soria","robots":{"index":"index","follow":"follow","max-snippet":"max-snippet:-1","max-image-preview":"max-image-preview:large","max-video-preview":"max-video-preview:-1"},"canonical":"https:\/\/e-leclerc.es\/soria\/tendencias\/en-e-leclerc-soria-cumplimos-24-anos-contigo\/","og_locale":"es_ES","og_type":"article","og_title":"EN E.LECLERC SORIA CUMPLIMOS 24 A\u00d1OS CONTIGO - E.Leclerc Soria","og_description":"Han sido 24 a\u00f1os compartiendo la vida de miles de familias de Soria, y de todo el mundo, que nos han acompa\u00f1ado en nuestra andadura.","og_url":"https:\/\/e-leclerc.es\/soria\/tendencias\/en-e-leclerc-soria-cumplimos-24-anos-contigo\/","og_site_name":"E.Leclerc Soria","article_publisher":"https:\/\/www.facebook.com\/eleclercsoria?ref=hl","article_published_time":"2020-05-28T09:25:59+00:00","og_image":[{"width":760,"height":347,"url":"https:\/\/e-leclerc.es\/soria\/wp-content\/uploads\/sites\/3\/2020\/05\/aniversario-sala-de-prensa_1609.jpg","type":"image\/jpeg"}],"twitter_card":"summary_large_image","twitter_creator":"@LeclercSoria","twitter_site":"@LeclercSoria","twitter_misc":{"Tiempo de lectura":"1 minuto"},"schema":{"@context":"https:\/\/schema.org","@graph":[{"@type":"Article","@id":"https:\/\/e-leclerc.es\/soria\/tendencias\/en-e-leclerc-soria-cumplimos-24-anos-contigo\/#article","isPartOf":{"@id":"https:\/\/e-leclerc.es\/soria\/tendencias\/en-e-leclerc-soria-cumplimos-24-anos-contigo\/"},"author":{"name":"","@id":""},"headline":"EN E.LECLERC SORIA CUMPLIMOS 24 A\u00d1OS CONTIGO","datePublished":"2020-05-28T09:25:59+00:00","mainEntityOfPage":{"@id":"https:\/\/e-leclerc.es\/soria\/tendencias\/en-e-leclerc-soria-cumplimos-24-anos-contigo\/"},"wordCount":225,"publisher":{"@id":"https:\/\/e-leclerc.es\/soria\/#organization"},"image":{"@id":"https:\/\/e-leclerc.es\/soria\/tendencias\/en-e-leclerc-soria-cumplimos-24-anos-contigo\/#primaryimage"},"thumbnailUrl":"https:\/\/e-leclerc.es\/soria\/wp-content\/uploads\/sites\/3\/2020\/05\/aniversario-sala-de-prensa_1609.jpg","articleSection":["Espacio cultural"],"inLanguage":"es"},{"@type":"WebPage","@id":"https:\/\/e-leclerc.es\/soria\/tendencias\/en-e-leclerc-soria-cumplimos-24-anos-contigo\/","url":"https:\/\/e-leclerc.es\/soria\/tendencias\/en-e-leclerc-soria-cumplimos-24-anos-contigo\/","name":"EN E.LECLERC SORIA CUMPLIMOS 24 A\u00d1OS CONTIGO - E.Leclerc Soria","isPartOf":{"@id":"https:\/\/e-leclerc.es\/soria\/#website"},"primaryImageOfPage":{"@id":"https:\/\/e-leclerc.es\/soria\/tendencias\/en-e-leclerc-soria-cumplimos-24-anos-contigo\/#primaryimage"},"image":{"@id":"https:\/\/e-leclerc.es\/soria\/tendencias\/en-e-leclerc-soria-cumplimos-24-anos-contigo\/#primaryimage"},"thumbnailUrl":"https:\/\/e-leclerc.es\/soria\/wp-content\/uploads\/sites\/3\/2020\/05\/aniversario-sala-de-prensa_1609.jpg","datePublished":"2020-05-28T09:25:59+00:00","breadcrumb":{"@id":"https:\/\/e-leclerc.es\/soria\/tendencias\/en-e-leclerc-soria-cumplimos-24-anos-contigo\/#breadcrumb"},"inLanguage":"es","potentialAction":[{"@type":"ReadAction","target":["https:\/\/e-leclerc.es\/soria\/tendencias\/en-e-leclerc-soria-cumplimos-24-anos-contigo\/"]}]},{"@type":"ImageObject","inLanguage":"es","@id":"https:\/\/e-leclerc.es\/soria\/tendencias\/en-e-leclerc-soria-cumplimos-24-anos-contigo\/#primaryimage","url":"https:\/\/e-leclerc.es\/soria\/wp-content\/uploads\/sites\/3\/2020\/05\/aniversario-sala-de-prensa_1609.jpg","contentUrl":"https:\/\/e-leclerc.es\/soria\/wp-content\/uploads\/sites\/3\/2020\/05\/aniversario-sala-de-prensa_1609.jpg","width":760,"height":347},{"@type":"BreadcrumbList","@id":"https:\/\/e-leclerc.es\/soria\/tendencias\/en-e-leclerc-soria-cumplimos-24-anos-contigo\/#breadcrumb","itemListElement":[{"@type":"ListItem","position":1,"name":"Portada","item":"https:\/\/e-leclerc.es\/soria\/"},{"@type":"ListItem","position":2,"name":"EN E.LECLERC SORIA CUMPLIMOS 24 A\u00d1OS CONTIGO"}]},{"@type":"WebSite","@id":"https:\/\/e-leclerc.es\/soria\/#website","url":"https:\/\/e-leclerc.es\/soria\/","name":"E.Leclerc Soria","description":"Descubre los folletos, ofertas y promociones de nuestro hipermercado E.Leclerc Soria en Castilla y Le\u00f3n. Direcci\u00f3n | Horario | Productos locales","publisher":{"@id":"https:\/\/e-leclerc.es\/soria\/#organization"},"alternateName":"E.Leclerc Soria","potentialAction":[{"@type":"SearchAction","target":{"@type":"EntryPoint","urlTemplate":"https:\/\/e-leclerc.es\/soria\/?s={search_term_string}"},"query-input":{"@type":"PropertyValueSpecification","valueRequired":true,"valueName":"search_term_string"}}],"inLanguage":"es"},{"@type":"Organization","@id":"https:\/\/e-leclerc.es\/soria\/#organization","name":"E.Leclerc Soria","alternateName":"Soriadis, S.L.","url":"https:\/\/e-leclerc.es\/soria\/","logo":{"@type":"ImageObject","inLanguage":"es","@id":"https:\/\/e-leclerc.es\/soria\/#\/schema\/logo\/image\/","url":"https:\/\/e-leclerc.es\/soria\/wp-content\/uploads\/sites\/3\/2024\/05\/Logo_Soria-1.svg","contentUrl":"https:\/\/e-leclerc.es\/soria\/wp-content\/uploads\/sites\/3\/2024\/05\/Logo_Soria-1.svg","width":100,"height":100,"caption":"E.Leclerc Soria"},"image":{"@id":"https:\/\/e-leclerc.es\/soria\/#\/schema\/logo\/image\/"},"sameAs":["https:\/\/www.facebook.com\/eleclercsoria?ref=hl","https:\/\/x.com\/LeclercSoria","https:\/\/www.instagram.com\/e.leclercsoria\/"]}]}},"_links":{"self":[{"href":"https:\/\/e-leclerc.es\/soria\/wp-json\/wp\/v2\/posts\/6590","targetHints":{"allow":["GET"]}}],"collection":[{"href":"https:\/\/e-leclerc.es\/soria\/wp-json\/wp\/v2\/posts"}],"about":[{"href":"https:\/\/e-leclerc.es\/soria\/wp-json\/wp\/v2\/types\/post"}],"replies":[{"embeddable":true,"href":"https:\/\/e-leclerc.es\/soria\/wp-json\/wp\/v2\/comments?post=6590"}],"version-history":[{"count":0,"href":"https:\/\/e-leclerc.es\/soria\/wp-json\/wp\/v2\/posts\/6590\/revisions"}],"wp:featuredmedia":[{"embeddable":true,"href":"https:\/\/e-leclerc.es\/soria\/wp-json\/wp\/v2\/media\/6591"}],"wp:attachment":[{"href":"https:\/\/e-leclerc.es\/soria\/wp-json\/wp\/v2\/media?parent=6590"}],"wp:term":[{"taxonomy":"category","embeddable":true,"href":"https:\/\/e-leclerc.es\/soria\/wp-json\/wp\/v2\/categories?post=6590"},{"taxonomy":"post_tag","embeddable":true,"href":"https:\/\/e-leclerc.es\/soria\/wp-json\/wp\/v2\/tags?post=6590"}],"curies":[{"name":"wp","href":"https:\/\/api.w.org\/{rel}","templated":true}]}}