{"id":6582,"date":"2020-01-25T12:05:48","date_gmt":"2020-01-25T11:05:48","guid":{"rendered":"https:\/\/www.e-leclerc.es\/soria\/tendencias\/e-leclerc-instala-la-primera-maquina-de-reciclaje-de-envases-en-soria\/"},"modified":"2020-01-25T12:05:48","modified_gmt":"2020-01-25T11:05:48","slug":"e-leclerc-instala-la-primera-maquina-de-reciclaje-de-envases-en-soria","status":"publish","type":"post","link":"https:\/\/e-leclerc.es\/soria\/tendencias\/e-leclerc-instala-la-primera-maquina-de-reciclaje-de-envases-en-soria\/","title":{"rendered":"E.LECLERC INSTALA LA PRIMERA M\u00c1QUINA DE RECICLAJE DE ENVASES EN SORIA"},"content":{"rendered":"<p>Los usuarios pueden introducir sus envases en la m\u00e1quina y, gracias al c\u00f3digo de barras, \u00e9sta reconoce su material y tama\u00f1o. En funci\u00f3n de estas caracter\u00edsticas, los clientes reciben un ticket con un importe a descontar al hacer sus compras en los hipermercados.<\/p>\n<p>Ganamos Reciclando, responsables de la m\u00e1quina, ha firmado un convenio con Asovica (Asociaci\u00f3n Virgen del Camino de Familiares de Personas con Enfermedad Mental), igual que tiene en otras muchas ciudades con asociaciones de personas con discapacidad, para fomentar la inclusi\u00f3n social mediante trabajos realizados por sus asociados. En este caso, plegando y gestionando el residuo para su posterior recogida y transporte a las plantas de reciclaje. Un trabajo que conlleva su remuneraci\u00f3n, como cualquier otro tipo de trabajo realizado por los integrantes de estas asociaciones.<\/p>\n<p>Con esta iniciativa, E.Leclerc quiere fomentar las buenas pr\u00e1cticas entre la ciudadan\u00eda poniendo a disposici\u00f3n de los clientes la m\u00e1quina de Ganamos Reciclando. Adem\u00e1s de contribuir en la conservaci\u00f3n del medio ambiente, el cliente obtiene como recompensa un descuento en su compra en E.Leclerc. <\/p>\n","protected":false},"excerpt":{"rendered":"<p><strong>El hipermercado E.Leclerc Soria ha instalado la primera m\u00e1quina para reciclar envases (latas y botellas de pl\u00e1stico de bebidas) de la ciudad, como una apuesta por el medio ambiente.<\/strong><\/p>\n","protected":false},"author":0,"featured_media":6583,"comment_status":"","ping_status":"open","sticky":false,"template":"","format":"standard","meta":{"_acf_changed":false,"footnotes":""},"categories":[123],"tags":[],"class_list":["post-6582","post","type-post","status-publish","format-standard","has-post-thumbnail","hentry","category-e-leclerc-en-los-medios"],"acf":[],"yoast_head":"<!-- This site is optimized with the Yoast SEO plugin v27.4 - https:\/\/yoast.com\/product\/yoast-seo-wordpress\/ -->\n<title>E.LECLERC INSTALA LA PRIMERA M\u00c1QUINA DE RECICLAJE DE ENVASES EN SORIA - E.Leclerc Soria<\/title>\n<meta name=\"robots\" content=\"index, follow, max-snippet:-1, max-image-preview:large, max-video-preview:-1\" \/>\n<link rel=\"canonical\" href=\"https:\/\/e-leclerc.es\/soria\/tendencias\/e-leclerc-instala-la-primera-maquina-de-reciclaje-de-envases-en-soria\/\" \/>\n<meta property=\"og:locale\" content=\"es_ES\" \/>\n<meta property=\"og:type\" content=\"article\" \/>\n<meta property=\"og:title\" content=\"E.LECLERC INSTALA LA PRIMERA M\u00c1QUINA DE RECICLAJE DE ENVASES EN SORIA - E.Leclerc Soria\" \/>\n<meta property=\"og:description\" content=\"El hipermercado E.Leclerc Soria ha instalado la primera m\u00e1quina para reciclar envases (latas y botellas de pl\u00e1stico de bebidas) de la ciudad, como una apuesta por el medio ambiente.\" \/>\n<meta property=\"og:url\" content=\"https:\/\/e-leclerc.es\/soria\/tendencias\/e-leclerc-instala-la-primera-maquina-de-reciclaje-de-envases-en-soria\/\" \/>\n<meta property=\"og:site_name\" content=\"E.Leclerc Soria\" \/>\n<meta property=\"article:publisher\" content=\"https:\/\/www.facebook.com\/eleclercsoria?ref=hl\" \/>\n<meta property=\"article:published_time\" content=\"2020-01-25T11:05:48+00:00\" \/>\n<meta property=\"og:image\" content=\"https:\/\/e-leclerc.es\/soria\/wp-content\/uploads\/sites\/3\/2020\/01\/maquina-reciclaje-latas-2_1558.jpg\" \/>\n\t<meta property=\"og:image:width\" content=\"760\" \/>\n\t<meta property=\"og:image:height\" content=\"507\" \/>\n\t<meta property=\"og:image:type\" content=\"image\/jpeg\" \/>\n<meta name=\"twitter:card\" content=\"summary_large_image\" \/>\n<meta name=\"twitter:creator\" content=\"@LeclercSoria\" \/>\n<meta name=\"twitter:site\" content=\"@LeclercSoria\" \/>\n<meta name=\"twitter:label1\" content=\"Tiempo de lectura\" \/>\n\t<meta name=\"twitter:data1\" content=\"1 minuto\" \/>\n<script type=\"application\/ld+json\" class=\"yoast-schema-graph\">{\"@context\":\"https:\\\/\\\/schema.org\",\"@graph\":[{\"@type\":\"Article\",\"@id\":\"https:\\\/\\\/e-leclerc.es\\\/soria\\\/tendencias\\\/e-leclerc-instala-la-primera-maquina-de-reciclaje-de-envases-en-soria\\\/#article\",\"isPartOf\":{\"@id\":\"https:\\\/\\\/e-leclerc.es\\\/soria\\\/tendencias\\\/e-leclerc-instala-la-primera-maquina-de-reciclaje-de-envases-en-soria\\\/\"},\"author\":{\"name\":\"\",\"@id\":\"\"},\"headline\":\"E.LECLERC INSTALA LA PRIMERA M\u00c1QUINA DE RECICLAJE DE ENVASES EN SORIA\",\"datePublished\":\"2020-01-25T11:05:48+00:00\",\"mainEntityOfPage\":{\"@id\":\"https:\\\/\\\/e-leclerc.es\\\/soria\\\/tendencias\\\/e-leclerc-instala-la-primera-maquina-de-reciclaje-de-envases-en-soria\\\/\"},\"wordCount\":202,\"publisher\":{\"@id\":\"https:\\\/\\\/e-leclerc.es\\\/soria\\\/#organization\"},\"image\":{\"@id\":\"https:\\\/\\\/e-leclerc.es\\\/soria\\\/tendencias\\\/e-leclerc-instala-la-primera-maquina-de-reciclaje-de-envases-en-soria\\\/#primaryimage\"},\"thumbnailUrl\":\"https:\\\/\\\/e-leclerc.es\\\/soria\\\/wp-content\\\/uploads\\\/sites\\\/3\\\/2020\\\/01\\\/maquina-reciclaje-latas-2_1558.jpg\",\"articleSection\":[\"E.Leclerc en los medios\"],\"inLanguage\":\"es\"},{\"@type\":\"WebPage\",\"@id\":\"https:\\\/\\\/e-leclerc.es\\\/soria\\\/tendencias\\\/e-leclerc-instala-la-primera-maquina-de-reciclaje-de-envases-en-soria\\\/\",\"url\":\"https:\\\/\\\/e-leclerc.es\\\/soria\\\/tendencias\\\/e-leclerc-instala-la-primera-maquina-de-reciclaje-de-envases-en-soria\\\/\",\"name\":\"E.LECLERC INSTALA LA PRIMERA M\u00c1QUINA DE RECICLAJE DE ENVASES EN SORIA - E.Leclerc Soria\",\"isPartOf\":{\"@id\":\"https:\\\/\\\/e-leclerc.es\\\/soria\\\/#website\"},\"primaryImageOfPage\":{\"@id\":\"https:\\\/\\\/e-leclerc.es\\\/soria\\\/tendencias\\\/e-leclerc-instala-la-primera-maquina-de-reciclaje-de-envases-en-soria\\\/#primaryimage\"},\"image\":{\"@id\":\"https:\\\/\\\/e-leclerc.es\\\/soria\\\/tendencias\\\/e-leclerc-instala-la-primera-maquina-de-reciclaje-de-envases-en-soria\\\/#primaryimage\"},\"thumbnailUrl\":\"https:\\\/\\\/e-leclerc.es\\\/soria\\\/wp-content\\\/uploads\\\/sites\\\/3\\\/2020\\\/01\\\/maquina-reciclaje-latas-2_1558.jpg\",\"datePublished\":\"2020-01-25T11:05:48+00:00\",\"breadcrumb\":{\"@id\":\"https:\\\/\\\/e-leclerc.es\\\/soria\\\/tendencias\\\/e-leclerc-instala-la-primera-maquina-de-reciclaje-de-envases-en-soria\\\/#breadcrumb\"},\"inLanguage\":\"es\",\"potentialAction\":[{\"@type\":\"ReadAction\",\"target\":[\"https:\\\/\\\/e-leclerc.es\\\/soria\\\/tendencias\\\/e-leclerc-instala-la-primera-maquina-de-reciclaje-de-envases-en-soria\\\/\"]}]},{\"@type\":\"ImageObject\",\"inLanguage\":\"es\",\"@id\":\"https:\\\/\\\/e-leclerc.es\\\/soria\\\/tendencias\\\/e-leclerc-instala-la-primera-maquina-de-reciclaje-de-envases-en-soria\\\/#primaryimage\",\"url\":\"https:\\\/\\\/e-leclerc.es\\\/soria\\\/wp-content\\\/uploads\\\/sites\\\/3\\\/2020\\\/01\\\/maquina-reciclaje-latas-2_1558.jpg\",\"contentUrl\":\"https:\\\/\\\/e-leclerc.es\\\/soria\\\/wp-content\\\/uploads\\\/sites\\\/3\\\/2020\\\/01\\\/maquina-reciclaje-latas-2_1558.jpg\",\"width\":760,\"height\":507},{\"@type\":\"BreadcrumbList\",\"@id\":\"https:\\\/\\\/e-leclerc.es\\\/soria\\\/tendencias\\\/e-leclerc-instala-la-primera-maquina-de-reciclaje-de-envases-en-soria\\\/#breadcrumb\",\"itemListElement\":[{\"@type\":\"ListItem\",\"position\":1,\"name\":\"Portada\",\"item\":\"https:\\\/\\\/e-leclerc.es\\\/soria\\\/\"},{\"@type\":\"ListItem\",\"position\":2,\"name\":\"E.LECLERC INSTALA LA PRIMERA M\u00c1QUINA DE RECICLAJE DE ENVASES EN SORIA\"}]},{\"@type\":\"WebSite\",\"@id\":\"https:\\\/\\\/e-leclerc.es\\\/soria\\\/#website\",\"url\":\"https:\\\/\\\/e-leclerc.es\\\/soria\\\/\",\"name\":\"E.Leclerc Soria\",\"description\":\"Descubre los folletos, ofertas y promociones de nuestro hipermercado E.Leclerc Soria en Castilla y Le\u00f3n. Direcci\u00f3n | Horario | Productos locales\",\"publisher\":{\"@id\":\"https:\\\/\\\/e-leclerc.es\\\/soria\\\/#organization\"},\"alternateName\":\"E.Leclerc Soria\",\"potentialAction\":[{\"@type\":\"SearchAction\",\"target\":{\"@type\":\"EntryPoint\",\"urlTemplate\":\"https:\\\/\\\/e-leclerc.es\\\/soria\\\/?s={search_term_string}\"},\"query-input\":{\"@type\":\"PropertyValueSpecification\",\"valueRequired\":true,\"valueName\":\"search_term_string\"}}],\"inLanguage\":\"es\"},{\"@type\":\"Organization\",\"@id\":\"https:\\\/\\\/e-leclerc.es\\\/soria\\\/#organization\",\"name\":\"E.Leclerc Soria\",\"alternateName\":\"Soriadis, S.L.\",\"url\":\"https:\\\/\\\/e-leclerc.es\\\/soria\\\/\",\"logo\":{\"@type\":\"ImageObject\",\"inLanguage\":\"es\",\"@id\":\"https:\\\/\\\/e-leclerc.es\\\/soria\\\/#\\\/schema\\\/logo\\\/image\\\/\",\"url\":\"https:\\\/\\\/e-leclerc.es\\\/soria\\\/wp-content\\\/uploads\\\/sites\\\/3\\\/2024\\\/05\\\/Logo_Soria-1.svg\",\"contentUrl\":\"https:\\\/\\\/e-leclerc.es\\\/soria\\\/wp-content\\\/uploads\\\/sites\\\/3\\\/2024\\\/05\\\/Logo_Soria-1.svg\",\"width\":100,\"height\":100,\"caption\":\"E.Leclerc Soria\"},\"image\":{\"@id\":\"https:\\\/\\\/e-leclerc.es\\\/soria\\\/#\\\/schema\\\/logo\\\/image\\\/\"},\"sameAs\":[\"https:\\\/\\\/www.facebook.com\\\/eleclercsoria?ref=hl\",\"https:\\\/\\\/x.com\\\/LeclercSoria\",\"https:\\\/\\\/www.instagram.com\\\/e.leclercsoria\\\/\"]}]}<\/script>\n<!-- \/ Yoast SEO plugin. -->","yoast_head_json":{"title":"E.LECLERC INSTALA LA PRIMERA M\u00c1QUINA DE RECICLAJE DE ENVASES EN SORIA - E.Leclerc Soria","robots":{"index":"index","follow":"follow","max-snippet":"max-snippet:-1","max-image-preview":"max-image-preview:large","max-video-preview":"max-video-preview:-1"},"canonical":"https:\/\/e-leclerc.es\/soria\/tendencias\/e-leclerc-instala-la-primera-maquina-de-reciclaje-de-envases-en-soria\/","og_locale":"es_ES","og_type":"article","og_title":"E.LECLERC INSTALA LA PRIMERA M\u00c1QUINA DE RECICLAJE DE ENVASES EN SORIA - E.Leclerc Soria","og_description":"El hipermercado E.Leclerc Soria ha instalado la primera m\u00e1quina para reciclar envases (latas y botellas de pl\u00e1stico de bebidas) de la ciudad, como una apuesta por el medio ambiente.","og_url":"https:\/\/e-leclerc.es\/soria\/tendencias\/e-leclerc-instala-la-primera-maquina-de-reciclaje-de-envases-en-soria\/","og_site_name":"E.Leclerc Soria","article_publisher":"https:\/\/www.facebook.com\/eleclercsoria?ref=hl","article_published_time":"2020-01-25T11:05:48+00:00","og_image":[{"width":760,"height":507,"url":"https:\/\/e-leclerc.es\/soria\/wp-content\/uploads\/sites\/3\/2020\/01\/maquina-reciclaje-latas-2_1558.jpg","type":"image\/jpeg"}],"twitter_card":"summary_large_image","twitter_creator":"@LeclercSoria","twitter_site":"@LeclercSoria","twitter_misc":{"Tiempo de lectura":"1 minuto"},"schema":{"@context":"https:\/\/schema.org","@graph":[{"@type":"Article","@id":"https:\/\/e-leclerc.es\/soria\/tendencias\/e-leclerc-instala-la-primera-maquina-de-reciclaje-de-envases-en-soria\/#article","isPartOf":{"@id":"https:\/\/e-leclerc.es\/soria\/tendencias\/e-leclerc-instala-la-primera-maquina-de-reciclaje-de-envases-en-soria\/"},"author":{"name":"","@id":""},"headline":"E.LECLERC INSTALA LA PRIMERA M\u00c1QUINA DE RECICLAJE DE ENVASES EN SORIA","datePublished":"2020-01-25T11:05:48+00:00","mainEntityOfPage":{"@id":"https:\/\/e-leclerc.es\/soria\/tendencias\/e-leclerc-instala-la-primera-maquina-de-reciclaje-de-envases-en-soria\/"},"wordCount":202,"publisher":{"@id":"https:\/\/e-leclerc.es\/soria\/#organization"},"image":{"@id":"https:\/\/e-leclerc.es\/soria\/tendencias\/e-leclerc-instala-la-primera-maquina-de-reciclaje-de-envases-en-soria\/#primaryimage"},"thumbnailUrl":"https:\/\/e-leclerc.es\/soria\/wp-content\/uploads\/sites\/3\/2020\/01\/maquina-reciclaje-latas-2_1558.jpg","articleSection":["E.Leclerc en los medios"],"inLanguage":"es"},{"@type":"WebPage","@id":"https:\/\/e-leclerc.es\/soria\/tendencias\/e-leclerc-instala-la-primera-maquina-de-reciclaje-de-envases-en-soria\/","url":"https:\/\/e-leclerc.es\/soria\/tendencias\/e-leclerc-instala-la-primera-maquina-de-reciclaje-de-envases-en-soria\/","name":"E.LECLERC INSTALA LA PRIMERA M\u00c1QUINA DE RECICLAJE DE ENVASES EN SORIA - E.Leclerc Soria","isPartOf":{"@id":"https:\/\/e-leclerc.es\/soria\/#website"},"primaryImageOfPage":{"@id":"https:\/\/e-leclerc.es\/soria\/tendencias\/e-leclerc-instala-la-primera-maquina-de-reciclaje-de-envases-en-soria\/#primaryimage"},"image":{"@id":"https:\/\/e-leclerc.es\/soria\/tendencias\/e-leclerc-instala-la-primera-maquina-de-reciclaje-de-envases-en-soria\/#primaryimage"},"thumbnailUrl":"https:\/\/e-leclerc.es\/soria\/wp-content\/uploads\/sites\/3\/2020\/01\/maquina-reciclaje-latas-2_1558.jpg","datePublished":"2020-01-25T11:05:48+00:00","breadcrumb":{"@id":"https:\/\/e-leclerc.es\/soria\/tendencias\/e-leclerc-instala-la-primera-maquina-de-reciclaje-de-envases-en-soria\/#breadcrumb"},"inLanguage":"es","potentialAction":[{"@type":"ReadAction","target":["https:\/\/e-leclerc.es\/soria\/tendencias\/e-leclerc-instala-la-primera-maquina-de-reciclaje-de-envases-en-soria\/"]}]},{"@type":"ImageObject","inLanguage":"es","@id":"https:\/\/e-leclerc.es\/soria\/tendencias\/e-leclerc-instala-la-primera-maquina-de-reciclaje-de-envases-en-soria\/#primaryimage","url":"https:\/\/e-leclerc.es\/soria\/wp-content\/uploads\/sites\/3\/2020\/01\/maquina-reciclaje-latas-2_1558.jpg","contentUrl":"https:\/\/e-leclerc.es\/soria\/wp-content\/uploads\/sites\/3\/2020\/01\/maquina-reciclaje-latas-2_1558.jpg","width":760,"height":507},{"@type":"BreadcrumbList","@id":"https:\/\/e-leclerc.es\/soria\/tendencias\/e-leclerc-instala-la-primera-maquina-de-reciclaje-de-envases-en-soria\/#breadcrumb","itemListElement":[{"@type":"ListItem","position":1,"name":"Portada","item":"https:\/\/e-leclerc.es\/soria\/"},{"@type":"ListItem","position":2,"name":"E.LECLERC INSTALA LA PRIMERA M\u00c1QUINA DE RECICLAJE DE ENVASES EN SORIA"}]},{"@type":"WebSite","@id":"https:\/\/e-leclerc.es\/soria\/#website","url":"https:\/\/e-leclerc.es\/soria\/","name":"E.Leclerc Soria","description":"Descubre los folletos, ofertas y promociones de nuestro hipermercado E.Leclerc Soria en Castilla y Le\u00f3n. Direcci\u00f3n | Horario | Productos locales","publisher":{"@id":"https:\/\/e-leclerc.es\/soria\/#organization"},"alternateName":"E.Leclerc Soria","potentialAction":[{"@type":"SearchAction","target":{"@type":"EntryPoint","urlTemplate":"https:\/\/e-leclerc.es\/soria\/?s={search_term_string}"},"query-input":{"@type":"PropertyValueSpecification","valueRequired":true,"valueName":"search_term_string"}}],"inLanguage":"es"},{"@type":"Organization","@id":"https:\/\/e-leclerc.es\/soria\/#organization","name":"E.Leclerc Soria","alternateName":"Soriadis, S.L.","url":"https:\/\/e-leclerc.es\/soria\/","logo":{"@type":"ImageObject","inLanguage":"es","@id":"https:\/\/e-leclerc.es\/soria\/#\/schema\/logo\/image\/","url":"https:\/\/e-leclerc.es\/soria\/wp-content\/uploads\/sites\/3\/2024\/05\/Logo_Soria-1.svg","contentUrl":"https:\/\/e-leclerc.es\/soria\/wp-content\/uploads\/sites\/3\/2024\/05\/Logo_Soria-1.svg","width":100,"height":100,"caption":"E.Leclerc Soria"},"image":{"@id":"https:\/\/e-leclerc.es\/soria\/#\/schema\/logo\/image\/"},"sameAs":["https:\/\/www.facebook.com\/eleclercsoria?ref=hl","https:\/\/x.com\/LeclercSoria","https:\/\/www.instagram.com\/e.leclercsoria\/"]}]}},"_links":{"self":[{"href":"https:\/\/e-leclerc.es\/soria\/wp-json\/wp\/v2\/posts\/6582","targetHints":{"allow":["GET"]}}],"collection":[{"href":"https:\/\/e-leclerc.es\/soria\/wp-json\/wp\/v2\/posts"}],"about":[{"href":"https:\/\/e-leclerc.es\/soria\/wp-json\/wp\/v2\/types\/post"}],"replies":[{"embeddable":true,"href":"https:\/\/e-leclerc.es\/soria\/wp-json\/wp\/v2\/comments?post=6582"}],"version-history":[{"count":0,"href":"https:\/\/e-leclerc.es\/soria\/wp-json\/wp\/v2\/posts\/6582\/revisions"}],"wp:featuredmedia":[{"embeddable":true,"href":"https:\/\/e-leclerc.es\/soria\/wp-json\/wp\/v2\/media\/6583"}],"wp:attachment":[{"href":"https:\/\/e-leclerc.es\/soria\/wp-json\/wp\/v2\/media?parent=6582"}],"wp:term":[{"taxonomy":"category","embeddable":true,"href":"https:\/\/e-leclerc.es\/soria\/wp-json\/wp\/v2\/categories?post=6582"},{"taxonomy":"post_tag","embeddable":true,"href":"https:\/\/e-leclerc.es\/soria\/wp-json\/wp\/v2\/tags?post=6582"}],"curies":[{"name":"wp","href":"https:\/\/api.w.org\/{rel}","templated":true}]}}