{"id":6576,"date":"2019-08-14T09:08:11","date_gmt":"2019-08-14T07:08:11","guid":{"rendered":"https:\/\/www.e-leclerc.es\/soria\/tendencias\/e-leclerc-participa-en-el-campeonato-de-ciclismo-de-espana-de-carretera-junior-y-master-2019\/"},"modified":"2019-08-14T09:08:11","modified_gmt":"2019-08-14T07:08:11","slug":"e-leclerc-participa-en-el-campeonato-de-ciclismo-de-espana-de-carretera-junior-y-master-2019","status":"publish","type":"post","link":"https:\/\/e-leclerc.es\/soria\/tendencias\/e-leclerc-participa-en-el-campeonato-de-ciclismo-de-espana-de-carretera-junior-y-master-2019\/","title":{"rendered":"E. LECLERC PARTICIPA EN EL CAMPEONATO DE CICLISMO DE ESPA\u00d1A DE CARRETERA JUNIOR Y MASTER 2019"},"content":{"rendered":"<p>Los hipermercados E.Leclerc participar\u00e1n en esta convocatoria a trav\u00e9s de su equipo deportivo E. Leclerc Soria- Seguros Adolfo Rejas. Los dos corredores del equipo que disputar\u00e1n el recorrido son Jos\u00e9 M\u00aa Catalina en la categor\u00eda M\u00e1ster 30 y Miguel \u00c1ngel Medino en la categor\u00eda M\u00e1ster 40. <\/p>\n<p>Ambos corredores afrontan el reto con ilusi\u00f3n, pero tambi\u00e9n con la seriedad y el compromiso que supone participar en un campeonato nacional. Es por esto que los entrenamientos preparatorios han sido intensos, enfocados a las duras pruebas a las que tendr\u00e1n que enfrentarse. Este a\u00f1o las carreras se caracterizan precisamente por su intensidad, as\u00ed la carrera M\u00e1ster 30 constar\u00e1 de 126 km y nada menos que 2350m de ascenso acumulado y la carrera M\u00e1ster 40 supondr\u00e1 97km y 1500m de ascenso. Ambas tendr\u00e1n lugar el s\u00e1bado 17 de agosto a las 16:00h y 11:00h respectivamente. <\/p>\n<p>Desde la direcci\u00f3n de E. Leclerc Soria, dan \u00e1nimos al equipo: \u201cDesde que E. Leclerc lleg\u00f3 a Soria, uno de nuestros grandes objetivos ha sido fomentar el deporte local y apoyar iniciativas como estas. Deseamos que Jos\u00e9 M\u00aa y Miguel \u00c1ngel tengan una fant\u00e1stica carrera este fin de semana\u201d.<\/p>\n<p>Sobre E.Leclerc<br \/>\nEl Movimiento E. Leclerc es el principal movimiento europeo de comerciantes independientes. Su filosof\u00eda de empresa se basa en compaginar un proyecto empresarial con un proyecto social, implic\u00e1ndose y participando en la vida colectiva de la localidad y contribuyendo con ello a su desarrollo econ\u00f3mico. Los principios fundamentales del Movimiento son, adem\u00e1s de su pol\u00edtica de precios (comprar m\u00e1s barato para vender m\u00e1s barato), la solidaridad, el respeto al medio ambiente, la promoci\u00f3n del comercio justo, etc. Todos ellos con un objetivo primordial: defender los intereses de los consumidores.<\/p>\n","protected":false},"excerpt":{"rendered":"<p><strong>El campeonato de Espa\u00f1a de ciclismo de carretera M\u00e1ster y Junior 2019 tendr\u00e1 lugar los pr\u00f3ximos 17, 18 y 19 de agosto en Asturias, en las localidades de Candamo, Pravia y Grado, sucediendo as\u00ed a Soria, que acogi\u00f3 la prueba en 2018.<\/strong><\/p>\n","protected":false},"author":0,"featured_media":6577,"comment_status":"","ping_status":"open","sticky":false,"template":"","format":"standard","meta":{"_acf_changed":false,"footnotes":""},"categories":[122],"tags":[],"class_list":["post-6576","post","type-post","status-publish","format-standard","has-post-thumbnail","hentry","category-deporte"],"acf":[],"yoast_head":"<!-- This site is optimized with the Yoast SEO plugin v27.4 - https:\/\/yoast.com\/product\/yoast-seo-wordpress\/ -->\n<title>E. LECLERC PARTICIPA EN EL CAMPEONATO DE CICLISMO DE ESPA\u00d1A DE CARRETERA JUNIOR Y MASTER 2019 - E.Leclerc Soria<\/title>\n<meta name=\"robots\" content=\"index, follow, max-snippet:-1, max-image-preview:large, max-video-preview:-1\" \/>\n<link rel=\"canonical\" href=\"https:\/\/e-leclerc.es\/soria\/tendencias\/e-leclerc-participa-en-el-campeonato-de-ciclismo-de-espana-de-carretera-junior-y-master-2019\/\" \/>\n<meta property=\"og:locale\" content=\"es_ES\" \/>\n<meta property=\"og:type\" content=\"article\" \/>\n<meta property=\"og:title\" content=\"E. LECLERC PARTICIPA EN EL CAMPEONATO DE CICLISMO DE ESPA\u00d1A DE CARRETERA JUNIOR Y MASTER 2019 - E.Leclerc Soria\" \/>\n<meta property=\"og:description\" content=\"El campeonato de Espa\u00f1a de ciclismo de carretera M\u00e1ster y Junior 2019 tendr\u00e1 lugar los pr\u00f3ximos 17, 18 y 19 de agosto en Asturias, en las localidades de Candamo, Pravia y Grado, sucediendo as\u00ed a Soria, que acogi\u00f3 la prueba en 2018.\" \/>\n<meta property=\"og:url\" content=\"https:\/\/e-leclerc.es\/soria\/tendencias\/e-leclerc-participa-en-el-campeonato-de-ciclismo-de-espana-de-carretera-junior-y-master-2019\/\" \/>\n<meta property=\"og:site_name\" content=\"E.Leclerc Soria\" \/>\n<meta property=\"article:publisher\" content=\"https:\/\/www.facebook.com\/eleclercsoria?ref=hl\" \/>\n<meta property=\"article:published_time\" content=\"2019-08-14T07:08:11+00:00\" \/>\n<meta property=\"og:image\" content=\"https:\/\/e-leclerc.es\/soria\/wp-content\/uploads\/sites\/3\/2019\/08\/b1a_1546.jpg\" \/>\n\t<meta property=\"og:image:width\" content=\"681\" \/>\n\t<meta property=\"og:image:height\" content=\"959\" \/>\n\t<meta property=\"og:image:type\" content=\"image\/jpeg\" \/>\n<meta name=\"twitter:card\" content=\"summary_large_image\" \/>\n<meta name=\"twitter:creator\" content=\"@LeclercSoria\" \/>\n<meta name=\"twitter:site\" content=\"@LeclercSoria\" \/>\n<meta name=\"twitter:label1\" content=\"Tiempo de lectura\" \/>\n\t<meta name=\"twitter:data1\" content=\"2 minutos\" \/>\n<script type=\"application\/ld+json\" class=\"yoast-schema-graph\">{\"@context\":\"https:\\\/\\\/schema.org\",\"@graph\":[{\"@type\":\"Article\",\"@id\":\"https:\\\/\\\/e-leclerc.es\\\/soria\\\/tendencias\\\/e-leclerc-participa-en-el-campeonato-de-ciclismo-de-espana-de-carretera-junior-y-master-2019\\\/#article\",\"isPartOf\":{\"@id\":\"https:\\\/\\\/e-leclerc.es\\\/soria\\\/tendencias\\\/e-leclerc-participa-en-el-campeonato-de-ciclismo-de-espana-de-carretera-junior-y-master-2019\\\/\"},\"author\":{\"name\":\"\",\"@id\":\"\"},\"headline\":\"E. LECLERC PARTICIPA EN EL CAMPEONATO DE CICLISMO DE ESPA\u00d1A DE CARRETERA JUNIOR Y MASTER 2019\",\"datePublished\":\"2019-08-14T07:08:11+00:00\",\"mainEntityOfPage\":{\"@id\":\"https:\\\/\\\/e-leclerc.es\\\/soria\\\/tendencias\\\/e-leclerc-participa-en-el-campeonato-de-ciclismo-de-espana-de-carretera-junior-y-master-2019\\\/\"},\"wordCount\":318,\"publisher\":{\"@id\":\"https:\\\/\\\/e-leclerc.es\\\/soria\\\/#organization\"},\"image\":{\"@id\":\"https:\\\/\\\/e-leclerc.es\\\/soria\\\/tendencias\\\/e-leclerc-participa-en-el-campeonato-de-ciclismo-de-espana-de-carretera-junior-y-master-2019\\\/#primaryimage\"},\"thumbnailUrl\":\"https:\\\/\\\/e-leclerc.es\\\/soria\\\/wp-content\\\/uploads\\\/sites\\\/3\\\/2019\\\/08\\\/b1a_1546.jpg\",\"articleSection\":[\"Deporte\"],\"inLanguage\":\"es\"},{\"@type\":\"WebPage\",\"@id\":\"https:\\\/\\\/e-leclerc.es\\\/soria\\\/tendencias\\\/e-leclerc-participa-en-el-campeonato-de-ciclismo-de-espana-de-carretera-junior-y-master-2019\\\/\",\"url\":\"https:\\\/\\\/e-leclerc.es\\\/soria\\\/tendencias\\\/e-leclerc-participa-en-el-campeonato-de-ciclismo-de-espana-de-carretera-junior-y-master-2019\\\/\",\"name\":\"E. LECLERC PARTICIPA EN EL CAMPEONATO DE CICLISMO DE ESPA\u00d1A DE CARRETERA JUNIOR Y MASTER 2019 - E.Leclerc Soria\",\"isPartOf\":{\"@id\":\"https:\\\/\\\/e-leclerc.es\\\/soria\\\/#website\"},\"primaryImageOfPage\":{\"@id\":\"https:\\\/\\\/e-leclerc.es\\\/soria\\\/tendencias\\\/e-leclerc-participa-en-el-campeonato-de-ciclismo-de-espana-de-carretera-junior-y-master-2019\\\/#primaryimage\"},\"image\":{\"@id\":\"https:\\\/\\\/e-leclerc.es\\\/soria\\\/tendencias\\\/e-leclerc-participa-en-el-campeonato-de-ciclismo-de-espana-de-carretera-junior-y-master-2019\\\/#primaryimage\"},\"thumbnailUrl\":\"https:\\\/\\\/e-leclerc.es\\\/soria\\\/wp-content\\\/uploads\\\/sites\\\/3\\\/2019\\\/08\\\/b1a_1546.jpg\",\"datePublished\":\"2019-08-14T07:08:11+00:00\",\"breadcrumb\":{\"@id\":\"https:\\\/\\\/e-leclerc.es\\\/soria\\\/tendencias\\\/e-leclerc-participa-en-el-campeonato-de-ciclismo-de-espana-de-carretera-junior-y-master-2019\\\/#breadcrumb\"},\"inLanguage\":\"es\",\"potentialAction\":[{\"@type\":\"ReadAction\",\"target\":[\"https:\\\/\\\/e-leclerc.es\\\/soria\\\/tendencias\\\/e-leclerc-participa-en-el-campeonato-de-ciclismo-de-espana-de-carretera-junior-y-master-2019\\\/\"]}]},{\"@type\":\"ImageObject\",\"inLanguage\":\"es\",\"@id\":\"https:\\\/\\\/e-leclerc.es\\\/soria\\\/tendencias\\\/e-leclerc-participa-en-el-campeonato-de-ciclismo-de-espana-de-carretera-junior-y-master-2019\\\/#primaryimage\",\"url\":\"https:\\\/\\\/e-leclerc.es\\\/soria\\\/wp-content\\\/uploads\\\/sites\\\/3\\\/2019\\\/08\\\/b1a_1546.jpg\",\"contentUrl\":\"https:\\\/\\\/e-leclerc.es\\\/soria\\\/wp-content\\\/uploads\\\/sites\\\/3\\\/2019\\\/08\\\/b1a_1546.jpg\",\"width\":681,\"height\":959},{\"@type\":\"BreadcrumbList\",\"@id\":\"https:\\\/\\\/e-leclerc.es\\\/soria\\\/tendencias\\\/e-leclerc-participa-en-el-campeonato-de-ciclismo-de-espana-de-carretera-junior-y-master-2019\\\/#breadcrumb\",\"itemListElement\":[{\"@type\":\"ListItem\",\"position\":1,\"name\":\"Portada\",\"item\":\"https:\\\/\\\/e-leclerc.es\\\/soria\\\/\"},{\"@type\":\"ListItem\",\"position\":2,\"name\":\"E. LECLERC PARTICIPA EN EL CAMPEONATO DE CICLISMO DE ESPA\u00d1A DE CARRETERA JUNIOR Y MASTER 2019\"}]},{\"@type\":\"WebSite\",\"@id\":\"https:\\\/\\\/e-leclerc.es\\\/soria\\\/#website\",\"url\":\"https:\\\/\\\/e-leclerc.es\\\/soria\\\/\",\"name\":\"E.Leclerc Soria\",\"description\":\"Descubre los folletos, ofertas y promociones de nuestro hipermercado E.Leclerc Soria en Castilla y Le\u00f3n. Direcci\u00f3n | Horario | Productos locales\",\"publisher\":{\"@id\":\"https:\\\/\\\/e-leclerc.es\\\/soria\\\/#organization\"},\"alternateName\":\"E.Leclerc Soria\",\"potentialAction\":[{\"@type\":\"SearchAction\",\"target\":{\"@type\":\"EntryPoint\",\"urlTemplate\":\"https:\\\/\\\/e-leclerc.es\\\/soria\\\/?s={search_term_string}\"},\"query-input\":{\"@type\":\"PropertyValueSpecification\",\"valueRequired\":true,\"valueName\":\"search_term_string\"}}],\"inLanguage\":\"es\"},{\"@type\":\"Organization\",\"@id\":\"https:\\\/\\\/e-leclerc.es\\\/soria\\\/#organization\",\"name\":\"E.Leclerc Soria\",\"alternateName\":\"Soriadis, S.L.\",\"url\":\"https:\\\/\\\/e-leclerc.es\\\/soria\\\/\",\"logo\":{\"@type\":\"ImageObject\",\"inLanguage\":\"es\",\"@id\":\"https:\\\/\\\/e-leclerc.es\\\/soria\\\/#\\\/schema\\\/logo\\\/image\\\/\",\"url\":\"https:\\\/\\\/e-leclerc.es\\\/soria\\\/wp-content\\\/uploads\\\/sites\\\/3\\\/2024\\\/05\\\/Logo_Soria-1.svg\",\"contentUrl\":\"https:\\\/\\\/e-leclerc.es\\\/soria\\\/wp-content\\\/uploads\\\/sites\\\/3\\\/2024\\\/05\\\/Logo_Soria-1.svg\",\"width\":100,\"height\":100,\"caption\":\"E.Leclerc Soria\"},\"image\":{\"@id\":\"https:\\\/\\\/e-leclerc.es\\\/soria\\\/#\\\/schema\\\/logo\\\/image\\\/\"},\"sameAs\":[\"https:\\\/\\\/www.facebook.com\\\/eleclercsoria?ref=hl\",\"https:\\\/\\\/x.com\\\/LeclercSoria\",\"https:\\\/\\\/www.instagram.com\\\/e.leclercsoria\\\/\"]}]}<\/script>\n<!-- \/ Yoast SEO plugin. -->","yoast_head_json":{"title":"E. LECLERC PARTICIPA EN EL CAMPEONATO DE CICLISMO DE ESPA\u00d1A DE CARRETERA JUNIOR Y MASTER 2019 - E.Leclerc Soria","robots":{"index":"index","follow":"follow","max-snippet":"max-snippet:-1","max-image-preview":"max-image-preview:large","max-video-preview":"max-video-preview:-1"},"canonical":"https:\/\/e-leclerc.es\/soria\/tendencias\/e-leclerc-participa-en-el-campeonato-de-ciclismo-de-espana-de-carretera-junior-y-master-2019\/","og_locale":"es_ES","og_type":"article","og_title":"E. LECLERC PARTICIPA EN EL CAMPEONATO DE CICLISMO DE ESPA\u00d1A DE CARRETERA JUNIOR Y MASTER 2019 - E.Leclerc Soria","og_description":"El campeonato de Espa\u00f1a de ciclismo de carretera M\u00e1ster y Junior 2019 tendr\u00e1 lugar los pr\u00f3ximos 17, 18 y 19 de agosto en Asturias, en las localidades de Candamo, Pravia y Grado, sucediendo as\u00ed a Soria, que acogi\u00f3 la prueba en 2018.","og_url":"https:\/\/e-leclerc.es\/soria\/tendencias\/e-leclerc-participa-en-el-campeonato-de-ciclismo-de-espana-de-carretera-junior-y-master-2019\/","og_site_name":"E.Leclerc Soria","article_publisher":"https:\/\/www.facebook.com\/eleclercsoria?ref=hl","article_published_time":"2019-08-14T07:08:11+00:00","og_image":[{"width":681,"height":959,"url":"https:\/\/e-leclerc.es\/soria\/wp-content\/uploads\/sites\/3\/2019\/08\/b1a_1546.jpg","type":"image\/jpeg"}],"twitter_card":"summary_large_image","twitter_creator":"@LeclercSoria","twitter_site":"@LeclercSoria","twitter_misc":{"Tiempo de lectura":"2 minutos"},"schema":{"@context":"https:\/\/schema.org","@graph":[{"@type":"Article","@id":"https:\/\/e-leclerc.es\/soria\/tendencias\/e-leclerc-participa-en-el-campeonato-de-ciclismo-de-espana-de-carretera-junior-y-master-2019\/#article","isPartOf":{"@id":"https:\/\/e-leclerc.es\/soria\/tendencias\/e-leclerc-participa-en-el-campeonato-de-ciclismo-de-espana-de-carretera-junior-y-master-2019\/"},"author":{"name":"","@id":""},"headline":"E. LECLERC PARTICIPA EN EL CAMPEONATO DE CICLISMO DE ESPA\u00d1A DE CARRETERA JUNIOR Y MASTER 2019","datePublished":"2019-08-14T07:08:11+00:00","mainEntityOfPage":{"@id":"https:\/\/e-leclerc.es\/soria\/tendencias\/e-leclerc-participa-en-el-campeonato-de-ciclismo-de-espana-de-carretera-junior-y-master-2019\/"},"wordCount":318,"publisher":{"@id":"https:\/\/e-leclerc.es\/soria\/#organization"},"image":{"@id":"https:\/\/e-leclerc.es\/soria\/tendencias\/e-leclerc-participa-en-el-campeonato-de-ciclismo-de-espana-de-carretera-junior-y-master-2019\/#primaryimage"},"thumbnailUrl":"https:\/\/e-leclerc.es\/soria\/wp-content\/uploads\/sites\/3\/2019\/08\/b1a_1546.jpg","articleSection":["Deporte"],"inLanguage":"es"},{"@type":"WebPage","@id":"https:\/\/e-leclerc.es\/soria\/tendencias\/e-leclerc-participa-en-el-campeonato-de-ciclismo-de-espana-de-carretera-junior-y-master-2019\/","url":"https:\/\/e-leclerc.es\/soria\/tendencias\/e-leclerc-participa-en-el-campeonato-de-ciclismo-de-espana-de-carretera-junior-y-master-2019\/","name":"E. LECLERC PARTICIPA EN EL CAMPEONATO DE CICLISMO DE ESPA\u00d1A DE CARRETERA JUNIOR Y MASTER 2019 - E.Leclerc Soria","isPartOf":{"@id":"https:\/\/e-leclerc.es\/soria\/#website"},"primaryImageOfPage":{"@id":"https:\/\/e-leclerc.es\/soria\/tendencias\/e-leclerc-participa-en-el-campeonato-de-ciclismo-de-espana-de-carretera-junior-y-master-2019\/#primaryimage"},"image":{"@id":"https:\/\/e-leclerc.es\/soria\/tendencias\/e-leclerc-participa-en-el-campeonato-de-ciclismo-de-espana-de-carretera-junior-y-master-2019\/#primaryimage"},"thumbnailUrl":"https:\/\/e-leclerc.es\/soria\/wp-content\/uploads\/sites\/3\/2019\/08\/b1a_1546.jpg","datePublished":"2019-08-14T07:08:11+00:00","breadcrumb":{"@id":"https:\/\/e-leclerc.es\/soria\/tendencias\/e-leclerc-participa-en-el-campeonato-de-ciclismo-de-espana-de-carretera-junior-y-master-2019\/#breadcrumb"},"inLanguage":"es","potentialAction":[{"@type":"ReadAction","target":["https:\/\/e-leclerc.es\/soria\/tendencias\/e-leclerc-participa-en-el-campeonato-de-ciclismo-de-espana-de-carretera-junior-y-master-2019\/"]}]},{"@type":"ImageObject","inLanguage":"es","@id":"https:\/\/e-leclerc.es\/soria\/tendencias\/e-leclerc-participa-en-el-campeonato-de-ciclismo-de-espana-de-carretera-junior-y-master-2019\/#primaryimage","url":"https:\/\/e-leclerc.es\/soria\/wp-content\/uploads\/sites\/3\/2019\/08\/b1a_1546.jpg","contentUrl":"https:\/\/e-leclerc.es\/soria\/wp-content\/uploads\/sites\/3\/2019\/08\/b1a_1546.jpg","width":681,"height":959},{"@type":"BreadcrumbList","@id":"https:\/\/e-leclerc.es\/soria\/tendencias\/e-leclerc-participa-en-el-campeonato-de-ciclismo-de-espana-de-carretera-junior-y-master-2019\/#breadcrumb","itemListElement":[{"@type":"ListItem","position":1,"name":"Portada","item":"https:\/\/e-leclerc.es\/soria\/"},{"@type":"ListItem","position":2,"name":"E. LECLERC PARTICIPA EN EL CAMPEONATO DE CICLISMO DE ESPA\u00d1A DE CARRETERA JUNIOR Y MASTER 2019"}]},{"@type":"WebSite","@id":"https:\/\/e-leclerc.es\/soria\/#website","url":"https:\/\/e-leclerc.es\/soria\/","name":"E.Leclerc Soria","description":"Descubre los folletos, ofertas y promociones de nuestro hipermercado E.Leclerc Soria en Castilla y Le\u00f3n. Direcci\u00f3n | Horario | Productos locales","publisher":{"@id":"https:\/\/e-leclerc.es\/soria\/#organization"},"alternateName":"E.Leclerc Soria","potentialAction":[{"@type":"SearchAction","target":{"@type":"EntryPoint","urlTemplate":"https:\/\/e-leclerc.es\/soria\/?s={search_term_string}"},"query-input":{"@type":"PropertyValueSpecification","valueRequired":true,"valueName":"search_term_string"}}],"inLanguage":"es"},{"@type":"Organization","@id":"https:\/\/e-leclerc.es\/soria\/#organization","name":"E.Leclerc Soria","alternateName":"Soriadis, S.L.","url":"https:\/\/e-leclerc.es\/soria\/","logo":{"@type":"ImageObject","inLanguage":"es","@id":"https:\/\/e-leclerc.es\/soria\/#\/schema\/logo\/image\/","url":"https:\/\/e-leclerc.es\/soria\/wp-content\/uploads\/sites\/3\/2024\/05\/Logo_Soria-1.svg","contentUrl":"https:\/\/e-leclerc.es\/soria\/wp-content\/uploads\/sites\/3\/2024\/05\/Logo_Soria-1.svg","width":100,"height":100,"caption":"E.Leclerc Soria"},"image":{"@id":"https:\/\/e-leclerc.es\/soria\/#\/schema\/logo\/image\/"},"sameAs":["https:\/\/www.facebook.com\/eleclercsoria?ref=hl","https:\/\/x.com\/LeclercSoria","https:\/\/www.instagram.com\/e.leclercsoria\/"]}]}},"_links":{"self":[{"href":"https:\/\/e-leclerc.es\/soria\/wp-json\/wp\/v2\/posts\/6576","targetHints":{"allow":["GET"]}}],"collection":[{"href":"https:\/\/e-leclerc.es\/soria\/wp-json\/wp\/v2\/posts"}],"about":[{"href":"https:\/\/e-leclerc.es\/soria\/wp-json\/wp\/v2\/types\/post"}],"replies":[{"embeddable":true,"href":"https:\/\/e-leclerc.es\/soria\/wp-json\/wp\/v2\/comments?post=6576"}],"version-history":[{"count":0,"href":"https:\/\/e-leclerc.es\/soria\/wp-json\/wp\/v2\/posts\/6576\/revisions"}],"wp:featuredmedia":[{"embeddable":true,"href":"https:\/\/e-leclerc.es\/soria\/wp-json\/wp\/v2\/media\/6577"}],"wp:attachment":[{"href":"https:\/\/e-leclerc.es\/soria\/wp-json\/wp\/v2\/media?parent=6576"}],"wp:term":[{"taxonomy":"category","embeddable":true,"href":"https:\/\/e-leclerc.es\/soria\/wp-json\/wp\/v2\/categories?post=6576"},{"taxonomy":"post_tag","embeddable":true,"href":"https:\/\/e-leclerc.es\/soria\/wp-json\/wp\/v2\/tags?post=6576"}],"curies":[{"name":"wp","href":"https:\/\/api.w.org\/{rel}","templated":true}]}}