{"id":6513,"date":"2017-10-03T17:24:46","date_gmt":"2017-10-03T15:24:46","guid":{"rendered":"https:\/\/www.e-leclerc.es\/soria\/tendencias\/e-leclerc-soria-patrocina-el-deporte-en-san-saturio-2017\/"},"modified":"2017-10-03T17:24:46","modified_gmt":"2017-10-03T15:24:46","slug":"e-leclerc-soria-patrocina-el-deporte-en-san-saturio-2017","status":"publish","type":"post","link":"https:\/\/e-leclerc.es\/soria\/tendencias\/e-leclerc-soria-patrocina-el-deporte-en-san-saturio-2017\/","title":{"rendered":"E.LECLERC SORIA PATROCINA EL DEPORTE EN SAN SATURIO 2017"},"content":{"rendered":"<p>Este a\u00f1o, E.Leclerc Soria estar\u00e1 presente de nuevo en las Fiestas Patronales de San Saturio, colaborando con diversas actividades que se celebrar\u00e1n durante los pr\u00f3ximos d\u00edas, y que est\u00e1n dirigidas a todos los p\u00fablicos.<br \/>\nPor un lado, el hipermercado, que a\u00f1o tras a\u00f1o apoya iniciativas sociales y culturales, colabora el 30 de septiembre con el Duatlon Cross Memorial Mar\u00eda Garc\u00eda y el Festival de Aeromodelismo.<br \/>\nPor otro lado, E.Leclerc Soria colabora adem\u00e1s con el LVII Trofeo de Ciclismo San Saturio para Corredores Elite y Sub 23, la V Regata Kayak San Saturio y el XVII Torneo San Saturio de Tiro con Arco, que se celebrar\u00e1n el segundo fin de semana de octubre (7-8 octubre).<br \/>\nDesde la direcci\u00f3n del hipermercado con los precios m\u00e1s bajos aseguran: \u201cEs un honor colaborar un a\u00f1o m\u00e1s con las Fiestas de San Saturio y dar apoyo a nuestra localidad. Para E.Leclerc Soria es un principio fundamental contribuir con el desarrollo social y econ\u00f3mico de Soria, y por ello nos implicamos en diferentes iniciativas culturales y  deportivas\u201d. <\/p>\n<p>Sobre E.Leclerc<br \/>\nEl Movimiento E.LECLERC es el principal movimiento europeo de comerciantes independientes. Su filosof\u00eda de empresa se basa en compaginar un proyecto empresarial con un proyecto social, implic\u00e1ndose y participando en la vida colectiva de la localidad y contribuyendo con ello a su desarrollo econ\u00f3mico. Los principios fundamentales del Movimiento, que rigen cada uno de los hipermercados son, adem\u00e1s de su pol\u00edtica de precios (comprar m\u00e1s barato para vender m\u00e1s barato), la solidaridad,  el respeto al medio ambiente, la promoci\u00f3n del comercio justo, etc. Todos ellos con un objetivo primordial: defender los intereses de los consumidores. <\/p>\n","protected":false},"excerpt":{"rendered":"<p><strong>E.Leclerc Soria estar\u00e1 presente de nuevo en las Fiestas Patronales de San Saturio, colaborando con diversas actividades <\/strong><\/p>\n","protected":false},"author":0,"featured_media":6514,"comment_status":"","ping_status":"open","sticky":false,"template":"","format":"standard","meta":{"_acf_changed":false,"footnotes":""},"categories":[122],"tags":[],"class_list":["post-6513","post","type-post","status-publish","format-standard","has-post-thumbnail","hentry","category-deporte"],"acf":[],"yoast_head":"<!-- This site is optimized with the Yoast SEO plugin v27.4 - https:\/\/yoast.com\/product\/yoast-seo-wordpress\/ -->\n<title>E.LECLERC SORIA PATROCINA EL DEPORTE EN SAN SATURIO 2017 - E.Leclerc Soria<\/title>\n<meta name=\"robots\" content=\"index, follow, max-snippet:-1, max-image-preview:large, max-video-preview:-1\" \/>\n<link rel=\"canonical\" href=\"https:\/\/e-leclerc.es\/soria\/tendencias\/e-leclerc-soria-patrocina-el-deporte-en-san-saturio-2017\/\" \/>\n<meta property=\"og:locale\" content=\"es_ES\" \/>\n<meta property=\"og:type\" content=\"article\" \/>\n<meta property=\"og:title\" content=\"E.LECLERC SORIA PATROCINA EL DEPORTE EN SAN SATURIO 2017 - E.Leclerc Soria\" \/>\n<meta property=\"og:description\" content=\"E.Leclerc Soria estar\u00e1 presente de nuevo en las Fiestas Patronales de San Saturio, colaborando con diversas actividades\" \/>\n<meta property=\"og:url\" content=\"https:\/\/e-leclerc.es\/soria\/tendencias\/e-leclerc-soria-patrocina-el-deporte-en-san-saturio-2017\/\" \/>\n<meta property=\"og:site_name\" content=\"E.Leclerc Soria\" \/>\n<meta property=\"article:publisher\" content=\"https:\/\/www.facebook.com\/eleclercsoria?ref=hl\" \/>\n<meta property=\"article:published_time\" content=\"2017-10-03T15:24:46+00:00\" \/>\n<meta property=\"og:image\" content=\"https:\/\/e-leclerc.es\/soria\/wp-content\/uploads\/sites\/3\/2017\/10\/2fduatlon_1378.jpg\" \/>\n\t<meta property=\"og:image:width\" content=\"740\" \/>\n\t<meta property=\"og:image:height\" content=\"347\" \/>\n\t<meta property=\"og:image:type\" content=\"image\/jpeg\" \/>\n<meta name=\"twitter:card\" content=\"summary_large_image\" \/>\n<meta name=\"twitter:creator\" content=\"@LeclercSoria\" \/>\n<meta name=\"twitter:site\" content=\"@LeclercSoria\" \/>\n<meta name=\"twitter:label1\" content=\"Tiempo de lectura\" \/>\n\t<meta name=\"twitter:data1\" content=\"1 minuto\" \/>\n<script type=\"application\/ld+json\" class=\"yoast-schema-graph\">{\"@context\":\"https:\\\/\\\/schema.org\",\"@graph\":[{\"@type\":\"Article\",\"@id\":\"https:\\\/\\\/e-leclerc.es\\\/soria\\\/tendencias\\\/e-leclerc-soria-patrocina-el-deporte-en-san-saturio-2017\\\/#article\",\"isPartOf\":{\"@id\":\"https:\\\/\\\/e-leclerc.es\\\/soria\\\/tendencias\\\/e-leclerc-soria-patrocina-el-deporte-en-san-saturio-2017\\\/\"},\"author\":{\"name\":\"\",\"@id\":\"\"},\"headline\":\"E.LECLERC SORIA PATROCINA EL DEPORTE EN SAN SATURIO 2017\",\"datePublished\":\"2017-10-03T15:24:46+00:00\",\"mainEntityOfPage\":{\"@id\":\"https:\\\/\\\/e-leclerc.es\\\/soria\\\/tendencias\\\/e-leclerc-soria-patrocina-el-deporte-en-san-saturio-2017\\\/\"},\"wordCount\":305,\"publisher\":{\"@id\":\"https:\\\/\\\/e-leclerc.es\\\/soria\\\/#organization\"},\"image\":{\"@id\":\"https:\\\/\\\/e-leclerc.es\\\/soria\\\/tendencias\\\/e-leclerc-soria-patrocina-el-deporte-en-san-saturio-2017\\\/#primaryimage\"},\"thumbnailUrl\":\"https:\\\/\\\/e-leclerc.es\\\/soria\\\/wp-content\\\/uploads\\\/sites\\\/3\\\/2017\\\/10\\\/2fduatlon_1378.jpg\",\"articleSection\":[\"Deporte\"],\"inLanguage\":\"es\"},{\"@type\":\"WebPage\",\"@id\":\"https:\\\/\\\/e-leclerc.es\\\/soria\\\/tendencias\\\/e-leclerc-soria-patrocina-el-deporte-en-san-saturio-2017\\\/\",\"url\":\"https:\\\/\\\/e-leclerc.es\\\/soria\\\/tendencias\\\/e-leclerc-soria-patrocina-el-deporte-en-san-saturio-2017\\\/\",\"name\":\"E.LECLERC SORIA PATROCINA EL DEPORTE EN SAN SATURIO 2017 - E.Leclerc Soria\",\"isPartOf\":{\"@id\":\"https:\\\/\\\/e-leclerc.es\\\/soria\\\/#website\"},\"primaryImageOfPage\":{\"@id\":\"https:\\\/\\\/e-leclerc.es\\\/soria\\\/tendencias\\\/e-leclerc-soria-patrocina-el-deporte-en-san-saturio-2017\\\/#primaryimage\"},\"image\":{\"@id\":\"https:\\\/\\\/e-leclerc.es\\\/soria\\\/tendencias\\\/e-leclerc-soria-patrocina-el-deporte-en-san-saturio-2017\\\/#primaryimage\"},\"thumbnailUrl\":\"https:\\\/\\\/e-leclerc.es\\\/soria\\\/wp-content\\\/uploads\\\/sites\\\/3\\\/2017\\\/10\\\/2fduatlon_1378.jpg\",\"datePublished\":\"2017-10-03T15:24:46+00:00\",\"breadcrumb\":{\"@id\":\"https:\\\/\\\/e-leclerc.es\\\/soria\\\/tendencias\\\/e-leclerc-soria-patrocina-el-deporte-en-san-saturio-2017\\\/#breadcrumb\"},\"inLanguage\":\"es\",\"potentialAction\":[{\"@type\":\"ReadAction\",\"target\":[\"https:\\\/\\\/e-leclerc.es\\\/soria\\\/tendencias\\\/e-leclerc-soria-patrocina-el-deporte-en-san-saturio-2017\\\/\"]}]},{\"@type\":\"ImageObject\",\"inLanguage\":\"es\",\"@id\":\"https:\\\/\\\/e-leclerc.es\\\/soria\\\/tendencias\\\/e-leclerc-soria-patrocina-el-deporte-en-san-saturio-2017\\\/#primaryimage\",\"url\":\"https:\\\/\\\/e-leclerc.es\\\/soria\\\/wp-content\\\/uploads\\\/sites\\\/3\\\/2017\\\/10\\\/2fduatlon_1378.jpg\",\"contentUrl\":\"https:\\\/\\\/e-leclerc.es\\\/soria\\\/wp-content\\\/uploads\\\/sites\\\/3\\\/2017\\\/10\\\/2fduatlon_1378.jpg\",\"width\":740,\"height\":347},{\"@type\":\"BreadcrumbList\",\"@id\":\"https:\\\/\\\/e-leclerc.es\\\/soria\\\/tendencias\\\/e-leclerc-soria-patrocina-el-deporte-en-san-saturio-2017\\\/#breadcrumb\",\"itemListElement\":[{\"@type\":\"ListItem\",\"position\":1,\"name\":\"Portada\",\"item\":\"https:\\\/\\\/e-leclerc.es\\\/soria\\\/\"},{\"@type\":\"ListItem\",\"position\":2,\"name\":\"E.LECLERC SORIA PATROCINA EL DEPORTE EN SAN SATURIO 2017\"}]},{\"@type\":\"WebSite\",\"@id\":\"https:\\\/\\\/e-leclerc.es\\\/soria\\\/#website\",\"url\":\"https:\\\/\\\/e-leclerc.es\\\/soria\\\/\",\"name\":\"E.Leclerc Soria\",\"description\":\"Descubre los folletos, ofertas y promociones de nuestro hipermercado E.Leclerc Soria en Castilla y Le\u00f3n. Direcci\u00f3n | Horario | Productos locales\",\"publisher\":{\"@id\":\"https:\\\/\\\/e-leclerc.es\\\/soria\\\/#organization\"},\"alternateName\":\"E.Leclerc Soria\",\"potentialAction\":[{\"@type\":\"SearchAction\",\"target\":{\"@type\":\"EntryPoint\",\"urlTemplate\":\"https:\\\/\\\/e-leclerc.es\\\/soria\\\/?s={search_term_string}\"},\"query-input\":{\"@type\":\"PropertyValueSpecification\",\"valueRequired\":true,\"valueName\":\"search_term_string\"}}],\"inLanguage\":\"es\"},{\"@type\":\"Organization\",\"@id\":\"https:\\\/\\\/e-leclerc.es\\\/soria\\\/#organization\",\"name\":\"E.Leclerc Soria\",\"alternateName\":\"Soriadis, S.L.\",\"url\":\"https:\\\/\\\/e-leclerc.es\\\/soria\\\/\",\"logo\":{\"@type\":\"ImageObject\",\"inLanguage\":\"es\",\"@id\":\"https:\\\/\\\/e-leclerc.es\\\/soria\\\/#\\\/schema\\\/logo\\\/image\\\/\",\"url\":\"https:\\\/\\\/e-leclerc.es\\\/soria\\\/wp-content\\\/uploads\\\/sites\\\/3\\\/2024\\\/05\\\/Logo_Soria-1.svg\",\"contentUrl\":\"https:\\\/\\\/e-leclerc.es\\\/soria\\\/wp-content\\\/uploads\\\/sites\\\/3\\\/2024\\\/05\\\/Logo_Soria-1.svg\",\"width\":100,\"height\":100,\"caption\":\"E.Leclerc Soria\"},\"image\":{\"@id\":\"https:\\\/\\\/e-leclerc.es\\\/soria\\\/#\\\/schema\\\/logo\\\/image\\\/\"},\"sameAs\":[\"https:\\\/\\\/www.facebook.com\\\/eleclercsoria?ref=hl\",\"https:\\\/\\\/x.com\\\/LeclercSoria\",\"https:\\\/\\\/www.instagram.com\\\/e.leclercsoria\\\/\"]}]}<\/script>\n<!-- \/ Yoast SEO plugin. -->","yoast_head_json":{"title":"E.LECLERC SORIA PATROCINA EL DEPORTE EN SAN SATURIO 2017 - E.Leclerc Soria","robots":{"index":"index","follow":"follow","max-snippet":"max-snippet:-1","max-image-preview":"max-image-preview:large","max-video-preview":"max-video-preview:-1"},"canonical":"https:\/\/e-leclerc.es\/soria\/tendencias\/e-leclerc-soria-patrocina-el-deporte-en-san-saturio-2017\/","og_locale":"es_ES","og_type":"article","og_title":"E.LECLERC SORIA PATROCINA EL DEPORTE EN SAN SATURIO 2017 - E.Leclerc Soria","og_description":"E.Leclerc Soria estar\u00e1 presente de nuevo en las Fiestas Patronales de San Saturio, colaborando con diversas actividades","og_url":"https:\/\/e-leclerc.es\/soria\/tendencias\/e-leclerc-soria-patrocina-el-deporte-en-san-saturio-2017\/","og_site_name":"E.Leclerc Soria","article_publisher":"https:\/\/www.facebook.com\/eleclercsoria?ref=hl","article_published_time":"2017-10-03T15:24:46+00:00","og_image":[{"width":740,"height":347,"url":"https:\/\/e-leclerc.es\/soria\/wp-content\/uploads\/sites\/3\/2017\/10\/2fduatlon_1378.jpg","type":"image\/jpeg"}],"twitter_card":"summary_large_image","twitter_creator":"@LeclercSoria","twitter_site":"@LeclercSoria","twitter_misc":{"Tiempo de lectura":"1 minuto"},"schema":{"@context":"https:\/\/schema.org","@graph":[{"@type":"Article","@id":"https:\/\/e-leclerc.es\/soria\/tendencias\/e-leclerc-soria-patrocina-el-deporte-en-san-saturio-2017\/#article","isPartOf":{"@id":"https:\/\/e-leclerc.es\/soria\/tendencias\/e-leclerc-soria-patrocina-el-deporte-en-san-saturio-2017\/"},"author":{"name":"","@id":""},"headline":"E.LECLERC SORIA PATROCINA EL DEPORTE EN SAN SATURIO 2017","datePublished":"2017-10-03T15:24:46+00:00","mainEntityOfPage":{"@id":"https:\/\/e-leclerc.es\/soria\/tendencias\/e-leclerc-soria-patrocina-el-deporte-en-san-saturio-2017\/"},"wordCount":305,"publisher":{"@id":"https:\/\/e-leclerc.es\/soria\/#organization"},"image":{"@id":"https:\/\/e-leclerc.es\/soria\/tendencias\/e-leclerc-soria-patrocina-el-deporte-en-san-saturio-2017\/#primaryimage"},"thumbnailUrl":"https:\/\/e-leclerc.es\/soria\/wp-content\/uploads\/sites\/3\/2017\/10\/2fduatlon_1378.jpg","articleSection":["Deporte"],"inLanguage":"es"},{"@type":"WebPage","@id":"https:\/\/e-leclerc.es\/soria\/tendencias\/e-leclerc-soria-patrocina-el-deporte-en-san-saturio-2017\/","url":"https:\/\/e-leclerc.es\/soria\/tendencias\/e-leclerc-soria-patrocina-el-deporte-en-san-saturio-2017\/","name":"E.LECLERC SORIA PATROCINA EL DEPORTE EN SAN SATURIO 2017 - E.Leclerc Soria","isPartOf":{"@id":"https:\/\/e-leclerc.es\/soria\/#website"},"primaryImageOfPage":{"@id":"https:\/\/e-leclerc.es\/soria\/tendencias\/e-leclerc-soria-patrocina-el-deporte-en-san-saturio-2017\/#primaryimage"},"image":{"@id":"https:\/\/e-leclerc.es\/soria\/tendencias\/e-leclerc-soria-patrocina-el-deporte-en-san-saturio-2017\/#primaryimage"},"thumbnailUrl":"https:\/\/e-leclerc.es\/soria\/wp-content\/uploads\/sites\/3\/2017\/10\/2fduatlon_1378.jpg","datePublished":"2017-10-03T15:24:46+00:00","breadcrumb":{"@id":"https:\/\/e-leclerc.es\/soria\/tendencias\/e-leclerc-soria-patrocina-el-deporte-en-san-saturio-2017\/#breadcrumb"},"inLanguage":"es","potentialAction":[{"@type":"ReadAction","target":["https:\/\/e-leclerc.es\/soria\/tendencias\/e-leclerc-soria-patrocina-el-deporte-en-san-saturio-2017\/"]}]},{"@type":"ImageObject","inLanguage":"es","@id":"https:\/\/e-leclerc.es\/soria\/tendencias\/e-leclerc-soria-patrocina-el-deporte-en-san-saturio-2017\/#primaryimage","url":"https:\/\/e-leclerc.es\/soria\/wp-content\/uploads\/sites\/3\/2017\/10\/2fduatlon_1378.jpg","contentUrl":"https:\/\/e-leclerc.es\/soria\/wp-content\/uploads\/sites\/3\/2017\/10\/2fduatlon_1378.jpg","width":740,"height":347},{"@type":"BreadcrumbList","@id":"https:\/\/e-leclerc.es\/soria\/tendencias\/e-leclerc-soria-patrocina-el-deporte-en-san-saturio-2017\/#breadcrumb","itemListElement":[{"@type":"ListItem","position":1,"name":"Portada","item":"https:\/\/e-leclerc.es\/soria\/"},{"@type":"ListItem","position":2,"name":"E.LECLERC SORIA PATROCINA EL DEPORTE EN SAN SATURIO 2017"}]},{"@type":"WebSite","@id":"https:\/\/e-leclerc.es\/soria\/#website","url":"https:\/\/e-leclerc.es\/soria\/","name":"E.Leclerc Soria","description":"Descubre los folletos, ofertas y promociones de nuestro hipermercado E.Leclerc Soria en Castilla y Le\u00f3n. Direcci\u00f3n | Horario | Productos locales","publisher":{"@id":"https:\/\/e-leclerc.es\/soria\/#organization"},"alternateName":"E.Leclerc Soria","potentialAction":[{"@type":"SearchAction","target":{"@type":"EntryPoint","urlTemplate":"https:\/\/e-leclerc.es\/soria\/?s={search_term_string}"},"query-input":{"@type":"PropertyValueSpecification","valueRequired":true,"valueName":"search_term_string"}}],"inLanguage":"es"},{"@type":"Organization","@id":"https:\/\/e-leclerc.es\/soria\/#organization","name":"E.Leclerc Soria","alternateName":"Soriadis, S.L.","url":"https:\/\/e-leclerc.es\/soria\/","logo":{"@type":"ImageObject","inLanguage":"es","@id":"https:\/\/e-leclerc.es\/soria\/#\/schema\/logo\/image\/","url":"https:\/\/e-leclerc.es\/soria\/wp-content\/uploads\/sites\/3\/2024\/05\/Logo_Soria-1.svg","contentUrl":"https:\/\/e-leclerc.es\/soria\/wp-content\/uploads\/sites\/3\/2024\/05\/Logo_Soria-1.svg","width":100,"height":100,"caption":"E.Leclerc Soria"},"image":{"@id":"https:\/\/e-leclerc.es\/soria\/#\/schema\/logo\/image\/"},"sameAs":["https:\/\/www.facebook.com\/eleclercsoria?ref=hl","https:\/\/x.com\/LeclercSoria","https:\/\/www.instagram.com\/e.leclercsoria\/"]}]}},"_links":{"self":[{"href":"https:\/\/e-leclerc.es\/soria\/wp-json\/wp\/v2\/posts\/6513","targetHints":{"allow":["GET"]}}],"collection":[{"href":"https:\/\/e-leclerc.es\/soria\/wp-json\/wp\/v2\/posts"}],"about":[{"href":"https:\/\/e-leclerc.es\/soria\/wp-json\/wp\/v2\/types\/post"}],"replies":[{"embeddable":true,"href":"https:\/\/e-leclerc.es\/soria\/wp-json\/wp\/v2\/comments?post=6513"}],"version-history":[{"count":0,"href":"https:\/\/e-leclerc.es\/soria\/wp-json\/wp\/v2\/posts\/6513\/revisions"}],"wp:featuredmedia":[{"embeddable":true,"href":"https:\/\/e-leclerc.es\/soria\/wp-json\/wp\/v2\/media\/6514"}],"wp:attachment":[{"href":"https:\/\/e-leclerc.es\/soria\/wp-json\/wp\/v2\/media?parent=6513"}],"wp:term":[{"taxonomy":"category","embeddable":true,"href":"https:\/\/e-leclerc.es\/soria\/wp-json\/wp\/v2\/categories?post=6513"},{"taxonomy":"post_tag","embeddable":true,"href":"https:\/\/e-leclerc.es\/soria\/wp-json\/wp\/v2\/tags?post=6513"}],"curies":[{"name":"wp","href":"https:\/\/api.w.org\/{rel}","templated":true}]}}