{"id":6493,"date":"2017-05-16T15:39:01","date_gmt":"2017-05-16T13:39:01","guid":{"rendered":"https:\/\/www.e-leclerc.es\/soria\/tendencias\/iii-carrera-popular-y-solidaria-e-leclerc-soria\/"},"modified":"2017-05-16T15:39:01","modified_gmt":"2017-05-16T13:39:01","slug":"iii-carrera-popular-y-solidaria-e-leclerc-soria","status":"publish","type":"post","link":"https:\/\/e-leclerc.es\/soria\/tendencias\/iii-carrera-popular-y-solidaria-e-leclerc-soria\/","title":{"rendered":"III CARRERA POPULAR Y SOLIDARIA E.LECLERC SORIA"},"content":{"rendered":"<p>Esta ma\u00f1ana se ha celebrado la III Carrera Solidaria E. Leclerc en favor de Redenci\u00f3n, que ha contado con cerca de 120 participantes entre la carrera y la marcha. Dani Mateo y Alicia Garijo han sido los primeros en cruzar la l\u00ednea de meta, ubicada en el hipermercado E.Leclerc del pol\u00edgono industrial Las Casas. Se trata de uno de los m\u00faltiples actos deportivos y de ocio que organiza el hipermercado con motivo de su 21 aniversario. La cita ha comenzado a las 12.00 horas de la ma\u00f1ana del E.Leclerc situado en Mariano Vic\u00e9n y ha finalizado en el establecimiento ubicado en el pol\u00edgono de Las Casas. Poco m\u00e1s de tres kil\u00f3metros de distancia cargados de solidaridad. Se ha recaudado 600\u20ac para la protectora y se han sorteado diversos premios entre los participantes de la carrera como bonos de compra, bicis, entradas para el CD Numancia etc<\/p>\n","protected":false},"excerpt":{"rendered":"<p>los ganadores han sido Daniel Mateo y Alicia Garijo, La recaudaci\u00f3n de inscripciones y patrocinador ha sido de 600\u20ac para la Protectora de animales Redenci\u00f3n.<\/p>\n","protected":false},"author":0,"featured_media":6494,"comment_status":"","ping_status":"open","sticky":false,"template":"","format":"standard","meta":{"_acf_changed":false,"footnotes":""},"categories":[122],"tags":[],"class_list":["post-6493","post","type-post","status-publish","format-standard","has-post-thumbnail","hentry","category-deporte"],"acf":[],"yoast_head":"<!-- This site is optimized with the Yoast SEO plugin v27.4 - https:\/\/yoast.com\/product\/yoast-seo-wordpress\/ -->\n<title>III CARRERA POPULAR Y SOLIDARIA E.LECLERC SORIA - E.Leclerc Soria<\/title>\n<meta name=\"robots\" content=\"index, follow, max-snippet:-1, max-image-preview:large, max-video-preview:-1\" \/>\n<link rel=\"canonical\" href=\"https:\/\/e-leclerc.es\/soria\/tendencias\/iii-carrera-popular-y-solidaria-e-leclerc-soria\/\" \/>\n<meta property=\"og:locale\" content=\"es_ES\" \/>\n<meta property=\"og:type\" content=\"article\" \/>\n<meta property=\"og:title\" content=\"III CARRERA POPULAR Y SOLIDARIA E.LECLERC SORIA - E.Leclerc Soria\" \/>\n<meta property=\"og:description\" content=\"los ganadores han sido Daniel Mateo y Alicia Garijo, La recaudaci\u00f3n de inscripciones y patrocinador ha sido de 600\u20ac para la Protectora de animales Redenci\u00f3n.\" \/>\n<meta property=\"og:url\" content=\"https:\/\/e-leclerc.es\/soria\/tendencias\/iii-carrera-popular-y-solidaria-e-leclerc-soria\/\" \/>\n<meta property=\"og:site_name\" content=\"E.Leclerc Soria\" \/>\n<meta property=\"article:publisher\" content=\"https:\/\/www.facebook.com\/eleclercsoria?ref=hl\" \/>\n<meta property=\"article:published_time\" content=\"2017-05-16T13:39:01+00:00\" \/>\n<meta property=\"og:image\" content=\"https:\/\/e-leclerc.es\/soria\/wp-content\/uploads\/sites\/3\/2017\/05\/1494948595208_1345.jpg\" \/>\n\t<meta property=\"og:image:width\" content=\"1600\" \/>\n\t<meta property=\"og:image:height\" content=\"1200\" \/>\n\t<meta property=\"og:image:type\" content=\"image\/jpeg\" \/>\n<meta name=\"twitter:card\" content=\"summary_large_image\" \/>\n<meta name=\"twitter:creator\" content=\"@LeclercSoria\" \/>\n<meta name=\"twitter:site\" content=\"@LeclercSoria\" \/>\n<meta name=\"twitter:label1\" content=\"Tiempo de lectura\" \/>\n\t<meta name=\"twitter:data1\" content=\"1 minuto\" \/>\n<script type=\"application\/ld+json\" class=\"yoast-schema-graph\">{\"@context\":\"https:\\\/\\\/schema.org\",\"@graph\":[{\"@type\":\"Article\",\"@id\":\"https:\\\/\\\/e-leclerc.es\\\/soria\\\/tendencias\\\/iii-carrera-popular-y-solidaria-e-leclerc-soria\\\/#article\",\"isPartOf\":{\"@id\":\"https:\\\/\\\/e-leclerc.es\\\/soria\\\/tendencias\\\/iii-carrera-popular-y-solidaria-e-leclerc-soria\\\/\"},\"author\":{\"name\":\"\",\"@id\":\"\"},\"headline\":\"III CARRERA POPULAR Y SOLIDARIA E.LECLERC SORIA\",\"datePublished\":\"2017-05-16T13:39:01+00:00\",\"mainEntityOfPage\":{\"@id\":\"https:\\\/\\\/e-leclerc.es\\\/soria\\\/tendencias\\\/iii-carrera-popular-y-solidaria-e-leclerc-soria\\\/\"},\"wordCount\":162,\"publisher\":{\"@id\":\"https:\\\/\\\/e-leclerc.es\\\/soria\\\/#organization\"},\"image\":{\"@id\":\"https:\\\/\\\/e-leclerc.es\\\/soria\\\/tendencias\\\/iii-carrera-popular-y-solidaria-e-leclerc-soria\\\/#primaryimage\"},\"thumbnailUrl\":\"https:\\\/\\\/e-leclerc.es\\\/soria\\\/wp-content\\\/uploads\\\/sites\\\/3\\\/2017\\\/05\\\/1494948595208_1345.jpg\",\"articleSection\":[\"Deporte\"],\"inLanguage\":\"es\"},{\"@type\":\"WebPage\",\"@id\":\"https:\\\/\\\/e-leclerc.es\\\/soria\\\/tendencias\\\/iii-carrera-popular-y-solidaria-e-leclerc-soria\\\/\",\"url\":\"https:\\\/\\\/e-leclerc.es\\\/soria\\\/tendencias\\\/iii-carrera-popular-y-solidaria-e-leclerc-soria\\\/\",\"name\":\"III CARRERA POPULAR Y SOLIDARIA E.LECLERC SORIA - E.Leclerc Soria\",\"isPartOf\":{\"@id\":\"https:\\\/\\\/e-leclerc.es\\\/soria\\\/#website\"},\"primaryImageOfPage\":{\"@id\":\"https:\\\/\\\/e-leclerc.es\\\/soria\\\/tendencias\\\/iii-carrera-popular-y-solidaria-e-leclerc-soria\\\/#primaryimage\"},\"image\":{\"@id\":\"https:\\\/\\\/e-leclerc.es\\\/soria\\\/tendencias\\\/iii-carrera-popular-y-solidaria-e-leclerc-soria\\\/#primaryimage\"},\"thumbnailUrl\":\"https:\\\/\\\/e-leclerc.es\\\/soria\\\/wp-content\\\/uploads\\\/sites\\\/3\\\/2017\\\/05\\\/1494948595208_1345.jpg\",\"datePublished\":\"2017-05-16T13:39:01+00:00\",\"breadcrumb\":{\"@id\":\"https:\\\/\\\/e-leclerc.es\\\/soria\\\/tendencias\\\/iii-carrera-popular-y-solidaria-e-leclerc-soria\\\/#breadcrumb\"},\"inLanguage\":\"es\",\"potentialAction\":[{\"@type\":\"ReadAction\",\"target\":[\"https:\\\/\\\/e-leclerc.es\\\/soria\\\/tendencias\\\/iii-carrera-popular-y-solidaria-e-leclerc-soria\\\/\"]}]},{\"@type\":\"ImageObject\",\"inLanguage\":\"es\",\"@id\":\"https:\\\/\\\/e-leclerc.es\\\/soria\\\/tendencias\\\/iii-carrera-popular-y-solidaria-e-leclerc-soria\\\/#primaryimage\",\"url\":\"https:\\\/\\\/e-leclerc.es\\\/soria\\\/wp-content\\\/uploads\\\/sites\\\/3\\\/2017\\\/05\\\/1494948595208_1345.jpg\",\"contentUrl\":\"https:\\\/\\\/e-leclerc.es\\\/soria\\\/wp-content\\\/uploads\\\/sites\\\/3\\\/2017\\\/05\\\/1494948595208_1345.jpg\",\"width\":1600,\"height\":1200},{\"@type\":\"BreadcrumbList\",\"@id\":\"https:\\\/\\\/e-leclerc.es\\\/soria\\\/tendencias\\\/iii-carrera-popular-y-solidaria-e-leclerc-soria\\\/#breadcrumb\",\"itemListElement\":[{\"@type\":\"ListItem\",\"position\":1,\"name\":\"Portada\",\"item\":\"https:\\\/\\\/e-leclerc.es\\\/soria\\\/\"},{\"@type\":\"ListItem\",\"position\":2,\"name\":\"III CARRERA POPULAR Y SOLIDARIA E.LECLERC SORIA\"}]},{\"@type\":\"WebSite\",\"@id\":\"https:\\\/\\\/e-leclerc.es\\\/soria\\\/#website\",\"url\":\"https:\\\/\\\/e-leclerc.es\\\/soria\\\/\",\"name\":\"E.Leclerc Soria\",\"description\":\"Descubre los folletos, ofertas y promociones de nuestro hipermercado E.Leclerc Soria en Castilla y Le\u00f3n. Direcci\u00f3n | Horario | Productos locales\",\"publisher\":{\"@id\":\"https:\\\/\\\/e-leclerc.es\\\/soria\\\/#organization\"},\"alternateName\":\"E.Leclerc Soria\",\"potentialAction\":[{\"@type\":\"SearchAction\",\"target\":{\"@type\":\"EntryPoint\",\"urlTemplate\":\"https:\\\/\\\/e-leclerc.es\\\/soria\\\/?s={search_term_string}\"},\"query-input\":{\"@type\":\"PropertyValueSpecification\",\"valueRequired\":true,\"valueName\":\"search_term_string\"}}],\"inLanguage\":\"es\"},{\"@type\":\"Organization\",\"@id\":\"https:\\\/\\\/e-leclerc.es\\\/soria\\\/#organization\",\"name\":\"E.Leclerc Soria\",\"alternateName\":\"Soriadis, S.L.\",\"url\":\"https:\\\/\\\/e-leclerc.es\\\/soria\\\/\",\"logo\":{\"@type\":\"ImageObject\",\"inLanguage\":\"es\",\"@id\":\"https:\\\/\\\/e-leclerc.es\\\/soria\\\/#\\\/schema\\\/logo\\\/image\\\/\",\"url\":\"https:\\\/\\\/e-leclerc.es\\\/soria\\\/wp-content\\\/uploads\\\/sites\\\/3\\\/2024\\\/05\\\/Logo_Soria-1.svg\",\"contentUrl\":\"https:\\\/\\\/e-leclerc.es\\\/soria\\\/wp-content\\\/uploads\\\/sites\\\/3\\\/2024\\\/05\\\/Logo_Soria-1.svg\",\"width\":100,\"height\":100,\"caption\":\"E.Leclerc Soria\"},\"image\":{\"@id\":\"https:\\\/\\\/e-leclerc.es\\\/soria\\\/#\\\/schema\\\/logo\\\/image\\\/\"},\"sameAs\":[\"https:\\\/\\\/www.facebook.com\\\/eleclercsoria?ref=hl\",\"https:\\\/\\\/x.com\\\/LeclercSoria\",\"https:\\\/\\\/www.instagram.com\\\/e.leclercsoria\\\/\"]}]}<\/script>\n<!-- \/ Yoast SEO plugin. -->","yoast_head_json":{"title":"III CARRERA POPULAR Y SOLIDARIA E.LECLERC SORIA - E.Leclerc Soria","robots":{"index":"index","follow":"follow","max-snippet":"max-snippet:-1","max-image-preview":"max-image-preview:large","max-video-preview":"max-video-preview:-1"},"canonical":"https:\/\/e-leclerc.es\/soria\/tendencias\/iii-carrera-popular-y-solidaria-e-leclerc-soria\/","og_locale":"es_ES","og_type":"article","og_title":"III CARRERA POPULAR Y SOLIDARIA E.LECLERC SORIA - E.Leclerc Soria","og_description":"los ganadores han sido Daniel Mateo y Alicia Garijo, La recaudaci\u00f3n de inscripciones y patrocinador ha sido de 600\u20ac para la Protectora de animales Redenci\u00f3n.","og_url":"https:\/\/e-leclerc.es\/soria\/tendencias\/iii-carrera-popular-y-solidaria-e-leclerc-soria\/","og_site_name":"E.Leclerc Soria","article_publisher":"https:\/\/www.facebook.com\/eleclercsoria?ref=hl","article_published_time":"2017-05-16T13:39:01+00:00","og_image":[{"width":1600,"height":1200,"url":"https:\/\/e-leclerc.es\/soria\/wp-content\/uploads\/sites\/3\/2017\/05\/1494948595208_1345.jpg","type":"image\/jpeg"}],"twitter_card":"summary_large_image","twitter_creator":"@LeclercSoria","twitter_site":"@LeclercSoria","twitter_misc":{"Tiempo de lectura":"1 minuto"},"schema":{"@context":"https:\/\/schema.org","@graph":[{"@type":"Article","@id":"https:\/\/e-leclerc.es\/soria\/tendencias\/iii-carrera-popular-y-solidaria-e-leclerc-soria\/#article","isPartOf":{"@id":"https:\/\/e-leclerc.es\/soria\/tendencias\/iii-carrera-popular-y-solidaria-e-leclerc-soria\/"},"author":{"name":"","@id":""},"headline":"III CARRERA POPULAR Y SOLIDARIA E.LECLERC SORIA","datePublished":"2017-05-16T13:39:01+00:00","mainEntityOfPage":{"@id":"https:\/\/e-leclerc.es\/soria\/tendencias\/iii-carrera-popular-y-solidaria-e-leclerc-soria\/"},"wordCount":162,"publisher":{"@id":"https:\/\/e-leclerc.es\/soria\/#organization"},"image":{"@id":"https:\/\/e-leclerc.es\/soria\/tendencias\/iii-carrera-popular-y-solidaria-e-leclerc-soria\/#primaryimage"},"thumbnailUrl":"https:\/\/e-leclerc.es\/soria\/wp-content\/uploads\/sites\/3\/2017\/05\/1494948595208_1345.jpg","articleSection":["Deporte"],"inLanguage":"es"},{"@type":"WebPage","@id":"https:\/\/e-leclerc.es\/soria\/tendencias\/iii-carrera-popular-y-solidaria-e-leclerc-soria\/","url":"https:\/\/e-leclerc.es\/soria\/tendencias\/iii-carrera-popular-y-solidaria-e-leclerc-soria\/","name":"III CARRERA POPULAR Y SOLIDARIA E.LECLERC SORIA - E.Leclerc Soria","isPartOf":{"@id":"https:\/\/e-leclerc.es\/soria\/#website"},"primaryImageOfPage":{"@id":"https:\/\/e-leclerc.es\/soria\/tendencias\/iii-carrera-popular-y-solidaria-e-leclerc-soria\/#primaryimage"},"image":{"@id":"https:\/\/e-leclerc.es\/soria\/tendencias\/iii-carrera-popular-y-solidaria-e-leclerc-soria\/#primaryimage"},"thumbnailUrl":"https:\/\/e-leclerc.es\/soria\/wp-content\/uploads\/sites\/3\/2017\/05\/1494948595208_1345.jpg","datePublished":"2017-05-16T13:39:01+00:00","breadcrumb":{"@id":"https:\/\/e-leclerc.es\/soria\/tendencias\/iii-carrera-popular-y-solidaria-e-leclerc-soria\/#breadcrumb"},"inLanguage":"es","potentialAction":[{"@type":"ReadAction","target":["https:\/\/e-leclerc.es\/soria\/tendencias\/iii-carrera-popular-y-solidaria-e-leclerc-soria\/"]}]},{"@type":"ImageObject","inLanguage":"es","@id":"https:\/\/e-leclerc.es\/soria\/tendencias\/iii-carrera-popular-y-solidaria-e-leclerc-soria\/#primaryimage","url":"https:\/\/e-leclerc.es\/soria\/wp-content\/uploads\/sites\/3\/2017\/05\/1494948595208_1345.jpg","contentUrl":"https:\/\/e-leclerc.es\/soria\/wp-content\/uploads\/sites\/3\/2017\/05\/1494948595208_1345.jpg","width":1600,"height":1200},{"@type":"BreadcrumbList","@id":"https:\/\/e-leclerc.es\/soria\/tendencias\/iii-carrera-popular-y-solidaria-e-leclerc-soria\/#breadcrumb","itemListElement":[{"@type":"ListItem","position":1,"name":"Portada","item":"https:\/\/e-leclerc.es\/soria\/"},{"@type":"ListItem","position":2,"name":"III CARRERA POPULAR Y SOLIDARIA E.LECLERC SORIA"}]},{"@type":"WebSite","@id":"https:\/\/e-leclerc.es\/soria\/#website","url":"https:\/\/e-leclerc.es\/soria\/","name":"E.Leclerc Soria","description":"Descubre los folletos, ofertas y promociones de nuestro hipermercado E.Leclerc Soria en Castilla y Le\u00f3n. Direcci\u00f3n | Horario | Productos locales","publisher":{"@id":"https:\/\/e-leclerc.es\/soria\/#organization"},"alternateName":"E.Leclerc Soria","potentialAction":[{"@type":"SearchAction","target":{"@type":"EntryPoint","urlTemplate":"https:\/\/e-leclerc.es\/soria\/?s={search_term_string}"},"query-input":{"@type":"PropertyValueSpecification","valueRequired":true,"valueName":"search_term_string"}}],"inLanguage":"es"},{"@type":"Organization","@id":"https:\/\/e-leclerc.es\/soria\/#organization","name":"E.Leclerc Soria","alternateName":"Soriadis, S.L.","url":"https:\/\/e-leclerc.es\/soria\/","logo":{"@type":"ImageObject","inLanguage":"es","@id":"https:\/\/e-leclerc.es\/soria\/#\/schema\/logo\/image\/","url":"https:\/\/e-leclerc.es\/soria\/wp-content\/uploads\/sites\/3\/2024\/05\/Logo_Soria-1.svg","contentUrl":"https:\/\/e-leclerc.es\/soria\/wp-content\/uploads\/sites\/3\/2024\/05\/Logo_Soria-1.svg","width":100,"height":100,"caption":"E.Leclerc Soria"},"image":{"@id":"https:\/\/e-leclerc.es\/soria\/#\/schema\/logo\/image\/"},"sameAs":["https:\/\/www.facebook.com\/eleclercsoria?ref=hl","https:\/\/x.com\/LeclercSoria","https:\/\/www.instagram.com\/e.leclercsoria\/"]}]}},"_links":{"self":[{"href":"https:\/\/e-leclerc.es\/soria\/wp-json\/wp\/v2\/posts\/6493","targetHints":{"allow":["GET"]}}],"collection":[{"href":"https:\/\/e-leclerc.es\/soria\/wp-json\/wp\/v2\/posts"}],"about":[{"href":"https:\/\/e-leclerc.es\/soria\/wp-json\/wp\/v2\/types\/post"}],"replies":[{"embeddable":true,"href":"https:\/\/e-leclerc.es\/soria\/wp-json\/wp\/v2\/comments?post=6493"}],"version-history":[{"count":0,"href":"https:\/\/e-leclerc.es\/soria\/wp-json\/wp\/v2\/posts\/6493\/revisions"}],"wp:featuredmedia":[{"embeddable":true,"href":"https:\/\/e-leclerc.es\/soria\/wp-json\/wp\/v2\/media\/6494"}],"wp:attachment":[{"href":"https:\/\/e-leclerc.es\/soria\/wp-json\/wp\/v2\/media?parent=6493"}],"wp:term":[{"taxonomy":"category","embeddable":true,"href":"https:\/\/e-leclerc.es\/soria\/wp-json\/wp\/v2\/categories?post=6493"},{"taxonomy":"post_tag","embeddable":true,"href":"https:\/\/e-leclerc.es\/soria\/wp-json\/wp\/v2\/tags?post=6493"}],"curies":[{"name":"wp","href":"https:\/\/api.w.org\/{rel}","templated":true}]}}