{"id":6485,"date":"2017-05-12T09:58:53","date_gmt":"2017-05-12T07:58:53","guid":{"rendered":"https:\/\/www.e-leclerc.es\/soria\/tendencias\/e-leclerc-soria-presenta-las-actividades-de-su-21o-aniversario\/"},"modified":"2017-05-12T09:58:53","modified_gmt":"2017-05-12T07:58:53","slug":"e-leclerc-soria-presenta-las-actividades-de-su-21o-aniversario","status":"publish","type":"post","link":"https:\/\/e-leclerc.es\/soria\/tendencias\/e-leclerc-soria-presenta-las-actividades-de-su-21o-aniversario\/","title":{"rendered":"E.LECLERC SORIA PRESENTA LAS ACTIVIDADES  DE SU 21\u00ba ANIVERSARIO"},"content":{"rendered":"<p>Eventos deportivos, actividades l\u00fadicas para los m\u00e1s peque\u00f1os y para toda la familia, e incluso un novedoso concurso de fotograf\u00eda, componen m\u00e1s de una decena de actividades organizadas por parte de Hipermercado E.Leclerc Soria para celebrar durante este mes de mayo su vig\u00e9simo primer aniversario. La responsable de protocolo de la empresa, Conchi Comas y la directora, Pilar Antol\u00edn, han presentado un completo programa de actividades acompa\u00f1ados por los diferentes representantes de clubes deportivos y de empresas colaboradoras.<\/p>\n<p>Pilar Antol\u00edn, ha comunicado que el hipermercado ha previsto tres folletos para la celebraci\u00f3n del aniversario en el que no faltar\u00e1n los sorteos y regalos. En esta ocasi\u00f3n, un coche Opel Corsa y una moto Vespa, ser\u00e1n los obsequios estrella a los que podr\u00e1n optar los clientes de la gran superficie, sin olvidar numerosos regalos que se repartir\u00e1n en una t\u00f3mbola. Por su parte, Conchi Comas ha destacado la implicaci\u00f3n del hipermercado con el deporte soriano, incluido el minoritario, ya que este a\u00f1o se abre a\u00fan m\u00e1s el abanico de disciplinas deportivas con el tiro con arco.<br \/>\nEl pr\u00f3ximo cinco de mayo a las 17.30h., el R\u00edo Duero, representado en la presentaci\u00f3n por el vicepresidente de la entidad, \u00c1ngel Romera, organizar\u00e1 una exhibici\u00f3n en E. Leclerc en un campo de voley playa donde los clientes tambi\u00e9n podr\u00e1n jugar unos minutos con los jugadores del primer equipo celeste.<\/p>\n<p>Un d\u00eda m\u00e1s tarde, a las 11.30 horas, habr\u00e1 un parque infantil de humor amarillo junto con actividades de atletismo para menores, mientras que por la tarde, a las 17.30 horas, el Club Alto Real, representado por Luis \u00c1ngel Amor, dar\u00e1 a conocer el tiro con arco posibilitando la pr\u00e1ctica de esta disciplina con arcos, parapetos y dianas en tres dimensiones.<\/p>\n<p>Javier del Pino, responsable de marketing del CD Numancia y el vicepresidente de la entidad rojilla, Eduardo Rubio, han agradecido el apoyo de E. Leclerc al club, organizando varias actividades y juegos en los que estar\u00e1n presentes los futbolistas de Segunda divisi\u00f3n que entrena Jagoba Arrasate tanto el 10 como el 11 de mayo a las 18.30 horas. Adem\u00e1s, junto con Coca Cola, habr\u00e1 muchos regalos para los asistentes.<\/p>\n<p>Una de las actividades que m\u00e1s ha crecido en los \u00faltimos a\u00f1os durante los aniversarios del hipermercado es el torneo 3\u00d73 de baloncesto que ha presentado Iv\u00e1n Delgado, dirigente del FDR Basket. El a\u00f1o pasado participaron 58 equipos y m\u00e1s de 250 jugadores. Este curso se disputar\u00e1 el 12 de mayo de 16 a 20.30 horas. Las inscripciones se pueden realizar de forma gratuita en E. Leclerc o en la web del FDR hasta el 10 de mayo a las 20.00 horas.<\/p>\n<p>El s\u00e1bado 13 de mayo a las 12.00 horas se celebrar\u00e1 la III Carrera Solidaria E. Leclerc en favor de Redenci\u00f3n. Rub\u00e9n Andr\u00e9s, director general de Deporama, y los padrinos de la cita, los atletas Abel Ant\u00f3n y Daniel Mateo, han invitado a la participaci\u00f3n a los corredores populares en una prueba en la que se recogen donativos de dos euros para la Asociaci\u00f3n Redenci\u00f3n de protecci\u00f3n, recogida y adopci\u00f3n de animales abandonados. La salida ser\u00e1 desde el E. Leclerc de Mariano Vic\u00e9n y tendr\u00e1 como llegada el hipermercado del pol\u00edgono industrial Las Casas y habr\u00e1 tanto carrera popular como marcha, con el objetivo de que haya menos limitaciones f\u00edsicas para participar. Daniel Mateo ha confirmado que correr\u00e1 en la cita: \u201cLlevaba tiempo queriendo estar en esta cita pero diferentes competiciones me lo hab\u00edan impedido hasta ahora, por lo que esta vez intentar\u00e9 estar corriendo si no surge ning\u00fan imprevisto\u201d, ha se\u00f1alado. Por su parte, Carmen Mar\u00eda, de Redenci\u00f3n, ha agradecido el car\u00e1cter solidario de la cita en favor de su asociaci\u00f3n para continuar su labor de cuidado y promoci\u00f3n de la adopci\u00f3n de animales.<br \/>\nVanesa Garc\u00eda y Virginia Hern\u00e1ndez, entrenadoras del CD Gimnasia Soria, han se\u00f1alado que el viernes 19 de mayo a las 18.30 horas sus gimnastas realizar\u00e1n una exhibici\u00f3n tanto de r\u00edtmica como de aer\u00f3bica. Al tener muchas competiciones en mayo podr\u00e1n aprovechar el evento como preparaci\u00f3n, llegar al p\u00fablico soriano y \u201ccoger tablas\u201d.<br \/>\nPor su parte, Mar\u00eda Ferrer, de Afomic, se ha mostrado agradecida de que la fotograf\u00eda gane protagonismo en el aniversario. Habr\u00e1 un concurso de fotos para menores de 16 a\u00f1os que se ha iniciado esta semana. Las instant\u00e1neas deben enviarse a afomic@gmail.com y a partir del 16 de mayo el jurado fallar\u00e1 los ganadores. Del 20 al 30 de mayo se expondr\u00e1n las im\u00e1genes en E. Leclerc. Los premios ser\u00e1n tres c\u00e1maras de fotos y un curso de iniciaci\u00f3n que se impartir\u00e1 el 24 de junio.<br \/>\nRa\u00fal Romero y la empresa Pasarlo Bit, ofrecer\u00e1n el 24 de mayo una jornada de juegos de mesa. Los multijuegos llegar\u00e1n el 25 de mayo, mientras que el 26 de mayo habr\u00e1 combates de Soft Combat con escudos y espadas de gomaespuma. Por otra parte, el 27 de mayo, la m\u00fasica y un karaoke en varios idiomas ser\u00e1n las actividades protagonistas. Todos estos actos comenzar\u00e1n a las 18.00 horas.<br \/>\nPor \u00faltimo, el 26 y 27 de mayo, E. Leclerc celebrar\u00e1 su II Feria de Proveedores locales, con degustaciones y m\u00fasica.<\/p>\n<p>Fuente: DesdeSoria<\/p>\n","protected":false},"excerpt":{"rendered":"<p>Entre los d\u00edas 6 y 27 de mayo hemos organizado una gran variedad de actividades deportivas y l\u00fadicas para celebrar que cumplimos 21 a\u00f1os en Soria.<\/p>\n","protected":false},"author":0,"featured_media":6486,"comment_status":"","ping_status":"open","sticky":false,"template":"","format":"standard","meta":{"_acf_changed":false,"footnotes":""},"categories":[118],"tags":[],"class_list":["post-6485","post","type-post","status-publish","format-standard","has-post-thumbnail","hentry","category-espacio-cultural"],"acf":[],"yoast_head":"<!-- This site is optimized with the Yoast SEO plugin v27.4 - https:\/\/yoast.com\/product\/yoast-seo-wordpress\/ -->\n<title>E.LECLERC SORIA PRESENTA LAS ACTIVIDADES DE SU 21\u00ba ANIVERSARIO - E.Leclerc Soria<\/title>\n<meta name=\"robots\" content=\"index, follow, max-snippet:-1, max-image-preview:large, max-video-preview:-1\" \/>\n<link rel=\"canonical\" href=\"https:\/\/e-leclerc.es\/soria\/tendencias\/e-leclerc-soria-presenta-las-actividades-de-su-21o-aniversario\/\" \/>\n<meta property=\"og:locale\" content=\"es_ES\" \/>\n<meta property=\"og:type\" content=\"article\" \/>\n<meta property=\"og:title\" content=\"E.LECLERC SORIA PRESENTA LAS ACTIVIDADES DE SU 21\u00ba ANIVERSARIO - E.Leclerc Soria\" \/>\n<meta property=\"og:description\" content=\"Entre los d\u00edas 6 y 27 de mayo hemos organizado una gran variedad de actividades deportivas y l\u00fadicas para celebrar que cumplimos 21 a\u00f1os en Soria.\" \/>\n<meta property=\"og:url\" content=\"https:\/\/e-leclerc.es\/soria\/tendencias\/e-leclerc-soria-presenta-las-actividades-de-su-21o-aniversario\/\" \/>\n<meta property=\"og:site_name\" content=\"E.Leclerc Soria\" \/>\n<meta property=\"article:publisher\" content=\"https:\/\/www.facebook.com\/eleclercsoria?ref=hl\" \/>\n<meta property=\"article:published_time\" content=\"2017-05-12T07:58:53+00:00\" \/>\n<meta property=\"og:image\" content=\"https:\/\/e-leclerc.es\/soria\/wp-content\/uploads\/sites\/3\/2017\/05\/2fruedadeprensa00009_1336.jpg\" \/>\n\t<meta property=\"og:image:width\" content=\"2272\" \/>\n\t<meta property=\"og:image:height\" content=\"1704\" \/>\n\t<meta property=\"og:image:type\" content=\"image\/jpeg\" \/>\n<meta name=\"twitter:card\" content=\"summary_large_image\" \/>\n<meta name=\"twitter:creator\" content=\"@LeclercSoria\" \/>\n<meta name=\"twitter:site\" content=\"@LeclercSoria\" \/>\n<meta name=\"twitter:label1\" content=\"Tiempo de lectura\" \/>\n\t<meta name=\"twitter:data1\" content=\"5 minutos\" \/>\n<script type=\"application\/ld+json\" class=\"yoast-schema-graph\">{\"@context\":\"https:\\\/\\\/schema.org\",\"@graph\":[{\"@type\":\"Article\",\"@id\":\"https:\\\/\\\/e-leclerc.es\\\/soria\\\/tendencias\\\/e-leclerc-soria-presenta-las-actividades-de-su-21o-aniversario\\\/#article\",\"isPartOf\":{\"@id\":\"https:\\\/\\\/e-leclerc.es\\\/soria\\\/tendencias\\\/e-leclerc-soria-presenta-las-actividades-de-su-21o-aniversario\\\/\"},\"author\":{\"name\":\"\",\"@id\":\"\"},\"headline\":\"E.LECLERC SORIA PRESENTA LAS ACTIVIDADES DE SU 21\u00ba ANIVERSARIO\",\"datePublished\":\"2017-05-12T07:58:53+00:00\",\"mainEntityOfPage\":{\"@id\":\"https:\\\/\\\/e-leclerc.es\\\/soria\\\/tendencias\\\/e-leclerc-soria-presenta-las-actividades-de-su-21o-aniversario\\\/\"},\"wordCount\":920,\"publisher\":{\"@id\":\"https:\\\/\\\/e-leclerc.es\\\/soria\\\/#organization\"},\"image\":{\"@id\":\"https:\\\/\\\/e-leclerc.es\\\/soria\\\/tendencias\\\/e-leclerc-soria-presenta-las-actividades-de-su-21o-aniversario\\\/#primaryimage\"},\"thumbnailUrl\":\"https:\\\/\\\/e-leclerc.es\\\/soria\\\/wp-content\\\/uploads\\\/sites\\\/3\\\/2017\\\/05\\\/2fruedadeprensa00009_1336.jpg\",\"articleSection\":[\"Espacio cultural\"],\"inLanguage\":\"es\"},{\"@type\":\"WebPage\",\"@id\":\"https:\\\/\\\/e-leclerc.es\\\/soria\\\/tendencias\\\/e-leclerc-soria-presenta-las-actividades-de-su-21o-aniversario\\\/\",\"url\":\"https:\\\/\\\/e-leclerc.es\\\/soria\\\/tendencias\\\/e-leclerc-soria-presenta-las-actividades-de-su-21o-aniversario\\\/\",\"name\":\"E.LECLERC SORIA PRESENTA LAS ACTIVIDADES DE SU 21\u00ba ANIVERSARIO - E.Leclerc Soria\",\"isPartOf\":{\"@id\":\"https:\\\/\\\/e-leclerc.es\\\/soria\\\/#website\"},\"primaryImageOfPage\":{\"@id\":\"https:\\\/\\\/e-leclerc.es\\\/soria\\\/tendencias\\\/e-leclerc-soria-presenta-las-actividades-de-su-21o-aniversario\\\/#primaryimage\"},\"image\":{\"@id\":\"https:\\\/\\\/e-leclerc.es\\\/soria\\\/tendencias\\\/e-leclerc-soria-presenta-las-actividades-de-su-21o-aniversario\\\/#primaryimage\"},\"thumbnailUrl\":\"https:\\\/\\\/e-leclerc.es\\\/soria\\\/wp-content\\\/uploads\\\/sites\\\/3\\\/2017\\\/05\\\/2fruedadeprensa00009_1336.jpg\",\"datePublished\":\"2017-05-12T07:58:53+00:00\",\"breadcrumb\":{\"@id\":\"https:\\\/\\\/e-leclerc.es\\\/soria\\\/tendencias\\\/e-leclerc-soria-presenta-las-actividades-de-su-21o-aniversario\\\/#breadcrumb\"},\"inLanguage\":\"es\",\"potentialAction\":[{\"@type\":\"ReadAction\",\"target\":[\"https:\\\/\\\/e-leclerc.es\\\/soria\\\/tendencias\\\/e-leclerc-soria-presenta-las-actividades-de-su-21o-aniversario\\\/\"]}]},{\"@type\":\"ImageObject\",\"inLanguage\":\"es\",\"@id\":\"https:\\\/\\\/e-leclerc.es\\\/soria\\\/tendencias\\\/e-leclerc-soria-presenta-las-actividades-de-su-21o-aniversario\\\/#primaryimage\",\"url\":\"https:\\\/\\\/e-leclerc.es\\\/soria\\\/wp-content\\\/uploads\\\/sites\\\/3\\\/2017\\\/05\\\/2fruedadeprensa00009_1336.jpg\",\"contentUrl\":\"https:\\\/\\\/e-leclerc.es\\\/soria\\\/wp-content\\\/uploads\\\/sites\\\/3\\\/2017\\\/05\\\/2fruedadeprensa00009_1336.jpg\",\"width\":2272,\"height\":1704},{\"@type\":\"BreadcrumbList\",\"@id\":\"https:\\\/\\\/e-leclerc.es\\\/soria\\\/tendencias\\\/e-leclerc-soria-presenta-las-actividades-de-su-21o-aniversario\\\/#breadcrumb\",\"itemListElement\":[{\"@type\":\"ListItem\",\"position\":1,\"name\":\"Portada\",\"item\":\"https:\\\/\\\/e-leclerc.es\\\/soria\\\/\"},{\"@type\":\"ListItem\",\"position\":2,\"name\":\"E.LECLERC SORIA PRESENTA LAS ACTIVIDADES DE SU 21\u00ba ANIVERSARIO\"}]},{\"@type\":\"WebSite\",\"@id\":\"https:\\\/\\\/e-leclerc.es\\\/soria\\\/#website\",\"url\":\"https:\\\/\\\/e-leclerc.es\\\/soria\\\/\",\"name\":\"E.Leclerc Soria\",\"description\":\"Descubre los folletos, ofertas y promociones de nuestro hipermercado E.Leclerc Soria en Castilla y Le\u00f3n. Direcci\u00f3n | Horario | Productos locales\",\"publisher\":{\"@id\":\"https:\\\/\\\/e-leclerc.es\\\/soria\\\/#organization\"},\"alternateName\":\"E.Leclerc Soria\",\"potentialAction\":[{\"@type\":\"SearchAction\",\"target\":{\"@type\":\"EntryPoint\",\"urlTemplate\":\"https:\\\/\\\/e-leclerc.es\\\/soria\\\/?s={search_term_string}\"},\"query-input\":{\"@type\":\"PropertyValueSpecification\",\"valueRequired\":true,\"valueName\":\"search_term_string\"}}],\"inLanguage\":\"es\"},{\"@type\":\"Organization\",\"@id\":\"https:\\\/\\\/e-leclerc.es\\\/soria\\\/#organization\",\"name\":\"E.Leclerc Soria\",\"alternateName\":\"Soriadis, S.L.\",\"url\":\"https:\\\/\\\/e-leclerc.es\\\/soria\\\/\",\"logo\":{\"@type\":\"ImageObject\",\"inLanguage\":\"es\",\"@id\":\"https:\\\/\\\/e-leclerc.es\\\/soria\\\/#\\\/schema\\\/logo\\\/image\\\/\",\"url\":\"https:\\\/\\\/e-leclerc.es\\\/soria\\\/wp-content\\\/uploads\\\/sites\\\/3\\\/2024\\\/05\\\/Logo_Soria-1.svg\",\"contentUrl\":\"https:\\\/\\\/e-leclerc.es\\\/soria\\\/wp-content\\\/uploads\\\/sites\\\/3\\\/2024\\\/05\\\/Logo_Soria-1.svg\",\"width\":100,\"height\":100,\"caption\":\"E.Leclerc Soria\"},\"image\":{\"@id\":\"https:\\\/\\\/e-leclerc.es\\\/soria\\\/#\\\/schema\\\/logo\\\/image\\\/\"},\"sameAs\":[\"https:\\\/\\\/www.facebook.com\\\/eleclercsoria?ref=hl\",\"https:\\\/\\\/x.com\\\/LeclercSoria\",\"https:\\\/\\\/www.instagram.com\\\/e.leclercsoria\\\/\"]}]}<\/script>\n<!-- \/ Yoast SEO plugin. -->","yoast_head_json":{"title":"E.LECLERC SORIA PRESENTA LAS ACTIVIDADES DE SU 21\u00ba ANIVERSARIO - E.Leclerc Soria","robots":{"index":"index","follow":"follow","max-snippet":"max-snippet:-1","max-image-preview":"max-image-preview:large","max-video-preview":"max-video-preview:-1"},"canonical":"https:\/\/e-leclerc.es\/soria\/tendencias\/e-leclerc-soria-presenta-las-actividades-de-su-21o-aniversario\/","og_locale":"es_ES","og_type":"article","og_title":"E.LECLERC SORIA PRESENTA LAS ACTIVIDADES DE SU 21\u00ba ANIVERSARIO - E.Leclerc Soria","og_description":"Entre los d\u00edas 6 y 27 de mayo hemos organizado una gran variedad de actividades deportivas y l\u00fadicas para celebrar que cumplimos 21 a\u00f1os en Soria.","og_url":"https:\/\/e-leclerc.es\/soria\/tendencias\/e-leclerc-soria-presenta-las-actividades-de-su-21o-aniversario\/","og_site_name":"E.Leclerc Soria","article_publisher":"https:\/\/www.facebook.com\/eleclercsoria?ref=hl","article_published_time":"2017-05-12T07:58:53+00:00","og_image":[{"width":2272,"height":1704,"url":"https:\/\/e-leclerc.es\/soria\/wp-content\/uploads\/sites\/3\/2017\/05\/2fruedadeprensa00009_1336.jpg","type":"image\/jpeg"}],"twitter_card":"summary_large_image","twitter_creator":"@LeclercSoria","twitter_site":"@LeclercSoria","twitter_misc":{"Tiempo de lectura":"5 minutos"},"schema":{"@context":"https:\/\/schema.org","@graph":[{"@type":"Article","@id":"https:\/\/e-leclerc.es\/soria\/tendencias\/e-leclerc-soria-presenta-las-actividades-de-su-21o-aniversario\/#article","isPartOf":{"@id":"https:\/\/e-leclerc.es\/soria\/tendencias\/e-leclerc-soria-presenta-las-actividades-de-su-21o-aniversario\/"},"author":{"name":"","@id":""},"headline":"E.LECLERC SORIA PRESENTA LAS ACTIVIDADES DE SU 21\u00ba ANIVERSARIO","datePublished":"2017-05-12T07:58:53+00:00","mainEntityOfPage":{"@id":"https:\/\/e-leclerc.es\/soria\/tendencias\/e-leclerc-soria-presenta-las-actividades-de-su-21o-aniversario\/"},"wordCount":920,"publisher":{"@id":"https:\/\/e-leclerc.es\/soria\/#organization"},"image":{"@id":"https:\/\/e-leclerc.es\/soria\/tendencias\/e-leclerc-soria-presenta-las-actividades-de-su-21o-aniversario\/#primaryimage"},"thumbnailUrl":"https:\/\/e-leclerc.es\/soria\/wp-content\/uploads\/sites\/3\/2017\/05\/2fruedadeprensa00009_1336.jpg","articleSection":["Espacio cultural"],"inLanguage":"es"},{"@type":"WebPage","@id":"https:\/\/e-leclerc.es\/soria\/tendencias\/e-leclerc-soria-presenta-las-actividades-de-su-21o-aniversario\/","url":"https:\/\/e-leclerc.es\/soria\/tendencias\/e-leclerc-soria-presenta-las-actividades-de-su-21o-aniversario\/","name":"E.LECLERC SORIA PRESENTA LAS ACTIVIDADES DE SU 21\u00ba ANIVERSARIO - E.Leclerc Soria","isPartOf":{"@id":"https:\/\/e-leclerc.es\/soria\/#website"},"primaryImageOfPage":{"@id":"https:\/\/e-leclerc.es\/soria\/tendencias\/e-leclerc-soria-presenta-las-actividades-de-su-21o-aniversario\/#primaryimage"},"image":{"@id":"https:\/\/e-leclerc.es\/soria\/tendencias\/e-leclerc-soria-presenta-las-actividades-de-su-21o-aniversario\/#primaryimage"},"thumbnailUrl":"https:\/\/e-leclerc.es\/soria\/wp-content\/uploads\/sites\/3\/2017\/05\/2fruedadeprensa00009_1336.jpg","datePublished":"2017-05-12T07:58:53+00:00","breadcrumb":{"@id":"https:\/\/e-leclerc.es\/soria\/tendencias\/e-leclerc-soria-presenta-las-actividades-de-su-21o-aniversario\/#breadcrumb"},"inLanguage":"es","potentialAction":[{"@type":"ReadAction","target":["https:\/\/e-leclerc.es\/soria\/tendencias\/e-leclerc-soria-presenta-las-actividades-de-su-21o-aniversario\/"]}]},{"@type":"ImageObject","inLanguage":"es","@id":"https:\/\/e-leclerc.es\/soria\/tendencias\/e-leclerc-soria-presenta-las-actividades-de-su-21o-aniversario\/#primaryimage","url":"https:\/\/e-leclerc.es\/soria\/wp-content\/uploads\/sites\/3\/2017\/05\/2fruedadeprensa00009_1336.jpg","contentUrl":"https:\/\/e-leclerc.es\/soria\/wp-content\/uploads\/sites\/3\/2017\/05\/2fruedadeprensa00009_1336.jpg","width":2272,"height":1704},{"@type":"BreadcrumbList","@id":"https:\/\/e-leclerc.es\/soria\/tendencias\/e-leclerc-soria-presenta-las-actividades-de-su-21o-aniversario\/#breadcrumb","itemListElement":[{"@type":"ListItem","position":1,"name":"Portada","item":"https:\/\/e-leclerc.es\/soria\/"},{"@type":"ListItem","position":2,"name":"E.LECLERC SORIA PRESENTA LAS ACTIVIDADES DE SU 21\u00ba ANIVERSARIO"}]},{"@type":"WebSite","@id":"https:\/\/e-leclerc.es\/soria\/#website","url":"https:\/\/e-leclerc.es\/soria\/","name":"E.Leclerc Soria","description":"Descubre los folletos, ofertas y promociones de nuestro hipermercado E.Leclerc Soria en Castilla y Le\u00f3n. Direcci\u00f3n | Horario | Productos locales","publisher":{"@id":"https:\/\/e-leclerc.es\/soria\/#organization"},"alternateName":"E.Leclerc Soria","potentialAction":[{"@type":"SearchAction","target":{"@type":"EntryPoint","urlTemplate":"https:\/\/e-leclerc.es\/soria\/?s={search_term_string}"},"query-input":{"@type":"PropertyValueSpecification","valueRequired":true,"valueName":"search_term_string"}}],"inLanguage":"es"},{"@type":"Organization","@id":"https:\/\/e-leclerc.es\/soria\/#organization","name":"E.Leclerc Soria","alternateName":"Soriadis, S.L.","url":"https:\/\/e-leclerc.es\/soria\/","logo":{"@type":"ImageObject","inLanguage":"es","@id":"https:\/\/e-leclerc.es\/soria\/#\/schema\/logo\/image\/","url":"https:\/\/e-leclerc.es\/soria\/wp-content\/uploads\/sites\/3\/2024\/05\/Logo_Soria-1.svg","contentUrl":"https:\/\/e-leclerc.es\/soria\/wp-content\/uploads\/sites\/3\/2024\/05\/Logo_Soria-1.svg","width":100,"height":100,"caption":"E.Leclerc Soria"},"image":{"@id":"https:\/\/e-leclerc.es\/soria\/#\/schema\/logo\/image\/"},"sameAs":["https:\/\/www.facebook.com\/eleclercsoria?ref=hl","https:\/\/x.com\/LeclercSoria","https:\/\/www.instagram.com\/e.leclercsoria\/"]}]}},"_links":{"self":[{"href":"https:\/\/e-leclerc.es\/soria\/wp-json\/wp\/v2\/posts\/6485","targetHints":{"allow":["GET"]}}],"collection":[{"href":"https:\/\/e-leclerc.es\/soria\/wp-json\/wp\/v2\/posts"}],"about":[{"href":"https:\/\/e-leclerc.es\/soria\/wp-json\/wp\/v2\/types\/post"}],"replies":[{"embeddable":true,"href":"https:\/\/e-leclerc.es\/soria\/wp-json\/wp\/v2\/comments?post=6485"}],"version-history":[{"count":0,"href":"https:\/\/e-leclerc.es\/soria\/wp-json\/wp\/v2\/posts\/6485\/revisions"}],"wp:featuredmedia":[{"embeddable":true,"href":"https:\/\/e-leclerc.es\/soria\/wp-json\/wp\/v2\/media\/6486"}],"wp:attachment":[{"href":"https:\/\/e-leclerc.es\/soria\/wp-json\/wp\/v2\/media?parent=6485"}],"wp:term":[{"taxonomy":"category","embeddable":true,"href":"https:\/\/e-leclerc.es\/soria\/wp-json\/wp\/v2\/categories?post=6485"},{"taxonomy":"post_tag","embeddable":true,"href":"https:\/\/e-leclerc.es\/soria\/wp-json\/wp\/v2\/tags?post=6485"}],"curies":[{"name":"wp","href":"https:\/\/api.w.org\/{rel}","templated":true}]}}