{"id":6477,"date":"2017-03-18T12:27:02","date_gmt":"2017-03-18T11:27:02","guid":{"rendered":"https:\/\/www.e-leclerc.es\/soria\/tendencias\/reinauguracion-secciones-de-frescos\/"},"modified":"2017-03-18T12:27:02","modified_gmt":"2017-03-18T11:27:02","slug":"reinauguracion-secciones-de-frescos","status":"publish","type":"post","link":"https:\/\/e-leclerc.es\/soria\/tendencias\/reinauguracion-secciones-de-frescos\/","title":{"rendered":"REINAUGURACION SECCIONES DE FRESCOS"},"content":{"rendered":"<p>Innovamos para darte mejor servicio y mayor calidad. Y no solo es una renovaci\u00f3n est\u00e9tica. Es la puesta en marcha de un ambicioso plan que consigue que seamos mucho mas eficientes y m\u00e1s respetuosos con el medio ambiente. Por ejemplo, nuestras c\u00e1maras de conservaci\u00f3n emplean ahora como gas refrigerante CO2 con lo que conseguimos minimizar nuestra huella energ\u00e9tica.<br \/>\nY todo para ti, para ofrecerte un mejor servicio y m\u00e1s c\u00f3modo, con nuestra calidad de siempre y a los mejores precios.<br \/>\nEn nuestra secci\u00f3n de fruter\u00eda cuentas con una m\u00e1quina especial de zumos, y con un sistema novedosos de humidificaci\u00f3n para las frutas y las verduras.<br \/>\nAs\u00ed se conservar\u00e1n mucho mas frescas.<br \/>\nEn la charcuter\u00eda hay un espacio Gourmet del Jam\u00f3n, para que puedas valorar la enorme gama de matices de un producto \u00fanico en el mundo.<br \/>\nNuestra nueva cremer\u00eda te sorprende por su variedad y por los distintos or\u00edgenes de los productos.<br \/>\nY qu\u00e9 decirte de nuestro Punto Caliente, con la misma calidad de nuestro restaurante Bamb\u00fa, te ofrecemos la comida o la cena hecha: 10 primeros platos, 10 segundos y 10 postres diferente cada d\u00eda.<br \/>\nSi no quieres o no puedes cocinar esta es tu soluci\u00f3n.Tambi\u00e9n elaboraremos men\u00fas personalizados por encargo. y por supuesto a precios muy econ\u00f3micos.<\/p>\n","protected":false},"excerpt":{"rendered":"<p><strong>E.Leclerc Soria reinaugura sus secciones de Charcuter\u00eda, cremer\u00eda y fruteria <\/strong><\/p>\n","protected":false},"author":0,"featured_media":6478,"comment_status":"","ping_status":"open","sticky":false,"template":"","format":"standard","meta":{"_acf_changed":false,"footnotes":""},"categories":[116],"tags":[],"class_list":["post-6477","post","type-post","status-publish","format-standard","has-post-thumbnail","hentry","category-alimentacion"],"acf":[],"yoast_head":"<!-- This site is optimized with the Yoast SEO plugin v27.4 - https:\/\/yoast.com\/product\/yoast-seo-wordpress\/ -->\n<title>REINAUGURACION SECCIONES DE FRESCOS - E.Leclerc Soria<\/title>\n<meta name=\"robots\" content=\"index, follow, max-snippet:-1, max-image-preview:large, max-video-preview:-1\" \/>\n<link rel=\"canonical\" href=\"https:\/\/e-leclerc.es\/soria\/tendencias\/reinauguracion-secciones-de-frescos\/\" \/>\n<meta property=\"og:locale\" content=\"es_ES\" \/>\n<meta property=\"og:type\" content=\"article\" \/>\n<meta property=\"og:title\" content=\"REINAUGURACION SECCIONES DE FRESCOS - E.Leclerc Soria\" \/>\n<meta property=\"og:description\" content=\"E.Leclerc Soria reinaugura sus secciones de Charcuter\u00eda, cremer\u00eda y fruteria\" \/>\n<meta property=\"og:url\" content=\"https:\/\/e-leclerc.es\/soria\/tendencias\/reinauguracion-secciones-de-frescos\/\" \/>\n<meta property=\"og:site_name\" content=\"E.Leclerc Soria\" \/>\n<meta property=\"article:publisher\" content=\"https:\/\/www.facebook.com\/eleclercsoria?ref=hl\" \/>\n<meta property=\"article:published_time\" content=\"2017-03-18T11:27:02+00:00\" \/>\n<meta property=\"og:image\" content=\"https:\/\/e-leclerc.es\/soria\/wp-content\/uploads\/sites\/3\/2017\/03\/2fimage00001_1323.jpg\" \/>\n\t<meta property=\"og:image:width\" content=\"2272\" \/>\n\t<meta property=\"og:image:height\" content=\"1086\" \/>\n\t<meta property=\"og:image:type\" content=\"image\/jpeg\" \/>\n<meta name=\"twitter:card\" content=\"summary_large_image\" \/>\n<meta name=\"twitter:creator\" content=\"@LeclercSoria\" \/>\n<meta name=\"twitter:site\" content=\"@LeclercSoria\" \/>\n<meta name=\"twitter:label1\" content=\"Tiempo de lectura\" \/>\n\t<meta name=\"twitter:data1\" content=\"1 minuto\" \/>\n<script type=\"application\/ld+json\" class=\"yoast-schema-graph\">{\"@context\":\"https:\\\/\\\/schema.org\",\"@graph\":[{\"@type\":\"Article\",\"@id\":\"https:\\\/\\\/e-leclerc.es\\\/soria\\\/tendencias\\\/reinauguracion-secciones-de-frescos\\\/#article\",\"isPartOf\":{\"@id\":\"https:\\\/\\\/e-leclerc.es\\\/soria\\\/tendencias\\\/reinauguracion-secciones-de-frescos\\\/\"},\"author\":{\"name\":\"\",\"@id\":\"\"},\"headline\":\"REINAUGURACION SECCIONES DE FRESCOS\",\"datePublished\":\"2017-03-18T11:27:02+00:00\",\"mainEntityOfPage\":{\"@id\":\"https:\\\/\\\/e-leclerc.es\\\/soria\\\/tendencias\\\/reinauguracion-secciones-de-frescos\\\/\"},\"wordCount\":233,\"publisher\":{\"@id\":\"https:\\\/\\\/e-leclerc.es\\\/soria\\\/#organization\"},\"image\":{\"@id\":\"https:\\\/\\\/e-leclerc.es\\\/soria\\\/tendencias\\\/reinauguracion-secciones-de-frescos\\\/#primaryimage\"},\"thumbnailUrl\":\"https:\\\/\\\/e-leclerc.es\\\/soria\\\/wp-content\\\/uploads\\\/sites\\\/3\\\/2017\\\/03\\\/2fimage00001_1323.jpg\",\"articleSection\":[\"Alimentaci\u00f3n\"],\"inLanguage\":\"es\"},{\"@type\":\"WebPage\",\"@id\":\"https:\\\/\\\/e-leclerc.es\\\/soria\\\/tendencias\\\/reinauguracion-secciones-de-frescos\\\/\",\"url\":\"https:\\\/\\\/e-leclerc.es\\\/soria\\\/tendencias\\\/reinauguracion-secciones-de-frescos\\\/\",\"name\":\"REINAUGURACION SECCIONES DE FRESCOS - E.Leclerc Soria\",\"isPartOf\":{\"@id\":\"https:\\\/\\\/e-leclerc.es\\\/soria\\\/#website\"},\"primaryImageOfPage\":{\"@id\":\"https:\\\/\\\/e-leclerc.es\\\/soria\\\/tendencias\\\/reinauguracion-secciones-de-frescos\\\/#primaryimage\"},\"image\":{\"@id\":\"https:\\\/\\\/e-leclerc.es\\\/soria\\\/tendencias\\\/reinauguracion-secciones-de-frescos\\\/#primaryimage\"},\"thumbnailUrl\":\"https:\\\/\\\/e-leclerc.es\\\/soria\\\/wp-content\\\/uploads\\\/sites\\\/3\\\/2017\\\/03\\\/2fimage00001_1323.jpg\",\"datePublished\":\"2017-03-18T11:27:02+00:00\",\"breadcrumb\":{\"@id\":\"https:\\\/\\\/e-leclerc.es\\\/soria\\\/tendencias\\\/reinauguracion-secciones-de-frescos\\\/#breadcrumb\"},\"inLanguage\":\"es\",\"potentialAction\":[{\"@type\":\"ReadAction\",\"target\":[\"https:\\\/\\\/e-leclerc.es\\\/soria\\\/tendencias\\\/reinauguracion-secciones-de-frescos\\\/\"]}]},{\"@type\":\"ImageObject\",\"inLanguage\":\"es\",\"@id\":\"https:\\\/\\\/e-leclerc.es\\\/soria\\\/tendencias\\\/reinauguracion-secciones-de-frescos\\\/#primaryimage\",\"url\":\"https:\\\/\\\/e-leclerc.es\\\/soria\\\/wp-content\\\/uploads\\\/sites\\\/3\\\/2017\\\/03\\\/2fimage00001_1323.jpg\",\"contentUrl\":\"https:\\\/\\\/e-leclerc.es\\\/soria\\\/wp-content\\\/uploads\\\/sites\\\/3\\\/2017\\\/03\\\/2fimage00001_1323.jpg\",\"width\":2272,\"height\":1086},{\"@type\":\"BreadcrumbList\",\"@id\":\"https:\\\/\\\/e-leclerc.es\\\/soria\\\/tendencias\\\/reinauguracion-secciones-de-frescos\\\/#breadcrumb\",\"itemListElement\":[{\"@type\":\"ListItem\",\"position\":1,\"name\":\"Portada\",\"item\":\"https:\\\/\\\/e-leclerc.es\\\/soria\\\/\"},{\"@type\":\"ListItem\",\"position\":2,\"name\":\"REINAUGURACION SECCIONES DE FRESCOS\"}]},{\"@type\":\"WebSite\",\"@id\":\"https:\\\/\\\/e-leclerc.es\\\/soria\\\/#website\",\"url\":\"https:\\\/\\\/e-leclerc.es\\\/soria\\\/\",\"name\":\"E.Leclerc Soria\",\"description\":\"Descubre los folletos, ofertas y promociones de nuestro hipermercado E.Leclerc Soria en Castilla y Le\u00f3n. Direcci\u00f3n | Horario | Productos locales\",\"publisher\":{\"@id\":\"https:\\\/\\\/e-leclerc.es\\\/soria\\\/#organization\"},\"alternateName\":\"E.Leclerc Soria\",\"potentialAction\":[{\"@type\":\"SearchAction\",\"target\":{\"@type\":\"EntryPoint\",\"urlTemplate\":\"https:\\\/\\\/e-leclerc.es\\\/soria\\\/?s={search_term_string}\"},\"query-input\":{\"@type\":\"PropertyValueSpecification\",\"valueRequired\":true,\"valueName\":\"search_term_string\"}}],\"inLanguage\":\"es\"},{\"@type\":\"Organization\",\"@id\":\"https:\\\/\\\/e-leclerc.es\\\/soria\\\/#organization\",\"name\":\"E.Leclerc Soria\",\"alternateName\":\"Soriadis, S.L.\",\"url\":\"https:\\\/\\\/e-leclerc.es\\\/soria\\\/\",\"logo\":{\"@type\":\"ImageObject\",\"inLanguage\":\"es\",\"@id\":\"https:\\\/\\\/e-leclerc.es\\\/soria\\\/#\\\/schema\\\/logo\\\/image\\\/\",\"url\":\"https:\\\/\\\/e-leclerc.es\\\/soria\\\/wp-content\\\/uploads\\\/sites\\\/3\\\/2024\\\/05\\\/Logo_Soria-1.svg\",\"contentUrl\":\"https:\\\/\\\/e-leclerc.es\\\/soria\\\/wp-content\\\/uploads\\\/sites\\\/3\\\/2024\\\/05\\\/Logo_Soria-1.svg\",\"width\":100,\"height\":100,\"caption\":\"E.Leclerc Soria\"},\"image\":{\"@id\":\"https:\\\/\\\/e-leclerc.es\\\/soria\\\/#\\\/schema\\\/logo\\\/image\\\/\"},\"sameAs\":[\"https:\\\/\\\/www.facebook.com\\\/eleclercsoria?ref=hl\",\"https:\\\/\\\/x.com\\\/LeclercSoria\",\"https:\\\/\\\/www.instagram.com\\\/e.leclercsoria\\\/\"]}]}<\/script>\n<!-- \/ Yoast SEO plugin. -->","yoast_head_json":{"title":"REINAUGURACION SECCIONES DE FRESCOS - E.Leclerc Soria","robots":{"index":"index","follow":"follow","max-snippet":"max-snippet:-1","max-image-preview":"max-image-preview:large","max-video-preview":"max-video-preview:-1"},"canonical":"https:\/\/e-leclerc.es\/soria\/tendencias\/reinauguracion-secciones-de-frescos\/","og_locale":"es_ES","og_type":"article","og_title":"REINAUGURACION SECCIONES DE FRESCOS - E.Leclerc Soria","og_description":"E.Leclerc Soria reinaugura sus secciones de Charcuter\u00eda, cremer\u00eda y fruteria","og_url":"https:\/\/e-leclerc.es\/soria\/tendencias\/reinauguracion-secciones-de-frescos\/","og_site_name":"E.Leclerc Soria","article_publisher":"https:\/\/www.facebook.com\/eleclercsoria?ref=hl","article_published_time":"2017-03-18T11:27:02+00:00","og_image":[{"width":2272,"height":1086,"url":"https:\/\/e-leclerc.es\/soria\/wp-content\/uploads\/sites\/3\/2017\/03\/2fimage00001_1323.jpg","type":"image\/jpeg"}],"twitter_card":"summary_large_image","twitter_creator":"@LeclercSoria","twitter_site":"@LeclercSoria","twitter_misc":{"Tiempo de lectura":"1 minuto"},"schema":{"@context":"https:\/\/schema.org","@graph":[{"@type":"Article","@id":"https:\/\/e-leclerc.es\/soria\/tendencias\/reinauguracion-secciones-de-frescos\/#article","isPartOf":{"@id":"https:\/\/e-leclerc.es\/soria\/tendencias\/reinauguracion-secciones-de-frescos\/"},"author":{"name":"","@id":""},"headline":"REINAUGURACION SECCIONES DE FRESCOS","datePublished":"2017-03-18T11:27:02+00:00","mainEntityOfPage":{"@id":"https:\/\/e-leclerc.es\/soria\/tendencias\/reinauguracion-secciones-de-frescos\/"},"wordCount":233,"publisher":{"@id":"https:\/\/e-leclerc.es\/soria\/#organization"},"image":{"@id":"https:\/\/e-leclerc.es\/soria\/tendencias\/reinauguracion-secciones-de-frescos\/#primaryimage"},"thumbnailUrl":"https:\/\/e-leclerc.es\/soria\/wp-content\/uploads\/sites\/3\/2017\/03\/2fimage00001_1323.jpg","articleSection":["Alimentaci\u00f3n"],"inLanguage":"es"},{"@type":"WebPage","@id":"https:\/\/e-leclerc.es\/soria\/tendencias\/reinauguracion-secciones-de-frescos\/","url":"https:\/\/e-leclerc.es\/soria\/tendencias\/reinauguracion-secciones-de-frescos\/","name":"REINAUGURACION SECCIONES DE FRESCOS - E.Leclerc Soria","isPartOf":{"@id":"https:\/\/e-leclerc.es\/soria\/#website"},"primaryImageOfPage":{"@id":"https:\/\/e-leclerc.es\/soria\/tendencias\/reinauguracion-secciones-de-frescos\/#primaryimage"},"image":{"@id":"https:\/\/e-leclerc.es\/soria\/tendencias\/reinauguracion-secciones-de-frescos\/#primaryimage"},"thumbnailUrl":"https:\/\/e-leclerc.es\/soria\/wp-content\/uploads\/sites\/3\/2017\/03\/2fimage00001_1323.jpg","datePublished":"2017-03-18T11:27:02+00:00","breadcrumb":{"@id":"https:\/\/e-leclerc.es\/soria\/tendencias\/reinauguracion-secciones-de-frescos\/#breadcrumb"},"inLanguage":"es","potentialAction":[{"@type":"ReadAction","target":["https:\/\/e-leclerc.es\/soria\/tendencias\/reinauguracion-secciones-de-frescos\/"]}]},{"@type":"ImageObject","inLanguage":"es","@id":"https:\/\/e-leclerc.es\/soria\/tendencias\/reinauguracion-secciones-de-frescos\/#primaryimage","url":"https:\/\/e-leclerc.es\/soria\/wp-content\/uploads\/sites\/3\/2017\/03\/2fimage00001_1323.jpg","contentUrl":"https:\/\/e-leclerc.es\/soria\/wp-content\/uploads\/sites\/3\/2017\/03\/2fimage00001_1323.jpg","width":2272,"height":1086},{"@type":"BreadcrumbList","@id":"https:\/\/e-leclerc.es\/soria\/tendencias\/reinauguracion-secciones-de-frescos\/#breadcrumb","itemListElement":[{"@type":"ListItem","position":1,"name":"Portada","item":"https:\/\/e-leclerc.es\/soria\/"},{"@type":"ListItem","position":2,"name":"REINAUGURACION SECCIONES DE FRESCOS"}]},{"@type":"WebSite","@id":"https:\/\/e-leclerc.es\/soria\/#website","url":"https:\/\/e-leclerc.es\/soria\/","name":"E.Leclerc Soria","description":"Descubre los folletos, ofertas y promociones de nuestro hipermercado E.Leclerc Soria en Castilla y Le\u00f3n. Direcci\u00f3n | Horario | Productos locales","publisher":{"@id":"https:\/\/e-leclerc.es\/soria\/#organization"},"alternateName":"E.Leclerc Soria","potentialAction":[{"@type":"SearchAction","target":{"@type":"EntryPoint","urlTemplate":"https:\/\/e-leclerc.es\/soria\/?s={search_term_string}"},"query-input":{"@type":"PropertyValueSpecification","valueRequired":true,"valueName":"search_term_string"}}],"inLanguage":"es"},{"@type":"Organization","@id":"https:\/\/e-leclerc.es\/soria\/#organization","name":"E.Leclerc Soria","alternateName":"Soriadis, S.L.","url":"https:\/\/e-leclerc.es\/soria\/","logo":{"@type":"ImageObject","inLanguage":"es","@id":"https:\/\/e-leclerc.es\/soria\/#\/schema\/logo\/image\/","url":"https:\/\/e-leclerc.es\/soria\/wp-content\/uploads\/sites\/3\/2024\/05\/Logo_Soria-1.svg","contentUrl":"https:\/\/e-leclerc.es\/soria\/wp-content\/uploads\/sites\/3\/2024\/05\/Logo_Soria-1.svg","width":100,"height":100,"caption":"E.Leclerc Soria"},"image":{"@id":"https:\/\/e-leclerc.es\/soria\/#\/schema\/logo\/image\/"},"sameAs":["https:\/\/www.facebook.com\/eleclercsoria?ref=hl","https:\/\/x.com\/LeclercSoria","https:\/\/www.instagram.com\/e.leclercsoria\/"]}]}},"_links":{"self":[{"href":"https:\/\/e-leclerc.es\/soria\/wp-json\/wp\/v2\/posts\/6477","targetHints":{"allow":["GET"]}}],"collection":[{"href":"https:\/\/e-leclerc.es\/soria\/wp-json\/wp\/v2\/posts"}],"about":[{"href":"https:\/\/e-leclerc.es\/soria\/wp-json\/wp\/v2\/types\/post"}],"replies":[{"embeddable":true,"href":"https:\/\/e-leclerc.es\/soria\/wp-json\/wp\/v2\/comments?post=6477"}],"version-history":[{"count":0,"href":"https:\/\/e-leclerc.es\/soria\/wp-json\/wp\/v2\/posts\/6477\/revisions"}],"wp:featuredmedia":[{"embeddable":true,"href":"https:\/\/e-leclerc.es\/soria\/wp-json\/wp\/v2\/media\/6478"}],"wp:attachment":[{"href":"https:\/\/e-leclerc.es\/soria\/wp-json\/wp\/v2\/media?parent=6477"}],"wp:term":[{"taxonomy":"category","embeddable":true,"href":"https:\/\/e-leclerc.es\/soria\/wp-json\/wp\/v2\/categories?post=6477"},{"taxonomy":"post_tag","embeddable":true,"href":"https:\/\/e-leclerc.es\/soria\/wp-json\/wp\/v2\/tags?post=6477"}],"curies":[{"name":"wp","href":"https:\/\/api.w.org\/{rel}","templated":true}]}}