{"id":6416,"date":"2016-05-10T11:18:14","date_gmt":"2016-05-10T09:18:14","guid":{"rendered":"https:\/\/www.e-leclerc.es\/soria\/tendencias\/reconocimiento-a-e-leclerc-por-su-compromiso-con-la-calidad-y-la-seguridad-alimentaria\/"},"modified":"2016-05-10T11:18:14","modified_gmt":"2016-05-10T09:18:14","slug":"reconocimiento-a-e-leclerc-por-su-compromiso-con-la-calidad-y-la-seguridad-alimentaria","status":"publish","type":"post","link":"https:\/\/e-leclerc.es\/soria\/tendencias\/reconocimiento-a-e-leclerc-por-su-compromiso-con-la-calidad-y-la-seguridad-alimentaria\/","title":{"rendered":"RECONOCIMIENTO A E.LECLERC POR SU COMPROMISO CON LA CALIDAD Y LA SEGURIDAD ALIMENTARIA"},"content":{"rendered":"<p>Hipermercados E.Leclerc ha sido premiado por ADESA, empresa especializada en consultor\u00eda, asesoramiento y formaci\u00f3n en sistemas de calidad y seguridad alimentaria, por su destacado compromiso con la calidad y la seguridad alimentaria.<br \/>\nEl premio supone un reconocimiento al trabajo llevado a cabo por E.Leclerc, que cuenta con un amplio equipo de profesionales, tanto en el Departamento de Calidad de la Central en Espa\u00f1a como en cada una de sus tiendas, que velan por la calidad y seguridad de cada uno de los productos que ofrece en sus hipermercados, y que a su vez trabajan de la mano con el Departamento de Calidad Internacional del Grupo E.Leclerc.<\/p>\n<p>Precisamente, esta coordinaci\u00f3n a nivel internacional es lo que permite que todos los hipermercados que E.Leclerc tiene en Espa\u00f1a apliquen la normativa europea en todo lo relativo a calidad y seguridad alimentaria, antes incluso de que lo exija la propia Administraci\u00f3n espa\u00f1ola. Es decir, E.Leclerc incluye en su manual de calidad m\u00e1s procedimientos, sistemas y medidas de control de los exigidos por la ley espa\u00f1ola.<\/p>\n<p>Entre las numerosas medidas puestas en marcha por E.Leclerc, cabe destacar sus sistemas internacionales de alerta SIRA Y SIAN, propios del Grupo, que funcionan en tiempo real y al que est\u00e1n todos los hipermercados conectados, tanto en Espa\u00f1a como en el resto de pa\u00edses donde est\u00e1 presente. Estas redes de alerta garantizan que un producto del que exista la m\u00e1s m\u00ednima sospecha de que no cumpla con los requisitos de calidad exigidos o con cualquier normativa, sea retirado de todos y cada uno de los puntos de venta de E.Leclerc en un plazo m\u00e1ximo de cuatro horas. <\/p>\n<p>\u201cGarantizar la calidad y seguridad de todos nuestros productos es la m\u00e1xima prioridad para E.Leclerc, y por ello desarrollamos y actualizamos continuamente nuestro manual de calidad y aplicamos los sistemas y procedimientos m\u00e1s avanzados. Llevamos en Espa\u00f1a m\u00e1s de 20 a\u00f1os trabajando d\u00eda a d\u00eda con el mejor equipo de especialistas y llevando a cabo un estricto control de los alimentos. Agradecemos a ADESA que nos haya otorgado este premio, que supone un reconocimiento a nuestro compromiso con los clientes, y por eso nos hace especial ilusi\u00f3n\u201d, han declarado desde la direcci\u00f3n de E.Leclerc.<\/p>\n","protected":false},"excerpt":{"rendered":"<p>Hipermercados E.Leclerc ha sido premiado por ADESA, empresa especializada en consultor\u00eda, asesoramiento y formaci\u00f3n en sistemas de calidad y seguridad alimentaria, por su destacado compromiso con la calidad y la seguridad alimentaria. El premio supone un reconocimiento al trabajo llevado a cabo por E.Leclerc, que cuenta con un amplio equipo de profesionales, tanto en el [&hellip;]<\/p>\n","protected":false},"author":0,"featured_media":6417,"comment_status":"","ping_status":"open","sticky":false,"template":"","format":"standard","meta":{"_acf_changed":false,"footnotes":""},"categories":[1],"tags":[],"class_list":["post-6416","post","type-post","status-publish","format-standard","has-post-thumbnail","hentry","category-uncategorized"],"acf":[],"yoast_head":"<!-- This site is optimized with the Yoast SEO plugin v27.4 - https:\/\/yoast.com\/product\/yoast-seo-wordpress\/ -->\n<title>RECONOCIMIENTO A E.LECLERC POR SU COMPROMISO CON LA CALIDAD Y LA SEGURIDAD ALIMENTARIA - E.Leclerc Soria<\/title>\n<meta name=\"robots\" content=\"index, follow, max-snippet:-1, max-image-preview:large, max-video-preview:-1\" \/>\n<link rel=\"canonical\" href=\"https:\/\/e-leclerc.es\/soria\/tendencias\/reconocimiento-a-e-leclerc-por-su-compromiso-con-la-calidad-y-la-seguridad-alimentaria\/\" \/>\n<meta property=\"og:locale\" content=\"es_ES\" \/>\n<meta property=\"og:type\" content=\"article\" \/>\n<meta property=\"og:title\" content=\"RECONOCIMIENTO A E.LECLERC POR SU COMPROMISO CON LA CALIDAD Y LA SEGURIDAD ALIMENTARIA - E.Leclerc Soria\" \/>\n<meta property=\"og:description\" content=\"Hipermercados E.Leclerc ha sido premiado por ADESA, empresa especializada en consultor\u00eda, asesoramiento y formaci\u00f3n en sistemas de calidad y seguridad alimentaria, por su destacado compromiso con la calidad y la seguridad alimentaria. El premio supone un reconocimiento al trabajo llevado a cabo por E.Leclerc, que cuenta con un amplio equipo de profesionales, tanto en el [&hellip;]\" \/>\n<meta property=\"og:url\" content=\"https:\/\/e-leclerc.es\/soria\/tendencias\/reconocimiento-a-e-leclerc-por-su-compromiso-con-la-calidad-y-la-seguridad-alimentaria\/\" \/>\n<meta property=\"og:site_name\" content=\"E.Leclerc Soria\" \/>\n<meta property=\"article:publisher\" content=\"https:\/\/www.facebook.com\/eleclercsoria?ref=hl\" \/>\n<meta property=\"article:published_time\" content=\"2016-05-10T09:18:14+00:00\" \/>\n<meta property=\"og:image\" content=\"https:\/\/e-leclerc.es\/soria\/wp-content\/uploads\/sites\/3\/2016\/05\/2fadesa_994.jpg\" \/>\n\t<meta property=\"og:image:width\" content=\"470\" \/>\n\t<meta property=\"og:image:height\" content=\"315\" \/>\n\t<meta property=\"og:image:type\" content=\"image\/jpeg\" \/>\n<meta name=\"twitter:card\" content=\"summary_large_image\" \/>\n<meta name=\"twitter:creator\" content=\"@LeclercSoria\" \/>\n<meta name=\"twitter:site\" content=\"@LeclercSoria\" \/>\n<meta name=\"twitter:label1\" content=\"Tiempo de lectura\" \/>\n\t<meta name=\"twitter:data1\" content=\"2 minutos\" \/>\n<script type=\"application\/ld+json\" class=\"yoast-schema-graph\">{\"@context\":\"https:\\\/\\\/schema.org\",\"@graph\":[{\"@type\":\"Article\",\"@id\":\"https:\\\/\\\/e-leclerc.es\\\/soria\\\/tendencias\\\/reconocimiento-a-e-leclerc-por-su-compromiso-con-la-calidad-y-la-seguridad-alimentaria\\\/#article\",\"isPartOf\":{\"@id\":\"https:\\\/\\\/e-leclerc.es\\\/soria\\\/tendencias\\\/reconocimiento-a-e-leclerc-por-su-compromiso-con-la-calidad-y-la-seguridad-alimentaria\\\/\"},\"author\":{\"name\":\"\",\"@id\":\"\"},\"headline\":\"RECONOCIMIENTO A E.LECLERC POR SU COMPROMISO CON LA CALIDAD Y LA SEGURIDAD ALIMENTARIA\",\"datePublished\":\"2016-05-10T09:18:14+00:00\",\"mainEntityOfPage\":{\"@id\":\"https:\\\/\\\/e-leclerc.es\\\/soria\\\/tendencias\\\/reconocimiento-a-e-leclerc-por-su-compromiso-con-la-calidad-y-la-seguridad-alimentaria\\\/\"},\"wordCount\":408,\"publisher\":{\"@id\":\"https:\\\/\\\/e-leclerc.es\\\/soria\\\/#organization\"},\"image\":{\"@id\":\"https:\\\/\\\/e-leclerc.es\\\/soria\\\/tendencias\\\/reconocimiento-a-e-leclerc-por-su-compromiso-con-la-calidad-y-la-seguridad-alimentaria\\\/#primaryimage\"},\"thumbnailUrl\":\"https:\\\/\\\/e-leclerc.es\\\/soria\\\/wp-content\\\/uploads\\\/sites\\\/3\\\/2016\\\/05\\\/2fadesa_994.jpg\",\"articleSection\":[\"Uncategorized\"],\"inLanguage\":\"es\"},{\"@type\":\"WebPage\",\"@id\":\"https:\\\/\\\/e-leclerc.es\\\/soria\\\/tendencias\\\/reconocimiento-a-e-leclerc-por-su-compromiso-con-la-calidad-y-la-seguridad-alimentaria\\\/\",\"url\":\"https:\\\/\\\/e-leclerc.es\\\/soria\\\/tendencias\\\/reconocimiento-a-e-leclerc-por-su-compromiso-con-la-calidad-y-la-seguridad-alimentaria\\\/\",\"name\":\"RECONOCIMIENTO A E.LECLERC POR SU COMPROMISO CON LA CALIDAD Y LA SEGURIDAD ALIMENTARIA - E.Leclerc Soria\",\"isPartOf\":{\"@id\":\"https:\\\/\\\/e-leclerc.es\\\/soria\\\/#website\"},\"primaryImageOfPage\":{\"@id\":\"https:\\\/\\\/e-leclerc.es\\\/soria\\\/tendencias\\\/reconocimiento-a-e-leclerc-por-su-compromiso-con-la-calidad-y-la-seguridad-alimentaria\\\/#primaryimage\"},\"image\":{\"@id\":\"https:\\\/\\\/e-leclerc.es\\\/soria\\\/tendencias\\\/reconocimiento-a-e-leclerc-por-su-compromiso-con-la-calidad-y-la-seguridad-alimentaria\\\/#primaryimage\"},\"thumbnailUrl\":\"https:\\\/\\\/e-leclerc.es\\\/soria\\\/wp-content\\\/uploads\\\/sites\\\/3\\\/2016\\\/05\\\/2fadesa_994.jpg\",\"datePublished\":\"2016-05-10T09:18:14+00:00\",\"breadcrumb\":{\"@id\":\"https:\\\/\\\/e-leclerc.es\\\/soria\\\/tendencias\\\/reconocimiento-a-e-leclerc-por-su-compromiso-con-la-calidad-y-la-seguridad-alimentaria\\\/#breadcrumb\"},\"inLanguage\":\"es\",\"potentialAction\":[{\"@type\":\"ReadAction\",\"target\":[\"https:\\\/\\\/e-leclerc.es\\\/soria\\\/tendencias\\\/reconocimiento-a-e-leclerc-por-su-compromiso-con-la-calidad-y-la-seguridad-alimentaria\\\/\"]}]},{\"@type\":\"ImageObject\",\"inLanguage\":\"es\",\"@id\":\"https:\\\/\\\/e-leclerc.es\\\/soria\\\/tendencias\\\/reconocimiento-a-e-leclerc-por-su-compromiso-con-la-calidad-y-la-seguridad-alimentaria\\\/#primaryimage\",\"url\":\"https:\\\/\\\/e-leclerc.es\\\/soria\\\/wp-content\\\/uploads\\\/sites\\\/3\\\/2016\\\/05\\\/2fadesa_994.jpg\",\"contentUrl\":\"https:\\\/\\\/e-leclerc.es\\\/soria\\\/wp-content\\\/uploads\\\/sites\\\/3\\\/2016\\\/05\\\/2fadesa_994.jpg\",\"width\":470,\"height\":315},{\"@type\":\"BreadcrumbList\",\"@id\":\"https:\\\/\\\/e-leclerc.es\\\/soria\\\/tendencias\\\/reconocimiento-a-e-leclerc-por-su-compromiso-con-la-calidad-y-la-seguridad-alimentaria\\\/#breadcrumb\",\"itemListElement\":[{\"@type\":\"ListItem\",\"position\":1,\"name\":\"Portada\",\"item\":\"https:\\\/\\\/e-leclerc.es\\\/soria\\\/\"},{\"@type\":\"ListItem\",\"position\":2,\"name\":\"RECONOCIMIENTO A E.LECLERC POR SU COMPROMISO CON LA CALIDAD Y LA SEGURIDAD ALIMENTARIA\"}]},{\"@type\":\"WebSite\",\"@id\":\"https:\\\/\\\/e-leclerc.es\\\/soria\\\/#website\",\"url\":\"https:\\\/\\\/e-leclerc.es\\\/soria\\\/\",\"name\":\"E.Leclerc Soria\",\"description\":\"Descubre los folletos, ofertas y promociones de nuestro hipermercado E.Leclerc Soria en Castilla y Le\u00f3n. Direcci\u00f3n | Horario | Productos locales\",\"publisher\":{\"@id\":\"https:\\\/\\\/e-leclerc.es\\\/soria\\\/#organization\"},\"alternateName\":\"E.Leclerc Soria\",\"potentialAction\":[{\"@type\":\"SearchAction\",\"target\":{\"@type\":\"EntryPoint\",\"urlTemplate\":\"https:\\\/\\\/e-leclerc.es\\\/soria\\\/?s={search_term_string}\"},\"query-input\":{\"@type\":\"PropertyValueSpecification\",\"valueRequired\":true,\"valueName\":\"search_term_string\"}}],\"inLanguage\":\"es\"},{\"@type\":\"Organization\",\"@id\":\"https:\\\/\\\/e-leclerc.es\\\/soria\\\/#organization\",\"name\":\"E.Leclerc Soria\",\"alternateName\":\"Soriadis, S.L.\",\"url\":\"https:\\\/\\\/e-leclerc.es\\\/soria\\\/\",\"logo\":{\"@type\":\"ImageObject\",\"inLanguage\":\"es\",\"@id\":\"https:\\\/\\\/e-leclerc.es\\\/soria\\\/#\\\/schema\\\/logo\\\/image\\\/\",\"url\":\"https:\\\/\\\/e-leclerc.es\\\/soria\\\/wp-content\\\/uploads\\\/sites\\\/3\\\/2024\\\/05\\\/Logo_Soria-1.svg\",\"contentUrl\":\"https:\\\/\\\/e-leclerc.es\\\/soria\\\/wp-content\\\/uploads\\\/sites\\\/3\\\/2024\\\/05\\\/Logo_Soria-1.svg\",\"width\":100,\"height\":100,\"caption\":\"E.Leclerc Soria\"},\"image\":{\"@id\":\"https:\\\/\\\/e-leclerc.es\\\/soria\\\/#\\\/schema\\\/logo\\\/image\\\/\"},\"sameAs\":[\"https:\\\/\\\/www.facebook.com\\\/eleclercsoria?ref=hl\",\"https:\\\/\\\/x.com\\\/LeclercSoria\",\"https:\\\/\\\/www.instagram.com\\\/e.leclercsoria\\\/\"]}]}<\/script>\n<!-- \/ Yoast SEO plugin. -->","yoast_head_json":{"title":"RECONOCIMIENTO A E.LECLERC POR SU COMPROMISO CON LA CALIDAD Y LA SEGURIDAD ALIMENTARIA - E.Leclerc Soria","robots":{"index":"index","follow":"follow","max-snippet":"max-snippet:-1","max-image-preview":"max-image-preview:large","max-video-preview":"max-video-preview:-1"},"canonical":"https:\/\/e-leclerc.es\/soria\/tendencias\/reconocimiento-a-e-leclerc-por-su-compromiso-con-la-calidad-y-la-seguridad-alimentaria\/","og_locale":"es_ES","og_type":"article","og_title":"RECONOCIMIENTO A E.LECLERC POR SU COMPROMISO CON LA CALIDAD Y LA SEGURIDAD ALIMENTARIA - E.Leclerc Soria","og_description":"Hipermercados E.Leclerc ha sido premiado por ADESA, empresa especializada en consultor\u00eda, asesoramiento y formaci\u00f3n en sistemas de calidad y seguridad alimentaria, por su destacado compromiso con la calidad y la seguridad alimentaria. El premio supone un reconocimiento al trabajo llevado a cabo por E.Leclerc, que cuenta con un amplio equipo de profesionales, tanto en el [&hellip;]","og_url":"https:\/\/e-leclerc.es\/soria\/tendencias\/reconocimiento-a-e-leclerc-por-su-compromiso-con-la-calidad-y-la-seguridad-alimentaria\/","og_site_name":"E.Leclerc Soria","article_publisher":"https:\/\/www.facebook.com\/eleclercsoria?ref=hl","article_published_time":"2016-05-10T09:18:14+00:00","og_image":[{"width":470,"height":315,"url":"https:\/\/e-leclerc.es\/soria\/wp-content\/uploads\/sites\/3\/2016\/05\/2fadesa_994.jpg","type":"image\/jpeg"}],"twitter_card":"summary_large_image","twitter_creator":"@LeclercSoria","twitter_site":"@LeclercSoria","twitter_misc":{"Tiempo de lectura":"2 minutos"},"schema":{"@context":"https:\/\/schema.org","@graph":[{"@type":"Article","@id":"https:\/\/e-leclerc.es\/soria\/tendencias\/reconocimiento-a-e-leclerc-por-su-compromiso-con-la-calidad-y-la-seguridad-alimentaria\/#article","isPartOf":{"@id":"https:\/\/e-leclerc.es\/soria\/tendencias\/reconocimiento-a-e-leclerc-por-su-compromiso-con-la-calidad-y-la-seguridad-alimentaria\/"},"author":{"name":"","@id":""},"headline":"RECONOCIMIENTO A E.LECLERC POR SU COMPROMISO CON LA CALIDAD Y LA SEGURIDAD ALIMENTARIA","datePublished":"2016-05-10T09:18:14+00:00","mainEntityOfPage":{"@id":"https:\/\/e-leclerc.es\/soria\/tendencias\/reconocimiento-a-e-leclerc-por-su-compromiso-con-la-calidad-y-la-seguridad-alimentaria\/"},"wordCount":408,"publisher":{"@id":"https:\/\/e-leclerc.es\/soria\/#organization"},"image":{"@id":"https:\/\/e-leclerc.es\/soria\/tendencias\/reconocimiento-a-e-leclerc-por-su-compromiso-con-la-calidad-y-la-seguridad-alimentaria\/#primaryimage"},"thumbnailUrl":"https:\/\/e-leclerc.es\/soria\/wp-content\/uploads\/sites\/3\/2016\/05\/2fadesa_994.jpg","articleSection":["Uncategorized"],"inLanguage":"es"},{"@type":"WebPage","@id":"https:\/\/e-leclerc.es\/soria\/tendencias\/reconocimiento-a-e-leclerc-por-su-compromiso-con-la-calidad-y-la-seguridad-alimentaria\/","url":"https:\/\/e-leclerc.es\/soria\/tendencias\/reconocimiento-a-e-leclerc-por-su-compromiso-con-la-calidad-y-la-seguridad-alimentaria\/","name":"RECONOCIMIENTO A E.LECLERC POR SU COMPROMISO CON LA CALIDAD Y LA SEGURIDAD ALIMENTARIA - E.Leclerc Soria","isPartOf":{"@id":"https:\/\/e-leclerc.es\/soria\/#website"},"primaryImageOfPage":{"@id":"https:\/\/e-leclerc.es\/soria\/tendencias\/reconocimiento-a-e-leclerc-por-su-compromiso-con-la-calidad-y-la-seguridad-alimentaria\/#primaryimage"},"image":{"@id":"https:\/\/e-leclerc.es\/soria\/tendencias\/reconocimiento-a-e-leclerc-por-su-compromiso-con-la-calidad-y-la-seguridad-alimentaria\/#primaryimage"},"thumbnailUrl":"https:\/\/e-leclerc.es\/soria\/wp-content\/uploads\/sites\/3\/2016\/05\/2fadesa_994.jpg","datePublished":"2016-05-10T09:18:14+00:00","breadcrumb":{"@id":"https:\/\/e-leclerc.es\/soria\/tendencias\/reconocimiento-a-e-leclerc-por-su-compromiso-con-la-calidad-y-la-seguridad-alimentaria\/#breadcrumb"},"inLanguage":"es","potentialAction":[{"@type":"ReadAction","target":["https:\/\/e-leclerc.es\/soria\/tendencias\/reconocimiento-a-e-leclerc-por-su-compromiso-con-la-calidad-y-la-seguridad-alimentaria\/"]}]},{"@type":"ImageObject","inLanguage":"es","@id":"https:\/\/e-leclerc.es\/soria\/tendencias\/reconocimiento-a-e-leclerc-por-su-compromiso-con-la-calidad-y-la-seguridad-alimentaria\/#primaryimage","url":"https:\/\/e-leclerc.es\/soria\/wp-content\/uploads\/sites\/3\/2016\/05\/2fadesa_994.jpg","contentUrl":"https:\/\/e-leclerc.es\/soria\/wp-content\/uploads\/sites\/3\/2016\/05\/2fadesa_994.jpg","width":470,"height":315},{"@type":"BreadcrumbList","@id":"https:\/\/e-leclerc.es\/soria\/tendencias\/reconocimiento-a-e-leclerc-por-su-compromiso-con-la-calidad-y-la-seguridad-alimentaria\/#breadcrumb","itemListElement":[{"@type":"ListItem","position":1,"name":"Portada","item":"https:\/\/e-leclerc.es\/soria\/"},{"@type":"ListItem","position":2,"name":"RECONOCIMIENTO A E.LECLERC POR SU COMPROMISO CON LA CALIDAD Y LA SEGURIDAD ALIMENTARIA"}]},{"@type":"WebSite","@id":"https:\/\/e-leclerc.es\/soria\/#website","url":"https:\/\/e-leclerc.es\/soria\/","name":"E.Leclerc Soria","description":"Descubre los folletos, ofertas y promociones de nuestro hipermercado E.Leclerc Soria en Castilla y Le\u00f3n. Direcci\u00f3n | Horario | Productos locales","publisher":{"@id":"https:\/\/e-leclerc.es\/soria\/#organization"},"alternateName":"E.Leclerc Soria","potentialAction":[{"@type":"SearchAction","target":{"@type":"EntryPoint","urlTemplate":"https:\/\/e-leclerc.es\/soria\/?s={search_term_string}"},"query-input":{"@type":"PropertyValueSpecification","valueRequired":true,"valueName":"search_term_string"}}],"inLanguage":"es"},{"@type":"Organization","@id":"https:\/\/e-leclerc.es\/soria\/#organization","name":"E.Leclerc Soria","alternateName":"Soriadis, S.L.","url":"https:\/\/e-leclerc.es\/soria\/","logo":{"@type":"ImageObject","inLanguage":"es","@id":"https:\/\/e-leclerc.es\/soria\/#\/schema\/logo\/image\/","url":"https:\/\/e-leclerc.es\/soria\/wp-content\/uploads\/sites\/3\/2024\/05\/Logo_Soria-1.svg","contentUrl":"https:\/\/e-leclerc.es\/soria\/wp-content\/uploads\/sites\/3\/2024\/05\/Logo_Soria-1.svg","width":100,"height":100,"caption":"E.Leclerc Soria"},"image":{"@id":"https:\/\/e-leclerc.es\/soria\/#\/schema\/logo\/image\/"},"sameAs":["https:\/\/www.facebook.com\/eleclercsoria?ref=hl","https:\/\/x.com\/LeclercSoria","https:\/\/www.instagram.com\/e.leclercsoria\/"]}]}},"_links":{"self":[{"href":"https:\/\/e-leclerc.es\/soria\/wp-json\/wp\/v2\/posts\/6416","targetHints":{"allow":["GET"]}}],"collection":[{"href":"https:\/\/e-leclerc.es\/soria\/wp-json\/wp\/v2\/posts"}],"about":[{"href":"https:\/\/e-leclerc.es\/soria\/wp-json\/wp\/v2\/types\/post"}],"replies":[{"embeddable":true,"href":"https:\/\/e-leclerc.es\/soria\/wp-json\/wp\/v2\/comments?post=6416"}],"version-history":[{"count":0,"href":"https:\/\/e-leclerc.es\/soria\/wp-json\/wp\/v2\/posts\/6416\/revisions"}],"wp:featuredmedia":[{"embeddable":true,"href":"https:\/\/e-leclerc.es\/soria\/wp-json\/wp\/v2\/media\/6417"}],"wp:attachment":[{"href":"https:\/\/e-leclerc.es\/soria\/wp-json\/wp\/v2\/media?parent=6416"}],"wp:term":[{"taxonomy":"category","embeddable":true,"href":"https:\/\/e-leclerc.es\/soria\/wp-json\/wp\/v2\/categories?post=6416"},{"taxonomy":"post_tag","embeddable":true,"href":"https:\/\/e-leclerc.es\/soria\/wp-json\/wp\/v2\/tags?post=6416"}],"curies":[{"name":"wp","href":"https:\/\/api.w.org\/{rel}","templated":true}]}}