{"id":6414,"date":"2016-05-10T11:18:06","date_gmt":"2016-05-10T09:18:06","guid":{"rendered":"https:\/\/www.e-leclerc.es\/soria\/tendencias\/exito-campana-bicis-para-la-vida\/"},"modified":"2016-05-10T11:18:06","modified_gmt":"2016-05-10T09:18:06","slug":"exito-campana-bicis-para-la-vida","status":"publish","type":"post","link":"https:\/\/e-leclerc.es\/soria\/tendencias\/exito-campana-bicis-para-la-vida\/","title":{"rendered":"\u00c9XITO CAMPA\u00d1A BICIS PARA LA VIDA"},"content":{"rendered":"<p>Los 18 hipermercados de E.Leclerc, \u00fanica cadena en unirse a esta iniciativa,  han logrado recoger 176 bicicletas, que ser\u00e1n reparadas en un taller que emplea a personas con discapacidad, y enviadas posteriormente a colectivos con pocos recursos.<br \/>\nE.Leclerc ha concluido con gran \u00e9xito su campa\u00f1a de recogida de bicicletas para el proyecto \u201cBicis para la Vida\u201d, una iniciativa encabezada por la Fundaci\u00f3n Alberto Contador, y cuyo objetivo es llevar bicicletas a personas en riesgo de exclusi\u00f3n. En total, se han recogido, durante los dos meses que ha durado la campa\u00f1a, 176 bicicletas, que los clientes han donado en los 18 hipermercados que E.Leclerc tiene en Espa\u00f1a.<\/p>\n<p>\u201cLa buena acogida que ha tenido la campa\u00f1a refleja la solidaridad que, una vez m\u00e1s, han demostrado nuestros clientes, acompa\u00f1\u00e1ndonos en nuestro compromiso con este tipo de iniciativas. Agradecemos a todos su colaboraci\u00f3n\u201d, han declarado desde la direcci\u00f3n de E.Leclerc, \u00fanica cadena de hipermercados en sumarse a este proyecto; y a\u00f1aden: \u201ccomo reconocimiento a su apoyo, a cada cliente que ha donado su bicicleta le hemos entregado un vale descuento de 20 \u20ac para la compra de una nueva en E.Leclerc.\u201d<br \/>\nTodas las bicicletas recogidas en los hipermercados se van a llevar a un taller que emplea a personas con discapacidad, las cuales se encargar\u00e1n de su reparaci\u00f3n para, posteriormente, ser distribuidas a colectivos con pocos recursos o en riesgo de exclusi\u00f3n, tanto dentro como fuera de Espa\u00f1a.<\/p>\n<p>Proyecto Bicis Para la Vida<br \/>\n\u201cBicis para la Vida\u201d es una iniciativa conjunta de Fundaci\u00f3n Alberto Contador, Fundaci\u00f3n SEUR, Asociaci\u00f3n de Minusv\u00e1lidos de Pinto y Fundaci\u00f3n Ananta. El programa gestiona un taller de reparaci\u00f3n de bicicletas que emplea a personas discapacitadas para la posterior distribuci\u00f3n gratuita de las bicicletas a colectivos desfavorecidos. Las bicicletas son recibidas como donaciones y trasladadas a la nave de Pinto por la extensa red de SEUR, con 90 puntos asignados en Espa\u00f1a y Portugal. El taller est\u00e1 gestionado por la Asociaci\u00f3n de Minusv\u00e1lidos de Pinto.<\/p>\n","protected":false},"excerpt":{"rendered":"<p>Los 18 hipermercados de E.Leclerc, \u00fanica cadena en unirse a esta iniciativa, han logrado recoger 176 bicicletas, que ser\u00e1n reparadas en un taller que emplea a personas con discapacidad, y enviadas posteriormente a colectivos con pocos recursos. E.Leclerc ha concluido con gran \u00e9xito su campa\u00f1a de recogida de bicicletas para el proyecto \u201cBicis para la [&hellip;]<\/p>\n","protected":false},"author":0,"featured_media":6415,"comment_status":"","ping_status":"open","sticky":false,"template":"","format":"standard","meta":{"_acf_changed":false,"footnotes":""},"categories":[1],"tags":[],"class_list":["post-6414","post","type-post","status-publish","format-standard","has-post-thumbnail","hentry","category-uncategorized"],"acf":[],"yoast_head":"<!-- This site is optimized with the Yoast SEO plugin v27.4 - https:\/\/yoast.com\/product\/yoast-seo-wordpress\/ -->\n<title>\u00c9XITO CAMPA\u00d1A BICIS PARA LA VIDA - E.Leclerc Soria<\/title>\n<meta name=\"robots\" content=\"index, follow, max-snippet:-1, max-image-preview:large, max-video-preview:-1\" \/>\n<link rel=\"canonical\" href=\"https:\/\/e-leclerc.es\/soria\/tendencias\/exito-campana-bicis-para-la-vida\/\" \/>\n<meta property=\"og:locale\" content=\"es_ES\" \/>\n<meta property=\"og:type\" content=\"article\" \/>\n<meta property=\"og:title\" content=\"\u00c9XITO CAMPA\u00d1A BICIS PARA LA VIDA - E.Leclerc Soria\" \/>\n<meta property=\"og:description\" content=\"Los 18 hipermercados de E.Leclerc, \u00fanica cadena en unirse a esta iniciativa, han logrado recoger 176 bicicletas, que ser\u00e1n reparadas en un taller que emplea a personas con discapacidad, y enviadas posteriormente a colectivos con pocos recursos. E.Leclerc ha concluido con gran \u00e9xito su campa\u00f1a de recogida de bicicletas para el proyecto \u201cBicis para la [&hellip;]\" \/>\n<meta property=\"og:url\" content=\"https:\/\/e-leclerc.es\/soria\/tendencias\/exito-campana-bicis-para-la-vida\/\" \/>\n<meta property=\"og:site_name\" content=\"E.Leclerc Soria\" \/>\n<meta property=\"article:publisher\" content=\"https:\/\/www.facebook.com\/eleclercsoria?ref=hl\" \/>\n<meta property=\"article:published_time\" content=\"2016-05-10T09:18:06+00:00\" \/>\n<meta property=\"og:image\" content=\"https:\/\/e-leclerc.es\/soria\/wp-content\/uploads\/sites\/3\/2016\/05\/2bvida_989.jpg\" \/>\n\t<meta property=\"og:image:width\" content=\"300\" \/>\n\t<meta property=\"og:image:height\" content=\"168\" \/>\n\t<meta property=\"og:image:type\" content=\"image\/jpeg\" \/>\n<meta name=\"twitter:card\" content=\"summary_large_image\" \/>\n<meta name=\"twitter:creator\" content=\"@LeclercSoria\" \/>\n<meta name=\"twitter:site\" content=\"@LeclercSoria\" \/>\n<meta name=\"twitter:label1\" content=\"Tiempo de lectura\" \/>\n\t<meta name=\"twitter:data1\" content=\"2 minutos\" \/>\n<script type=\"application\/ld+json\" class=\"yoast-schema-graph\">{\"@context\":\"https:\\\/\\\/schema.org\",\"@graph\":[{\"@type\":\"Article\",\"@id\":\"https:\\\/\\\/e-leclerc.es\\\/soria\\\/tendencias\\\/exito-campana-bicis-para-la-vida\\\/#article\",\"isPartOf\":{\"@id\":\"https:\\\/\\\/e-leclerc.es\\\/soria\\\/tendencias\\\/exito-campana-bicis-para-la-vida\\\/\"},\"author\":{\"name\":\"\",\"@id\":\"\"},\"headline\":\"\u00c9XITO CAMPA\u00d1A BICIS PARA LA VIDA\",\"datePublished\":\"2016-05-10T09:18:06+00:00\",\"mainEntityOfPage\":{\"@id\":\"https:\\\/\\\/e-leclerc.es\\\/soria\\\/tendencias\\\/exito-campana-bicis-para-la-vida\\\/\"},\"wordCount\":355,\"publisher\":{\"@id\":\"https:\\\/\\\/e-leclerc.es\\\/soria\\\/#organization\"},\"image\":{\"@id\":\"https:\\\/\\\/e-leclerc.es\\\/soria\\\/tendencias\\\/exito-campana-bicis-para-la-vida\\\/#primaryimage\"},\"thumbnailUrl\":\"https:\\\/\\\/e-leclerc.es\\\/soria\\\/wp-content\\\/uploads\\\/sites\\\/3\\\/2016\\\/05\\\/2bvida_989.jpg\",\"articleSection\":[\"Uncategorized\"],\"inLanguage\":\"es\"},{\"@type\":\"WebPage\",\"@id\":\"https:\\\/\\\/e-leclerc.es\\\/soria\\\/tendencias\\\/exito-campana-bicis-para-la-vida\\\/\",\"url\":\"https:\\\/\\\/e-leclerc.es\\\/soria\\\/tendencias\\\/exito-campana-bicis-para-la-vida\\\/\",\"name\":\"\u00c9XITO CAMPA\u00d1A BICIS PARA LA VIDA - E.Leclerc Soria\",\"isPartOf\":{\"@id\":\"https:\\\/\\\/e-leclerc.es\\\/soria\\\/#website\"},\"primaryImageOfPage\":{\"@id\":\"https:\\\/\\\/e-leclerc.es\\\/soria\\\/tendencias\\\/exito-campana-bicis-para-la-vida\\\/#primaryimage\"},\"image\":{\"@id\":\"https:\\\/\\\/e-leclerc.es\\\/soria\\\/tendencias\\\/exito-campana-bicis-para-la-vida\\\/#primaryimage\"},\"thumbnailUrl\":\"https:\\\/\\\/e-leclerc.es\\\/soria\\\/wp-content\\\/uploads\\\/sites\\\/3\\\/2016\\\/05\\\/2bvida_989.jpg\",\"datePublished\":\"2016-05-10T09:18:06+00:00\",\"breadcrumb\":{\"@id\":\"https:\\\/\\\/e-leclerc.es\\\/soria\\\/tendencias\\\/exito-campana-bicis-para-la-vida\\\/#breadcrumb\"},\"inLanguage\":\"es\",\"potentialAction\":[{\"@type\":\"ReadAction\",\"target\":[\"https:\\\/\\\/e-leclerc.es\\\/soria\\\/tendencias\\\/exito-campana-bicis-para-la-vida\\\/\"]}]},{\"@type\":\"ImageObject\",\"inLanguage\":\"es\",\"@id\":\"https:\\\/\\\/e-leclerc.es\\\/soria\\\/tendencias\\\/exito-campana-bicis-para-la-vida\\\/#primaryimage\",\"url\":\"https:\\\/\\\/e-leclerc.es\\\/soria\\\/wp-content\\\/uploads\\\/sites\\\/3\\\/2016\\\/05\\\/2bvida_989.jpg\",\"contentUrl\":\"https:\\\/\\\/e-leclerc.es\\\/soria\\\/wp-content\\\/uploads\\\/sites\\\/3\\\/2016\\\/05\\\/2bvida_989.jpg\",\"width\":300,\"height\":168},{\"@type\":\"BreadcrumbList\",\"@id\":\"https:\\\/\\\/e-leclerc.es\\\/soria\\\/tendencias\\\/exito-campana-bicis-para-la-vida\\\/#breadcrumb\",\"itemListElement\":[{\"@type\":\"ListItem\",\"position\":1,\"name\":\"Portada\",\"item\":\"https:\\\/\\\/e-leclerc.es\\\/soria\\\/\"},{\"@type\":\"ListItem\",\"position\":2,\"name\":\"\u00c9XITO CAMPA\u00d1A BICIS PARA LA VIDA\"}]},{\"@type\":\"WebSite\",\"@id\":\"https:\\\/\\\/e-leclerc.es\\\/soria\\\/#website\",\"url\":\"https:\\\/\\\/e-leclerc.es\\\/soria\\\/\",\"name\":\"E.Leclerc Soria\",\"description\":\"Descubre los folletos, ofertas y promociones de nuestro hipermercado E.Leclerc Soria en Castilla y Le\u00f3n. Direcci\u00f3n | Horario | Productos locales\",\"publisher\":{\"@id\":\"https:\\\/\\\/e-leclerc.es\\\/soria\\\/#organization\"},\"alternateName\":\"E.Leclerc Soria\",\"potentialAction\":[{\"@type\":\"SearchAction\",\"target\":{\"@type\":\"EntryPoint\",\"urlTemplate\":\"https:\\\/\\\/e-leclerc.es\\\/soria\\\/?s={search_term_string}\"},\"query-input\":{\"@type\":\"PropertyValueSpecification\",\"valueRequired\":true,\"valueName\":\"search_term_string\"}}],\"inLanguage\":\"es\"},{\"@type\":\"Organization\",\"@id\":\"https:\\\/\\\/e-leclerc.es\\\/soria\\\/#organization\",\"name\":\"E.Leclerc Soria\",\"alternateName\":\"Soriadis, S.L.\",\"url\":\"https:\\\/\\\/e-leclerc.es\\\/soria\\\/\",\"logo\":{\"@type\":\"ImageObject\",\"inLanguage\":\"es\",\"@id\":\"https:\\\/\\\/e-leclerc.es\\\/soria\\\/#\\\/schema\\\/logo\\\/image\\\/\",\"url\":\"https:\\\/\\\/e-leclerc.es\\\/soria\\\/wp-content\\\/uploads\\\/sites\\\/3\\\/2024\\\/05\\\/Logo_Soria-1.svg\",\"contentUrl\":\"https:\\\/\\\/e-leclerc.es\\\/soria\\\/wp-content\\\/uploads\\\/sites\\\/3\\\/2024\\\/05\\\/Logo_Soria-1.svg\",\"width\":100,\"height\":100,\"caption\":\"E.Leclerc Soria\"},\"image\":{\"@id\":\"https:\\\/\\\/e-leclerc.es\\\/soria\\\/#\\\/schema\\\/logo\\\/image\\\/\"},\"sameAs\":[\"https:\\\/\\\/www.facebook.com\\\/eleclercsoria?ref=hl\",\"https:\\\/\\\/x.com\\\/LeclercSoria\",\"https:\\\/\\\/www.instagram.com\\\/e.leclercsoria\\\/\"]}]}<\/script>\n<!-- \/ Yoast SEO plugin. -->","yoast_head_json":{"title":"\u00c9XITO CAMPA\u00d1A BICIS PARA LA VIDA - E.Leclerc Soria","robots":{"index":"index","follow":"follow","max-snippet":"max-snippet:-1","max-image-preview":"max-image-preview:large","max-video-preview":"max-video-preview:-1"},"canonical":"https:\/\/e-leclerc.es\/soria\/tendencias\/exito-campana-bicis-para-la-vida\/","og_locale":"es_ES","og_type":"article","og_title":"\u00c9XITO CAMPA\u00d1A BICIS PARA LA VIDA - E.Leclerc Soria","og_description":"Los 18 hipermercados de E.Leclerc, \u00fanica cadena en unirse a esta iniciativa, han logrado recoger 176 bicicletas, que ser\u00e1n reparadas en un taller que emplea a personas con discapacidad, y enviadas posteriormente a colectivos con pocos recursos. E.Leclerc ha concluido con gran \u00e9xito su campa\u00f1a de recogida de bicicletas para el proyecto \u201cBicis para la [&hellip;]","og_url":"https:\/\/e-leclerc.es\/soria\/tendencias\/exito-campana-bicis-para-la-vida\/","og_site_name":"E.Leclerc Soria","article_publisher":"https:\/\/www.facebook.com\/eleclercsoria?ref=hl","article_published_time":"2016-05-10T09:18:06+00:00","og_image":[{"width":300,"height":168,"url":"https:\/\/e-leclerc.es\/soria\/wp-content\/uploads\/sites\/3\/2016\/05\/2bvida_989.jpg","type":"image\/jpeg"}],"twitter_card":"summary_large_image","twitter_creator":"@LeclercSoria","twitter_site":"@LeclercSoria","twitter_misc":{"Tiempo de lectura":"2 minutos"},"schema":{"@context":"https:\/\/schema.org","@graph":[{"@type":"Article","@id":"https:\/\/e-leclerc.es\/soria\/tendencias\/exito-campana-bicis-para-la-vida\/#article","isPartOf":{"@id":"https:\/\/e-leclerc.es\/soria\/tendencias\/exito-campana-bicis-para-la-vida\/"},"author":{"name":"","@id":""},"headline":"\u00c9XITO CAMPA\u00d1A BICIS PARA LA VIDA","datePublished":"2016-05-10T09:18:06+00:00","mainEntityOfPage":{"@id":"https:\/\/e-leclerc.es\/soria\/tendencias\/exito-campana-bicis-para-la-vida\/"},"wordCount":355,"publisher":{"@id":"https:\/\/e-leclerc.es\/soria\/#organization"},"image":{"@id":"https:\/\/e-leclerc.es\/soria\/tendencias\/exito-campana-bicis-para-la-vida\/#primaryimage"},"thumbnailUrl":"https:\/\/e-leclerc.es\/soria\/wp-content\/uploads\/sites\/3\/2016\/05\/2bvida_989.jpg","articleSection":["Uncategorized"],"inLanguage":"es"},{"@type":"WebPage","@id":"https:\/\/e-leclerc.es\/soria\/tendencias\/exito-campana-bicis-para-la-vida\/","url":"https:\/\/e-leclerc.es\/soria\/tendencias\/exito-campana-bicis-para-la-vida\/","name":"\u00c9XITO CAMPA\u00d1A BICIS PARA LA VIDA - E.Leclerc Soria","isPartOf":{"@id":"https:\/\/e-leclerc.es\/soria\/#website"},"primaryImageOfPage":{"@id":"https:\/\/e-leclerc.es\/soria\/tendencias\/exito-campana-bicis-para-la-vida\/#primaryimage"},"image":{"@id":"https:\/\/e-leclerc.es\/soria\/tendencias\/exito-campana-bicis-para-la-vida\/#primaryimage"},"thumbnailUrl":"https:\/\/e-leclerc.es\/soria\/wp-content\/uploads\/sites\/3\/2016\/05\/2bvida_989.jpg","datePublished":"2016-05-10T09:18:06+00:00","breadcrumb":{"@id":"https:\/\/e-leclerc.es\/soria\/tendencias\/exito-campana-bicis-para-la-vida\/#breadcrumb"},"inLanguage":"es","potentialAction":[{"@type":"ReadAction","target":["https:\/\/e-leclerc.es\/soria\/tendencias\/exito-campana-bicis-para-la-vida\/"]}]},{"@type":"ImageObject","inLanguage":"es","@id":"https:\/\/e-leclerc.es\/soria\/tendencias\/exito-campana-bicis-para-la-vida\/#primaryimage","url":"https:\/\/e-leclerc.es\/soria\/wp-content\/uploads\/sites\/3\/2016\/05\/2bvida_989.jpg","contentUrl":"https:\/\/e-leclerc.es\/soria\/wp-content\/uploads\/sites\/3\/2016\/05\/2bvida_989.jpg","width":300,"height":168},{"@type":"BreadcrumbList","@id":"https:\/\/e-leclerc.es\/soria\/tendencias\/exito-campana-bicis-para-la-vida\/#breadcrumb","itemListElement":[{"@type":"ListItem","position":1,"name":"Portada","item":"https:\/\/e-leclerc.es\/soria\/"},{"@type":"ListItem","position":2,"name":"\u00c9XITO CAMPA\u00d1A BICIS PARA LA VIDA"}]},{"@type":"WebSite","@id":"https:\/\/e-leclerc.es\/soria\/#website","url":"https:\/\/e-leclerc.es\/soria\/","name":"E.Leclerc Soria","description":"Descubre los folletos, ofertas y promociones de nuestro hipermercado E.Leclerc Soria en Castilla y Le\u00f3n. Direcci\u00f3n | Horario | Productos locales","publisher":{"@id":"https:\/\/e-leclerc.es\/soria\/#organization"},"alternateName":"E.Leclerc Soria","potentialAction":[{"@type":"SearchAction","target":{"@type":"EntryPoint","urlTemplate":"https:\/\/e-leclerc.es\/soria\/?s={search_term_string}"},"query-input":{"@type":"PropertyValueSpecification","valueRequired":true,"valueName":"search_term_string"}}],"inLanguage":"es"},{"@type":"Organization","@id":"https:\/\/e-leclerc.es\/soria\/#organization","name":"E.Leclerc Soria","alternateName":"Soriadis, S.L.","url":"https:\/\/e-leclerc.es\/soria\/","logo":{"@type":"ImageObject","inLanguage":"es","@id":"https:\/\/e-leclerc.es\/soria\/#\/schema\/logo\/image\/","url":"https:\/\/e-leclerc.es\/soria\/wp-content\/uploads\/sites\/3\/2024\/05\/Logo_Soria-1.svg","contentUrl":"https:\/\/e-leclerc.es\/soria\/wp-content\/uploads\/sites\/3\/2024\/05\/Logo_Soria-1.svg","width":100,"height":100,"caption":"E.Leclerc Soria"},"image":{"@id":"https:\/\/e-leclerc.es\/soria\/#\/schema\/logo\/image\/"},"sameAs":["https:\/\/www.facebook.com\/eleclercsoria?ref=hl","https:\/\/x.com\/LeclercSoria","https:\/\/www.instagram.com\/e.leclercsoria\/"]}]}},"_links":{"self":[{"href":"https:\/\/e-leclerc.es\/soria\/wp-json\/wp\/v2\/posts\/6414","targetHints":{"allow":["GET"]}}],"collection":[{"href":"https:\/\/e-leclerc.es\/soria\/wp-json\/wp\/v2\/posts"}],"about":[{"href":"https:\/\/e-leclerc.es\/soria\/wp-json\/wp\/v2\/types\/post"}],"replies":[{"embeddable":true,"href":"https:\/\/e-leclerc.es\/soria\/wp-json\/wp\/v2\/comments?post=6414"}],"version-history":[{"count":0,"href":"https:\/\/e-leclerc.es\/soria\/wp-json\/wp\/v2\/posts\/6414\/revisions"}],"wp:featuredmedia":[{"embeddable":true,"href":"https:\/\/e-leclerc.es\/soria\/wp-json\/wp\/v2\/media\/6415"}],"wp:attachment":[{"href":"https:\/\/e-leclerc.es\/soria\/wp-json\/wp\/v2\/media?parent=6414"}],"wp:term":[{"taxonomy":"category","embeddable":true,"href":"https:\/\/e-leclerc.es\/soria\/wp-json\/wp\/v2\/categories?post=6414"},{"taxonomy":"post_tag","embeddable":true,"href":"https:\/\/e-leclerc.es\/soria\/wp-json\/wp\/v2\/tags?post=6414"}],"curies":[{"name":"wp","href":"https:\/\/api.w.org\/{rel}","templated":true}]}}