{"id":6306,"date":"2016-05-10T11:05:18","date_gmt":"2016-05-10T09:05:18","guid":{"rendered":"https:\/\/www.e-leclerc.es\/soria\/tendencias\/e-leclerc-se-vuelca-con-el-deporte-en-soria\/"},"modified":"2016-05-10T11:05:18","modified_gmt":"2016-05-10T09:05:18","slug":"e-leclerc-se-vuelca-con-el-deporte-en-soria","status":"publish","type":"post","link":"https:\/\/e-leclerc.es\/soria\/tendencias\/e-leclerc-se-vuelca-con-el-deporte-en-soria\/","title":{"rendered":"E.Leclerc se vuelca con el deporte en soria"},"content":{"rendered":"<p>Ha patrocinado la XIX Campo a Trav\u00e9s Internacional<\/p>\n<p>Una vez m\u00e1s, el hipermercado E.LECLERC de Soria se ha volcado con el deporte, y su presencia ha sido clave para la celebraci\u00f3n de una de las pruebas m\u00e1s importantes para los atletas espa\u00f1oles: la XIX Campo a Trav\u00e9s Internacional, que tuvo lugar ayer y en la que participaron estrellas del atletismo de todo el mundo, as\u00ed como consagrados atletas sorianos, como Daniel Mateo, y j\u00f3venes promesas locales, como Beatriz Esteban o Marta P\u00e9rez.<\/p>\n<p>Se trata de la segunda prueba del circuito internacional de la IAAF (Asociaci\u00f3n Internacional de Federaciones de Atletismo), esencial para los atletas porque cuenta para la clasificaci\u00f3n al Campeonato de Europa de Cross, uno de los acontecimientos deportivos con mayor repercusi\u00f3n internacional en el mundo del atletismo.<\/p>\n<p>A pesar de la dif\u00edcil situaci\u00f3n econ\u00f3mica, E.LECLERC ha querido demostrar su compromiso en el fomento del deporte y patrocinar una prueba muy querida por los sorianos, grandes aficionados al atletismo y que pudieron disfrutar ayer de una emocionante jornada. Jean Michel Chauvin, propietario del hipermercado, asegura que \u201cel atletismo tiene una larga tradici\u00f3n en Soria, de donde han surgido grandes deportistas. Para nosotros, igual que para todos los sorianos, es muy importante que se sigan celebrando este tipo de eventos, y por eso hemos querido poner nuestro granito de arena, y lo seguiremos haciendo\u201d.<\/p>\n","protected":false},"excerpt":{"rendered":"<p>Ha patrocinado la XIX Campo a Trav\u00e9s Internacional Una vez m\u00e1s, el hipermercado E.LECLERC de Soria se ha volcado con el deporte, y su presencia ha sido clave para la celebraci\u00f3n de una de las pruebas m\u00e1s importantes para los atletas espa\u00f1oles: la XIX Campo a Trav\u00e9s Internacional, que tuvo lugar ayer y en la [&hellip;]<\/p>\n","protected":false},"author":0,"featured_media":6307,"comment_status":"","ping_status":"open","sticky":false,"template":"","format":"standard","meta":{"_acf_changed":false,"footnotes":""},"categories":[1],"tags":[],"class_list":["post-6306","post","type-post","status-publish","format-standard","has-post-thumbnail","hentry","category-uncategorized"],"acf":[],"yoast_head":"<!-- This site is optimized with the Yoast SEO plugin v27.4 - https:\/\/yoast.com\/product\/yoast-seo-wordpress\/ -->\n<title>E.Leclerc se vuelca con el deporte en soria - E.Leclerc Soria<\/title>\n<meta name=\"robots\" content=\"index, follow, max-snippet:-1, max-image-preview:large, max-video-preview:-1\" \/>\n<link rel=\"canonical\" href=\"https:\/\/e-leclerc.es\/soria\/tendencias\/e-leclerc-se-vuelca-con-el-deporte-en-soria\/\" \/>\n<meta property=\"og:locale\" content=\"es_ES\" \/>\n<meta property=\"og:type\" content=\"article\" \/>\n<meta property=\"og:title\" content=\"E.Leclerc se vuelca con el deporte en soria - E.Leclerc Soria\" \/>\n<meta property=\"og:description\" content=\"Ha patrocinado la XIX Campo a Trav\u00e9s Internacional Una vez m\u00e1s, el hipermercado E.LECLERC de Soria se ha volcado con el deporte, y su presencia ha sido clave para la celebraci\u00f3n de una de las pruebas m\u00e1s importantes para los atletas espa\u00f1oles: la XIX Campo a Trav\u00e9s Internacional, que tuvo lugar ayer y en la [&hellip;]\" \/>\n<meta property=\"og:url\" content=\"https:\/\/e-leclerc.es\/soria\/tendencias\/e-leclerc-se-vuelca-con-el-deporte-en-soria\/\" \/>\n<meta property=\"og:site_name\" content=\"E.Leclerc Soria\" \/>\n<meta property=\"article:publisher\" content=\"https:\/\/www.facebook.com\/eleclercsoria?ref=hl\" \/>\n<meta property=\"article:published_time\" content=\"2016-05-10T09:05:18+00:00\" \/>\n<meta property=\"og:image\" content=\"https:\/\/e-leclerc.es\/soria\/wp-content\/uploads\/sites\/3\/2016\/05\/0523-jpg_699.jpg\" \/>\n\t<meta property=\"og:image:width\" content=\"225\" \/>\n\t<meta property=\"og:image:height\" content=\"169\" \/>\n\t<meta property=\"og:image:type\" content=\"image\/jpeg\" \/>\n<meta name=\"twitter:card\" content=\"summary_large_image\" \/>\n<meta name=\"twitter:creator\" content=\"@LeclercSoria\" \/>\n<meta name=\"twitter:site\" content=\"@LeclercSoria\" \/>\n<meta name=\"twitter:label1\" content=\"Tiempo de lectura\" \/>\n\t<meta name=\"twitter:data1\" content=\"1 minuto\" \/>\n<script type=\"application\/ld+json\" class=\"yoast-schema-graph\">{\"@context\":\"https:\\\/\\\/schema.org\",\"@graph\":[{\"@type\":\"Article\",\"@id\":\"https:\\\/\\\/e-leclerc.es\\\/soria\\\/tendencias\\\/e-leclerc-se-vuelca-con-el-deporte-en-soria\\\/#article\",\"isPartOf\":{\"@id\":\"https:\\\/\\\/e-leclerc.es\\\/soria\\\/tendencias\\\/e-leclerc-se-vuelca-con-el-deporte-en-soria\\\/\"},\"author\":{\"name\":\"\",\"@id\":\"\"},\"headline\":\"E.Leclerc se vuelca con el deporte en soria\",\"datePublished\":\"2016-05-10T09:05:18+00:00\",\"mainEntityOfPage\":{\"@id\":\"https:\\\/\\\/e-leclerc.es\\\/soria\\\/tendencias\\\/e-leclerc-se-vuelca-con-el-deporte-en-soria\\\/\"},\"wordCount\":250,\"publisher\":{\"@id\":\"https:\\\/\\\/e-leclerc.es\\\/soria\\\/#organization\"},\"image\":{\"@id\":\"https:\\\/\\\/e-leclerc.es\\\/soria\\\/tendencias\\\/e-leclerc-se-vuelca-con-el-deporte-en-soria\\\/#primaryimage\"},\"thumbnailUrl\":\"https:\\\/\\\/e-leclerc.es\\\/soria\\\/wp-content\\\/uploads\\\/sites\\\/3\\\/2016\\\/05\\\/0523-jpg_699.jpg\",\"articleSection\":[\"Uncategorized\"],\"inLanguage\":\"es\"},{\"@type\":\"WebPage\",\"@id\":\"https:\\\/\\\/e-leclerc.es\\\/soria\\\/tendencias\\\/e-leclerc-se-vuelca-con-el-deporte-en-soria\\\/\",\"url\":\"https:\\\/\\\/e-leclerc.es\\\/soria\\\/tendencias\\\/e-leclerc-se-vuelca-con-el-deporte-en-soria\\\/\",\"name\":\"E.Leclerc se vuelca con el deporte en soria - E.Leclerc Soria\",\"isPartOf\":{\"@id\":\"https:\\\/\\\/e-leclerc.es\\\/soria\\\/#website\"},\"primaryImageOfPage\":{\"@id\":\"https:\\\/\\\/e-leclerc.es\\\/soria\\\/tendencias\\\/e-leclerc-se-vuelca-con-el-deporte-en-soria\\\/#primaryimage\"},\"image\":{\"@id\":\"https:\\\/\\\/e-leclerc.es\\\/soria\\\/tendencias\\\/e-leclerc-se-vuelca-con-el-deporte-en-soria\\\/#primaryimage\"},\"thumbnailUrl\":\"https:\\\/\\\/e-leclerc.es\\\/soria\\\/wp-content\\\/uploads\\\/sites\\\/3\\\/2016\\\/05\\\/0523-jpg_699.jpg\",\"datePublished\":\"2016-05-10T09:05:18+00:00\",\"breadcrumb\":{\"@id\":\"https:\\\/\\\/e-leclerc.es\\\/soria\\\/tendencias\\\/e-leclerc-se-vuelca-con-el-deporte-en-soria\\\/#breadcrumb\"},\"inLanguage\":\"es\",\"potentialAction\":[{\"@type\":\"ReadAction\",\"target\":[\"https:\\\/\\\/e-leclerc.es\\\/soria\\\/tendencias\\\/e-leclerc-se-vuelca-con-el-deporte-en-soria\\\/\"]}]},{\"@type\":\"ImageObject\",\"inLanguage\":\"es\",\"@id\":\"https:\\\/\\\/e-leclerc.es\\\/soria\\\/tendencias\\\/e-leclerc-se-vuelca-con-el-deporte-en-soria\\\/#primaryimage\",\"url\":\"https:\\\/\\\/e-leclerc.es\\\/soria\\\/wp-content\\\/uploads\\\/sites\\\/3\\\/2016\\\/05\\\/0523-jpg_699.jpg\",\"contentUrl\":\"https:\\\/\\\/e-leclerc.es\\\/soria\\\/wp-content\\\/uploads\\\/sites\\\/3\\\/2016\\\/05\\\/0523-jpg_699.jpg\",\"width\":225,\"height\":169},{\"@type\":\"BreadcrumbList\",\"@id\":\"https:\\\/\\\/e-leclerc.es\\\/soria\\\/tendencias\\\/e-leclerc-se-vuelca-con-el-deporte-en-soria\\\/#breadcrumb\",\"itemListElement\":[{\"@type\":\"ListItem\",\"position\":1,\"name\":\"Portada\",\"item\":\"https:\\\/\\\/e-leclerc.es\\\/soria\\\/\"},{\"@type\":\"ListItem\",\"position\":2,\"name\":\"E.Leclerc se vuelca con el deporte en soria\"}]},{\"@type\":\"WebSite\",\"@id\":\"https:\\\/\\\/e-leclerc.es\\\/soria\\\/#website\",\"url\":\"https:\\\/\\\/e-leclerc.es\\\/soria\\\/\",\"name\":\"E.Leclerc Soria\",\"description\":\"Descubre los folletos, ofertas y promociones de nuestro hipermercado E.Leclerc Soria en Castilla y Le\u00f3n. Direcci\u00f3n | Horario | Productos locales\",\"publisher\":{\"@id\":\"https:\\\/\\\/e-leclerc.es\\\/soria\\\/#organization\"},\"alternateName\":\"E.Leclerc Soria\",\"potentialAction\":[{\"@type\":\"SearchAction\",\"target\":{\"@type\":\"EntryPoint\",\"urlTemplate\":\"https:\\\/\\\/e-leclerc.es\\\/soria\\\/?s={search_term_string}\"},\"query-input\":{\"@type\":\"PropertyValueSpecification\",\"valueRequired\":true,\"valueName\":\"search_term_string\"}}],\"inLanguage\":\"es\"},{\"@type\":\"Organization\",\"@id\":\"https:\\\/\\\/e-leclerc.es\\\/soria\\\/#organization\",\"name\":\"E.Leclerc Soria\",\"alternateName\":\"Soriadis, S.L.\",\"url\":\"https:\\\/\\\/e-leclerc.es\\\/soria\\\/\",\"logo\":{\"@type\":\"ImageObject\",\"inLanguage\":\"es\",\"@id\":\"https:\\\/\\\/e-leclerc.es\\\/soria\\\/#\\\/schema\\\/logo\\\/image\\\/\",\"url\":\"https:\\\/\\\/e-leclerc.es\\\/soria\\\/wp-content\\\/uploads\\\/sites\\\/3\\\/2024\\\/05\\\/Logo_Soria-1.svg\",\"contentUrl\":\"https:\\\/\\\/e-leclerc.es\\\/soria\\\/wp-content\\\/uploads\\\/sites\\\/3\\\/2024\\\/05\\\/Logo_Soria-1.svg\",\"width\":100,\"height\":100,\"caption\":\"E.Leclerc Soria\"},\"image\":{\"@id\":\"https:\\\/\\\/e-leclerc.es\\\/soria\\\/#\\\/schema\\\/logo\\\/image\\\/\"},\"sameAs\":[\"https:\\\/\\\/www.facebook.com\\\/eleclercsoria?ref=hl\",\"https:\\\/\\\/x.com\\\/LeclercSoria\",\"https:\\\/\\\/www.instagram.com\\\/e.leclercsoria\\\/\"]}]}<\/script>\n<!-- \/ Yoast SEO plugin. -->","yoast_head_json":{"title":"E.Leclerc se vuelca con el deporte en soria - E.Leclerc Soria","robots":{"index":"index","follow":"follow","max-snippet":"max-snippet:-1","max-image-preview":"max-image-preview:large","max-video-preview":"max-video-preview:-1"},"canonical":"https:\/\/e-leclerc.es\/soria\/tendencias\/e-leclerc-se-vuelca-con-el-deporte-en-soria\/","og_locale":"es_ES","og_type":"article","og_title":"E.Leclerc se vuelca con el deporte en soria - E.Leclerc Soria","og_description":"Ha patrocinado la XIX Campo a Trav\u00e9s Internacional Una vez m\u00e1s, el hipermercado E.LECLERC de Soria se ha volcado con el deporte, y su presencia ha sido clave para la celebraci\u00f3n de una de las pruebas m\u00e1s importantes para los atletas espa\u00f1oles: la XIX Campo a Trav\u00e9s Internacional, que tuvo lugar ayer y en la [&hellip;]","og_url":"https:\/\/e-leclerc.es\/soria\/tendencias\/e-leclerc-se-vuelca-con-el-deporte-en-soria\/","og_site_name":"E.Leclerc Soria","article_publisher":"https:\/\/www.facebook.com\/eleclercsoria?ref=hl","article_published_time":"2016-05-10T09:05:18+00:00","og_image":[{"width":225,"height":169,"url":"https:\/\/e-leclerc.es\/soria\/wp-content\/uploads\/sites\/3\/2016\/05\/0523-jpg_699.jpg","type":"image\/jpeg"}],"twitter_card":"summary_large_image","twitter_creator":"@LeclercSoria","twitter_site":"@LeclercSoria","twitter_misc":{"Tiempo de lectura":"1 minuto"},"schema":{"@context":"https:\/\/schema.org","@graph":[{"@type":"Article","@id":"https:\/\/e-leclerc.es\/soria\/tendencias\/e-leclerc-se-vuelca-con-el-deporte-en-soria\/#article","isPartOf":{"@id":"https:\/\/e-leclerc.es\/soria\/tendencias\/e-leclerc-se-vuelca-con-el-deporte-en-soria\/"},"author":{"name":"","@id":""},"headline":"E.Leclerc se vuelca con el deporte en soria","datePublished":"2016-05-10T09:05:18+00:00","mainEntityOfPage":{"@id":"https:\/\/e-leclerc.es\/soria\/tendencias\/e-leclerc-se-vuelca-con-el-deporte-en-soria\/"},"wordCount":250,"publisher":{"@id":"https:\/\/e-leclerc.es\/soria\/#organization"},"image":{"@id":"https:\/\/e-leclerc.es\/soria\/tendencias\/e-leclerc-se-vuelca-con-el-deporte-en-soria\/#primaryimage"},"thumbnailUrl":"https:\/\/e-leclerc.es\/soria\/wp-content\/uploads\/sites\/3\/2016\/05\/0523-jpg_699.jpg","articleSection":["Uncategorized"],"inLanguage":"es"},{"@type":"WebPage","@id":"https:\/\/e-leclerc.es\/soria\/tendencias\/e-leclerc-se-vuelca-con-el-deporte-en-soria\/","url":"https:\/\/e-leclerc.es\/soria\/tendencias\/e-leclerc-se-vuelca-con-el-deporte-en-soria\/","name":"E.Leclerc se vuelca con el deporte en soria - E.Leclerc Soria","isPartOf":{"@id":"https:\/\/e-leclerc.es\/soria\/#website"},"primaryImageOfPage":{"@id":"https:\/\/e-leclerc.es\/soria\/tendencias\/e-leclerc-se-vuelca-con-el-deporte-en-soria\/#primaryimage"},"image":{"@id":"https:\/\/e-leclerc.es\/soria\/tendencias\/e-leclerc-se-vuelca-con-el-deporte-en-soria\/#primaryimage"},"thumbnailUrl":"https:\/\/e-leclerc.es\/soria\/wp-content\/uploads\/sites\/3\/2016\/05\/0523-jpg_699.jpg","datePublished":"2016-05-10T09:05:18+00:00","breadcrumb":{"@id":"https:\/\/e-leclerc.es\/soria\/tendencias\/e-leclerc-se-vuelca-con-el-deporte-en-soria\/#breadcrumb"},"inLanguage":"es","potentialAction":[{"@type":"ReadAction","target":["https:\/\/e-leclerc.es\/soria\/tendencias\/e-leclerc-se-vuelca-con-el-deporte-en-soria\/"]}]},{"@type":"ImageObject","inLanguage":"es","@id":"https:\/\/e-leclerc.es\/soria\/tendencias\/e-leclerc-se-vuelca-con-el-deporte-en-soria\/#primaryimage","url":"https:\/\/e-leclerc.es\/soria\/wp-content\/uploads\/sites\/3\/2016\/05\/0523-jpg_699.jpg","contentUrl":"https:\/\/e-leclerc.es\/soria\/wp-content\/uploads\/sites\/3\/2016\/05\/0523-jpg_699.jpg","width":225,"height":169},{"@type":"BreadcrumbList","@id":"https:\/\/e-leclerc.es\/soria\/tendencias\/e-leclerc-se-vuelca-con-el-deporte-en-soria\/#breadcrumb","itemListElement":[{"@type":"ListItem","position":1,"name":"Portada","item":"https:\/\/e-leclerc.es\/soria\/"},{"@type":"ListItem","position":2,"name":"E.Leclerc se vuelca con el deporte en soria"}]},{"@type":"WebSite","@id":"https:\/\/e-leclerc.es\/soria\/#website","url":"https:\/\/e-leclerc.es\/soria\/","name":"E.Leclerc Soria","description":"Descubre los folletos, ofertas y promociones de nuestro hipermercado E.Leclerc Soria en Castilla y Le\u00f3n. Direcci\u00f3n | Horario | Productos locales","publisher":{"@id":"https:\/\/e-leclerc.es\/soria\/#organization"},"alternateName":"E.Leclerc Soria","potentialAction":[{"@type":"SearchAction","target":{"@type":"EntryPoint","urlTemplate":"https:\/\/e-leclerc.es\/soria\/?s={search_term_string}"},"query-input":{"@type":"PropertyValueSpecification","valueRequired":true,"valueName":"search_term_string"}}],"inLanguage":"es"},{"@type":"Organization","@id":"https:\/\/e-leclerc.es\/soria\/#organization","name":"E.Leclerc Soria","alternateName":"Soriadis, S.L.","url":"https:\/\/e-leclerc.es\/soria\/","logo":{"@type":"ImageObject","inLanguage":"es","@id":"https:\/\/e-leclerc.es\/soria\/#\/schema\/logo\/image\/","url":"https:\/\/e-leclerc.es\/soria\/wp-content\/uploads\/sites\/3\/2024\/05\/Logo_Soria-1.svg","contentUrl":"https:\/\/e-leclerc.es\/soria\/wp-content\/uploads\/sites\/3\/2024\/05\/Logo_Soria-1.svg","width":100,"height":100,"caption":"E.Leclerc Soria"},"image":{"@id":"https:\/\/e-leclerc.es\/soria\/#\/schema\/logo\/image\/"},"sameAs":["https:\/\/www.facebook.com\/eleclercsoria?ref=hl","https:\/\/x.com\/LeclercSoria","https:\/\/www.instagram.com\/e.leclercsoria\/"]}]}},"_links":{"self":[{"href":"https:\/\/e-leclerc.es\/soria\/wp-json\/wp\/v2\/posts\/6306","targetHints":{"allow":["GET"]}}],"collection":[{"href":"https:\/\/e-leclerc.es\/soria\/wp-json\/wp\/v2\/posts"}],"about":[{"href":"https:\/\/e-leclerc.es\/soria\/wp-json\/wp\/v2\/types\/post"}],"replies":[{"embeddable":true,"href":"https:\/\/e-leclerc.es\/soria\/wp-json\/wp\/v2\/comments?post=6306"}],"version-history":[{"count":0,"href":"https:\/\/e-leclerc.es\/soria\/wp-json\/wp\/v2\/posts\/6306\/revisions"}],"wp:featuredmedia":[{"embeddable":true,"href":"https:\/\/e-leclerc.es\/soria\/wp-json\/wp\/v2\/media\/6307"}],"wp:attachment":[{"href":"https:\/\/e-leclerc.es\/soria\/wp-json\/wp\/v2\/media?parent=6306"}],"wp:term":[{"taxonomy":"category","embeddable":true,"href":"https:\/\/e-leclerc.es\/soria\/wp-json\/wp\/v2\/categories?post=6306"},{"taxonomy":"post_tag","embeddable":true,"href":"https:\/\/e-leclerc.es\/soria\/wp-json\/wp\/v2\/tags?post=6306"}],"curies":[{"name":"wp","href":"https:\/\/api.w.org\/{rel}","templated":true}]}}