{"id":16277,"date":"2026-04-28T17:15:57","date_gmt":"2026-04-28T15:15:57","guid":{"rendered":"https:\/\/e-leclerc.es\/soria\/tendencias\/\/"},"modified":"2026-04-28T18:13:08","modified_gmt":"2026-04-28T16:13:08","slug":"reune-a-tu-equipo-y-ven-a-celebrar-nuestro-aniversario","status":"publish","type":"post","link":"https:\/\/e-leclerc.es\/soria\/tendencias\/reune-a-tu-equipo-y-ven-a-celebrar-nuestro-aniversario\/","title":{"rendered":"\ud83c\udfc0 \u00a1Re\u00fane a tu equipo y ven a celebrar nuestro aniversario!"},"content":{"rendered":"\n<p>El viernes 15 de mayo, el parking de E\ua4f8Leclerc Soria se llena de magia y deporte. Vuelve una de las actividades emblem\u00e1ticas de la ciudad:<br>la nueva edici\u00f3n del Torneo 3&#215;3 junto a FDR Basket.<br><br>\ud83d\udcdd <strong>Inscripciones:<\/strong> Descarga los documentos en la web o rec\u00f3gelos en nuestra oficina de informaci\u00f3n. Env\u00edalos a <a href=\"mailto:torneosfdrbasket@gmail.com\">torneosfdrbasket@gmail.com<\/a>. \u00a1Tienes hasta el 10 de mayo!<br><br>\u26f9\ufe0f <strong>Categor\u00edas:<\/strong> De Benjam\u00edn a Cadete.<br><br>\ud83c\udfaf <strong>M\u00e1s que basket:<\/strong> Disfruta de competiciones, concursos de tiro, hinchables y mucha diversi\u00f3n al aire libre (de 16:00 a 20:30).<br><br>Avisa a tus compa\u00f1eros de clase o de equipo, preparad las zapatillas y venid a disfrutar de la mejor diversi\u00f3n para los tuyos en nuestro 30 cumplea\u00f1os. \u00a1Que no os lo cuenten!<br><br>\ud83d\udc49 Toda la informaci\u00f3n y descargas en: <a href=\"https:\/\/www.fdrbasket.es\/\" target=\"_blank\" rel=\"noreferrer noopener\">https:\/\/www.fdrbasket.es<\/a><\/p>\n","protected":false},"excerpt":{"rendered":"<p>El viernes 15 de mayo, el parking de E\ua4f8Leclerc Soria se llena de magia y deporte. Vuelve una de las actividades emblem\u00e1ticas de la ciudad:la nueva edici\u00f3n del Torneo 3&#215;3 junto a FDR Basket. \ud83d\udcdd Inscripciones: Descarga los documentos en la web o rec\u00f3gelos en nuestra oficina de informaci\u00f3n. Env\u00edalos a torneosfdrbasket@gmail.com. \u00a1Tienes hasta el [&hellip;]<\/p>\n","protected":false},"author":64,"featured_media":16279,"comment_status":"closed","ping_status":"open","sticky":false,"template":"","format":"standard","meta":{"_acf_changed":false,"footnotes":""},"categories":[190,122,189],"tags":[],"class_list":["post-16277","post","type-post","status-publish","format-standard","has-post-thumbnail","hentry","category-colaboracion","category-deporte","category-dias-especiales"],"acf":[],"yoast_head":"<!-- This site is optimized with the Yoast SEO plugin v27.4 - https:\/\/yoast.com\/product\/yoast-seo-wordpress\/ -->\n<title>\ud83c\udfc0 \u00a1Re\u00fane a tu equipo y ven a celebrar nuestro aniversario! - E.Leclerc Soria<\/title>\n<meta name=\"robots\" content=\"index, follow, max-snippet:-1, max-image-preview:large, max-video-preview:-1\" \/>\n<link rel=\"canonical\" href=\"https:\/\/e-leclerc.es\/soria\/tendencias\/reune-a-tu-equipo-y-ven-a-celebrar-nuestro-aniversario\/\" \/>\n<meta property=\"og:locale\" content=\"es_ES\" \/>\n<meta property=\"og:type\" content=\"article\" \/>\n<meta property=\"og:title\" content=\"\ud83c\udfc0 \u00a1Re\u00fane a tu equipo y ven a celebrar nuestro aniversario! - E.Leclerc Soria\" \/>\n<meta property=\"og:description\" content=\"El viernes 15 de mayo, el parking de E\ua4f8Leclerc Soria se llena de magia y deporte. Vuelve una de las actividades emblem\u00e1ticas de la ciudad:la nueva edici\u00f3n del Torneo 3&#215;3 junto a FDR Basket. \ud83d\udcdd Inscripciones: Descarga los documentos en la web o rec\u00f3gelos en nuestra oficina de informaci\u00f3n. Env\u00edalos a torneosfdrbasket@gmail.com. \u00a1Tienes hasta el [&hellip;]\" \/>\n<meta property=\"og:url\" content=\"https:\/\/e-leclerc.es\/soria\/tendencias\/reune-a-tu-equipo-y-ven-a-celebrar-nuestro-aniversario\/\" \/>\n<meta property=\"og:site_name\" content=\"E.Leclerc Soria\" \/>\n<meta property=\"article:publisher\" content=\"https:\/\/www.facebook.com\/eleclercsoria?ref=hl\" \/>\n<meta property=\"article:published_time\" content=\"2026-04-28T15:15:57+00:00\" \/>\n<meta property=\"article:modified_time\" content=\"2026-04-28T16:13:08+00:00\" \/>\n<meta property=\"og:image\" content=\"https:\/\/e-leclerc.es\/soria\/wp-content\/uploads\/sites\/3\/2026\/04\/Gemini_Generated_Image_l77741l77741l777-3-2.jpg\" \/>\n\t<meta property=\"og:image:width\" content=\"1920\" \/>\n\t<meta property=\"og:image:height\" content=\"1218\" \/>\n\t<meta property=\"og:image:type\" content=\"image\/jpeg\" \/>\n<meta name=\"author\" content=\"soria\" \/>\n<meta name=\"twitter:card\" content=\"summary_large_image\" \/>\n<meta name=\"twitter:creator\" content=\"@LeclercSoria\" \/>\n<meta name=\"twitter:site\" content=\"@LeclercSoria\" \/>\n<meta name=\"twitter:label1\" content=\"Escrito por\" \/>\n\t<meta name=\"twitter:data1\" content=\"soria\" \/>\n\t<meta name=\"twitter:label2\" content=\"Tiempo de lectura\" \/>\n\t<meta name=\"twitter:data2\" content=\"1 minuto\" \/>\n<script type=\"application\/ld+json\" class=\"yoast-schema-graph\">{\"@context\":\"https:\\\/\\\/schema.org\",\"@graph\":[{\"@type\":\"Article\",\"@id\":\"https:\\\/\\\/e-leclerc.es\\\/soria\\\/tendencias\\\/reune-a-tu-equipo-y-ven-a-celebrar-nuestro-aniversario\\\/#article\",\"isPartOf\":{\"@id\":\"https:\\\/\\\/e-leclerc.es\\\/soria\\\/tendencias\\\/reune-a-tu-equipo-y-ven-a-celebrar-nuestro-aniversario\\\/\"},\"author\":{\"name\":\"soria\",\"@id\":\"https:\\\/\\\/e-leclerc.es\\\/soria\\\/#\\\/schema\\\/person\\\/8b66e30fe0551ef4f72dd61db518a3a7\"},\"headline\":\"\ud83c\udfc0 \u00a1Re\u00fane a tu equipo y ven a celebrar nuestro aniversario!\",\"datePublished\":\"2026-04-28T15:15:57+00:00\",\"dateModified\":\"2026-04-28T16:13:08+00:00\",\"mainEntityOfPage\":{\"@id\":\"https:\\\/\\\/e-leclerc.es\\\/soria\\\/tendencias\\\/reune-a-tu-equipo-y-ven-a-celebrar-nuestro-aniversario\\\/\"},\"wordCount\":147,\"publisher\":{\"@id\":\"https:\\\/\\\/e-leclerc.es\\\/soria\\\/#organization\"},\"image\":{\"@id\":\"https:\\\/\\\/e-leclerc.es\\\/soria\\\/tendencias\\\/reune-a-tu-equipo-y-ven-a-celebrar-nuestro-aniversario\\\/#primaryimage\"},\"thumbnailUrl\":\"https:\\\/\\\/e-leclerc.es\\\/soria\\\/wp-content\\\/uploads\\\/sites\\\/3\\\/2026\\\/04\\\/Gemini_Generated_Image_l77741l77741l777-3-2.jpg\",\"articleSection\":[\"Colaboraci\u00f3n\",\"Deporte\",\"D\u00edas especiales\"],\"inLanguage\":\"es\"},{\"@type\":\"WebPage\",\"@id\":\"https:\\\/\\\/e-leclerc.es\\\/soria\\\/tendencias\\\/reune-a-tu-equipo-y-ven-a-celebrar-nuestro-aniversario\\\/\",\"url\":\"https:\\\/\\\/e-leclerc.es\\\/soria\\\/tendencias\\\/reune-a-tu-equipo-y-ven-a-celebrar-nuestro-aniversario\\\/\",\"name\":\"\ud83c\udfc0 \u00a1Re\u00fane a tu equipo y ven a celebrar nuestro aniversario! - E.Leclerc Soria\",\"isPartOf\":{\"@id\":\"https:\\\/\\\/e-leclerc.es\\\/soria\\\/#website\"},\"primaryImageOfPage\":{\"@id\":\"https:\\\/\\\/e-leclerc.es\\\/soria\\\/tendencias\\\/reune-a-tu-equipo-y-ven-a-celebrar-nuestro-aniversario\\\/#primaryimage\"},\"image\":{\"@id\":\"https:\\\/\\\/e-leclerc.es\\\/soria\\\/tendencias\\\/reune-a-tu-equipo-y-ven-a-celebrar-nuestro-aniversario\\\/#primaryimage\"},\"thumbnailUrl\":\"https:\\\/\\\/e-leclerc.es\\\/soria\\\/wp-content\\\/uploads\\\/sites\\\/3\\\/2026\\\/04\\\/Gemini_Generated_Image_l77741l77741l777-3-2.jpg\",\"datePublished\":\"2026-04-28T15:15:57+00:00\",\"dateModified\":\"2026-04-28T16:13:08+00:00\",\"breadcrumb\":{\"@id\":\"https:\\\/\\\/e-leclerc.es\\\/soria\\\/tendencias\\\/reune-a-tu-equipo-y-ven-a-celebrar-nuestro-aniversario\\\/#breadcrumb\"},\"inLanguage\":\"es\",\"potentialAction\":[{\"@type\":\"ReadAction\",\"target\":[\"https:\\\/\\\/e-leclerc.es\\\/soria\\\/tendencias\\\/reune-a-tu-equipo-y-ven-a-celebrar-nuestro-aniversario\\\/\"]}]},{\"@type\":\"ImageObject\",\"inLanguage\":\"es\",\"@id\":\"https:\\\/\\\/e-leclerc.es\\\/soria\\\/tendencias\\\/reune-a-tu-equipo-y-ven-a-celebrar-nuestro-aniversario\\\/#primaryimage\",\"url\":\"https:\\\/\\\/e-leclerc.es\\\/soria\\\/wp-content\\\/uploads\\\/sites\\\/3\\\/2026\\\/04\\\/Gemini_Generated_Image_l77741l77741l777-3-2.jpg\",\"contentUrl\":\"https:\\\/\\\/e-leclerc.es\\\/soria\\\/wp-content\\\/uploads\\\/sites\\\/3\\\/2026\\\/04\\\/Gemini_Generated_Image_l77741l77741l777-3-2.jpg\",\"width\":1920,\"height\":1218},{\"@type\":\"BreadcrumbList\",\"@id\":\"https:\\\/\\\/e-leclerc.es\\\/soria\\\/tendencias\\\/reune-a-tu-equipo-y-ven-a-celebrar-nuestro-aniversario\\\/#breadcrumb\",\"itemListElement\":[{\"@type\":\"ListItem\",\"position\":1,\"name\":\"Portada\",\"item\":\"https:\\\/\\\/e-leclerc.es\\\/soria\\\/\"},{\"@type\":\"ListItem\",\"position\":2,\"name\":\"\ud83c\udfc0 \u00a1Re\u00fane a tu equipo y ven a celebrar nuestro aniversario!\"}]},{\"@type\":\"WebSite\",\"@id\":\"https:\\\/\\\/e-leclerc.es\\\/soria\\\/#website\",\"url\":\"https:\\\/\\\/e-leclerc.es\\\/soria\\\/\",\"name\":\"E.Leclerc Soria\",\"description\":\"Descubre los folletos, ofertas y promociones de nuestro hipermercado E.Leclerc Soria en Castilla y Le\u00f3n. Direcci\u00f3n | Horario | Productos locales\",\"publisher\":{\"@id\":\"https:\\\/\\\/e-leclerc.es\\\/soria\\\/#organization\"},\"alternateName\":\"E.Leclerc Soria\",\"potentialAction\":[{\"@type\":\"SearchAction\",\"target\":{\"@type\":\"EntryPoint\",\"urlTemplate\":\"https:\\\/\\\/e-leclerc.es\\\/soria\\\/?s={search_term_string}\"},\"query-input\":{\"@type\":\"PropertyValueSpecification\",\"valueRequired\":true,\"valueName\":\"search_term_string\"}}],\"inLanguage\":\"es\"},{\"@type\":\"Organization\",\"@id\":\"https:\\\/\\\/e-leclerc.es\\\/soria\\\/#organization\",\"name\":\"E.Leclerc Soria\",\"alternateName\":\"Soriadis, S.L.\",\"url\":\"https:\\\/\\\/e-leclerc.es\\\/soria\\\/\",\"logo\":{\"@type\":\"ImageObject\",\"inLanguage\":\"es\",\"@id\":\"https:\\\/\\\/e-leclerc.es\\\/soria\\\/#\\\/schema\\\/logo\\\/image\\\/\",\"url\":\"https:\\\/\\\/e-leclerc.es\\\/soria\\\/wp-content\\\/uploads\\\/sites\\\/3\\\/2024\\\/05\\\/Logo_Soria-1.svg\",\"contentUrl\":\"https:\\\/\\\/e-leclerc.es\\\/soria\\\/wp-content\\\/uploads\\\/sites\\\/3\\\/2024\\\/05\\\/Logo_Soria-1.svg\",\"width\":100,\"height\":100,\"caption\":\"E.Leclerc Soria\"},\"image\":{\"@id\":\"https:\\\/\\\/e-leclerc.es\\\/soria\\\/#\\\/schema\\\/logo\\\/image\\\/\"},\"sameAs\":[\"https:\\\/\\\/www.facebook.com\\\/eleclercsoria?ref=hl\",\"https:\\\/\\\/x.com\\\/LeclercSoria\",\"https:\\\/\\\/www.instagram.com\\\/e.leclercsoria\\\/\"]},{\"@type\":\"Person\",\"@id\":\"https:\\\/\\\/e-leclerc.es\\\/soria\\\/#\\\/schema\\\/person\\\/8b66e30fe0551ef4f72dd61db518a3a7\",\"name\":\"soria\",\"url\":\"https:\\\/\\\/e-leclerc.es\\\/soria\\\/author\\\/soria\\\/\"}]}<\/script>\n<!-- \/ Yoast SEO plugin. -->","yoast_head_json":{"title":"\ud83c\udfc0 \u00a1Re\u00fane a tu equipo y ven a celebrar nuestro aniversario! - E.Leclerc Soria","robots":{"index":"index","follow":"follow","max-snippet":"max-snippet:-1","max-image-preview":"max-image-preview:large","max-video-preview":"max-video-preview:-1"},"canonical":"https:\/\/e-leclerc.es\/soria\/tendencias\/reune-a-tu-equipo-y-ven-a-celebrar-nuestro-aniversario\/","og_locale":"es_ES","og_type":"article","og_title":"\ud83c\udfc0 \u00a1Re\u00fane a tu equipo y ven a celebrar nuestro aniversario! - E.Leclerc Soria","og_description":"El viernes 15 de mayo, el parking de E\ua4f8Leclerc Soria se llena de magia y deporte. Vuelve una de las actividades emblem\u00e1ticas de la ciudad:la nueva edici\u00f3n del Torneo 3&#215;3 junto a FDR Basket. \ud83d\udcdd Inscripciones: Descarga los documentos en la web o rec\u00f3gelos en nuestra oficina de informaci\u00f3n. Env\u00edalos a torneosfdrbasket@gmail.com. \u00a1Tienes hasta el [&hellip;]","og_url":"https:\/\/e-leclerc.es\/soria\/tendencias\/reune-a-tu-equipo-y-ven-a-celebrar-nuestro-aniversario\/","og_site_name":"E.Leclerc Soria","article_publisher":"https:\/\/www.facebook.com\/eleclercsoria?ref=hl","article_published_time":"2026-04-28T15:15:57+00:00","article_modified_time":"2026-04-28T16:13:08+00:00","og_image":[{"width":1920,"height":1218,"url":"https:\/\/e-leclerc.es\/soria\/wp-content\/uploads\/sites\/3\/2026\/04\/Gemini_Generated_Image_l77741l77741l777-3-2.jpg","type":"image\/jpeg"}],"author":"soria","twitter_card":"summary_large_image","twitter_creator":"@LeclercSoria","twitter_site":"@LeclercSoria","twitter_misc":{"Escrito por":"soria","Tiempo de lectura":"1 minuto"},"schema":{"@context":"https:\/\/schema.org","@graph":[{"@type":"Article","@id":"https:\/\/e-leclerc.es\/soria\/tendencias\/reune-a-tu-equipo-y-ven-a-celebrar-nuestro-aniversario\/#article","isPartOf":{"@id":"https:\/\/e-leclerc.es\/soria\/tendencias\/reune-a-tu-equipo-y-ven-a-celebrar-nuestro-aniversario\/"},"author":{"name":"soria","@id":"https:\/\/e-leclerc.es\/soria\/#\/schema\/person\/8b66e30fe0551ef4f72dd61db518a3a7"},"headline":"\ud83c\udfc0 \u00a1Re\u00fane a tu equipo y ven a celebrar nuestro aniversario!","datePublished":"2026-04-28T15:15:57+00:00","dateModified":"2026-04-28T16:13:08+00:00","mainEntityOfPage":{"@id":"https:\/\/e-leclerc.es\/soria\/tendencias\/reune-a-tu-equipo-y-ven-a-celebrar-nuestro-aniversario\/"},"wordCount":147,"publisher":{"@id":"https:\/\/e-leclerc.es\/soria\/#organization"},"image":{"@id":"https:\/\/e-leclerc.es\/soria\/tendencias\/reune-a-tu-equipo-y-ven-a-celebrar-nuestro-aniversario\/#primaryimage"},"thumbnailUrl":"https:\/\/e-leclerc.es\/soria\/wp-content\/uploads\/sites\/3\/2026\/04\/Gemini_Generated_Image_l77741l77741l777-3-2.jpg","articleSection":["Colaboraci\u00f3n","Deporte","D\u00edas especiales"],"inLanguage":"es"},{"@type":"WebPage","@id":"https:\/\/e-leclerc.es\/soria\/tendencias\/reune-a-tu-equipo-y-ven-a-celebrar-nuestro-aniversario\/","url":"https:\/\/e-leclerc.es\/soria\/tendencias\/reune-a-tu-equipo-y-ven-a-celebrar-nuestro-aniversario\/","name":"\ud83c\udfc0 \u00a1Re\u00fane a tu equipo y ven a celebrar nuestro aniversario! - E.Leclerc Soria","isPartOf":{"@id":"https:\/\/e-leclerc.es\/soria\/#website"},"primaryImageOfPage":{"@id":"https:\/\/e-leclerc.es\/soria\/tendencias\/reune-a-tu-equipo-y-ven-a-celebrar-nuestro-aniversario\/#primaryimage"},"image":{"@id":"https:\/\/e-leclerc.es\/soria\/tendencias\/reune-a-tu-equipo-y-ven-a-celebrar-nuestro-aniversario\/#primaryimage"},"thumbnailUrl":"https:\/\/e-leclerc.es\/soria\/wp-content\/uploads\/sites\/3\/2026\/04\/Gemini_Generated_Image_l77741l77741l777-3-2.jpg","datePublished":"2026-04-28T15:15:57+00:00","dateModified":"2026-04-28T16:13:08+00:00","breadcrumb":{"@id":"https:\/\/e-leclerc.es\/soria\/tendencias\/reune-a-tu-equipo-y-ven-a-celebrar-nuestro-aniversario\/#breadcrumb"},"inLanguage":"es","potentialAction":[{"@type":"ReadAction","target":["https:\/\/e-leclerc.es\/soria\/tendencias\/reune-a-tu-equipo-y-ven-a-celebrar-nuestro-aniversario\/"]}]},{"@type":"ImageObject","inLanguage":"es","@id":"https:\/\/e-leclerc.es\/soria\/tendencias\/reune-a-tu-equipo-y-ven-a-celebrar-nuestro-aniversario\/#primaryimage","url":"https:\/\/e-leclerc.es\/soria\/wp-content\/uploads\/sites\/3\/2026\/04\/Gemini_Generated_Image_l77741l77741l777-3-2.jpg","contentUrl":"https:\/\/e-leclerc.es\/soria\/wp-content\/uploads\/sites\/3\/2026\/04\/Gemini_Generated_Image_l77741l77741l777-3-2.jpg","width":1920,"height":1218},{"@type":"BreadcrumbList","@id":"https:\/\/e-leclerc.es\/soria\/tendencias\/reune-a-tu-equipo-y-ven-a-celebrar-nuestro-aniversario\/#breadcrumb","itemListElement":[{"@type":"ListItem","position":1,"name":"Portada","item":"https:\/\/e-leclerc.es\/soria\/"},{"@type":"ListItem","position":2,"name":"\ud83c\udfc0 \u00a1Re\u00fane a tu equipo y ven a celebrar nuestro aniversario!"}]},{"@type":"WebSite","@id":"https:\/\/e-leclerc.es\/soria\/#website","url":"https:\/\/e-leclerc.es\/soria\/","name":"E.Leclerc Soria","description":"Descubre los folletos, ofertas y promociones de nuestro hipermercado E.Leclerc Soria en Castilla y Le\u00f3n. Direcci\u00f3n | Horario | Productos locales","publisher":{"@id":"https:\/\/e-leclerc.es\/soria\/#organization"},"alternateName":"E.Leclerc Soria","potentialAction":[{"@type":"SearchAction","target":{"@type":"EntryPoint","urlTemplate":"https:\/\/e-leclerc.es\/soria\/?s={search_term_string}"},"query-input":{"@type":"PropertyValueSpecification","valueRequired":true,"valueName":"search_term_string"}}],"inLanguage":"es"},{"@type":"Organization","@id":"https:\/\/e-leclerc.es\/soria\/#organization","name":"E.Leclerc Soria","alternateName":"Soriadis, S.L.","url":"https:\/\/e-leclerc.es\/soria\/","logo":{"@type":"ImageObject","inLanguage":"es","@id":"https:\/\/e-leclerc.es\/soria\/#\/schema\/logo\/image\/","url":"https:\/\/e-leclerc.es\/soria\/wp-content\/uploads\/sites\/3\/2024\/05\/Logo_Soria-1.svg","contentUrl":"https:\/\/e-leclerc.es\/soria\/wp-content\/uploads\/sites\/3\/2024\/05\/Logo_Soria-1.svg","width":100,"height":100,"caption":"E.Leclerc Soria"},"image":{"@id":"https:\/\/e-leclerc.es\/soria\/#\/schema\/logo\/image\/"},"sameAs":["https:\/\/www.facebook.com\/eleclercsoria?ref=hl","https:\/\/x.com\/LeclercSoria","https:\/\/www.instagram.com\/e.leclercsoria\/"]},{"@type":"Person","@id":"https:\/\/e-leclerc.es\/soria\/#\/schema\/person\/8b66e30fe0551ef4f72dd61db518a3a7","name":"soria","url":"https:\/\/e-leclerc.es\/soria\/author\/soria\/"}]}},"_links":{"self":[{"href":"https:\/\/e-leclerc.es\/soria\/wp-json\/wp\/v2\/posts\/16277","targetHints":{"allow":["GET"]}}],"collection":[{"href":"https:\/\/e-leclerc.es\/soria\/wp-json\/wp\/v2\/posts"}],"about":[{"href":"https:\/\/e-leclerc.es\/soria\/wp-json\/wp\/v2\/types\/post"}],"author":[{"embeddable":true,"href":"https:\/\/e-leclerc.es\/soria\/wp-json\/wp\/v2\/users\/64"}],"replies":[{"embeddable":true,"href":"https:\/\/e-leclerc.es\/soria\/wp-json\/wp\/v2\/comments?post=16277"}],"version-history":[{"count":2,"href":"https:\/\/e-leclerc.es\/soria\/wp-json\/wp\/v2\/posts\/16277\/revisions"}],"predecessor-version":[{"id":16282,"href":"https:\/\/e-leclerc.es\/soria\/wp-json\/wp\/v2\/posts\/16277\/revisions\/16282"}],"wp:featuredmedia":[{"embeddable":true,"href":"https:\/\/e-leclerc.es\/soria\/wp-json\/wp\/v2\/media\/16279"}],"wp:attachment":[{"href":"https:\/\/e-leclerc.es\/soria\/wp-json\/wp\/v2\/media?parent=16277"}],"wp:term":[{"taxonomy":"category","embeddable":true,"href":"https:\/\/e-leclerc.es\/soria\/wp-json\/wp\/v2\/categories?post=16277"},{"taxonomy":"post_tag","embeddable":true,"href":"https:\/\/e-leclerc.es\/soria\/wp-json\/wp\/v2\/tags?post=16277"}],"curies":[{"name":"wp","href":"https:\/\/api.w.org\/{rel}","templated":true}]}}