{"id":16273,"date":"2026-04-28T14:02:06","date_gmt":"2026-04-28T12:02:06","guid":{"rendered":"https:\/\/e-leclerc.es\/soria\/tendencias\/\/"},"modified":"2026-04-28T14:02:07","modified_gmt":"2026-04-28T12:02:07","slug":"%f0%9f%8f%b0-el-viernes-1-de-mayo-cerramos-por-el-dia-del-trabajador","status":"publish","type":"post","link":"https:\/\/e-leclerc.es\/soria\/tendencias\/%f0%9f%8f%b0-el-viernes-1-de-mayo-cerramos-por-el-dia-del-trabajador\/","title":{"rendered":"\ud83c\udff0 El viernes 1 de mayo cerramos por el D\u00eda del trabajador."},"content":{"rendered":"\n<p>Este <strong>viernes 1 de mayo<\/strong>, con motivo del <strong>D\u00eda del Trabajador<\/strong>, nuestras puertas permanecer\u00e1n cerradas para que todo nuestro equipo pueda disfrutar de esta jornada festiva.<\/p>\n\n\n\n<p>Queremos que tu despensa est\u00e9 siempre a punto, as\u00ed que te esperamos el resto de la semana con la calidad de siempre en <strong>E.Leclerc Soria<\/strong>.<\/p>\n\n\n\n<p>Volvemos a abrir en nuestro horario habitual el <strong>s\u00e1bado 2 de mayo<\/strong>.<\/p>\n\n\n\n<p>\u00a1Disfrutad del festivo!<\/p>\n\n\n\n<p><\/p>\n","protected":false},"excerpt":{"rendered":"<p>Este viernes 1 de mayo, con motivo del D\u00eda del Trabajador, nuestras puertas permanecer\u00e1n cerradas para que todo nuestro equipo pueda disfrutar de esta jornada festiva. Queremos que tu despensa est\u00e9 siempre a punto, as\u00ed que te esperamos el resto de la semana con la calidad de siempre en E.Leclerc Soria. Volvemos a abrir en [&hellip;]<\/p>\n","protected":false},"author":64,"featured_media":16274,"comment_status":"closed","ping_status":"open","sticky":false,"template":"","format":"standard","meta":{"_acf_changed":false,"footnotes":""},"categories":[188],"tags":[],"class_list":["post-16273","post","type-post","status-publish","format-standard","has-post-thumbnail","hentry","category-en-estos-momentos"],"acf":[],"yoast_head":"<!-- This site is optimized with the Yoast SEO plugin v27.4 - https:\/\/yoast.com\/product\/yoast-seo-wordpress\/ -->\n<title>\ud83c\udff0 El viernes 1 de mayo cerramos por el D\u00eda del trabajador. - E.Leclerc Soria<\/title>\n<meta name=\"robots\" content=\"index, follow, max-snippet:-1, max-image-preview:large, max-video-preview:-1\" \/>\n<link rel=\"canonical\" href=\"https:\/\/e-leclerc.es\/soria\/tendencias\/\ud83c\udff0-el-viernes-1-de-mayo-cerramos-por-el-dia-del-trabajador\/\" \/>\n<meta property=\"og:locale\" content=\"es_ES\" \/>\n<meta property=\"og:type\" content=\"article\" \/>\n<meta property=\"og:title\" content=\"\ud83c\udff0 El viernes 1 de mayo cerramos por el D\u00eda del trabajador. - E.Leclerc Soria\" \/>\n<meta property=\"og:description\" content=\"Este viernes 1 de mayo, con motivo del D\u00eda del Trabajador, nuestras puertas permanecer\u00e1n cerradas para que todo nuestro equipo pueda disfrutar de esta jornada festiva. Queremos que tu despensa est\u00e9 siempre a punto, as\u00ed que te esperamos el resto de la semana con la calidad de siempre en E.Leclerc Soria. Volvemos a abrir en [&hellip;]\" \/>\n<meta property=\"og:url\" content=\"https:\/\/e-leclerc.es\/soria\/tendencias\/\ud83c\udff0-el-viernes-1-de-mayo-cerramos-por-el-dia-del-trabajador\/\" \/>\n<meta property=\"og:site_name\" content=\"E.Leclerc Soria\" \/>\n<meta property=\"article:publisher\" content=\"https:\/\/www.facebook.com\/eleclercsoria?ref=hl\" \/>\n<meta property=\"article:published_time\" content=\"2026-04-28T12:02:06+00:00\" \/>\n<meta property=\"article:modified_time\" content=\"2026-04-28T12:02:07+00:00\" \/>\n<meta property=\"og:image\" content=\"https:\/\/e-leclerc.es\/soria\/wp-content\/uploads\/sites\/3\/2026\/04\/Gemini_Generated_Image_l77741l77741l777-3.jpg\" \/>\n\t<meta property=\"og:image:width\" content=\"1920\" \/>\n\t<meta property=\"og:image:height\" content=\"1218\" \/>\n\t<meta property=\"og:image:type\" content=\"image\/jpeg\" \/>\n<meta name=\"author\" content=\"soria\" \/>\n<meta name=\"twitter:card\" content=\"summary_large_image\" \/>\n<meta name=\"twitter:creator\" content=\"@LeclercSoria\" \/>\n<meta name=\"twitter:site\" content=\"@LeclercSoria\" \/>\n<meta name=\"twitter:label1\" content=\"Escrito por\" \/>\n\t<meta name=\"twitter:data1\" content=\"soria\" \/>\n\t<meta name=\"twitter:label2\" content=\"Tiempo de lectura\" \/>\n\t<meta name=\"twitter:data2\" content=\"1 minuto\" \/>\n<script type=\"application\/ld+json\" class=\"yoast-schema-graph\">{\"@context\":\"https:\\\/\\\/schema.org\",\"@graph\":[{\"@type\":\"Article\",\"@id\":\"https:\\\/\\\/e-leclerc.es\\\/soria\\\/tendencias\\\/%f0%9f%8f%b0-el-viernes-1-de-mayo-cerramos-por-el-dia-del-trabajador\\\/#article\",\"isPartOf\":{\"@id\":\"https:\\\/\\\/e-leclerc.es\\\/soria\\\/tendencias\\\/%f0%9f%8f%b0-el-viernes-1-de-mayo-cerramos-por-el-dia-del-trabajador\\\/\"},\"author\":{\"name\":\"soria\",\"@id\":\"https:\\\/\\\/e-leclerc.es\\\/soria\\\/#\\\/schema\\\/person\\\/8b66e30fe0551ef4f72dd61db518a3a7\"},\"headline\":\"\ud83c\udff0 El viernes 1 de mayo cerramos por el D\u00eda del trabajador.\",\"datePublished\":\"2026-04-28T12:02:06+00:00\",\"dateModified\":\"2026-04-28T12:02:07+00:00\",\"mainEntityOfPage\":{\"@id\":\"https:\\\/\\\/e-leclerc.es\\\/soria\\\/tendencias\\\/%f0%9f%8f%b0-el-viernes-1-de-mayo-cerramos-por-el-dia-del-trabajador\\\/\"},\"wordCount\":79,\"publisher\":{\"@id\":\"https:\\\/\\\/e-leclerc.es\\\/soria\\\/#organization\"},\"image\":{\"@id\":\"https:\\\/\\\/e-leclerc.es\\\/soria\\\/tendencias\\\/%f0%9f%8f%b0-el-viernes-1-de-mayo-cerramos-por-el-dia-del-trabajador\\\/#primaryimage\"},\"thumbnailUrl\":\"https:\\\/\\\/e-leclerc.es\\\/soria\\\/wp-content\\\/uploads\\\/sites\\\/3\\\/2026\\\/04\\\/Gemini_Generated_Image_l77741l77741l777-3.jpg\",\"articleSection\":[\"En estos momentos\"],\"inLanguage\":\"es\"},{\"@type\":\"WebPage\",\"@id\":\"https:\\\/\\\/e-leclerc.es\\\/soria\\\/tendencias\\\/%f0%9f%8f%b0-el-viernes-1-de-mayo-cerramos-por-el-dia-del-trabajador\\\/\",\"url\":\"https:\\\/\\\/e-leclerc.es\\\/soria\\\/tendencias\\\/%f0%9f%8f%b0-el-viernes-1-de-mayo-cerramos-por-el-dia-del-trabajador\\\/\",\"name\":\"\ud83c\udff0 El viernes 1 de mayo cerramos por el D\u00eda del trabajador. - E.Leclerc Soria\",\"isPartOf\":{\"@id\":\"https:\\\/\\\/e-leclerc.es\\\/soria\\\/#website\"},\"primaryImageOfPage\":{\"@id\":\"https:\\\/\\\/e-leclerc.es\\\/soria\\\/tendencias\\\/%f0%9f%8f%b0-el-viernes-1-de-mayo-cerramos-por-el-dia-del-trabajador\\\/#primaryimage\"},\"image\":{\"@id\":\"https:\\\/\\\/e-leclerc.es\\\/soria\\\/tendencias\\\/%f0%9f%8f%b0-el-viernes-1-de-mayo-cerramos-por-el-dia-del-trabajador\\\/#primaryimage\"},\"thumbnailUrl\":\"https:\\\/\\\/e-leclerc.es\\\/soria\\\/wp-content\\\/uploads\\\/sites\\\/3\\\/2026\\\/04\\\/Gemini_Generated_Image_l77741l77741l777-3.jpg\",\"datePublished\":\"2026-04-28T12:02:06+00:00\",\"dateModified\":\"2026-04-28T12:02:07+00:00\",\"breadcrumb\":{\"@id\":\"https:\\\/\\\/e-leclerc.es\\\/soria\\\/tendencias\\\/%f0%9f%8f%b0-el-viernes-1-de-mayo-cerramos-por-el-dia-del-trabajador\\\/#breadcrumb\"},\"inLanguage\":\"es\",\"potentialAction\":[{\"@type\":\"ReadAction\",\"target\":[\"https:\\\/\\\/e-leclerc.es\\\/soria\\\/tendencias\\\/%f0%9f%8f%b0-el-viernes-1-de-mayo-cerramos-por-el-dia-del-trabajador\\\/\"]}]},{\"@type\":\"ImageObject\",\"inLanguage\":\"es\",\"@id\":\"https:\\\/\\\/e-leclerc.es\\\/soria\\\/tendencias\\\/%f0%9f%8f%b0-el-viernes-1-de-mayo-cerramos-por-el-dia-del-trabajador\\\/#primaryimage\",\"url\":\"https:\\\/\\\/e-leclerc.es\\\/soria\\\/wp-content\\\/uploads\\\/sites\\\/3\\\/2026\\\/04\\\/Gemini_Generated_Image_l77741l77741l777-3.jpg\",\"contentUrl\":\"https:\\\/\\\/e-leclerc.es\\\/soria\\\/wp-content\\\/uploads\\\/sites\\\/3\\\/2026\\\/04\\\/Gemini_Generated_Image_l77741l77741l777-3.jpg\",\"width\":1920,\"height\":1218},{\"@type\":\"BreadcrumbList\",\"@id\":\"https:\\\/\\\/e-leclerc.es\\\/soria\\\/tendencias\\\/%f0%9f%8f%b0-el-viernes-1-de-mayo-cerramos-por-el-dia-del-trabajador\\\/#breadcrumb\",\"itemListElement\":[{\"@type\":\"ListItem\",\"position\":1,\"name\":\"Portada\",\"item\":\"https:\\\/\\\/e-leclerc.es\\\/soria\\\/\"},{\"@type\":\"ListItem\",\"position\":2,\"name\":\"\ud83c\udff0 El viernes 1 de mayo cerramos por el D\u00eda del trabajador.\"}]},{\"@type\":\"WebSite\",\"@id\":\"https:\\\/\\\/e-leclerc.es\\\/soria\\\/#website\",\"url\":\"https:\\\/\\\/e-leclerc.es\\\/soria\\\/\",\"name\":\"E.Leclerc Soria\",\"description\":\"Descubre los folletos, ofertas y promociones de nuestro hipermercado E.Leclerc Soria en Castilla y Le\u00f3n. Direcci\u00f3n | Horario | Productos locales\",\"publisher\":{\"@id\":\"https:\\\/\\\/e-leclerc.es\\\/soria\\\/#organization\"},\"alternateName\":\"E.Leclerc Soria\",\"potentialAction\":[{\"@type\":\"SearchAction\",\"target\":{\"@type\":\"EntryPoint\",\"urlTemplate\":\"https:\\\/\\\/e-leclerc.es\\\/soria\\\/?s={search_term_string}\"},\"query-input\":{\"@type\":\"PropertyValueSpecification\",\"valueRequired\":true,\"valueName\":\"search_term_string\"}}],\"inLanguage\":\"es\"},{\"@type\":\"Organization\",\"@id\":\"https:\\\/\\\/e-leclerc.es\\\/soria\\\/#organization\",\"name\":\"E.Leclerc Soria\",\"alternateName\":\"Soriadis, S.L.\",\"url\":\"https:\\\/\\\/e-leclerc.es\\\/soria\\\/\",\"logo\":{\"@type\":\"ImageObject\",\"inLanguage\":\"es\",\"@id\":\"https:\\\/\\\/e-leclerc.es\\\/soria\\\/#\\\/schema\\\/logo\\\/image\\\/\",\"url\":\"https:\\\/\\\/e-leclerc.es\\\/soria\\\/wp-content\\\/uploads\\\/sites\\\/3\\\/2024\\\/05\\\/Logo_Soria-1.svg\",\"contentUrl\":\"https:\\\/\\\/e-leclerc.es\\\/soria\\\/wp-content\\\/uploads\\\/sites\\\/3\\\/2024\\\/05\\\/Logo_Soria-1.svg\",\"width\":100,\"height\":100,\"caption\":\"E.Leclerc Soria\"},\"image\":{\"@id\":\"https:\\\/\\\/e-leclerc.es\\\/soria\\\/#\\\/schema\\\/logo\\\/image\\\/\"},\"sameAs\":[\"https:\\\/\\\/www.facebook.com\\\/eleclercsoria?ref=hl\",\"https:\\\/\\\/x.com\\\/LeclercSoria\",\"https:\\\/\\\/www.instagram.com\\\/e.leclercsoria\\\/\"]},{\"@type\":\"Person\",\"@id\":\"https:\\\/\\\/e-leclerc.es\\\/soria\\\/#\\\/schema\\\/person\\\/8b66e30fe0551ef4f72dd61db518a3a7\",\"name\":\"soria\",\"url\":\"https:\\\/\\\/e-leclerc.es\\\/soria\\\/author\\\/soria\\\/\"}]}<\/script>\n<!-- \/ Yoast SEO plugin. -->","yoast_head_json":{"title":"\ud83c\udff0 El viernes 1 de mayo cerramos por el D\u00eda del trabajador. - E.Leclerc Soria","robots":{"index":"index","follow":"follow","max-snippet":"max-snippet:-1","max-image-preview":"max-image-preview:large","max-video-preview":"max-video-preview:-1"},"canonical":"https:\/\/e-leclerc.es\/soria\/tendencias\/\ud83c\udff0-el-viernes-1-de-mayo-cerramos-por-el-dia-del-trabajador\/","og_locale":"es_ES","og_type":"article","og_title":"\ud83c\udff0 El viernes 1 de mayo cerramos por el D\u00eda del trabajador. - E.Leclerc Soria","og_description":"Este viernes 1 de mayo, con motivo del D\u00eda del Trabajador, nuestras puertas permanecer\u00e1n cerradas para que todo nuestro equipo pueda disfrutar de esta jornada festiva. Queremos que tu despensa est\u00e9 siempre a punto, as\u00ed que te esperamos el resto de la semana con la calidad de siempre en E.Leclerc Soria. Volvemos a abrir en [&hellip;]","og_url":"https:\/\/e-leclerc.es\/soria\/tendencias\/\ud83c\udff0-el-viernes-1-de-mayo-cerramos-por-el-dia-del-trabajador\/","og_site_name":"E.Leclerc Soria","article_publisher":"https:\/\/www.facebook.com\/eleclercsoria?ref=hl","article_published_time":"2026-04-28T12:02:06+00:00","article_modified_time":"2026-04-28T12:02:07+00:00","og_image":[{"width":1920,"height":1218,"url":"https:\/\/e-leclerc.es\/soria\/wp-content\/uploads\/sites\/3\/2026\/04\/Gemini_Generated_Image_l77741l77741l777-3.jpg","type":"image\/jpeg"}],"author":"soria","twitter_card":"summary_large_image","twitter_creator":"@LeclercSoria","twitter_site":"@LeclercSoria","twitter_misc":{"Escrito por":"soria","Tiempo de lectura":"1 minuto"},"schema":{"@context":"https:\/\/schema.org","@graph":[{"@type":"Article","@id":"https:\/\/e-leclerc.es\/soria\/tendencias\/%f0%9f%8f%b0-el-viernes-1-de-mayo-cerramos-por-el-dia-del-trabajador\/#article","isPartOf":{"@id":"https:\/\/e-leclerc.es\/soria\/tendencias\/%f0%9f%8f%b0-el-viernes-1-de-mayo-cerramos-por-el-dia-del-trabajador\/"},"author":{"name":"soria","@id":"https:\/\/e-leclerc.es\/soria\/#\/schema\/person\/8b66e30fe0551ef4f72dd61db518a3a7"},"headline":"\ud83c\udff0 El viernes 1 de mayo cerramos por el D\u00eda del trabajador.","datePublished":"2026-04-28T12:02:06+00:00","dateModified":"2026-04-28T12:02:07+00:00","mainEntityOfPage":{"@id":"https:\/\/e-leclerc.es\/soria\/tendencias\/%f0%9f%8f%b0-el-viernes-1-de-mayo-cerramos-por-el-dia-del-trabajador\/"},"wordCount":79,"publisher":{"@id":"https:\/\/e-leclerc.es\/soria\/#organization"},"image":{"@id":"https:\/\/e-leclerc.es\/soria\/tendencias\/%f0%9f%8f%b0-el-viernes-1-de-mayo-cerramos-por-el-dia-del-trabajador\/#primaryimage"},"thumbnailUrl":"https:\/\/e-leclerc.es\/soria\/wp-content\/uploads\/sites\/3\/2026\/04\/Gemini_Generated_Image_l77741l77741l777-3.jpg","articleSection":["En estos momentos"],"inLanguage":"es"},{"@type":"WebPage","@id":"https:\/\/e-leclerc.es\/soria\/tendencias\/%f0%9f%8f%b0-el-viernes-1-de-mayo-cerramos-por-el-dia-del-trabajador\/","url":"https:\/\/e-leclerc.es\/soria\/tendencias\/%f0%9f%8f%b0-el-viernes-1-de-mayo-cerramos-por-el-dia-del-trabajador\/","name":"\ud83c\udff0 El viernes 1 de mayo cerramos por el D\u00eda del trabajador. - E.Leclerc Soria","isPartOf":{"@id":"https:\/\/e-leclerc.es\/soria\/#website"},"primaryImageOfPage":{"@id":"https:\/\/e-leclerc.es\/soria\/tendencias\/%f0%9f%8f%b0-el-viernes-1-de-mayo-cerramos-por-el-dia-del-trabajador\/#primaryimage"},"image":{"@id":"https:\/\/e-leclerc.es\/soria\/tendencias\/%f0%9f%8f%b0-el-viernes-1-de-mayo-cerramos-por-el-dia-del-trabajador\/#primaryimage"},"thumbnailUrl":"https:\/\/e-leclerc.es\/soria\/wp-content\/uploads\/sites\/3\/2026\/04\/Gemini_Generated_Image_l77741l77741l777-3.jpg","datePublished":"2026-04-28T12:02:06+00:00","dateModified":"2026-04-28T12:02:07+00:00","breadcrumb":{"@id":"https:\/\/e-leclerc.es\/soria\/tendencias\/%f0%9f%8f%b0-el-viernes-1-de-mayo-cerramos-por-el-dia-del-trabajador\/#breadcrumb"},"inLanguage":"es","potentialAction":[{"@type":"ReadAction","target":["https:\/\/e-leclerc.es\/soria\/tendencias\/%f0%9f%8f%b0-el-viernes-1-de-mayo-cerramos-por-el-dia-del-trabajador\/"]}]},{"@type":"ImageObject","inLanguage":"es","@id":"https:\/\/e-leclerc.es\/soria\/tendencias\/%f0%9f%8f%b0-el-viernes-1-de-mayo-cerramos-por-el-dia-del-trabajador\/#primaryimage","url":"https:\/\/e-leclerc.es\/soria\/wp-content\/uploads\/sites\/3\/2026\/04\/Gemini_Generated_Image_l77741l77741l777-3.jpg","contentUrl":"https:\/\/e-leclerc.es\/soria\/wp-content\/uploads\/sites\/3\/2026\/04\/Gemini_Generated_Image_l77741l77741l777-3.jpg","width":1920,"height":1218},{"@type":"BreadcrumbList","@id":"https:\/\/e-leclerc.es\/soria\/tendencias\/%f0%9f%8f%b0-el-viernes-1-de-mayo-cerramos-por-el-dia-del-trabajador\/#breadcrumb","itemListElement":[{"@type":"ListItem","position":1,"name":"Portada","item":"https:\/\/e-leclerc.es\/soria\/"},{"@type":"ListItem","position":2,"name":"\ud83c\udff0 El viernes 1 de mayo cerramos por el D\u00eda del trabajador."}]},{"@type":"WebSite","@id":"https:\/\/e-leclerc.es\/soria\/#website","url":"https:\/\/e-leclerc.es\/soria\/","name":"E.Leclerc Soria","description":"Descubre los folletos, ofertas y promociones de nuestro hipermercado E.Leclerc Soria en Castilla y Le\u00f3n. Direcci\u00f3n | Horario | Productos locales","publisher":{"@id":"https:\/\/e-leclerc.es\/soria\/#organization"},"alternateName":"E.Leclerc Soria","potentialAction":[{"@type":"SearchAction","target":{"@type":"EntryPoint","urlTemplate":"https:\/\/e-leclerc.es\/soria\/?s={search_term_string}"},"query-input":{"@type":"PropertyValueSpecification","valueRequired":true,"valueName":"search_term_string"}}],"inLanguage":"es"},{"@type":"Organization","@id":"https:\/\/e-leclerc.es\/soria\/#organization","name":"E.Leclerc Soria","alternateName":"Soriadis, S.L.","url":"https:\/\/e-leclerc.es\/soria\/","logo":{"@type":"ImageObject","inLanguage":"es","@id":"https:\/\/e-leclerc.es\/soria\/#\/schema\/logo\/image\/","url":"https:\/\/e-leclerc.es\/soria\/wp-content\/uploads\/sites\/3\/2024\/05\/Logo_Soria-1.svg","contentUrl":"https:\/\/e-leclerc.es\/soria\/wp-content\/uploads\/sites\/3\/2024\/05\/Logo_Soria-1.svg","width":100,"height":100,"caption":"E.Leclerc Soria"},"image":{"@id":"https:\/\/e-leclerc.es\/soria\/#\/schema\/logo\/image\/"},"sameAs":["https:\/\/www.facebook.com\/eleclercsoria?ref=hl","https:\/\/x.com\/LeclercSoria","https:\/\/www.instagram.com\/e.leclercsoria\/"]},{"@type":"Person","@id":"https:\/\/e-leclerc.es\/soria\/#\/schema\/person\/8b66e30fe0551ef4f72dd61db518a3a7","name":"soria","url":"https:\/\/e-leclerc.es\/soria\/author\/soria\/"}]}},"_links":{"self":[{"href":"https:\/\/e-leclerc.es\/soria\/wp-json\/wp\/v2\/posts\/16273","targetHints":{"allow":["GET"]}}],"collection":[{"href":"https:\/\/e-leclerc.es\/soria\/wp-json\/wp\/v2\/posts"}],"about":[{"href":"https:\/\/e-leclerc.es\/soria\/wp-json\/wp\/v2\/types\/post"}],"author":[{"embeddable":true,"href":"https:\/\/e-leclerc.es\/soria\/wp-json\/wp\/v2\/users\/64"}],"replies":[{"embeddable":true,"href":"https:\/\/e-leclerc.es\/soria\/wp-json\/wp\/v2\/comments?post=16273"}],"version-history":[{"count":2,"href":"https:\/\/e-leclerc.es\/soria\/wp-json\/wp\/v2\/posts\/16273\/revisions"}],"predecessor-version":[{"id":16276,"href":"https:\/\/e-leclerc.es\/soria\/wp-json\/wp\/v2\/posts\/16273\/revisions\/16276"}],"wp:featuredmedia":[{"embeddable":true,"href":"https:\/\/e-leclerc.es\/soria\/wp-json\/wp\/v2\/media\/16274"}],"wp:attachment":[{"href":"https:\/\/e-leclerc.es\/soria\/wp-json\/wp\/v2\/media?parent=16273"}],"wp:term":[{"taxonomy":"category","embeddable":true,"href":"https:\/\/e-leclerc.es\/soria\/wp-json\/wp\/v2\/categories?post=16273"},{"taxonomy":"post_tag","embeddable":true,"href":"https:\/\/e-leclerc.es\/soria\/wp-json\/wp\/v2\/tags?post=16273"}],"curies":[{"name":"wp","href":"https:\/\/api.w.org\/{rel}","templated":true}]}}