{"id":6342,"date":"2023-10-09T18:14:09","date_gmt":"2023-10-09T16:14:09","guid":{"rendered":"https:\/\/www.e-leclerc.es\/salamanca\/tendencias\/e-leclerc-inaugura-en-su-parking-una-estacion-de-puntos-de-recarga-para-vehiculos-electricos\/"},"modified":"2023-10-09T18:14:09","modified_gmt":"2023-10-09T16:14:09","slug":"e-leclerc-inaugura-en-su-parking-una-estacion-de-puntos-de-recarga-para-vehiculos-electricos","status":"publish","type":"post","link":"https:\/\/e-leclerc.es\/salamanca\/tendencias\/e-leclerc-inaugura-en-su-parking-una-estacion-de-puntos-de-recarga-para-vehiculos-electricos\/","title":{"rendered":"E.Leclerc inaugura en su parking una estaci\u00f3n de puntos de recarga para veh\u00edculos el\u00e9ctricos"},"content":{"rendered":"<p>E. Leclerc Salamanca, en colaboraci\u00f3n con Tesla, ha dado un paso decisivo hacia la promoci\u00f3n de la movilidad sostenible al inaugurar una estaci\u00f3n de recarga de veh\u00edculos el\u00e9ctricos en el parking del hipermercado. Esta iniciativa refleja el compromiso de la compa\u00f1\u00eda con la sostenibilidad y su deseo de ofrecer soluciones viables para los usuarios de veh\u00edculos el\u00e9ctricos en la regi\u00f3n.<\/p>\n<p>La estaci\u00f3n de recarga cuenta con un total de 22 puntos de recarga, incluyendo 8 postes de recarga ultrarr\u00e1pidos TESLA Supercharger (hasta 250kW de potencia) y 14 cargadores lentos TESLA Wall Connector.<\/p>\n<p>Uno de los aspectos m\u00e1s destacados de esta estaci\u00f3n es su apertura a todos los veh\u00edculos el\u00e9ctricos, fomentando as\u00ed el uso de energ\u00eda limpia en la regi\u00f3n. Adem\u00e1s, su ubicaci\u00f3n estrat\u00e9gica lo convierten en el punto de referencia ideal para los conductores que circular por las autopistas A-50, A-62 y A-66.<\/p>\n<p>Esta disposici\u00f3n reafirma el compromiso de E.Leclerc Salamanca y Tesla con la promoci\u00f3n de la movilidad sostenible y su contribuci\u00f3n a la reducci\u00f3n de la huella de carbono en la zona. Desde direcci\u00f3n del hipermercado declaran: \u201cEstamos entusiasmados de anunciar esta apertura. Esta estaci\u00f3n de recarga no solo facilitar\u00e1 a nuestros clientes la carga de sus veh\u00edculos el\u00e9ctricos de manera conveniente, sino que tambi\u00e9n representa un paso m\u00e1s hacia un futuro m\u00e1s sostenible y respetuoso con el medio ambiente\u201d.<\/p>\n","protected":false},"excerpt":{"rendered":"<p>La estaci\u00f3n de recarga cuenta con un total de 22 puntos de recarga, incluyendo 8 postes de recarga ultrarr\u00e1pidos TESLA Supercharger (hasta 250kW de potencia) y 14 cargadores lentos TESLA Wall Connector.<\/p>\n<p>(Enlace noticia=&gt;<a href=\"https:\/\/www.salamanca24horas.com\/sociedad\/eleclerc-inaugura-en-su-parking-estacion-puntos-recarga-vehiculos-electricos_15091223_102.html\">https:\/\/www.salamanca24horas.com\/sociedad\/eleclerc-inaugura-en-su-parking-estacion-puntos-recarga-vehiculos-electricos_15091223_102.html<\/a>)<\/p>\n","protected":false},"author":0,"featured_media":6343,"comment_status":"","ping_status":"open","sticky":false,"template":"","format":"standard","meta":{"_acf_changed":false,"footnotes":""},"categories":[123],"tags":[],"class_list":["post-6342","post","type-post","status-publish","format-standard","has-post-thumbnail","hentry","category-e-leclerc-en-los-medios"],"acf":[],"yoast_head":"<!-- This site is optimized with the Yoast SEO plugin v27.4 - https:\/\/yoast.com\/product\/yoast-seo-wordpress\/ -->\n<title>E.Leclerc inaugura en su parking una estaci\u00f3n de puntos de recarga para veh\u00edculos el\u00e9ctricos - E.Leclerc Salamanca<\/title>\n<meta name=\"robots\" content=\"index, follow, max-snippet:-1, max-image-preview:large, max-video-preview:-1\" \/>\n<link rel=\"canonical\" href=\"https:\/\/e-leclerc.es\/salamanca\/tendencias\/e-leclerc-inaugura-en-su-parking-una-estacion-de-puntos-de-recarga-para-vehiculos-electricos\/\" \/>\n<meta property=\"og:locale\" content=\"es_ES\" \/>\n<meta property=\"og:type\" content=\"article\" \/>\n<meta property=\"og:title\" content=\"E.Leclerc inaugura en su parking una estaci\u00f3n de puntos de recarga para veh\u00edculos el\u00e9ctricos - E.Leclerc Salamanca\" \/>\n<meta property=\"og:description\" content=\"La estaci\u00f3n de recarga cuenta con un total de 22 puntos de recarga, incluyendo 8 postes de recarga ultrarr\u00e1pidos TESLA Supercharger (hasta 250kW de potencia) y 14 cargadores lentos TESLA Wall Connector. (Enlace noticia=&gt;https:\/\/www.salamanca24horas.com\/sociedad\/eleclerc-inaugura-en-su-parking-estacion-puntos-recarga-vehiculos-electricos_15091223_102.html)\" \/>\n<meta property=\"og:url\" content=\"https:\/\/e-leclerc.es\/salamanca\/tendencias\/e-leclerc-inaugura-en-su-parking-una-estacion-de-puntos-de-recarga-para-vehiculos-electricos\/\" \/>\n<meta property=\"og:site_name\" content=\"E.Leclerc Salamanca\" \/>\n<meta property=\"article:published_time\" content=\"2023-10-09T16:14:09+00:00\" \/>\n<meta property=\"og:image\" content=\"https:\/\/e-leclerc.es\/salamanca\/wp-content\/uploads\/sites\/17\/2023\/10\/1100x632_1727.jpeg\" \/>\n\t<meta property=\"og:image:width\" content=\"1100\" \/>\n\t<meta property=\"og:image:height\" content=\"632\" \/>\n\t<meta property=\"og:image:type\" content=\"image\/jpeg\" \/>\n<meta name=\"twitter:card\" content=\"summary_large_image\" \/>\n<meta name=\"twitter:label1\" content=\"Tiempo de lectura\" \/>\n\t<meta name=\"twitter:data1\" content=\"1 minuto\" \/>\n<script type=\"application\/ld+json\" class=\"yoast-schema-graph\">{\"@context\":\"https:\\\/\\\/schema.org\",\"@graph\":[{\"@type\":\"Article\",\"@id\":\"https:\\\/\\\/e-leclerc.es\\\/salamanca\\\/tendencias\\\/e-leclerc-inaugura-en-su-parking-una-estacion-de-puntos-de-recarga-para-vehiculos-electricos\\\/#article\",\"isPartOf\":{\"@id\":\"https:\\\/\\\/e-leclerc.es\\\/salamanca\\\/tendencias\\\/e-leclerc-inaugura-en-su-parking-una-estacion-de-puntos-de-recarga-para-vehiculos-electricos\\\/\"},\"author\":{\"name\":\"\",\"@id\":\"\"},\"headline\":\"E.Leclerc inaugura en su parking una estaci\u00f3n de puntos de recarga para veh\u00edculos el\u00e9ctricos\",\"datePublished\":\"2023-10-09T16:14:09+00:00\",\"mainEntityOfPage\":{\"@id\":\"https:\\\/\\\/e-leclerc.es\\\/salamanca\\\/tendencias\\\/e-leclerc-inaugura-en-su-parking-una-estacion-de-puntos-de-recarga-para-vehiculos-electricos\\\/\"},\"wordCount\":269,\"publisher\":{\"@id\":\"https:\\\/\\\/e-leclerc.es\\\/salamanca\\\/#organization\"},\"image\":{\"@id\":\"https:\\\/\\\/e-leclerc.es\\\/salamanca\\\/tendencias\\\/e-leclerc-inaugura-en-su-parking-una-estacion-de-puntos-de-recarga-para-vehiculos-electricos\\\/#primaryimage\"},\"thumbnailUrl\":\"https:\\\/\\\/e-leclerc.es\\\/salamanca\\\/wp-content\\\/uploads\\\/sites\\\/17\\\/2023\\\/10\\\/1100x632_1727.jpeg\",\"articleSection\":[\"E.Leclerc en los medios\"],\"inLanguage\":\"es\"},{\"@type\":\"WebPage\",\"@id\":\"https:\\\/\\\/e-leclerc.es\\\/salamanca\\\/tendencias\\\/e-leclerc-inaugura-en-su-parking-una-estacion-de-puntos-de-recarga-para-vehiculos-electricos\\\/\",\"url\":\"https:\\\/\\\/e-leclerc.es\\\/salamanca\\\/tendencias\\\/e-leclerc-inaugura-en-su-parking-una-estacion-de-puntos-de-recarga-para-vehiculos-electricos\\\/\",\"name\":\"E.Leclerc inaugura en su parking una estaci\u00f3n de puntos de recarga para veh\u00edculos el\u00e9ctricos - E.Leclerc Salamanca\",\"isPartOf\":{\"@id\":\"https:\\\/\\\/e-leclerc.es\\\/salamanca\\\/#website\"},\"primaryImageOfPage\":{\"@id\":\"https:\\\/\\\/e-leclerc.es\\\/salamanca\\\/tendencias\\\/e-leclerc-inaugura-en-su-parking-una-estacion-de-puntos-de-recarga-para-vehiculos-electricos\\\/#primaryimage\"},\"image\":{\"@id\":\"https:\\\/\\\/e-leclerc.es\\\/salamanca\\\/tendencias\\\/e-leclerc-inaugura-en-su-parking-una-estacion-de-puntos-de-recarga-para-vehiculos-electricos\\\/#primaryimage\"},\"thumbnailUrl\":\"https:\\\/\\\/e-leclerc.es\\\/salamanca\\\/wp-content\\\/uploads\\\/sites\\\/17\\\/2023\\\/10\\\/1100x632_1727.jpeg\",\"datePublished\":\"2023-10-09T16:14:09+00:00\",\"breadcrumb\":{\"@id\":\"https:\\\/\\\/e-leclerc.es\\\/salamanca\\\/tendencias\\\/e-leclerc-inaugura-en-su-parking-una-estacion-de-puntos-de-recarga-para-vehiculos-electricos\\\/#breadcrumb\"},\"inLanguage\":\"es\",\"potentialAction\":[{\"@type\":\"ReadAction\",\"target\":[\"https:\\\/\\\/e-leclerc.es\\\/salamanca\\\/tendencias\\\/e-leclerc-inaugura-en-su-parking-una-estacion-de-puntos-de-recarga-para-vehiculos-electricos\\\/\"]}]},{\"@type\":\"ImageObject\",\"inLanguage\":\"es\",\"@id\":\"https:\\\/\\\/e-leclerc.es\\\/salamanca\\\/tendencias\\\/e-leclerc-inaugura-en-su-parking-una-estacion-de-puntos-de-recarga-para-vehiculos-electricos\\\/#primaryimage\",\"url\":\"https:\\\/\\\/e-leclerc.es\\\/salamanca\\\/wp-content\\\/uploads\\\/sites\\\/17\\\/2023\\\/10\\\/1100x632_1727.jpeg\",\"contentUrl\":\"https:\\\/\\\/e-leclerc.es\\\/salamanca\\\/wp-content\\\/uploads\\\/sites\\\/17\\\/2023\\\/10\\\/1100x632_1727.jpeg\",\"width\":1100,\"height\":632},{\"@type\":\"BreadcrumbList\",\"@id\":\"https:\\\/\\\/e-leclerc.es\\\/salamanca\\\/tendencias\\\/e-leclerc-inaugura-en-su-parking-una-estacion-de-puntos-de-recarga-para-vehiculos-electricos\\\/#breadcrumb\",\"itemListElement\":[{\"@type\":\"ListItem\",\"position\":1,\"name\":\"Portada\",\"item\":\"https:\\\/\\\/e-leclerc.es\\\/salamanca\\\/\"},{\"@type\":\"ListItem\",\"position\":2,\"name\":\"E.Leclerc inaugura en su parking una estaci\u00f3n de puntos de recarga para veh\u00edculos el\u00e9ctricos\"}]},{\"@type\":\"WebSite\",\"@id\":\"https:\\\/\\\/e-leclerc.es\\\/salamanca\\\/#website\",\"url\":\"https:\\\/\\\/e-leclerc.es\\\/salamanca\\\/\",\"name\":\"E.Leclerc Salamanca\",\"description\":\"Descubre los folletos, ofertas y promociones de nuestro hipermercado E.Leclerc Salamanca en Castillla y Le\u00f3n. Direcci\u00f3n | Horario | Productos locales\",\"publisher\":{\"@id\":\"https:\\\/\\\/e-leclerc.es\\\/salamanca\\\/#organization\"},\"potentialAction\":[{\"@type\":\"SearchAction\",\"target\":{\"@type\":\"EntryPoint\",\"urlTemplate\":\"https:\\\/\\\/e-leclerc.es\\\/salamanca\\\/?s={search_term_string}\"},\"query-input\":{\"@type\":\"PropertyValueSpecification\",\"valueRequired\":true,\"valueName\":\"search_term_string\"}}],\"inLanguage\":\"es\"},{\"@type\":\"Organization\",\"@id\":\"https:\\\/\\\/e-leclerc.es\\\/salamanca\\\/#organization\",\"name\":\"E.Leclerc Salamanca\",\"url\":\"https:\\\/\\\/e-leclerc.es\\\/salamanca\\\/\",\"logo\":{\"@type\":\"ImageObject\",\"inLanguage\":\"es\",\"@id\":\"https:\\\/\\\/e-leclerc.es\\\/salamanca\\\/#\\\/schema\\\/logo\\\/image\\\/\",\"url\":\"https:\\\/\\\/e-leclerc.es\\\/salamanca\\\/wp-content\\\/uploads\\\/sites\\\/17\\\/2024\\\/03\\\/Leclerc_Logo.svg\",\"contentUrl\":\"https:\\\/\\\/e-leclerc.es\\\/salamanca\\\/wp-content\\\/uploads\\\/sites\\\/17\\\/2024\\\/03\\\/Leclerc_Logo.svg\",\"caption\":\"E.Leclerc Salamanca\"},\"image\":{\"@id\":\"https:\\\/\\\/e-leclerc.es\\\/salamanca\\\/#\\\/schema\\\/logo\\\/image\\\/\"}}]}<\/script>\n<!-- \/ Yoast SEO plugin. -->","yoast_head_json":{"title":"E.Leclerc inaugura en su parking una estaci\u00f3n de puntos de recarga para veh\u00edculos el\u00e9ctricos - E.Leclerc Salamanca","robots":{"index":"index","follow":"follow","max-snippet":"max-snippet:-1","max-image-preview":"max-image-preview:large","max-video-preview":"max-video-preview:-1"},"canonical":"https:\/\/e-leclerc.es\/salamanca\/tendencias\/e-leclerc-inaugura-en-su-parking-una-estacion-de-puntos-de-recarga-para-vehiculos-electricos\/","og_locale":"es_ES","og_type":"article","og_title":"E.Leclerc inaugura en su parking una estaci\u00f3n de puntos de recarga para veh\u00edculos el\u00e9ctricos - E.Leclerc Salamanca","og_description":"La estaci\u00f3n de recarga cuenta con un total de 22 puntos de recarga, incluyendo 8 postes de recarga ultrarr\u00e1pidos TESLA Supercharger (hasta 250kW de potencia) y 14 cargadores lentos TESLA Wall Connector. (Enlace noticia=&gt;https:\/\/www.salamanca24horas.com\/sociedad\/eleclerc-inaugura-en-su-parking-estacion-puntos-recarga-vehiculos-electricos_15091223_102.html)","og_url":"https:\/\/e-leclerc.es\/salamanca\/tendencias\/e-leclerc-inaugura-en-su-parking-una-estacion-de-puntos-de-recarga-para-vehiculos-electricos\/","og_site_name":"E.Leclerc Salamanca","article_published_time":"2023-10-09T16:14:09+00:00","og_image":[{"width":1100,"height":632,"url":"https:\/\/e-leclerc.es\/salamanca\/wp-content\/uploads\/sites\/17\/2023\/10\/1100x632_1727.jpeg","type":"image\/jpeg"}],"twitter_card":"summary_large_image","twitter_misc":{"Tiempo de lectura":"1 minuto"},"schema":{"@context":"https:\/\/schema.org","@graph":[{"@type":"Article","@id":"https:\/\/e-leclerc.es\/salamanca\/tendencias\/e-leclerc-inaugura-en-su-parking-una-estacion-de-puntos-de-recarga-para-vehiculos-electricos\/#article","isPartOf":{"@id":"https:\/\/e-leclerc.es\/salamanca\/tendencias\/e-leclerc-inaugura-en-su-parking-una-estacion-de-puntos-de-recarga-para-vehiculos-electricos\/"},"author":{"name":"","@id":""},"headline":"E.Leclerc inaugura en su parking una estaci\u00f3n de puntos de recarga para veh\u00edculos el\u00e9ctricos","datePublished":"2023-10-09T16:14:09+00:00","mainEntityOfPage":{"@id":"https:\/\/e-leclerc.es\/salamanca\/tendencias\/e-leclerc-inaugura-en-su-parking-una-estacion-de-puntos-de-recarga-para-vehiculos-electricos\/"},"wordCount":269,"publisher":{"@id":"https:\/\/e-leclerc.es\/salamanca\/#organization"},"image":{"@id":"https:\/\/e-leclerc.es\/salamanca\/tendencias\/e-leclerc-inaugura-en-su-parking-una-estacion-de-puntos-de-recarga-para-vehiculos-electricos\/#primaryimage"},"thumbnailUrl":"https:\/\/e-leclerc.es\/salamanca\/wp-content\/uploads\/sites\/17\/2023\/10\/1100x632_1727.jpeg","articleSection":["E.Leclerc en los medios"],"inLanguage":"es"},{"@type":"WebPage","@id":"https:\/\/e-leclerc.es\/salamanca\/tendencias\/e-leclerc-inaugura-en-su-parking-una-estacion-de-puntos-de-recarga-para-vehiculos-electricos\/","url":"https:\/\/e-leclerc.es\/salamanca\/tendencias\/e-leclerc-inaugura-en-su-parking-una-estacion-de-puntos-de-recarga-para-vehiculos-electricos\/","name":"E.Leclerc inaugura en su parking una estaci\u00f3n de puntos de recarga para veh\u00edculos el\u00e9ctricos - E.Leclerc Salamanca","isPartOf":{"@id":"https:\/\/e-leclerc.es\/salamanca\/#website"},"primaryImageOfPage":{"@id":"https:\/\/e-leclerc.es\/salamanca\/tendencias\/e-leclerc-inaugura-en-su-parking-una-estacion-de-puntos-de-recarga-para-vehiculos-electricos\/#primaryimage"},"image":{"@id":"https:\/\/e-leclerc.es\/salamanca\/tendencias\/e-leclerc-inaugura-en-su-parking-una-estacion-de-puntos-de-recarga-para-vehiculos-electricos\/#primaryimage"},"thumbnailUrl":"https:\/\/e-leclerc.es\/salamanca\/wp-content\/uploads\/sites\/17\/2023\/10\/1100x632_1727.jpeg","datePublished":"2023-10-09T16:14:09+00:00","breadcrumb":{"@id":"https:\/\/e-leclerc.es\/salamanca\/tendencias\/e-leclerc-inaugura-en-su-parking-una-estacion-de-puntos-de-recarga-para-vehiculos-electricos\/#breadcrumb"},"inLanguage":"es","potentialAction":[{"@type":"ReadAction","target":["https:\/\/e-leclerc.es\/salamanca\/tendencias\/e-leclerc-inaugura-en-su-parking-una-estacion-de-puntos-de-recarga-para-vehiculos-electricos\/"]}]},{"@type":"ImageObject","inLanguage":"es","@id":"https:\/\/e-leclerc.es\/salamanca\/tendencias\/e-leclerc-inaugura-en-su-parking-una-estacion-de-puntos-de-recarga-para-vehiculos-electricos\/#primaryimage","url":"https:\/\/e-leclerc.es\/salamanca\/wp-content\/uploads\/sites\/17\/2023\/10\/1100x632_1727.jpeg","contentUrl":"https:\/\/e-leclerc.es\/salamanca\/wp-content\/uploads\/sites\/17\/2023\/10\/1100x632_1727.jpeg","width":1100,"height":632},{"@type":"BreadcrumbList","@id":"https:\/\/e-leclerc.es\/salamanca\/tendencias\/e-leclerc-inaugura-en-su-parking-una-estacion-de-puntos-de-recarga-para-vehiculos-electricos\/#breadcrumb","itemListElement":[{"@type":"ListItem","position":1,"name":"Portada","item":"https:\/\/e-leclerc.es\/salamanca\/"},{"@type":"ListItem","position":2,"name":"E.Leclerc inaugura en su parking una estaci\u00f3n de puntos de recarga para veh\u00edculos el\u00e9ctricos"}]},{"@type":"WebSite","@id":"https:\/\/e-leclerc.es\/salamanca\/#website","url":"https:\/\/e-leclerc.es\/salamanca\/","name":"E.Leclerc Salamanca","description":"Descubre los folletos, ofertas y promociones de nuestro hipermercado E.Leclerc Salamanca en Castillla y Le\u00f3n. Direcci\u00f3n | Horario | Productos locales","publisher":{"@id":"https:\/\/e-leclerc.es\/salamanca\/#organization"},"potentialAction":[{"@type":"SearchAction","target":{"@type":"EntryPoint","urlTemplate":"https:\/\/e-leclerc.es\/salamanca\/?s={search_term_string}"},"query-input":{"@type":"PropertyValueSpecification","valueRequired":true,"valueName":"search_term_string"}}],"inLanguage":"es"},{"@type":"Organization","@id":"https:\/\/e-leclerc.es\/salamanca\/#organization","name":"E.Leclerc Salamanca","url":"https:\/\/e-leclerc.es\/salamanca\/","logo":{"@type":"ImageObject","inLanguage":"es","@id":"https:\/\/e-leclerc.es\/salamanca\/#\/schema\/logo\/image\/","url":"https:\/\/e-leclerc.es\/salamanca\/wp-content\/uploads\/sites\/17\/2024\/03\/Leclerc_Logo.svg","contentUrl":"https:\/\/e-leclerc.es\/salamanca\/wp-content\/uploads\/sites\/17\/2024\/03\/Leclerc_Logo.svg","caption":"E.Leclerc Salamanca"},"image":{"@id":"https:\/\/e-leclerc.es\/salamanca\/#\/schema\/logo\/image\/"}}]}},"_links":{"self":[{"href":"https:\/\/e-leclerc.es\/salamanca\/wp-json\/wp\/v2\/posts\/6342","targetHints":{"allow":["GET"]}}],"collection":[{"href":"https:\/\/e-leclerc.es\/salamanca\/wp-json\/wp\/v2\/posts"}],"about":[{"href":"https:\/\/e-leclerc.es\/salamanca\/wp-json\/wp\/v2\/types\/post"}],"replies":[{"embeddable":true,"href":"https:\/\/e-leclerc.es\/salamanca\/wp-json\/wp\/v2\/comments?post=6342"}],"version-history":[{"count":0,"href":"https:\/\/e-leclerc.es\/salamanca\/wp-json\/wp\/v2\/posts\/6342\/revisions"}],"wp:featuredmedia":[{"embeddable":true,"href":"https:\/\/e-leclerc.es\/salamanca\/wp-json\/wp\/v2\/media\/6343"}],"wp:attachment":[{"href":"https:\/\/e-leclerc.es\/salamanca\/wp-json\/wp\/v2\/media?parent=6342"}],"wp:term":[{"taxonomy":"category","embeddable":true,"href":"https:\/\/e-leclerc.es\/salamanca\/wp-json\/wp\/v2\/categories?post=6342"},{"taxonomy":"post_tag","embeddable":true,"href":"https:\/\/e-leclerc.es\/salamanca\/wp-json\/wp\/v2\/tags?post=6342"}],"curies":[{"name":"wp","href":"https:\/\/api.w.org\/{rel}","templated":true}]}}