{"id":6326,"date":"2021-07-27T08:46:51","date_gmt":"2021-07-27T06:46:51","guid":{"rendered":"https:\/\/www.e-leclerc.es\/salamanca\/tendencias\/el-cb-tormes-y-e-leclerc-organizan-una-exposicion-fotografica-sobre-sus-20-anos-de-colaboracion\/"},"modified":"2021-07-27T08:46:51","modified_gmt":"2021-07-27T06:46:51","slug":"el-cb-tormes-y-e-leclerc-organizan-una-exposicion-fotografica-sobre-sus-20-anos-de-colaboracion","status":"publish","type":"post","link":"https:\/\/e-leclerc.es\/salamanca\/tendencias\/el-cb-tormes-y-e-leclerc-organizan-una-exposicion-fotografica-sobre-sus-20-anos-de-colaboracion\/","title":{"rendered":"El CB Tormes y E.Leclerc organizan una exposici\u00f3n fotogr\u00e1fica sobre sus 20 a\u00f1os de colaboraci\u00f3n"},"content":{"rendered":"<p>El Club Baloncesto Tormes y el hipermercado E.Leclerc de Salamanca han organizado de forma conjunta una muestra fotogr\u00e1fica en la que queda plasmada su colaboraci\u00f3n a lo largo de los 20 a\u00f1os en los que la firma francesa lleva en la provincia charra.<br \/>\nLa exposici\u00f3n se inaugura este lunes, 17 de mayo, a las 11 horas y se mantendr\u00e1 en el hall del hipermercado hasta el 19 de junio.<\/p>\n<p>En ella podr\u00e1n observarse un centenar de fotograf\u00edas a gran tama\u00f1o de equipos y jugadores que han defendido los colores de E.Leclerc y CB Tormes durante este tiempo. Curiosamente, muchos de los primeros ni\u00f1os son ya hombres y podr\u00e1n recordar aquellos viejos tiempos.<\/p>\n<p>Todos los espectadores que acudan al hipermercado E.Leclerc en este tiempo, podr\u00e1n adem\u00e1s encargar copias de las im\u00e1genes que elijan y llev\u00e1rselas en ese mismo momento. <\/p>\n","protected":false},"excerpt":{"rendered":"<p>El lunes 17 de mayo tiene lugar la inauguraci\u00f3n oficial de la muestra, que se mantendr\u00e1 en el hipermercado hasta el 19 de junio. (Enlace de la noticia=&gt;<a href=\"https:\/\/www.salamanca24horas.com\/texto-diario\/mostrar\/2882643\/cb-tormes-eleclerc-organizan-exposicion-fotografica-sobre-20-anos-colaboracion\">https:\/\/www.salamanca24horas.com\/texto-diario\/mostrar\/2882643\/cb-tormes-eleclerc-organizan-exposicion-fotografica-sobre-20-anos-colaboracion<\/a>)<\/p>\n","protected":false},"author":0,"featured_media":6327,"comment_status":"","ping_status":"open","sticky":false,"template":"","format":"standard","meta":{"_acf_changed":false,"footnotes":""},"categories":[123],"tags":[],"class_list":["post-6326","post","type-post","status-publish","format-standard","has-post-thumbnail","hentry","category-e-leclerc-en-los-medios"],"acf":[],"yoast_head":"<!-- This site is optimized with the Yoast SEO plugin v27.4 - https:\/\/yoast.com\/product\/yoast-seo-wordpress\/ -->\n<title>El CB Tormes y E.Leclerc organizan una exposici\u00f3n fotogr\u00e1fica sobre sus 20 a\u00f1os de colaboraci\u00f3n - E.Leclerc Salamanca<\/title>\n<meta name=\"robots\" content=\"index, follow, max-snippet:-1, max-image-preview:large, max-video-preview:-1\" \/>\n<link rel=\"canonical\" href=\"https:\/\/e-leclerc.es\/salamanca\/tendencias\/el-cb-tormes-y-e-leclerc-organizan-una-exposicion-fotografica-sobre-sus-20-anos-de-colaboracion\/\" \/>\n<meta property=\"og:locale\" content=\"es_ES\" \/>\n<meta property=\"og:type\" content=\"article\" \/>\n<meta property=\"og:title\" content=\"El CB Tormes y E.Leclerc organizan una exposici\u00f3n fotogr\u00e1fica sobre sus 20 a\u00f1os de colaboraci\u00f3n - E.Leclerc Salamanca\" \/>\n<meta property=\"og:description\" content=\"El lunes 17 de mayo tiene lugar la inauguraci\u00f3n oficial de la muestra, que se mantendr\u00e1 en el hipermercado hasta el 19 de junio. (Enlace de la noticia=&gt;https:\/\/www.salamanca24horas.com\/texto-diario\/mostrar\/2882643\/cb-tormes-eleclerc-organizan-exposicion-fotografica-sobre-20-anos-colaboracion)\" \/>\n<meta property=\"og:url\" content=\"https:\/\/e-leclerc.es\/salamanca\/tendencias\/el-cb-tormes-y-e-leclerc-organizan-una-exposicion-fotografica-sobre-sus-20-anos-de-colaboracion\/\" \/>\n<meta property=\"og:site_name\" content=\"E.Leclerc Salamanca\" \/>\n<meta property=\"article:published_time\" content=\"2021-07-27T06:46:51+00:00\" \/>\n<meta property=\"og:image\" content=\"https:\/\/e-leclerc.es\/salamanca\/wp-content\/uploads\/sites\/17\/2021\/07\/4499262_1633.jpg\" \/>\n\t<meta property=\"og:image:width\" content=\"1100\" \/>\n\t<meta property=\"og:image:height\" content=\"733\" \/>\n\t<meta property=\"og:image:type\" content=\"image\/jpeg\" \/>\n<meta name=\"twitter:card\" content=\"summary_large_image\" \/>\n<meta name=\"twitter:label1\" content=\"Tiempo de lectura\" \/>\n\t<meta name=\"twitter:data1\" content=\"1 minuto\" \/>\n<script type=\"application\/ld+json\" class=\"yoast-schema-graph\">{\"@context\":\"https:\\\/\\\/schema.org\",\"@graph\":[{\"@type\":\"Article\",\"@id\":\"https:\\\/\\\/e-leclerc.es\\\/salamanca\\\/tendencias\\\/el-cb-tormes-y-e-leclerc-organizan-una-exposicion-fotografica-sobre-sus-20-anos-de-colaboracion\\\/#article\",\"isPartOf\":{\"@id\":\"https:\\\/\\\/e-leclerc.es\\\/salamanca\\\/tendencias\\\/el-cb-tormes-y-e-leclerc-organizan-una-exposicion-fotografica-sobre-sus-20-anos-de-colaboracion\\\/\"},\"author\":{\"name\":\"\",\"@id\":\"\"},\"headline\":\"El CB Tormes y E.Leclerc organizan una exposici\u00f3n fotogr\u00e1fica sobre sus 20 a\u00f1os de colaboraci\u00f3n\",\"datePublished\":\"2021-07-27T06:46:51+00:00\",\"mainEntityOfPage\":{\"@id\":\"https:\\\/\\\/e-leclerc.es\\\/salamanca\\\/tendencias\\\/el-cb-tormes-y-e-leclerc-organizan-una-exposicion-fotografica-sobre-sus-20-anos-de-colaboracion\\\/\"},\"wordCount\":169,\"publisher\":{\"@id\":\"https:\\\/\\\/e-leclerc.es\\\/salamanca\\\/#organization\"},\"image\":{\"@id\":\"https:\\\/\\\/e-leclerc.es\\\/salamanca\\\/tendencias\\\/el-cb-tormes-y-e-leclerc-organizan-una-exposicion-fotografica-sobre-sus-20-anos-de-colaboracion\\\/#primaryimage\"},\"thumbnailUrl\":\"https:\\\/\\\/e-leclerc.es\\\/salamanca\\\/wp-content\\\/uploads\\\/sites\\\/17\\\/2021\\\/07\\\/4499262_1633.jpg\",\"articleSection\":[\"E.Leclerc en los medios\"],\"inLanguage\":\"es\"},{\"@type\":\"WebPage\",\"@id\":\"https:\\\/\\\/e-leclerc.es\\\/salamanca\\\/tendencias\\\/el-cb-tormes-y-e-leclerc-organizan-una-exposicion-fotografica-sobre-sus-20-anos-de-colaboracion\\\/\",\"url\":\"https:\\\/\\\/e-leclerc.es\\\/salamanca\\\/tendencias\\\/el-cb-tormes-y-e-leclerc-organizan-una-exposicion-fotografica-sobre-sus-20-anos-de-colaboracion\\\/\",\"name\":\"El CB Tormes y E.Leclerc organizan una exposici\u00f3n fotogr\u00e1fica sobre sus 20 a\u00f1os de colaboraci\u00f3n - E.Leclerc Salamanca\",\"isPartOf\":{\"@id\":\"https:\\\/\\\/e-leclerc.es\\\/salamanca\\\/#website\"},\"primaryImageOfPage\":{\"@id\":\"https:\\\/\\\/e-leclerc.es\\\/salamanca\\\/tendencias\\\/el-cb-tormes-y-e-leclerc-organizan-una-exposicion-fotografica-sobre-sus-20-anos-de-colaboracion\\\/#primaryimage\"},\"image\":{\"@id\":\"https:\\\/\\\/e-leclerc.es\\\/salamanca\\\/tendencias\\\/el-cb-tormes-y-e-leclerc-organizan-una-exposicion-fotografica-sobre-sus-20-anos-de-colaboracion\\\/#primaryimage\"},\"thumbnailUrl\":\"https:\\\/\\\/e-leclerc.es\\\/salamanca\\\/wp-content\\\/uploads\\\/sites\\\/17\\\/2021\\\/07\\\/4499262_1633.jpg\",\"datePublished\":\"2021-07-27T06:46:51+00:00\",\"breadcrumb\":{\"@id\":\"https:\\\/\\\/e-leclerc.es\\\/salamanca\\\/tendencias\\\/el-cb-tormes-y-e-leclerc-organizan-una-exposicion-fotografica-sobre-sus-20-anos-de-colaboracion\\\/#breadcrumb\"},\"inLanguage\":\"es\",\"potentialAction\":[{\"@type\":\"ReadAction\",\"target\":[\"https:\\\/\\\/e-leclerc.es\\\/salamanca\\\/tendencias\\\/el-cb-tormes-y-e-leclerc-organizan-una-exposicion-fotografica-sobre-sus-20-anos-de-colaboracion\\\/\"]}]},{\"@type\":\"ImageObject\",\"inLanguage\":\"es\",\"@id\":\"https:\\\/\\\/e-leclerc.es\\\/salamanca\\\/tendencias\\\/el-cb-tormes-y-e-leclerc-organizan-una-exposicion-fotografica-sobre-sus-20-anos-de-colaboracion\\\/#primaryimage\",\"url\":\"https:\\\/\\\/e-leclerc.es\\\/salamanca\\\/wp-content\\\/uploads\\\/sites\\\/17\\\/2021\\\/07\\\/4499262_1633.jpg\",\"contentUrl\":\"https:\\\/\\\/e-leclerc.es\\\/salamanca\\\/wp-content\\\/uploads\\\/sites\\\/17\\\/2021\\\/07\\\/4499262_1633.jpg\",\"width\":1100,\"height\":733},{\"@type\":\"BreadcrumbList\",\"@id\":\"https:\\\/\\\/e-leclerc.es\\\/salamanca\\\/tendencias\\\/el-cb-tormes-y-e-leclerc-organizan-una-exposicion-fotografica-sobre-sus-20-anos-de-colaboracion\\\/#breadcrumb\",\"itemListElement\":[{\"@type\":\"ListItem\",\"position\":1,\"name\":\"Portada\",\"item\":\"https:\\\/\\\/e-leclerc.es\\\/salamanca\\\/\"},{\"@type\":\"ListItem\",\"position\":2,\"name\":\"El CB Tormes y E.Leclerc organizan una exposici\u00f3n fotogr\u00e1fica sobre sus 20 a\u00f1os de colaboraci\u00f3n\"}]},{\"@type\":\"WebSite\",\"@id\":\"https:\\\/\\\/e-leclerc.es\\\/salamanca\\\/#website\",\"url\":\"https:\\\/\\\/e-leclerc.es\\\/salamanca\\\/\",\"name\":\"E.Leclerc Salamanca\",\"description\":\"Descubre los folletos, ofertas y promociones de nuestro hipermercado E.Leclerc Salamanca en Castillla y Le\u00f3n. Direcci\u00f3n | Horario | Productos locales\",\"publisher\":{\"@id\":\"https:\\\/\\\/e-leclerc.es\\\/salamanca\\\/#organization\"},\"potentialAction\":[{\"@type\":\"SearchAction\",\"target\":{\"@type\":\"EntryPoint\",\"urlTemplate\":\"https:\\\/\\\/e-leclerc.es\\\/salamanca\\\/?s={search_term_string}\"},\"query-input\":{\"@type\":\"PropertyValueSpecification\",\"valueRequired\":true,\"valueName\":\"search_term_string\"}}],\"inLanguage\":\"es\"},{\"@type\":\"Organization\",\"@id\":\"https:\\\/\\\/e-leclerc.es\\\/salamanca\\\/#organization\",\"name\":\"E.Leclerc Salamanca\",\"url\":\"https:\\\/\\\/e-leclerc.es\\\/salamanca\\\/\",\"logo\":{\"@type\":\"ImageObject\",\"inLanguage\":\"es\",\"@id\":\"https:\\\/\\\/e-leclerc.es\\\/salamanca\\\/#\\\/schema\\\/logo\\\/image\\\/\",\"url\":\"https:\\\/\\\/e-leclerc.es\\\/salamanca\\\/wp-content\\\/uploads\\\/sites\\\/17\\\/2024\\\/03\\\/Leclerc_Logo.svg\",\"contentUrl\":\"https:\\\/\\\/e-leclerc.es\\\/salamanca\\\/wp-content\\\/uploads\\\/sites\\\/17\\\/2024\\\/03\\\/Leclerc_Logo.svg\",\"caption\":\"E.Leclerc Salamanca\"},\"image\":{\"@id\":\"https:\\\/\\\/e-leclerc.es\\\/salamanca\\\/#\\\/schema\\\/logo\\\/image\\\/\"}}]}<\/script>\n<!-- \/ Yoast SEO plugin. -->","yoast_head_json":{"title":"El CB Tormes y E.Leclerc organizan una exposici\u00f3n fotogr\u00e1fica sobre sus 20 a\u00f1os de colaboraci\u00f3n - E.Leclerc Salamanca","robots":{"index":"index","follow":"follow","max-snippet":"max-snippet:-1","max-image-preview":"max-image-preview:large","max-video-preview":"max-video-preview:-1"},"canonical":"https:\/\/e-leclerc.es\/salamanca\/tendencias\/el-cb-tormes-y-e-leclerc-organizan-una-exposicion-fotografica-sobre-sus-20-anos-de-colaboracion\/","og_locale":"es_ES","og_type":"article","og_title":"El CB Tormes y E.Leclerc organizan una exposici\u00f3n fotogr\u00e1fica sobre sus 20 a\u00f1os de colaboraci\u00f3n - E.Leclerc Salamanca","og_description":"El lunes 17 de mayo tiene lugar la inauguraci\u00f3n oficial de la muestra, que se mantendr\u00e1 en el hipermercado hasta el 19 de junio. (Enlace de la noticia=&gt;https:\/\/www.salamanca24horas.com\/texto-diario\/mostrar\/2882643\/cb-tormes-eleclerc-organizan-exposicion-fotografica-sobre-20-anos-colaboracion)","og_url":"https:\/\/e-leclerc.es\/salamanca\/tendencias\/el-cb-tormes-y-e-leclerc-organizan-una-exposicion-fotografica-sobre-sus-20-anos-de-colaboracion\/","og_site_name":"E.Leclerc Salamanca","article_published_time":"2021-07-27T06:46:51+00:00","og_image":[{"width":1100,"height":733,"url":"https:\/\/e-leclerc.es\/salamanca\/wp-content\/uploads\/sites\/17\/2021\/07\/4499262_1633.jpg","type":"image\/jpeg"}],"twitter_card":"summary_large_image","twitter_misc":{"Tiempo de lectura":"1 minuto"},"schema":{"@context":"https:\/\/schema.org","@graph":[{"@type":"Article","@id":"https:\/\/e-leclerc.es\/salamanca\/tendencias\/el-cb-tormes-y-e-leclerc-organizan-una-exposicion-fotografica-sobre-sus-20-anos-de-colaboracion\/#article","isPartOf":{"@id":"https:\/\/e-leclerc.es\/salamanca\/tendencias\/el-cb-tormes-y-e-leclerc-organizan-una-exposicion-fotografica-sobre-sus-20-anos-de-colaboracion\/"},"author":{"name":"","@id":""},"headline":"El CB Tormes y E.Leclerc organizan una exposici\u00f3n fotogr\u00e1fica sobre sus 20 a\u00f1os de colaboraci\u00f3n","datePublished":"2021-07-27T06:46:51+00:00","mainEntityOfPage":{"@id":"https:\/\/e-leclerc.es\/salamanca\/tendencias\/el-cb-tormes-y-e-leclerc-organizan-una-exposicion-fotografica-sobre-sus-20-anos-de-colaboracion\/"},"wordCount":169,"publisher":{"@id":"https:\/\/e-leclerc.es\/salamanca\/#organization"},"image":{"@id":"https:\/\/e-leclerc.es\/salamanca\/tendencias\/el-cb-tormes-y-e-leclerc-organizan-una-exposicion-fotografica-sobre-sus-20-anos-de-colaboracion\/#primaryimage"},"thumbnailUrl":"https:\/\/e-leclerc.es\/salamanca\/wp-content\/uploads\/sites\/17\/2021\/07\/4499262_1633.jpg","articleSection":["E.Leclerc en los medios"],"inLanguage":"es"},{"@type":"WebPage","@id":"https:\/\/e-leclerc.es\/salamanca\/tendencias\/el-cb-tormes-y-e-leclerc-organizan-una-exposicion-fotografica-sobre-sus-20-anos-de-colaboracion\/","url":"https:\/\/e-leclerc.es\/salamanca\/tendencias\/el-cb-tormes-y-e-leclerc-organizan-una-exposicion-fotografica-sobre-sus-20-anos-de-colaboracion\/","name":"El CB Tormes y E.Leclerc organizan una exposici\u00f3n fotogr\u00e1fica sobre sus 20 a\u00f1os de colaboraci\u00f3n - E.Leclerc Salamanca","isPartOf":{"@id":"https:\/\/e-leclerc.es\/salamanca\/#website"},"primaryImageOfPage":{"@id":"https:\/\/e-leclerc.es\/salamanca\/tendencias\/el-cb-tormes-y-e-leclerc-organizan-una-exposicion-fotografica-sobre-sus-20-anos-de-colaboracion\/#primaryimage"},"image":{"@id":"https:\/\/e-leclerc.es\/salamanca\/tendencias\/el-cb-tormes-y-e-leclerc-organizan-una-exposicion-fotografica-sobre-sus-20-anos-de-colaboracion\/#primaryimage"},"thumbnailUrl":"https:\/\/e-leclerc.es\/salamanca\/wp-content\/uploads\/sites\/17\/2021\/07\/4499262_1633.jpg","datePublished":"2021-07-27T06:46:51+00:00","breadcrumb":{"@id":"https:\/\/e-leclerc.es\/salamanca\/tendencias\/el-cb-tormes-y-e-leclerc-organizan-una-exposicion-fotografica-sobre-sus-20-anos-de-colaboracion\/#breadcrumb"},"inLanguage":"es","potentialAction":[{"@type":"ReadAction","target":["https:\/\/e-leclerc.es\/salamanca\/tendencias\/el-cb-tormes-y-e-leclerc-organizan-una-exposicion-fotografica-sobre-sus-20-anos-de-colaboracion\/"]}]},{"@type":"ImageObject","inLanguage":"es","@id":"https:\/\/e-leclerc.es\/salamanca\/tendencias\/el-cb-tormes-y-e-leclerc-organizan-una-exposicion-fotografica-sobre-sus-20-anos-de-colaboracion\/#primaryimage","url":"https:\/\/e-leclerc.es\/salamanca\/wp-content\/uploads\/sites\/17\/2021\/07\/4499262_1633.jpg","contentUrl":"https:\/\/e-leclerc.es\/salamanca\/wp-content\/uploads\/sites\/17\/2021\/07\/4499262_1633.jpg","width":1100,"height":733},{"@type":"BreadcrumbList","@id":"https:\/\/e-leclerc.es\/salamanca\/tendencias\/el-cb-tormes-y-e-leclerc-organizan-una-exposicion-fotografica-sobre-sus-20-anos-de-colaboracion\/#breadcrumb","itemListElement":[{"@type":"ListItem","position":1,"name":"Portada","item":"https:\/\/e-leclerc.es\/salamanca\/"},{"@type":"ListItem","position":2,"name":"El CB Tormes y E.Leclerc organizan una exposici\u00f3n fotogr\u00e1fica sobre sus 20 a\u00f1os de colaboraci\u00f3n"}]},{"@type":"WebSite","@id":"https:\/\/e-leclerc.es\/salamanca\/#website","url":"https:\/\/e-leclerc.es\/salamanca\/","name":"E.Leclerc Salamanca","description":"Descubre los folletos, ofertas y promociones de nuestro hipermercado E.Leclerc Salamanca en Castillla y Le\u00f3n. Direcci\u00f3n | Horario | Productos locales","publisher":{"@id":"https:\/\/e-leclerc.es\/salamanca\/#organization"},"potentialAction":[{"@type":"SearchAction","target":{"@type":"EntryPoint","urlTemplate":"https:\/\/e-leclerc.es\/salamanca\/?s={search_term_string}"},"query-input":{"@type":"PropertyValueSpecification","valueRequired":true,"valueName":"search_term_string"}}],"inLanguage":"es"},{"@type":"Organization","@id":"https:\/\/e-leclerc.es\/salamanca\/#organization","name":"E.Leclerc Salamanca","url":"https:\/\/e-leclerc.es\/salamanca\/","logo":{"@type":"ImageObject","inLanguage":"es","@id":"https:\/\/e-leclerc.es\/salamanca\/#\/schema\/logo\/image\/","url":"https:\/\/e-leclerc.es\/salamanca\/wp-content\/uploads\/sites\/17\/2024\/03\/Leclerc_Logo.svg","contentUrl":"https:\/\/e-leclerc.es\/salamanca\/wp-content\/uploads\/sites\/17\/2024\/03\/Leclerc_Logo.svg","caption":"E.Leclerc Salamanca"},"image":{"@id":"https:\/\/e-leclerc.es\/salamanca\/#\/schema\/logo\/image\/"}}]}},"_links":{"self":[{"href":"https:\/\/e-leclerc.es\/salamanca\/wp-json\/wp\/v2\/posts\/6326","targetHints":{"allow":["GET"]}}],"collection":[{"href":"https:\/\/e-leclerc.es\/salamanca\/wp-json\/wp\/v2\/posts"}],"about":[{"href":"https:\/\/e-leclerc.es\/salamanca\/wp-json\/wp\/v2\/types\/post"}],"replies":[{"embeddable":true,"href":"https:\/\/e-leclerc.es\/salamanca\/wp-json\/wp\/v2\/comments?post=6326"}],"version-history":[{"count":0,"href":"https:\/\/e-leclerc.es\/salamanca\/wp-json\/wp\/v2\/posts\/6326\/revisions"}],"wp:featuredmedia":[{"embeddable":true,"href":"https:\/\/e-leclerc.es\/salamanca\/wp-json\/wp\/v2\/media\/6327"}],"wp:attachment":[{"href":"https:\/\/e-leclerc.es\/salamanca\/wp-json\/wp\/v2\/media?parent=6326"}],"wp:term":[{"taxonomy":"category","embeddable":true,"href":"https:\/\/e-leclerc.es\/salamanca\/wp-json\/wp\/v2\/categories?post=6326"},{"taxonomy":"post_tag","embeddable":true,"href":"https:\/\/e-leclerc.es\/salamanca\/wp-json\/wp\/v2\/tags?post=6326"}],"curies":[{"name":"wp","href":"https:\/\/api.w.org\/{rel}","templated":true}]}}