{"id":6259,"date":"2017-06-29T07:45:10","date_gmt":"2017-06-29T05:45:10","guid":{"rendered":"https:\/\/www.e-leclerc.es\/salamanca\/tendencias\/e-leclerc-16-anos-con-salamanca\/"},"modified":"2017-06-29T07:45:10","modified_gmt":"2017-06-29T05:45:10","slug":"e-leclerc-16-anos-con-salamanca","status":"publish","type":"post","link":"https:\/\/e-leclerc.es\/salamanca\/tendencias\/e-leclerc-16-anos-con-salamanca\/","title":{"rendered":"E.Leclerc, 16 a\u00f1os con Salamanca"},"content":{"rendered":"<p>En <strong>E.Leclerc<\/strong> celebramos nuestro 16 aniversario desde que llegamos a <strong>Salamanca<\/strong>, diecis\u00e9is a\u00f1os en los que hemos apostado por los productos y proveedores locales y teniendo los precios m\u00e1s bajos de la zona acorde con nuestra pol\u00edtica de apoyo a la localidad.<\/p>\n<p><strong>E.Leclerc<\/strong> quiere celebrar este evento con diversas actividades gratuitas para todos los p\u00fablicos, desde el 28 de junio hasta el 22 de julio todos los d\u00edas de 18:00 horas a 22:00 horas. Mientras que los m\u00e1s peque\u00f1os pueden divertirse en los talleres, hinchables, bosque suspendido\u2026 los adultos podr\u00e1n disfrutar de otras actividades como sorteos, degustaciones, talleres\u2026<\/p>\n<h3>Actividades<\/h3>\n<p>Las <strong>actividades<\/strong> van desde las catas de aceite hasta todo tipo de degustaciones como quesos, embutidos, vinos; pasando por un ronqueo del at\u00fan. Tambi\u00e9n habr\u00e1 una gran t\u00f3mbola donde se sortear\u00e1n miles de regalos.<br \/>\nDesde la direcci\u00f3n del hipermercado con los precios m\u00e1s bajos de la zona afirman que: \u201cComo todos los a\u00f1os estamos agradecidos a los salmantinos por confiar en nosotros cada d\u00eda. Es por ello que nos comprometemos a seguir con nuestro apoyo a la ciudad y su desarrollo econ\u00f3mico y cultural\u201d.<\/p>\n<p>-&gt;&lt;-<br \/>\n<img decoding=\"async\" src=\"https:\/\/leclerc-es-v2.s3-eu-west-1.amazonaws.com\/uploads%2F0bd81204-46e4-47aa-8e10-21c761007bc2%2FActividades+16+Aniversario+ELeclerc+Salamanca.jpg\" alt=\"16 Aniversario E.Leclerc Salamanca\" title=\"16 Aniversario E.Leclerc Salamanca programa actividades\" \/><br \/>\n-&gt;&lt;-<\/p>\n<h3>Movimiento E.Leclerc<\/h3>\n<p>El <strong>Movimiento E.Leclerc<\/strong> es el principal movimiento europeo de comerciantes empresarial con un proyecto social, implic\u00e1ndose y participando en la vida colectiva de la localidad y contribuyendo con e](<a href=\"https:\/\/leclerc-es-v2.s3-eu-west-1.amazonaws.com\/uploads%2F7210daa5-7e7d-4096-be38-3f75bc1d7b5a%2FActividades+16+Aniversario+ELeclerc+Salamanca.jpg\">https:\/\/leclerc-es-v2.s3-eu-west-1.amazonaws.com\/uploads%2F7210daa5-7e7d-4096-be38-3f75bc1d7b5a%2FActividades+16+Aniversario+ELeclerc+Salamanca.jpg<\/a> \u00abenter image title here\u00bb)llo a su desarrollo econ\u00f3mico. Los principios fundamentales del Movimiento, que rigen cada uno de los hipermercados son, adem\u00e1s de su pol\u00edtica de precios, comprar m\u00e1s barato para vender m\u00e1s barato; la solidaridad, el respeto al medio ambiente, la promoci\u00f3n del comercio justo,el apoyo a  los productores locales, redistribuir el 25% de sus beneficios a sus empleados etc. Todos ellos con un objetivo primordial: defender los intereses de los consumidores. <\/p>\n","protected":false},"excerpt":{"rendered":"<p>Celebramos 16 a\u00f1os apostando por los productos y proveedores locales y con los mejores precios, acorde con nuestra pol\u00edtica de apoyo a la localidad.<\/p>\n","protected":false},"author":0,"featured_media":6260,"comment_status":"","ping_status":"open","sticky":false,"template":"","format":"standard","meta":{"_acf_changed":false,"footnotes":""},"categories":[1],"tags":[],"class_list":["post-6259","post","type-post","status-publish","format-standard","has-post-thumbnail","hentry","category-uncategorized"],"acf":[],"yoast_head":"<!-- This site is optimized with the Yoast SEO plugin v27.4 - https:\/\/yoast.com\/product\/yoast-seo-wordpress\/ -->\n<title>E.Leclerc, 16 a\u00f1os con Salamanca - E.Leclerc Salamanca<\/title>\n<meta name=\"robots\" content=\"index, follow, max-snippet:-1, max-image-preview:large, max-video-preview:-1\" \/>\n<link rel=\"canonical\" href=\"https:\/\/e-leclerc.es\/salamanca\/tendencias\/e-leclerc-16-anos-con-salamanca\/\" \/>\n<meta property=\"og:locale\" content=\"es_ES\" \/>\n<meta property=\"og:type\" content=\"article\" \/>\n<meta property=\"og:title\" content=\"E.Leclerc, 16 a\u00f1os con Salamanca - E.Leclerc Salamanca\" \/>\n<meta property=\"og:description\" content=\"Celebramos 16 a\u00f1os apostando por los productos y proveedores locales y con los mejores precios, acorde con nuestra pol\u00edtica de apoyo a la localidad.\" \/>\n<meta property=\"og:url\" content=\"https:\/\/e-leclerc.es\/salamanca\/tendencias\/e-leclerc-16-anos-con-salamanca\/\" \/>\n<meta property=\"og:site_name\" content=\"E.Leclerc Salamanca\" \/>\n<meta property=\"article:published_time\" content=\"2017-06-29T05:45:10+00:00\" \/>\n<meta property=\"og:image\" content=\"https:\/\/e-leclerc.es\/salamanca\/wp-content\/uploads\/sites\/17\/2017\/06\/2bactividades_1360.jpg\" \/>\n\t<meta property=\"og:image:width\" content=\"400\" \/>\n\t<meta property=\"og:image:height\" content=\"152\" \/>\n\t<meta property=\"og:image:type\" content=\"image\/jpeg\" \/>\n<meta name=\"twitter:card\" content=\"summary_large_image\" \/>\n<meta name=\"twitter:label1\" content=\"Tiempo de lectura\" \/>\n\t<meta name=\"twitter:data1\" content=\"2 minutos\" \/>\n<script type=\"application\/ld+json\" class=\"yoast-schema-graph\">{\"@context\":\"https:\\\/\\\/schema.org\",\"@graph\":[{\"@type\":\"Article\",\"@id\":\"https:\\\/\\\/e-leclerc.es\\\/salamanca\\\/tendencias\\\/e-leclerc-16-anos-con-salamanca\\\/#article\",\"isPartOf\":{\"@id\":\"https:\\\/\\\/e-leclerc.es\\\/salamanca\\\/tendencias\\\/e-leclerc-16-anos-con-salamanca\\\/\"},\"author\":{\"name\":\"\",\"@id\":\"\"},\"headline\":\"E.Leclerc, 16 a\u00f1os con Salamanca\",\"datePublished\":\"2017-06-29T05:45:10+00:00\",\"mainEntityOfPage\":{\"@id\":\"https:\\\/\\\/e-leclerc.es\\\/salamanca\\\/tendencias\\\/e-leclerc-16-anos-con-salamanca\\\/\"},\"wordCount\":350,\"publisher\":{\"@id\":\"https:\\\/\\\/e-leclerc.es\\\/salamanca\\\/#organization\"},\"image\":{\"@id\":\"https:\\\/\\\/e-leclerc.es\\\/salamanca\\\/tendencias\\\/e-leclerc-16-anos-con-salamanca\\\/#primaryimage\"},\"thumbnailUrl\":\"https:\\\/\\\/e-leclerc.es\\\/salamanca\\\/wp-content\\\/uploads\\\/sites\\\/17\\\/2017\\\/06\\\/2bactividades_1360.jpg\",\"articleSection\":[\"Uncategorized\"],\"inLanguage\":\"es\"},{\"@type\":\"WebPage\",\"@id\":\"https:\\\/\\\/e-leclerc.es\\\/salamanca\\\/tendencias\\\/e-leclerc-16-anos-con-salamanca\\\/\",\"url\":\"https:\\\/\\\/e-leclerc.es\\\/salamanca\\\/tendencias\\\/e-leclerc-16-anos-con-salamanca\\\/\",\"name\":\"E.Leclerc, 16 a\u00f1os con Salamanca - E.Leclerc Salamanca\",\"isPartOf\":{\"@id\":\"https:\\\/\\\/e-leclerc.es\\\/salamanca\\\/#website\"},\"primaryImageOfPage\":{\"@id\":\"https:\\\/\\\/e-leclerc.es\\\/salamanca\\\/tendencias\\\/e-leclerc-16-anos-con-salamanca\\\/#primaryimage\"},\"image\":{\"@id\":\"https:\\\/\\\/e-leclerc.es\\\/salamanca\\\/tendencias\\\/e-leclerc-16-anos-con-salamanca\\\/#primaryimage\"},\"thumbnailUrl\":\"https:\\\/\\\/e-leclerc.es\\\/salamanca\\\/wp-content\\\/uploads\\\/sites\\\/17\\\/2017\\\/06\\\/2bactividades_1360.jpg\",\"datePublished\":\"2017-06-29T05:45:10+00:00\",\"breadcrumb\":{\"@id\":\"https:\\\/\\\/e-leclerc.es\\\/salamanca\\\/tendencias\\\/e-leclerc-16-anos-con-salamanca\\\/#breadcrumb\"},\"inLanguage\":\"es\",\"potentialAction\":[{\"@type\":\"ReadAction\",\"target\":[\"https:\\\/\\\/e-leclerc.es\\\/salamanca\\\/tendencias\\\/e-leclerc-16-anos-con-salamanca\\\/\"]}]},{\"@type\":\"ImageObject\",\"inLanguage\":\"es\",\"@id\":\"https:\\\/\\\/e-leclerc.es\\\/salamanca\\\/tendencias\\\/e-leclerc-16-anos-con-salamanca\\\/#primaryimage\",\"url\":\"https:\\\/\\\/e-leclerc.es\\\/salamanca\\\/wp-content\\\/uploads\\\/sites\\\/17\\\/2017\\\/06\\\/2bactividades_1360.jpg\",\"contentUrl\":\"https:\\\/\\\/e-leclerc.es\\\/salamanca\\\/wp-content\\\/uploads\\\/sites\\\/17\\\/2017\\\/06\\\/2bactividades_1360.jpg\",\"width\":400,\"height\":152},{\"@type\":\"BreadcrumbList\",\"@id\":\"https:\\\/\\\/e-leclerc.es\\\/salamanca\\\/tendencias\\\/e-leclerc-16-anos-con-salamanca\\\/#breadcrumb\",\"itemListElement\":[{\"@type\":\"ListItem\",\"position\":1,\"name\":\"Portada\",\"item\":\"https:\\\/\\\/e-leclerc.es\\\/salamanca\\\/\"},{\"@type\":\"ListItem\",\"position\":2,\"name\":\"E.Leclerc, 16 a\u00f1os con Salamanca\"}]},{\"@type\":\"WebSite\",\"@id\":\"https:\\\/\\\/e-leclerc.es\\\/salamanca\\\/#website\",\"url\":\"https:\\\/\\\/e-leclerc.es\\\/salamanca\\\/\",\"name\":\"E.Leclerc Salamanca\",\"description\":\"Descubre los folletos, ofertas y promociones de nuestro hipermercado E.Leclerc Salamanca en Castillla y Le\u00f3n. Direcci\u00f3n | Horario | Productos locales\",\"publisher\":{\"@id\":\"https:\\\/\\\/e-leclerc.es\\\/salamanca\\\/#organization\"},\"potentialAction\":[{\"@type\":\"SearchAction\",\"target\":{\"@type\":\"EntryPoint\",\"urlTemplate\":\"https:\\\/\\\/e-leclerc.es\\\/salamanca\\\/?s={search_term_string}\"},\"query-input\":{\"@type\":\"PropertyValueSpecification\",\"valueRequired\":true,\"valueName\":\"search_term_string\"}}],\"inLanguage\":\"es\"},{\"@type\":\"Organization\",\"@id\":\"https:\\\/\\\/e-leclerc.es\\\/salamanca\\\/#organization\",\"name\":\"E.Leclerc Salamanca\",\"url\":\"https:\\\/\\\/e-leclerc.es\\\/salamanca\\\/\",\"logo\":{\"@type\":\"ImageObject\",\"inLanguage\":\"es\",\"@id\":\"https:\\\/\\\/e-leclerc.es\\\/salamanca\\\/#\\\/schema\\\/logo\\\/image\\\/\",\"url\":\"https:\\\/\\\/e-leclerc.es\\\/salamanca\\\/wp-content\\\/uploads\\\/sites\\\/17\\\/2024\\\/03\\\/Leclerc_Logo.svg\",\"contentUrl\":\"https:\\\/\\\/e-leclerc.es\\\/salamanca\\\/wp-content\\\/uploads\\\/sites\\\/17\\\/2024\\\/03\\\/Leclerc_Logo.svg\",\"caption\":\"E.Leclerc Salamanca\"},\"image\":{\"@id\":\"https:\\\/\\\/e-leclerc.es\\\/salamanca\\\/#\\\/schema\\\/logo\\\/image\\\/\"}}]}<\/script>\n<!-- \/ Yoast SEO plugin. -->","yoast_head_json":{"title":"E.Leclerc, 16 a\u00f1os con Salamanca - E.Leclerc Salamanca","robots":{"index":"index","follow":"follow","max-snippet":"max-snippet:-1","max-image-preview":"max-image-preview:large","max-video-preview":"max-video-preview:-1"},"canonical":"https:\/\/e-leclerc.es\/salamanca\/tendencias\/e-leclerc-16-anos-con-salamanca\/","og_locale":"es_ES","og_type":"article","og_title":"E.Leclerc, 16 a\u00f1os con Salamanca - E.Leclerc Salamanca","og_description":"Celebramos 16 a\u00f1os apostando por los productos y proveedores locales y con los mejores precios, acorde con nuestra pol\u00edtica de apoyo a la localidad.","og_url":"https:\/\/e-leclerc.es\/salamanca\/tendencias\/e-leclerc-16-anos-con-salamanca\/","og_site_name":"E.Leclerc Salamanca","article_published_time":"2017-06-29T05:45:10+00:00","og_image":[{"width":400,"height":152,"url":"https:\/\/e-leclerc.es\/salamanca\/wp-content\/uploads\/sites\/17\/2017\/06\/2bactividades_1360.jpg","type":"image\/jpeg"}],"twitter_card":"summary_large_image","twitter_misc":{"Tiempo de lectura":"2 minutos"},"schema":{"@context":"https:\/\/schema.org","@graph":[{"@type":"Article","@id":"https:\/\/e-leclerc.es\/salamanca\/tendencias\/e-leclerc-16-anos-con-salamanca\/#article","isPartOf":{"@id":"https:\/\/e-leclerc.es\/salamanca\/tendencias\/e-leclerc-16-anos-con-salamanca\/"},"author":{"name":"","@id":""},"headline":"E.Leclerc, 16 a\u00f1os con Salamanca","datePublished":"2017-06-29T05:45:10+00:00","mainEntityOfPage":{"@id":"https:\/\/e-leclerc.es\/salamanca\/tendencias\/e-leclerc-16-anos-con-salamanca\/"},"wordCount":350,"publisher":{"@id":"https:\/\/e-leclerc.es\/salamanca\/#organization"},"image":{"@id":"https:\/\/e-leclerc.es\/salamanca\/tendencias\/e-leclerc-16-anos-con-salamanca\/#primaryimage"},"thumbnailUrl":"https:\/\/e-leclerc.es\/salamanca\/wp-content\/uploads\/sites\/17\/2017\/06\/2bactividades_1360.jpg","articleSection":["Uncategorized"],"inLanguage":"es"},{"@type":"WebPage","@id":"https:\/\/e-leclerc.es\/salamanca\/tendencias\/e-leclerc-16-anos-con-salamanca\/","url":"https:\/\/e-leclerc.es\/salamanca\/tendencias\/e-leclerc-16-anos-con-salamanca\/","name":"E.Leclerc, 16 a\u00f1os con Salamanca - E.Leclerc Salamanca","isPartOf":{"@id":"https:\/\/e-leclerc.es\/salamanca\/#website"},"primaryImageOfPage":{"@id":"https:\/\/e-leclerc.es\/salamanca\/tendencias\/e-leclerc-16-anos-con-salamanca\/#primaryimage"},"image":{"@id":"https:\/\/e-leclerc.es\/salamanca\/tendencias\/e-leclerc-16-anos-con-salamanca\/#primaryimage"},"thumbnailUrl":"https:\/\/e-leclerc.es\/salamanca\/wp-content\/uploads\/sites\/17\/2017\/06\/2bactividades_1360.jpg","datePublished":"2017-06-29T05:45:10+00:00","breadcrumb":{"@id":"https:\/\/e-leclerc.es\/salamanca\/tendencias\/e-leclerc-16-anos-con-salamanca\/#breadcrumb"},"inLanguage":"es","potentialAction":[{"@type":"ReadAction","target":["https:\/\/e-leclerc.es\/salamanca\/tendencias\/e-leclerc-16-anos-con-salamanca\/"]}]},{"@type":"ImageObject","inLanguage":"es","@id":"https:\/\/e-leclerc.es\/salamanca\/tendencias\/e-leclerc-16-anos-con-salamanca\/#primaryimage","url":"https:\/\/e-leclerc.es\/salamanca\/wp-content\/uploads\/sites\/17\/2017\/06\/2bactividades_1360.jpg","contentUrl":"https:\/\/e-leclerc.es\/salamanca\/wp-content\/uploads\/sites\/17\/2017\/06\/2bactividades_1360.jpg","width":400,"height":152},{"@type":"BreadcrumbList","@id":"https:\/\/e-leclerc.es\/salamanca\/tendencias\/e-leclerc-16-anos-con-salamanca\/#breadcrumb","itemListElement":[{"@type":"ListItem","position":1,"name":"Portada","item":"https:\/\/e-leclerc.es\/salamanca\/"},{"@type":"ListItem","position":2,"name":"E.Leclerc, 16 a\u00f1os con Salamanca"}]},{"@type":"WebSite","@id":"https:\/\/e-leclerc.es\/salamanca\/#website","url":"https:\/\/e-leclerc.es\/salamanca\/","name":"E.Leclerc Salamanca","description":"Descubre los folletos, ofertas y promociones de nuestro hipermercado E.Leclerc Salamanca en Castillla y Le\u00f3n. Direcci\u00f3n | Horario | Productos locales","publisher":{"@id":"https:\/\/e-leclerc.es\/salamanca\/#organization"},"potentialAction":[{"@type":"SearchAction","target":{"@type":"EntryPoint","urlTemplate":"https:\/\/e-leclerc.es\/salamanca\/?s={search_term_string}"},"query-input":{"@type":"PropertyValueSpecification","valueRequired":true,"valueName":"search_term_string"}}],"inLanguage":"es"},{"@type":"Organization","@id":"https:\/\/e-leclerc.es\/salamanca\/#organization","name":"E.Leclerc Salamanca","url":"https:\/\/e-leclerc.es\/salamanca\/","logo":{"@type":"ImageObject","inLanguage":"es","@id":"https:\/\/e-leclerc.es\/salamanca\/#\/schema\/logo\/image\/","url":"https:\/\/e-leclerc.es\/salamanca\/wp-content\/uploads\/sites\/17\/2024\/03\/Leclerc_Logo.svg","contentUrl":"https:\/\/e-leclerc.es\/salamanca\/wp-content\/uploads\/sites\/17\/2024\/03\/Leclerc_Logo.svg","caption":"E.Leclerc Salamanca"},"image":{"@id":"https:\/\/e-leclerc.es\/salamanca\/#\/schema\/logo\/image\/"}}]}},"_links":{"self":[{"href":"https:\/\/e-leclerc.es\/salamanca\/wp-json\/wp\/v2\/posts\/6259","targetHints":{"allow":["GET"]}}],"collection":[{"href":"https:\/\/e-leclerc.es\/salamanca\/wp-json\/wp\/v2\/posts"}],"about":[{"href":"https:\/\/e-leclerc.es\/salamanca\/wp-json\/wp\/v2\/types\/post"}],"replies":[{"embeddable":true,"href":"https:\/\/e-leclerc.es\/salamanca\/wp-json\/wp\/v2\/comments?post=6259"}],"version-history":[{"count":0,"href":"https:\/\/e-leclerc.es\/salamanca\/wp-json\/wp\/v2\/posts\/6259\/revisions"}],"wp:featuredmedia":[{"embeddable":true,"href":"https:\/\/e-leclerc.es\/salamanca\/wp-json\/wp\/v2\/media\/6260"}],"wp:attachment":[{"href":"https:\/\/e-leclerc.es\/salamanca\/wp-json\/wp\/v2\/media?parent=6259"}],"wp:term":[{"taxonomy":"category","embeddable":true,"href":"https:\/\/e-leclerc.es\/salamanca\/wp-json\/wp\/v2\/categories?post=6259"},{"taxonomy":"post_tag","embeddable":true,"href":"https:\/\/e-leclerc.es\/salamanca\/wp-json\/wp\/v2\/tags?post=6259"}],"curies":[{"name":"wp","href":"https:\/\/api.w.org\/{rel}","templated":true}]}}