{"id":6253,"date":"2017-02-10T11:08:31","date_gmt":"2017-02-10T10:08:31","guid":{"rendered":"https:\/\/www.e-leclerc.es\/salamanca\/tendencias\/colaboracion-con-la-fundacion-luna-para-ayudar-a-los-animales-abandonados\/"},"modified":"2017-02-10T11:08:31","modified_gmt":"2017-02-10T10:08:31","slug":"colaboracion-con-la-fundacion-luna-para-ayudar-a-los-animales-abandonados","status":"publish","type":"post","link":"https:\/\/e-leclerc.es\/salamanca\/tendencias\/colaboracion-con-la-fundacion-luna-para-ayudar-a-los-animales-abandonados\/","title":{"rendered":"Colaboraci\u00f3n con la Fundaci\u00f3n Luna para ayudar a los animales abandonados"},"content":{"rendered":"<p>E.Leclerc Salamanca colabora de nuevo con la Fundaci\u00f3n Luna, protectora de animales de Salamanca, mostrando su solidaridad con los animales a trav\u00e9s de un stand donde se recaudar\u00e1n fondos por una buena causa.<br \/>\nLos pr\u00f3ximos d\u00edas 10 y 11 de febrero, habr\u00e1 un espacio solidario en el que se podr\u00e1 comprar todo tipo de objetos con la intenci\u00f3n de ayudar a los\u00a0 animales m\u00e1s necesitados. Asimismo, se podr\u00e1n hacer todo tipo de donativos y regalos solidarios como piensos, correas, mantas, camas de perro o gato\u2026 que se encuentran disponibles en el propio hipermercado.<br \/>\nDesde la direcci\u00f3n del hipermercado con los precios m\u00e1s bajos de la ciudad, declaran\u00a0 que: \u201cEstamos encantados de volver a participar en esta iniciativa solidaria para concienciar a nuestros vecinos sobre la importancia del cuidado y la protecci\u00f3n de animales\u201d. Y a\u00f1aden: \u201cAnimamos a todos nuestros clientes a que participen y se sumen a esta buena causa\u201d.<\/p>\n","protected":false},"excerpt":{"rendered":"<p>El hipermercado colocar\u00e1 un stand solidario para\u00a0 ayudar a animales abandonados, necesitados o maltratados<\/p>\n","protected":false},"author":0,"featured_media":6254,"comment_status":"","ping_status":"open","sticky":false,"template":"","format":"standard","meta":{"_acf_changed":false,"footnotes":""},"categories":[123],"tags":[],"class_list":["post-6253","post","type-post","status-publish","format-standard","has-post-thumbnail","hentry","category-e-leclerc-en-los-medios"],"acf":[],"yoast_head":"<!-- This site is optimized with the Yoast SEO plugin v27.4 - https:\/\/yoast.com\/product\/yoast-seo-wordpress\/ -->\n<title>Colaboraci\u00f3n con la Fundaci\u00f3n Luna para ayudar a los animales abandonados - E.Leclerc Salamanca<\/title>\n<meta name=\"robots\" content=\"index, follow, max-snippet:-1, max-image-preview:large, max-video-preview:-1\" \/>\n<link rel=\"canonical\" href=\"https:\/\/e-leclerc.es\/salamanca\/tendencias\/colaboracion-con-la-fundacion-luna-para-ayudar-a-los-animales-abandonados\/\" \/>\n<meta property=\"og:locale\" content=\"es_ES\" \/>\n<meta property=\"og:type\" content=\"article\" \/>\n<meta property=\"og:title\" content=\"Colaboraci\u00f3n con la Fundaci\u00f3n Luna para ayudar a los animales abandonados - E.Leclerc Salamanca\" \/>\n<meta property=\"og:description\" content=\"El hipermercado colocar\u00e1 un stand solidario para\u00a0 ayudar a animales abandonados, necesitados o maltratados\" \/>\n<meta property=\"og:url\" content=\"https:\/\/e-leclerc.es\/salamanca\/tendencias\/colaboracion-con-la-fundacion-luna-para-ayudar-a-los-animales-abandonados\/\" \/>\n<meta property=\"og:site_name\" content=\"E.Leclerc Salamanca\" \/>\n<meta property=\"article:published_time\" content=\"2017-02-10T10:08:31+00:00\" \/>\n<meta property=\"og:image\" content=\"https:\/\/e-leclerc.es\/salamanca\/wp-content\/uploads\/sites\/17\/2017\/02\/2c0_1315.jpg\" \/>\n\t<meta property=\"og:image:width\" content=\"670\" \/>\n\t<meta property=\"og:image:height\" content=\"380\" \/>\n\t<meta property=\"og:image:type\" content=\"image\/jpeg\" \/>\n<meta name=\"twitter:card\" content=\"summary_large_image\" \/>\n<meta name=\"twitter:label1\" content=\"Tiempo de lectura\" \/>\n\t<meta name=\"twitter:data1\" content=\"1 minuto\" \/>\n<script type=\"application\/ld+json\" class=\"yoast-schema-graph\">{\"@context\":\"https:\\\/\\\/schema.org\",\"@graph\":[{\"@type\":\"Article\",\"@id\":\"https:\\\/\\\/e-leclerc.es\\\/salamanca\\\/tendencias\\\/colaboracion-con-la-fundacion-luna-para-ayudar-a-los-animales-abandonados\\\/#article\",\"isPartOf\":{\"@id\":\"https:\\\/\\\/e-leclerc.es\\\/salamanca\\\/tendencias\\\/colaboracion-con-la-fundacion-luna-para-ayudar-a-los-animales-abandonados\\\/\"},\"author\":{\"name\":\"\",\"@id\":\"\"},\"headline\":\"Colaboraci\u00f3n con la Fundaci\u00f3n Luna para ayudar a los animales abandonados\",\"datePublished\":\"2017-02-10T10:08:31+00:00\",\"mainEntityOfPage\":{\"@id\":\"https:\\\/\\\/e-leclerc.es\\\/salamanca\\\/tendencias\\\/colaboracion-con-la-fundacion-luna-para-ayudar-a-los-animales-abandonados\\\/\"},\"wordCount\":174,\"publisher\":{\"@id\":\"https:\\\/\\\/e-leclerc.es\\\/salamanca\\\/#organization\"},\"image\":{\"@id\":\"https:\\\/\\\/e-leclerc.es\\\/salamanca\\\/tendencias\\\/colaboracion-con-la-fundacion-luna-para-ayudar-a-los-animales-abandonados\\\/#primaryimage\"},\"thumbnailUrl\":\"https:\\\/\\\/e-leclerc.es\\\/salamanca\\\/wp-content\\\/uploads\\\/sites\\\/17\\\/2017\\\/02\\\/2c0_1315.jpg\",\"articleSection\":[\"E.Leclerc en los medios\"],\"inLanguage\":\"es\"},{\"@type\":\"WebPage\",\"@id\":\"https:\\\/\\\/e-leclerc.es\\\/salamanca\\\/tendencias\\\/colaboracion-con-la-fundacion-luna-para-ayudar-a-los-animales-abandonados\\\/\",\"url\":\"https:\\\/\\\/e-leclerc.es\\\/salamanca\\\/tendencias\\\/colaboracion-con-la-fundacion-luna-para-ayudar-a-los-animales-abandonados\\\/\",\"name\":\"Colaboraci\u00f3n con la Fundaci\u00f3n Luna para ayudar a los animales abandonados - E.Leclerc Salamanca\",\"isPartOf\":{\"@id\":\"https:\\\/\\\/e-leclerc.es\\\/salamanca\\\/#website\"},\"primaryImageOfPage\":{\"@id\":\"https:\\\/\\\/e-leclerc.es\\\/salamanca\\\/tendencias\\\/colaboracion-con-la-fundacion-luna-para-ayudar-a-los-animales-abandonados\\\/#primaryimage\"},\"image\":{\"@id\":\"https:\\\/\\\/e-leclerc.es\\\/salamanca\\\/tendencias\\\/colaboracion-con-la-fundacion-luna-para-ayudar-a-los-animales-abandonados\\\/#primaryimage\"},\"thumbnailUrl\":\"https:\\\/\\\/e-leclerc.es\\\/salamanca\\\/wp-content\\\/uploads\\\/sites\\\/17\\\/2017\\\/02\\\/2c0_1315.jpg\",\"datePublished\":\"2017-02-10T10:08:31+00:00\",\"breadcrumb\":{\"@id\":\"https:\\\/\\\/e-leclerc.es\\\/salamanca\\\/tendencias\\\/colaboracion-con-la-fundacion-luna-para-ayudar-a-los-animales-abandonados\\\/#breadcrumb\"},\"inLanguage\":\"es\",\"potentialAction\":[{\"@type\":\"ReadAction\",\"target\":[\"https:\\\/\\\/e-leclerc.es\\\/salamanca\\\/tendencias\\\/colaboracion-con-la-fundacion-luna-para-ayudar-a-los-animales-abandonados\\\/\"]}]},{\"@type\":\"ImageObject\",\"inLanguage\":\"es\",\"@id\":\"https:\\\/\\\/e-leclerc.es\\\/salamanca\\\/tendencias\\\/colaboracion-con-la-fundacion-luna-para-ayudar-a-los-animales-abandonados\\\/#primaryimage\",\"url\":\"https:\\\/\\\/e-leclerc.es\\\/salamanca\\\/wp-content\\\/uploads\\\/sites\\\/17\\\/2017\\\/02\\\/2c0_1315.jpg\",\"contentUrl\":\"https:\\\/\\\/e-leclerc.es\\\/salamanca\\\/wp-content\\\/uploads\\\/sites\\\/17\\\/2017\\\/02\\\/2c0_1315.jpg\",\"width\":670,\"height\":380},{\"@type\":\"BreadcrumbList\",\"@id\":\"https:\\\/\\\/e-leclerc.es\\\/salamanca\\\/tendencias\\\/colaboracion-con-la-fundacion-luna-para-ayudar-a-los-animales-abandonados\\\/#breadcrumb\",\"itemListElement\":[{\"@type\":\"ListItem\",\"position\":1,\"name\":\"Portada\",\"item\":\"https:\\\/\\\/e-leclerc.es\\\/salamanca\\\/\"},{\"@type\":\"ListItem\",\"position\":2,\"name\":\"Colaboraci\u00f3n con la Fundaci\u00f3n Luna para ayudar a los animales abandonados\"}]},{\"@type\":\"WebSite\",\"@id\":\"https:\\\/\\\/e-leclerc.es\\\/salamanca\\\/#website\",\"url\":\"https:\\\/\\\/e-leclerc.es\\\/salamanca\\\/\",\"name\":\"E.Leclerc Salamanca\",\"description\":\"Descubre los folletos, ofertas y promociones de nuestro hipermercado E.Leclerc Salamanca en Castillla y Le\u00f3n. Direcci\u00f3n | Horario | Productos locales\",\"publisher\":{\"@id\":\"https:\\\/\\\/e-leclerc.es\\\/salamanca\\\/#organization\"},\"potentialAction\":[{\"@type\":\"SearchAction\",\"target\":{\"@type\":\"EntryPoint\",\"urlTemplate\":\"https:\\\/\\\/e-leclerc.es\\\/salamanca\\\/?s={search_term_string}\"},\"query-input\":{\"@type\":\"PropertyValueSpecification\",\"valueRequired\":true,\"valueName\":\"search_term_string\"}}],\"inLanguage\":\"es\"},{\"@type\":\"Organization\",\"@id\":\"https:\\\/\\\/e-leclerc.es\\\/salamanca\\\/#organization\",\"name\":\"E.Leclerc Salamanca\",\"url\":\"https:\\\/\\\/e-leclerc.es\\\/salamanca\\\/\",\"logo\":{\"@type\":\"ImageObject\",\"inLanguage\":\"es\",\"@id\":\"https:\\\/\\\/e-leclerc.es\\\/salamanca\\\/#\\\/schema\\\/logo\\\/image\\\/\",\"url\":\"https:\\\/\\\/e-leclerc.es\\\/salamanca\\\/wp-content\\\/uploads\\\/sites\\\/17\\\/2024\\\/03\\\/Leclerc_Logo.svg\",\"contentUrl\":\"https:\\\/\\\/e-leclerc.es\\\/salamanca\\\/wp-content\\\/uploads\\\/sites\\\/17\\\/2024\\\/03\\\/Leclerc_Logo.svg\",\"caption\":\"E.Leclerc Salamanca\"},\"image\":{\"@id\":\"https:\\\/\\\/e-leclerc.es\\\/salamanca\\\/#\\\/schema\\\/logo\\\/image\\\/\"}}]}<\/script>\n<!-- \/ Yoast SEO plugin. -->","yoast_head_json":{"title":"Colaboraci\u00f3n con la Fundaci\u00f3n Luna para ayudar a los animales abandonados - E.Leclerc Salamanca","robots":{"index":"index","follow":"follow","max-snippet":"max-snippet:-1","max-image-preview":"max-image-preview:large","max-video-preview":"max-video-preview:-1"},"canonical":"https:\/\/e-leclerc.es\/salamanca\/tendencias\/colaboracion-con-la-fundacion-luna-para-ayudar-a-los-animales-abandonados\/","og_locale":"es_ES","og_type":"article","og_title":"Colaboraci\u00f3n con la Fundaci\u00f3n Luna para ayudar a los animales abandonados - E.Leclerc Salamanca","og_description":"El hipermercado colocar\u00e1 un stand solidario para\u00a0 ayudar a animales abandonados, necesitados o maltratados","og_url":"https:\/\/e-leclerc.es\/salamanca\/tendencias\/colaboracion-con-la-fundacion-luna-para-ayudar-a-los-animales-abandonados\/","og_site_name":"E.Leclerc Salamanca","article_published_time":"2017-02-10T10:08:31+00:00","og_image":[{"width":670,"height":380,"url":"https:\/\/e-leclerc.es\/salamanca\/wp-content\/uploads\/sites\/17\/2017\/02\/2c0_1315.jpg","type":"image\/jpeg"}],"twitter_card":"summary_large_image","twitter_misc":{"Tiempo de lectura":"1 minuto"},"schema":{"@context":"https:\/\/schema.org","@graph":[{"@type":"Article","@id":"https:\/\/e-leclerc.es\/salamanca\/tendencias\/colaboracion-con-la-fundacion-luna-para-ayudar-a-los-animales-abandonados\/#article","isPartOf":{"@id":"https:\/\/e-leclerc.es\/salamanca\/tendencias\/colaboracion-con-la-fundacion-luna-para-ayudar-a-los-animales-abandonados\/"},"author":{"name":"","@id":""},"headline":"Colaboraci\u00f3n con la Fundaci\u00f3n Luna para ayudar a los animales abandonados","datePublished":"2017-02-10T10:08:31+00:00","mainEntityOfPage":{"@id":"https:\/\/e-leclerc.es\/salamanca\/tendencias\/colaboracion-con-la-fundacion-luna-para-ayudar-a-los-animales-abandonados\/"},"wordCount":174,"publisher":{"@id":"https:\/\/e-leclerc.es\/salamanca\/#organization"},"image":{"@id":"https:\/\/e-leclerc.es\/salamanca\/tendencias\/colaboracion-con-la-fundacion-luna-para-ayudar-a-los-animales-abandonados\/#primaryimage"},"thumbnailUrl":"https:\/\/e-leclerc.es\/salamanca\/wp-content\/uploads\/sites\/17\/2017\/02\/2c0_1315.jpg","articleSection":["E.Leclerc en los medios"],"inLanguage":"es"},{"@type":"WebPage","@id":"https:\/\/e-leclerc.es\/salamanca\/tendencias\/colaboracion-con-la-fundacion-luna-para-ayudar-a-los-animales-abandonados\/","url":"https:\/\/e-leclerc.es\/salamanca\/tendencias\/colaboracion-con-la-fundacion-luna-para-ayudar-a-los-animales-abandonados\/","name":"Colaboraci\u00f3n con la Fundaci\u00f3n Luna para ayudar a los animales abandonados - E.Leclerc Salamanca","isPartOf":{"@id":"https:\/\/e-leclerc.es\/salamanca\/#website"},"primaryImageOfPage":{"@id":"https:\/\/e-leclerc.es\/salamanca\/tendencias\/colaboracion-con-la-fundacion-luna-para-ayudar-a-los-animales-abandonados\/#primaryimage"},"image":{"@id":"https:\/\/e-leclerc.es\/salamanca\/tendencias\/colaboracion-con-la-fundacion-luna-para-ayudar-a-los-animales-abandonados\/#primaryimage"},"thumbnailUrl":"https:\/\/e-leclerc.es\/salamanca\/wp-content\/uploads\/sites\/17\/2017\/02\/2c0_1315.jpg","datePublished":"2017-02-10T10:08:31+00:00","breadcrumb":{"@id":"https:\/\/e-leclerc.es\/salamanca\/tendencias\/colaboracion-con-la-fundacion-luna-para-ayudar-a-los-animales-abandonados\/#breadcrumb"},"inLanguage":"es","potentialAction":[{"@type":"ReadAction","target":["https:\/\/e-leclerc.es\/salamanca\/tendencias\/colaboracion-con-la-fundacion-luna-para-ayudar-a-los-animales-abandonados\/"]}]},{"@type":"ImageObject","inLanguage":"es","@id":"https:\/\/e-leclerc.es\/salamanca\/tendencias\/colaboracion-con-la-fundacion-luna-para-ayudar-a-los-animales-abandonados\/#primaryimage","url":"https:\/\/e-leclerc.es\/salamanca\/wp-content\/uploads\/sites\/17\/2017\/02\/2c0_1315.jpg","contentUrl":"https:\/\/e-leclerc.es\/salamanca\/wp-content\/uploads\/sites\/17\/2017\/02\/2c0_1315.jpg","width":670,"height":380},{"@type":"BreadcrumbList","@id":"https:\/\/e-leclerc.es\/salamanca\/tendencias\/colaboracion-con-la-fundacion-luna-para-ayudar-a-los-animales-abandonados\/#breadcrumb","itemListElement":[{"@type":"ListItem","position":1,"name":"Portada","item":"https:\/\/e-leclerc.es\/salamanca\/"},{"@type":"ListItem","position":2,"name":"Colaboraci\u00f3n con la Fundaci\u00f3n Luna para ayudar a los animales abandonados"}]},{"@type":"WebSite","@id":"https:\/\/e-leclerc.es\/salamanca\/#website","url":"https:\/\/e-leclerc.es\/salamanca\/","name":"E.Leclerc Salamanca","description":"Descubre los folletos, ofertas y promociones de nuestro hipermercado E.Leclerc Salamanca en Castillla y Le\u00f3n. Direcci\u00f3n | Horario | Productos locales","publisher":{"@id":"https:\/\/e-leclerc.es\/salamanca\/#organization"},"potentialAction":[{"@type":"SearchAction","target":{"@type":"EntryPoint","urlTemplate":"https:\/\/e-leclerc.es\/salamanca\/?s={search_term_string}"},"query-input":{"@type":"PropertyValueSpecification","valueRequired":true,"valueName":"search_term_string"}}],"inLanguage":"es"},{"@type":"Organization","@id":"https:\/\/e-leclerc.es\/salamanca\/#organization","name":"E.Leclerc Salamanca","url":"https:\/\/e-leclerc.es\/salamanca\/","logo":{"@type":"ImageObject","inLanguage":"es","@id":"https:\/\/e-leclerc.es\/salamanca\/#\/schema\/logo\/image\/","url":"https:\/\/e-leclerc.es\/salamanca\/wp-content\/uploads\/sites\/17\/2024\/03\/Leclerc_Logo.svg","contentUrl":"https:\/\/e-leclerc.es\/salamanca\/wp-content\/uploads\/sites\/17\/2024\/03\/Leclerc_Logo.svg","caption":"E.Leclerc Salamanca"},"image":{"@id":"https:\/\/e-leclerc.es\/salamanca\/#\/schema\/logo\/image\/"}}]}},"_links":{"self":[{"href":"https:\/\/e-leclerc.es\/salamanca\/wp-json\/wp\/v2\/posts\/6253","targetHints":{"allow":["GET"]}}],"collection":[{"href":"https:\/\/e-leclerc.es\/salamanca\/wp-json\/wp\/v2\/posts"}],"about":[{"href":"https:\/\/e-leclerc.es\/salamanca\/wp-json\/wp\/v2\/types\/post"}],"replies":[{"embeddable":true,"href":"https:\/\/e-leclerc.es\/salamanca\/wp-json\/wp\/v2\/comments?post=6253"}],"version-history":[{"count":0,"href":"https:\/\/e-leclerc.es\/salamanca\/wp-json\/wp\/v2\/posts\/6253\/revisions"}],"wp:featuredmedia":[{"embeddable":true,"href":"https:\/\/e-leclerc.es\/salamanca\/wp-json\/wp\/v2\/media\/6254"}],"wp:attachment":[{"href":"https:\/\/e-leclerc.es\/salamanca\/wp-json\/wp\/v2\/media?parent=6253"}],"wp:term":[{"taxonomy":"category","embeddable":true,"href":"https:\/\/e-leclerc.es\/salamanca\/wp-json\/wp\/v2\/categories?post=6253"},{"taxonomy":"post_tag","embeddable":true,"href":"https:\/\/e-leclerc.es\/salamanca\/wp-json\/wp\/v2\/tags?post=6253"}],"curies":[{"name":"wp","href":"https:\/\/api.w.org\/{rel}","templated":true}]}}