{"id":6243,"date":"2016-09-13T10:30:14","date_gmt":"2016-09-13T08:30:14","guid":{"rendered":"https:\/\/www.e-leclerc.es\/salamanca\/tendencias\/15-aniversario\/"},"modified":"2016-09-13T10:30:14","modified_gmt":"2016-09-13T08:30:14","slug":"15-aniversario","status":"publish","type":"post","link":"https:\/\/e-leclerc.es\/salamanca\/tendencias\/15-aniversario\/","title":{"rendered":"15 ANIVERSARIO"},"content":{"rendered":"<p>E.Leclerc Salamanca contin\u00faa con las celebraciones de su 15 aniversario con multitud de actividades para todos los p\u00fablicos. Ya son cientos de personas, sobre todo j\u00f3venes las que han disfrutado de los talleres y participado en las citas deportivas que el hipermercado ha organizado para los salmantinos.<\/p>\n<p>La fiesta contin\u00faa este martes 12 de julio que se celebrar\u00e1 el Evento Gaza con talleres, ruletas y degustaciones. Tambi\u00e9n se llevar\u00e1 a cabo el Taller gastron\u00f3mico Farinato a cargo de \u201cHergaher morcillas y farinatos\u201d el 15 de julio o la Cata de licores y baile charro a cargo de \u201cLicores El Majuelar\u201d el 22 de julio. Y como colof\u00f3n final, los m\u00e1s peque\u00f1os de la casa podr\u00e1n disfrutar el 23 de julio de helados gratis y de una gran t\u00f3mbola, y los mayores podr\u00e1n asistir al Taller de Sushi.<\/p>\n<p>Desde la direcci\u00f3n del hipermercado con los precios m\u00e1s bajos de la zona afirman que: \u201cSeguimos invitando a todos al hipermercado a que no se pierdan nuestras divertidas actividades, sobre todo, a los ni\u00f1os y ni\u00f1as salmantinas a que disfruten diariamente de los talleres de pintacaras, globofexia o marcos de fotos, que por ahora son los que m\u00e1s \u00e9xito est\u00e1n teniendo\u201d.<\/p>\n","protected":false},"excerpt":{"rendered":"<p>E.Leclerc Salamanca contin\u00faa con las celebraciones de su 15 aniversario con multitud de actividades para todos los p\u00fablicos. Ya son cientos de personas, sobre todo j\u00f3venes las que han disfrutado de los talleres y participado en las citas deportivas que el hipermercado ha organizado para los salmantinos. La fiesta contin\u00faa este martes 12 de julio [&hellip;]<\/p>\n","protected":false},"author":0,"featured_media":6244,"comment_status":"","ping_status":"open","sticky":false,"template":"","format":"standard","meta":{"_acf_changed":false,"footnotes":""},"categories":[1],"tags":[],"class_list":["post-6243","post","type-post","status-publish","format-standard","has-post-thumbnail","hentry","category-uncategorized"],"acf":[],"yoast_head":"<!-- This site is optimized with the Yoast SEO plugin v27.4 - https:\/\/yoast.com\/product\/yoast-seo-wordpress\/ -->\n<title>15 ANIVERSARIO - E.Leclerc Salamanca<\/title>\n<meta name=\"robots\" content=\"index, follow, max-snippet:-1, max-image-preview:large, max-video-preview:-1\" \/>\n<link rel=\"canonical\" href=\"https:\/\/e-leclerc.es\/salamanca\/tendencias\/15-aniversario\/\" \/>\n<meta property=\"og:locale\" content=\"es_ES\" \/>\n<meta property=\"og:type\" content=\"article\" \/>\n<meta property=\"og:title\" content=\"15 ANIVERSARIO - E.Leclerc Salamanca\" \/>\n<meta property=\"og:description\" content=\"E.Leclerc Salamanca contin\u00faa con las celebraciones de su 15 aniversario con multitud de actividades para todos los p\u00fablicos. Ya son cientos de personas, sobre todo j\u00f3venes las que han disfrutado de los talleres y participado en las citas deportivas que el hipermercado ha organizado para los salmantinos. La fiesta contin\u00faa este martes 12 de julio [&hellip;]\" \/>\n<meta property=\"og:url\" content=\"https:\/\/e-leclerc.es\/salamanca\/tendencias\/15-aniversario\/\" \/>\n<meta property=\"og:site_name\" content=\"E.Leclerc Salamanca\" \/>\n<meta property=\"article:published_time\" content=\"2016-09-13T08:30:14+00:00\" \/>\n<meta property=\"og:image\" content=\"https:\/\/e-leclerc.es\/salamanca\/wp-content\/uploads\/sites\/17\/2016\/09\/0_1266.jpg\" \/>\n\t<meta property=\"og:image:width\" content=\"727\" \/>\n\t<meta property=\"og:image:height\" content=\"451\" \/>\n\t<meta property=\"og:image:type\" content=\"image\/jpeg\" \/>\n<meta name=\"twitter:card\" content=\"summary_large_image\" \/>\n<meta name=\"twitter:label1\" content=\"Tiempo de lectura\" \/>\n\t<meta name=\"twitter:data1\" content=\"1 minuto\" \/>\n<script type=\"application\/ld+json\" class=\"yoast-schema-graph\">{\"@context\":\"https:\\\/\\\/schema.org\",\"@graph\":[{\"@type\":\"Article\",\"@id\":\"https:\\\/\\\/e-leclerc.es\\\/salamanca\\\/tendencias\\\/15-aniversario\\\/#article\",\"isPartOf\":{\"@id\":\"https:\\\/\\\/e-leclerc.es\\\/salamanca\\\/tendencias\\\/15-aniversario\\\/\"},\"author\":{\"name\":\"\",\"@id\":\"\"},\"headline\":\"15 ANIVERSARIO\",\"datePublished\":\"2016-09-13T08:30:14+00:00\",\"mainEntityOfPage\":{\"@id\":\"https:\\\/\\\/e-leclerc.es\\\/salamanca\\\/tendencias\\\/15-aniversario\\\/\"},\"wordCount\":213,\"publisher\":{\"@id\":\"https:\\\/\\\/e-leclerc.es\\\/salamanca\\\/#organization\"},\"image\":{\"@id\":\"https:\\\/\\\/e-leclerc.es\\\/salamanca\\\/tendencias\\\/15-aniversario\\\/#primaryimage\"},\"thumbnailUrl\":\"https:\\\/\\\/e-leclerc.es\\\/salamanca\\\/wp-content\\\/uploads\\\/sites\\\/17\\\/2016\\\/09\\\/0_1266.jpg\",\"articleSection\":[\"Uncategorized\"],\"inLanguage\":\"es\"},{\"@type\":\"WebPage\",\"@id\":\"https:\\\/\\\/e-leclerc.es\\\/salamanca\\\/tendencias\\\/15-aniversario\\\/\",\"url\":\"https:\\\/\\\/e-leclerc.es\\\/salamanca\\\/tendencias\\\/15-aniversario\\\/\",\"name\":\"15 ANIVERSARIO - E.Leclerc Salamanca\",\"isPartOf\":{\"@id\":\"https:\\\/\\\/e-leclerc.es\\\/salamanca\\\/#website\"},\"primaryImageOfPage\":{\"@id\":\"https:\\\/\\\/e-leclerc.es\\\/salamanca\\\/tendencias\\\/15-aniversario\\\/#primaryimage\"},\"image\":{\"@id\":\"https:\\\/\\\/e-leclerc.es\\\/salamanca\\\/tendencias\\\/15-aniversario\\\/#primaryimage\"},\"thumbnailUrl\":\"https:\\\/\\\/e-leclerc.es\\\/salamanca\\\/wp-content\\\/uploads\\\/sites\\\/17\\\/2016\\\/09\\\/0_1266.jpg\",\"datePublished\":\"2016-09-13T08:30:14+00:00\",\"breadcrumb\":{\"@id\":\"https:\\\/\\\/e-leclerc.es\\\/salamanca\\\/tendencias\\\/15-aniversario\\\/#breadcrumb\"},\"inLanguage\":\"es\",\"potentialAction\":[{\"@type\":\"ReadAction\",\"target\":[\"https:\\\/\\\/e-leclerc.es\\\/salamanca\\\/tendencias\\\/15-aniversario\\\/\"]}]},{\"@type\":\"ImageObject\",\"inLanguage\":\"es\",\"@id\":\"https:\\\/\\\/e-leclerc.es\\\/salamanca\\\/tendencias\\\/15-aniversario\\\/#primaryimage\",\"url\":\"https:\\\/\\\/e-leclerc.es\\\/salamanca\\\/wp-content\\\/uploads\\\/sites\\\/17\\\/2016\\\/09\\\/0_1266.jpg\",\"contentUrl\":\"https:\\\/\\\/e-leclerc.es\\\/salamanca\\\/wp-content\\\/uploads\\\/sites\\\/17\\\/2016\\\/09\\\/0_1266.jpg\",\"width\":727,\"height\":451},{\"@type\":\"BreadcrumbList\",\"@id\":\"https:\\\/\\\/e-leclerc.es\\\/salamanca\\\/tendencias\\\/15-aniversario\\\/#breadcrumb\",\"itemListElement\":[{\"@type\":\"ListItem\",\"position\":1,\"name\":\"Portada\",\"item\":\"https:\\\/\\\/e-leclerc.es\\\/salamanca\\\/\"},{\"@type\":\"ListItem\",\"position\":2,\"name\":\"15 ANIVERSARIO\"}]},{\"@type\":\"WebSite\",\"@id\":\"https:\\\/\\\/e-leclerc.es\\\/salamanca\\\/#website\",\"url\":\"https:\\\/\\\/e-leclerc.es\\\/salamanca\\\/\",\"name\":\"E.Leclerc Salamanca\",\"description\":\"Descubre los folletos, ofertas y promociones de nuestro hipermercado E.Leclerc Salamanca en Castillla y Le\u00f3n. Direcci\u00f3n | Horario | Productos locales\",\"publisher\":{\"@id\":\"https:\\\/\\\/e-leclerc.es\\\/salamanca\\\/#organization\"},\"potentialAction\":[{\"@type\":\"SearchAction\",\"target\":{\"@type\":\"EntryPoint\",\"urlTemplate\":\"https:\\\/\\\/e-leclerc.es\\\/salamanca\\\/?s={search_term_string}\"},\"query-input\":{\"@type\":\"PropertyValueSpecification\",\"valueRequired\":true,\"valueName\":\"search_term_string\"}}],\"inLanguage\":\"es\"},{\"@type\":\"Organization\",\"@id\":\"https:\\\/\\\/e-leclerc.es\\\/salamanca\\\/#organization\",\"name\":\"E.Leclerc Salamanca\",\"url\":\"https:\\\/\\\/e-leclerc.es\\\/salamanca\\\/\",\"logo\":{\"@type\":\"ImageObject\",\"inLanguage\":\"es\",\"@id\":\"https:\\\/\\\/e-leclerc.es\\\/salamanca\\\/#\\\/schema\\\/logo\\\/image\\\/\",\"url\":\"https:\\\/\\\/e-leclerc.es\\\/salamanca\\\/wp-content\\\/uploads\\\/sites\\\/17\\\/2024\\\/03\\\/Leclerc_Logo.svg\",\"contentUrl\":\"https:\\\/\\\/e-leclerc.es\\\/salamanca\\\/wp-content\\\/uploads\\\/sites\\\/17\\\/2024\\\/03\\\/Leclerc_Logo.svg\",\"caption\":\"E.Leclerc Salamanca\"},\"image\":{\"@id\":\"https:\\\/\\\/e-leclerc.es\\\/salamanca\\\/#\\\/schema\\\/logo\\\/image\\\/\"}}]}<\/script>\n<!-- \/ Yoast SEO plugin. -->","yoast_head_json":{"title":"15 ANIVERSARIO - E.Leclerc Salamanca","robots":{"index":"index","follow":"follow","max-snippet":"max-snippet:-1","max-image-preview":"max-image-preview:large","max-video-preview":"max-video-preview:-1"},"canonical":"https:\/\/e-leclerc.es\/salamanca\/tendencias\/15-aniversario\/","og_locale":"es_ES","og_type":"article","og_title":"15 ANIVERSARIO - E.Leclerc Salamanca","og_description":"E.Leclerc Salamanca contin\u00faa con las celebraciones de su 15 aniversario con multitud de actividades para todos los p\u00fablicos. Ya son cientos de personas, sobre todo j\u00f3venes las que han disfrutado de los talleres y participado en las citas deportivas que el hipermercado ha organizado para los salmantinos. La fiesta contin\u00faa este martes 12 de julio [&hellip;]","og_url":"https:\/\/e-leclerc.es\/salamanca\/tendencias\/15-aniversario\/","og_site_name":"E.Leclerc Salamanca","article_published_time":"2016-09-13T08:30:14+00:00","og_image":[{"width":727,"height":451,"url":"https:\/\/e-leclerc.es\/salamanca\/wp-content\/uploads\/sites\/17\/2016\/09\/0_1266.jpg","type":"image\/jpeg"}],"twitter_card":"summary_large_image","twitter_misc":{"Tiempo de lectura":"1 minuto"},"schema":{"@context":"https:\/\/schema.org","@graph":[{"@type":"Article","@id":"https:\/\/e-leclerc.es\/salamanca\/tendencias\/15-aniversario\/#article","isPartOf":{"@id":"https:\/\/e-leclerc.es\/salamanca\/tendencias\/15-aniversario\/"},"author":{"name":"","@id":""},"headline":"15 ANIVERSARIO","datePublished":"2016-09-13T08:30:14+00:00","mainEntityOfPage":{"@id":"https:\/\/e-leclerc.es\/salamanca\/tendencias\/15-aniversario\/"},"wordCount":213,"publisher":{"@id":"https:\/\/e-leclerc.es\/salamanca\/#organization"},"image":{"@id":"https:\/\/e-leclerc.es\/salamanca\/tendencias\/15-aniversario\/#primaryimage"},"thumbnailUrl":"https:\/\/e-leclerc.es\/salamanca\/wp-content\/uploads\/sites\/17\/2016\/09\/0_1266.jpg","articleSection":["Uncategorized"],"inLanguage":"es"},{"@type":"WebPage","@id":"https:\/\/e-leclerc.es\/salamanca\/tendencias\/15-aniversario\/","url":"https:\/\/e-leclerc.es\/salamanca\/tendencias\/15-aniversario\/","name":"15 ANIVERSARIO - E.Leclerc Salamanca","isPartOf":{"@id":"https:\/\/e-leclerc.es\/salamanca\/#website"},"primaryImageOfPage":{"@id":"https:\/\/e-leclerc.es\/salamanca\/tendencias\/15-aniversario\/#primaryimage"},"image":{"@id":"https:\/\/e-leclerc.es\/salamanca\/tendencias\/15-aniversario\/#primaryimage"},"thumbnailUrl":"https:\/\/e-leclerc.es\/salamanca\/wp-content\/uploads\/sites\/17\/2016\/09\/0_1266.jpg","datePublished":"2016-09-13T08:30:14+00:00","breadcrumb":{"@id":"https:\/\/e-leclerc.es\/salamanca\/tendencias\/15-aniversario\/#breadcrumb"},"inLanguage":"es","potentialAction":[{"@type":"ReadAction","target":["https:\/\/e-leclerc.es\/salamanca\/tendencias\/15-aniversario\/"]}]},{"@type":"ImageObject","inLanguage":"es","@id":"https:\/\/e-leclerc.es\/salamanca\/tendencias\/15-aniversario\/#primaryimage","url":"https:\/\/e-leclerc.es\/salamanca\/wp-content\/uploads\/sites\/17\/2016\/09\/0_1266.jpg","contentUrl":"https:\/\/e-leclerc.es\/salamanca\/wp-content\/uploads\/sites\/17\/2016\/09\/0_1266.jpg","width":727,"height":451},{"@type":"BreadcrumbList","@id":"https:\/\/e-leclerc.es\/salamanca\/tendencias\/15-aniversario\/#breadcrumb","itemListElement":[{"@type":"ListItem","position":1,"name":"Portada","item":"https:\/\/e-leclerc.es\/salamanca\/"},{"@type":"ListItem","position":2,"name":"15 ANIVERSARIO"}]},{"@type":"WebSite","@id":"https:\/\/e-leclerc.es\/salamanca\/#website","url":"https:\/\/e-leclerc.es\/salamanca\/","name":"E.Leclerc Salamanca","description":"Descubre los folletos, ofertas y promociones de nuestro hipermercado E.Leclerc Salamanca en Castillla y Le\u00f3n. Direcci\u00f3n | Horario | Productos locales","publisher":{"@id":"https:\/\/e-leclerc.es\/salamanca\/#organization"},"potentialAction":[{"@type":"SearchAction","target":{"@type":"EntryPoint","urlTemplate":"https:\/\/e-leclerc.es\/salamanca\/?s={search_term_string}"},"query-input":{"@type":"PropertyValueSpecification","valueRequired":true,"valueName":"search_term_string"}}],"inLanguage":"es"},{"@type":"Organization","@id":"https:\/\/e-leclerc.es\/salamanca\/#organization","name":"E.Leclerc Salamanca","url":"https:\/\/e-leclerc.es\/salamanca\/","logo":{"@type":"ImageObject","inLanguage":"es","@id":"https:\/\/e-leclerc.es\/salamanca\/#\/schema\/logo\/image\/","url":"https:\/\/e-leclerc.es\/salamanca\/wp-content\/uploads\/sites\/17\/2024\/03\/Leclerc_Logo.svg","contentUrl":"https:\/\/e-leclerc.es\/salamanca\/wp-content\/uploads\/sites\/17\/2024\/03\/Leclerc_Logo.svg","caption":"E.Leclerc Salamanca"},"image":{"@id":"https:\/\/e-leclerc.es\/salamanca\/#\/schema\/logo\/image\/"}}]}},"_links":{"self":[{"href":"https:\/\/e-leclerc.es\/salamanca\/wp-json\/wp\/v2\/posts\/6243","targetHints":{"allow":["GET"]}}],"collection":[{"href":"https:\/\/e-leclerc.es\/salamanca\/wp-json\/wp\/v2\/posts"}],"about":[{"href":"https:\/\/e-leclerc.es\/salamanca\/wp-json\/wp\/v2\/types\/post"}],"replies":[{"embeddable":true,"href":"https:\/\/e-leclerc.es\/salamanca\/wp-json\/wp\/v2\/comments?post=6243"}],"version-history":[{"count":0,"href":"https:\/\/e-leclerc.es\/salamanca\/wp-json\/wp\/v2\/posts\/6243\/revisions"}],"wp:featuredmedia":[{"embeddable":true,"href":"https:\/\/e-leclerc.es\/salamanca\/wp-json\/wp\/v2\/media\/6244"}],"wp:attachment":[{"href":"https:\/\/e-leclerc.es\/salamanca\/wp-json\/wp\/v2\/media?parent=6243"}],"wp:term":[{"taxonomy":"category","embeddable":true,"href":"https:\/\/e-leclerc.es\/salamanca\/wp-json\/wp\/v2\/categories?post=6243"},{"taxonomy":"post_tag","embeddable":true,"href":"https:\/\/e-leclerc.es\/salamanca\/wp-json\/wp\/v2\/tags?post=6243"}],"curies":[{"name":"wp","href":"https:\/\/api.w.org\/{rel}","templated":true}]}}