{"id":6233,"date":"2016-05-10T11:23:45","date_gmt":"2016-05-10T09:23:45","guid":{"rendered":"https:\/\/www.e-leclerc.es\/salamanca\/tendencias\/la-fundacion-general-y-e-leclerc-suscriben-un-convenio-de-colaboracion\/"},"modified":"2016-05-10T11:23:45","modified_gmt":"2016-05-10T09:23:45","slug":"la-fundacion-general-y-e-leclerc-suscriben-un-convenio-de-colaboracion","status":"publish","type":"post","link":"https:\/\/e-leclerc.es\/salamanca\/tendencias\/la-fundacion-general-y-e-leclerc-suscriben-un-convenio-de-colaboracion\/","title":{"rendered":"La Fundaci\u00f3n General y E.Leclerc suscriben un convenio de colaboraci\u00f3n &#8211;"},"content":{"rendered":"<p>El acuerdo se firm\u00f3 con el objetivo de respaldar iniciativas de inter\u00e9s para la comunidad universitaria y la sociedad salmantina en general<\/p>\n<p>El director de la Fundaci\u00f3n General de la Universidad de Salamanca, \u00d3scar Gonz\u00e1lez Benito, y el director de E. Leclerc Salamanca, Enrique S\u00e1ez Ramos, suscribieron ayer un convenio de colaboraci\u00f3n con el objetivo de crear el marco jur\u00eddico necesario para el desarrollo de actividades conjuntas.<\/p>\n<p>Mediante este acuerdo, E.Leclerc  se integra en el grupo de empresas amigas de la Universidad de Salamanca para respaldar iniciativas que sean de inter\u00e9s general para la comunidad universitaria y la sociedad salmantina. Para S\u00e1ez, la firma del convenio refuerza \u201cnuestro compromiso con la vida social y cultural para devolver a la sociedad salmantina parte de lo que nos ha dado\u201d. Adem\u00e1s, considera que \u201cparticipar en la vida cultural y asociativa de Salamanca es otra manera de ser \u00fatil en la regi\u00f3n\u201d<\/p>\n<p>A diferencia de sus competidores o de las multinacionales que tienen equipos directivos con personal de otras regiones, el Hipermercado E.Leclerc de Salamanca est\u00e1 formado por un equipo b\u00e1sicamente salmantino. En este sentido, establecen relaciones comerciales duraderas con los productores locales, apoyan acciones solidarias, participan en actos culturales, financian asociaciones diversas, patrocinan encuentros deportivos y asumen responsabilidades en iniciativas locales.<\/p>\n<p>Una de las primeras acciones que se llevar\u00e1n a cabo fruto de este acuerdo entre la Universidad y E. Leclerc ir\u00e1 dirigida al colectivo infantil, gracias tambi\u00e9n a la colaboraci\u00f3n con otras empresas afines a la Universidad de Salamanca.<\/p>\n","protected":false},"excerpt":{"rendered":"<p>El acuerdo se firm\u00f3 con el objetivo de respaldar iniciativas de inter\u00e9s para la comunidad universitaria y la sociedad salmantina en general El director de la Fundaci\u00f3n General de la Universidad de Salamanca, \u00d3scar Gonz\u00e1lez Benito, y el director de E. Leclerc Salamanca, Enrique S\u00e1ez Ramos, suscribieron ayer un convenio de colaboraci\u00f3n con el objetivo [&hellip;]<\/p>\n","protected":false},"author":0,"featured_media":6234,"comment_status":"","ping_status":"open","sticky":false,"template":"","format":"standard","meta":{"_acf_changed":false,"footnotes":""},"categories":[1],"tags":[],"class_list":["post-6233","post","type-post","status-publish","format-standard","has-post-thumbnail","hentry","category-uncategorized"],"acf":[],"yoast_head":"<!-- This site is optimized with the Yoast SEO plugin v27.4 - https:\/\/yoast.com\/product\/yoast-seo-wordpress\/ -->\n<title>La Fundaci\u00f3n General y E.Leclerc suscriben un convenio de colaboraci\u00f3n - E.Leclerc Salamanca<\/title>\n<meta name=\"robots\" content=\"index, follow, max-snippet:-1, max-image-preview:large, max-video-preview:-1\" \/>\n<link rel=\"canonical\" href=\"https:\/\/e-leclerc.es\/salamanca\/tendencias\/la-fundacion-general-y-e-leclerc-suscriben-un-convenio-de-colaboracion\/\" \/>\n<meta property=\"og:locale\" content=\"es_ES\" \/>\n<meta property=\"og:type\" content=\"article\" \/>\n<meta property=\"og:title\" content=\"La Fundaci\u00f3n General y E.Leclerc suscriben un convenio de colaboraci\u00f3n - E.Leclerc Salamanca\" \/>\n<meta property=\"og:description\" content=\"El acuerdo se firm\u00f3 con el objetivo de respaldar iniciativas de inter\u00e9s para la comunidad universitaria y la sociedad salmantina en general El director de la Fundaci\u00f3n General de la Universidad de Salamanca, \u00d3scar Gonz\u00e1lez Benito, y el director de E. Leclerc Salamanca, Enrique S\u00e1ez Ramos, suscribieron ayer un convenio de colaboraci\u00f3n con el objetivo [&hellip;]\" \/>\n<meta property=\"og:url\" content=\"https:\/\/e-leclerc.es\/salamanca\/tendencias\/la-fundacion-general-y-e-leclerc-suscriben-un-convenio-de-colaboracion\/\" \/>\n<meta property=\"og:site_name\" content=\"E.Leclerc Salamanca\" \/>\n<meta property=\"article:published_time\" content=\"2016-05-10T09:23:45+00:00\" \/>\n<meta property=\"og:image\" content=\"https:\/\/e-leclerc.es\/salamanca\/wp-content\/uploads\/sites\/17\/2016\/05\/0_1117.jpg\" \/>\n\t<meta property=\"og:image:width\" content=\"727\" \/>\n\t<meta property=\"og:image:height\" content=\"520\" \/>\n\t<meta property=\"og:image:type\" content=\"image\/jpeg\" \/>\n<meta name=\"twitter:card\" content=\"summary_large_image\" \/>\n<meta name=\"twitter:label1\" content=\"Tiempo de lectura\" \/>\n\t<meta name=\"twitter:data1\" content=\"1 minuto\" \/>\n<script type=\"application\/ld+json\" class=\"yoast-schema-graph\">{\"@context\":\"https:\\\/\\\/schema.org\",\"@graph\":[{\"@type\":\"Article\",\"@id\":\"https:\\\/\\\/e-leclerc.es\\\/salamanca\\\/tendencias\\\/la-fundacion-general-y-e-leclerc-suscriben-un-convenio-de-colaboracion\\\/#article\",\"isPartOf\":{\"@id\":\"https:\\\/\\\/e-leclerc.es\\\/salamanca\\\/tendencias\\\/la-fundacion-general-y-e-leclerc-suscriben-un-convenio-de-colaboracion\\\/\"},\"author\":{\"name\":\"\",\"@id\":\"\"},\"headline\":\"La Fundaci\u00f3n General y E.Leclerc suscriben un convenio de colaboraci\u00f3n &#8211;\",\"datePublished\":\"2016-05-10T09:23:45+00:00\",\"mainEntityOfPage\":{\"@id\":\"https:\\\/\\\/e-leclerc.es\\\/salamanca\\\/tendencias\\\/la-fundacion-general-y-e-leclerc-suscriben-un-convenio-de-colaboracion\\\/\"},\"wordCount\":278,\"publisher\":{\"@id\":\"https:\\\/\\\/e-leclerc.es\\\/salamanca\\\/#organization\"},\"image\":{\"@id\":\"https:\\\/\\\/e-leclerc.es\\\/salamanca\\\/tendencias\\\/la-fundacion-general-y-e-leclerc-suscriben-un-convenio-de-colaboracion\\\/#primaryimage\"},\"thumbnailUrl\":\"https:\\\/\\\/e-leclerc.es\\\/salamanca\\\/wp-content\\\/uploads\\\/sites\\\/17\\\/2016\\\/05\\\/0_1117.jpg\",\"articleSection\":[\"Uncategorized\"],\"inLanguage\":\"es\"},{\"@type\":\"WebPage\",\"@id\":\"https:\\\/\\\/e-leclerc.es\\\/salamanca\\\/tendencias\\\/la-fundacion-general-y-e-leclerc-suscriben-un-convenio-de-colaboracion\\\/\",\"url\":\"https:\\\/\\\/e-leclerc.es\\\/salamanca\\\/tendencias\\\/la-fundacion-general-y-e-leclerc-suscriben-un-convenio-de-colaboracion\\\/\",\"name\":\"La Fundaci\u00f3n General y E.Leclerc suscriben un convenio de colaboraci\u00f3n - E.Leclerc Salamanca\",\"isPartOf\":{\"@id\":\"https:\\\/\\\/e-leclerc.es\\\/salamanca\\\/#website\"},\"primaryImageOfPage\":{\"@id\":\"https:\\\/\\\/e-leclerc.es\\\/salamanca\\\/tendencias\\\/la-fundacion-general-y-e-leclerc-suscriben-un-convenio-de-colaboracion\\\/#primaryimage\"},\"image\":{\"@id\":\"https:\\\/\\\/e-leclerc.es\\\/salamanca\\\/tendencias\\\/la-fundacion-general-y-e-leclerc-suscriben-un-convenio-de-colaboracion\\\/#primaryimage\"},\"thumbnailUrl\":\"https:\\\/\\\/e-leclerc.es\\\/salamanca\\\/wp-content\\\/uploads\\\/sites\\\/17\\\/2016\\\/05\\\/0_1117.jpg\",\"datePublished\":\"2016-05-10T09:23:45+00:00\",\"breadcrumb\":{\"@id\":\"https:\\\/\\\/e-leclerc.es\\\/salamanca\\\/tendencias\\\/la-fundacion-general-y-e-leclerc-suscriben-un-convenio-de-colaboracion\\\/#breadcrumb\"},\"inLanguage\":\"es\",\"potentialAction\":[{\"@type\":\"ReadAction\",\"target\":[\"https:\\\/\\\/e-leclerc.es\\\/salamanca\\\/tendencias\\\/la-fundacion-general-y-e-leclerc-suscriben-un-convenio-de-colaboracion\\\/\"]}]},{\"@type\":\"ImageObject\",\"inLanguage\":\"es\",\"@id\":\"https:\\\/\\\/e-leclerc.es\\\/salamanca\\\/tendencias\\\/la-fundacion-general-y-e-leclerc-suscriben-un-convenio-de-colaboracion\\\/#primaryimage\",\"url\":\"https:\\\/\\\/e-leclerc.es\\\/salamanca\\\/wp-content\\\/uploads\\\/sites\\\/17\\\/2016\\\/05\\\/0_1117.jpg\",\"contentUrl\":\"https:\\\/\\\/e-leclerc.es\\\/salamanca\\\/wp-content\\\/uploads\\\/sites\\\/17\\\/2016\\\/05\\\/0_1117.jpg\",\"width\":727,\"height\":520},{\"@type\":\"BreadcrumbList\",\"@id\":\"https:\\\/\\\/e-leclerc.es\\\/salamanca\\\/tendencias\\\/la-fundacion-general-y-e-leclerc-suscriben-un-convenio-de-colaboracion\\\/#breadcrumb\",\"itemListElement\":[{\"@type\":\"ListItem\",\"position\":1,\"name\":\"Portada\",\"item\":\"https:\\\/\\\/e-leclerc.es\\\/salamanca\\\/\"},{\"@type\":\"ListItem\",\"position\":2,\"name\":\"La Fundaci\u00f3n General y E.Leclerc suscriben un convenio de colaboraci\u00f3n &#8211;\"}]},{\"@type\":\"WebSite\",\"@id\":\"https:\\\/\\\/e-leclerc.es\\\/salamanca\\\/#website\",\"url\":\"https:\\\/\\\/e-leclerc.es\\\/salamanca\\\/\",\"name\":\"E.Leclerc Salamanca\",\"description\":\"Descubre los folletos, ofertas y promociones de nuestro hipermercado E.Leclerc Salamanca en Castillla y Le\u00f3n. Direcci\u00f3n | Horario | Productos locales\",\"publisher\":{\"@id\":\"https:\\\/\\\/e-leclerc.es\\\/salamanca\\\/#organization\"},\"potentialAction\":[{\"@type\":\"SearchAction\",\"target\":{\"@type\":\"EntryPoint\",\"urlTemplate\":\"https:\\\/\\\/e-leclerc.es\\\/salamanca\\\/?s={search_term_string}\"},\"query-input\":{\"@type\":\"PropertyValueSpecification\",\"valueRequired\":true,\"valueName\":\"search_term_string\"}}],\"inLanguage\":\"es\"},{\"@type\":\"Organization\",\"@id\":\"https:\\\/\\\/e-leclerc.es\\\/salamanca\\\/#organization\",\"name\":\"E.Leclerc Salamanca\",\"url\":\"https:\\\/\\\/e-leclerc.es\\\/salamanca\\\/\",\"logo\":{\"@type\":\"ImageObject\",\"inLanguage\":\"es\",\"@id\":\"https:\\\/\\\/e-leclerc.es\\\/salamanca\\\/#\\\/schema\\\/logo\\\/image\\\/\",\"url\":\"https:\\\/\\\/e-leclerc.es\\\/salamanca\\\/wp-content\\\/uploads\\\/sites\\\/17\\\/2024\\\/03\\\/Leclerc_Logo.svg\",\"contentUrl\":\"https:\\\/\\\/e-leclerc.es\\\/salamanca\\\/wp-content\\\/uploads\\\/sites\\\/17\\\/2024\\\/03\\\/Leclerc_Logo.svg\",\"caption\":\"E.Leclerc Salamanca\"},\"image\":{\"@id\":\"https:\\\/\\\/e-leclerc.es\\\/salamanca\\\/#\\\/schema\\\/logo\\\/image\\\/\"}}]}<\/script>\n<!-- \/ Yoast SEO plugin. -->","yoast_head_json":{"title":"La Fundaci\u00f3n General y E.Leclerc suscriben un convenio de colaboraci\u00f3n - E.Leclerc Salamanca","robots":{"index":"index","follow":"follow","max-snippet":"max-snippet:-1","max-image-preview":"max-image-preview:large","max-video-preview":"max-video-preview:-1"},"canonical":"https:\/\/e-leclerc.es\/salamanca\/tendencias\/la-fundacion-general-y-e-leclerc-suscriben-un-convenio-de-colaboracion\/","og_locale":"es_ES","og_type":"article","og_title":"La Fundaci\u00f3n General y E.Leclerc suscriben un convenio de colaboraci\u00f3n - E.Leclerc Salamanca","og_description":"El acuerdo se firm\u00f3 con el objetivo de respaldar iniciativas de inter\u00e9s para la comunidad universitaria y la sociedad salmantina en general El director de la Fundaci\u00f3n General de la Universidad de Salamanca, \u00d3scar Gonz\u00e1lez Benito, y el director de E. Leclerc Salamanca, Enrique S\u00e1ez Ramos, suscribieron ayer un convenio de colaboraci\u00f3n con el objetivo [&hellip;]","og_url":"https:\/\/e-leclerc.es\/salamanca\/tendencias\/la-fundacion-general-y-e-leclerc-suscriben-un-convenio-de-colaboracion\/","og_site_name":"E.Leclerc Salamanca","article_published_time":"2016-05-10T09:23:45+00:00","og_image":[{"width":727,"height":520,"url":"https:\/\/e-leclerc.es\/salamanca\/wp-content\/uploads\/sites\/17\/2016\/05\/0_1117.jpg","type":"image\/jpeg"}],"twitter_card":"summary_large_image","twitter_misc":{"Tiempo de lectura":"1 minuto"},"schema":{"@context":"https:\/\/schema.org","@graph":[{"@type":"Article","@id":"https:\/\/e-leclerc.es\/salamanca\/tendencias\/la-fundacion-general-y-e-leclerc-suscriben-un-convenio-de-colaboracion\/#article","isPartOf":{"@id":"https:\/\/e-leclerc.es\/salamanca\/tendencias\/la-fundacion-general-y-e-leclerc-suscriben-un-convenio-de-colaboracion\/"},"author":{"name":"","@id":""},"headline":"La Fundaci\u00f3n General y E.Leclerc suscriben un convenio de colaboraci\u00f3n &#8211;","datePublished":"2016-05-10T09:23:45+00:00","mainEntityOfPage":{"@id":"https:\/\/e-leclerc.es\/salamanca\/tendencias\/la-fundacion-general-y-e-leclerc-suscriben-un-convenio-de-colaboracion\/"},"wordCount":278,"publisher":{"@id":"https:\/\/e-leclerc.es\/salamanca\/#organization"},"image":{"@id":"https:\/\/e-leclerc.es\/salamanca\/tendencias\/la-fundacion-general-y-e-leclerc-suscriben-un-convenio-de-colaboracion\/#primaryimage"},"thumbnailUrl":"https:\/\/e-leclerc.es\/salamanca\/wp-content\/uploads\/sites\/17\/2016\/05\/0_1117.jpg","articleSection":["Uncategorized"],"inLanguage":"es"},{"@type":"WebPage","@id":"https:\/\/e-leclerc.es\/salamanca\/tendencias\/la-fundacion-general-y-e-leclerc-suscriben-un-convenio-de-colaboracion\/","url":"https:\/\/e-leclerc.es\/salamanca\/tendencias\/la-fundacion-general-y-e-leclerc-suscriben-un-convenio-de-colaboracion\/","name":"La Fundaci\u00f3n General y E.Leclerc suscriben un convenio de colaboraci\u00f3n - E.Leclerc Salamanca","isPartOf":{"@id":"https:\/\/e-leclerc.es\/salamanca\/#website"},"primaryImageOfPage":{"@id":"https:\/\/e-leclerc.es\/salamanca\/tendencias\/la-fundacion-general-y-e-leclerc-suscriben-un-convenio-de-colaboracion\/#primaryimage"},"image":{"@id":"https:\/\/e-leclerc.es\/salamanca\/tendencias\/la-fundacion-general-y-e-leclerc-suscriben-un-convenio-de-colaboracion\/#primaryimage"},"thumbnailUrl":"https:\/\/e-leclerc.es\/salamanca\/wp-content\/uploads\/sites\/17\/2016\/05\/0_1117.jpg","datePublished":"2016-05-10T09:23:45+00:00","breadcrumb":{"@id":"https:\/\/e-leclerc.es\/salamanca\/tendencias\/la-fundacion-general-y-e-leclerc-suscriben-un-convenio-de-colaboracion\/#breadcrumb"},"inLanguage":"es","potentialAction":[{"@type":"ReadAction","target":["https:\/\/e-leclerc.es\/salamanca\/tendencias\/la-fundacion-general-y-e-leclerc-suscriben-un-convenio-de-colaboracion\/"]}]},{"@type":"ImageObject","inLanguage":"es","@id":"https:\/\/e-leclerc.es\/salamanca\/tendencias\/la-fundacion-general-y-e-leclerc-suscriben-un-convenio-de-colaboracion\/#primaryimage","url":"https:\/\/e-leclerc.es\/salamanca\/wp-content\/uploads\/sites\/17\/2016\/05\/0_1117.jpg","contentUrl":"https:\/\/e-leclerc.es\/salamanca\/wp-content\/uploads\/sites\/17\/2016\/05\/0_1117.jpg","width":727,"height":520},{"@type":"BreadcrumbList","@id":"https:\/\/e-leclerc.es\/salamanca\/tendencias\/la-fundacion-general-y-e-leclerc-suscriben-un-convenio-de-colaboracion\/#breadcrumb","itemListElement":[{"@type":"ListItem","position":1,"name":"Portada","item":"https:\/\/e-leclerc.es\/salamanca\/"},{"@type":"ListItem","position":2,"name":"La Fundaci\u00f3n General y E.Leclerc suscriben un convenio de colaboraci\u00f3n &#8211;"}]},{"@type":"WebSite","@id":"https:\/\/e-leclerc.es\/salamanca\/#website","url":"https:\/\/e-leclerc.es\/salamanca\/","name":"E.Leclerc Salamanca","description":"Descubre los folletos, ofertas y promociones de nuestro hipermercado E.Leclerc Salamanca en Castillla y Le\u00f3n. Direcci\u00f3n | Horario | Productos locales","publisher":{"@id":"https:\/\/e-leclerc.es\/salamanca\/#organization"},"potentialAction":[{"@type":"SearchAction","target":{"@type":"EntryPoint","urlTemplate":"https:\/\/e-leclerc.es\/salamanca\/?s={search_term_string}"},"query-input":{"@type":"PropertyValueSpecification","valueRequired":true,"valueName":"search_term_string"}}],"inLanguage":"es"},{"@type":"Organization","@id":"https:\/\/e-leclerc.es\/salamanca\/#organization","name":"E.Leclerc Salamanca","url":"https:\/\/e-leclerc.es\/salamanca\/","logo":{"@type":"ImageObject","inLanguage":"es","@id":"https:\/\/e-leclerc.es\/salamanca\/#\/schema\/logo\/image\/","url":"https:\/\/e-leclerc.es\/salamanca\/wp-content\/uploads\/sites\/17\/2024\/03\/Leclerc_Logo.svg","contentUrl":"https:\/\/e-leclerc.es\/salamanca\/wp-content\/uploads\/sites\/17\/2024\/03\/Leclerc_Logo.svg","caption":"E.Leclerc Salamanca"},"image":{"@id":"https:\/\/e-leclerc.es\/salamanca\/#\/schema\/logo\/image\/"}}]}},"_links":{"self":[{"href":"https:\/\/e-leclerc.es\/salamanca\/wp-json\/wp\/v2\/posts\/6233","targetHints":{"allow":["GET"]}}],"collection":[{"href":"https:\/\/e-leclerc.es\/salamanca\/wp-json\/wp\/v2\/posts"}],"about":[{"href":"https:\/\/e-leclerc.es\/salamanca\/wp-json\/wp\/v2\/types\/post"}],"replies":[{"embeddable":true,"href":"https:\/\/e-leclerc.es\/salamanca\/wp-json\/wp\/v2\/comments?post=6233"}],"version-history":[{"count":0,"href":"https:\/\/e-leclerc.es\/salamanca\/wp-json\/wp\/v2\/posts\/6233\/revisions"}],"wp:featuredmedia":[{"embeddable":true,"href":"https:\/\/e-leclerc.es\/salamanca\/wp-json\/wp\/v2\/media\/6234"}],"wp:attachment":[{"href":"https:\/\/e-leclerc.es\/salamanca\/wp-json\/wp\/v2\/media?parent=6233"}],"wp:term":[{"taxonomy":"category","embeddable":true,"href":"https:\/\/e-leclerc.es\/salamanca\/wp-json\/wp\/v2\/categories?post=6233"},{"taxonomy":"post_tag","embeddable":true,"href":"https:\/\/e-leclerc.es\/salamanca\/wp-json\/wp\/v2\/tags?post=6233"}],"curies":[{"name":"wp","href":"https:\/\/api.w.org\/{rel}","templated":true}]}}