{"id":6199,"date":"2016-05-10T11:16:28","date_gmt":"2016-05-10T09:16:28","guid":{"rendered":"https:\/\/www.e-leclerc.es\/salamanca\/tendencias\/e-leclerc-recoge-12-000-kilos-de-alimentos-para-las-familias-con-menos-recursos\/"},"modified":"2016-05-10T11:16:28","modified_gmt":"2016-05-10T09:16:28","slug":"e-leclerc-recoge-12-000-kilos-de-alimentos-para-las-familias-con-menos-recursos","status":"publish","type":"post","link":"https:\/\/e-leclerc.es\/salamanca\/tendencias\/e-leclerc-recoge-12-000-kilos-de-alimentos-para-las-familias-con-menos-recursos\/","title":{"rendered":"E.Leclerc recoge 12.000 kilos de alimentos para las familias con menos recursos"},"content":{"rendered":"<p>La Gran Recogida de Alimentos celebrada el pasado fin de semana ( d\u00edas 28, 29 y 30 de noviembre) ha sido todo un \u00e9xito en el hipermercado E.Leclerc de Salamanca, que ha logrado recaudar un total de 6.000 kilos de productos de primera necesidad donados por los clientes, y que ya han sido entregados al Banco de Alimentos de Castilla y Le\u00f3n para repartir entre las familias con menos recursos de la localidad. Los clientes del hipermercado han demostrado una vez m\u00e1s su compromiso con la sociedad con esta iniciativa, promovida por la Federaci\u00f3n Espa\u00f1ola de Bancos de Alimentos (FESBAL), comprando productos no perecederos como legumbres, arroz, pasta o aceite, que a la salida de caja entregaban a los voluntarios del Banco de Alimentos. Siendo uno de los principios fundamentales por los que se rige el Movimiento E.Leclerc la solidaridad, E.Leclerc Salamanca tambi\u00e9n ha hecho su aportaci\u00f3n al Banco de Alimentos, donando 6.000 kilos, haciendo un total 12.000 kilos. Desde la direcci\u00f3n del hipermercado han declarado que \u201cnuestros clientes han demostrado su solidaridad volc\u00e1ndose con La Gran Recogida de Alimentos. El n\u00famero de kilos recolectados este a\u00f1o ha sido espectacular. Y a\u00f1aden: \u201cDurante este fin de semana hemos visto personas comprometidas con la causa. Es nuestro deseo que, con acciones como esta, podamos ayudar a todas aquellas familias que est\u00e1n pasando una situaci\u00f3n complicada\u201d. <\/p>\n","protected":false},"excerpt":{"rendered":"<p>La Gran Recogida de Alimentos celebrada el pasado fin de semana ( d\u00edas 28, 29 y 30 de noviembre) ha sido todo un \u00e9xito en el hipermercado E.Leclerc de Salamanca, que ha logrado recaudar un total de 6.000 kilos de productos de primera necesidad donados por los clientes, y que ya han sido entregados al [&hellip;]<\/p>\n","protected":false},"author":0,"featured_media":6200,"comment_status":"","ping_status":"open","sticky":false,"template":"","format":"standard","meta":{"_acf_changed":false,"footnotes":""},"categories":[1],"tags":[],"class_list":["post-6199","post","type-post","status-publish","format-standard","has-post-thumbnail","hentry","category-uncategorized"],"acf":[],"yoast_head":"<!-- This site is optimized with the Yoast SEO plugin v27.4 - https:\/\/yoast.com\/product\/yoast-seo-wordpress\/ -->\n<title>E.Leclerc recoge 12.000 kilos de alimentos para las familias con menos recursos - E.Leclerc Salamanca<\/title>\n<meta name=\"robots\" content=\"index, follow, max-snippet:-1, max-image-preview:large, max-video-preview:-1\" \/>\n<link rel=\"canonical\" href=\"https:\/\/e-leclerc.es\/salamanca\/tendencias\/e-leclerc-recoge-12-000-kilos-de-alimentos-para-las-familias-con-menos-recursos\/\" \/>\n<meta property=\"og:locale\" content=\"es_ES\" \/>\n<meta property=\"og:type\" content=\"article\" \/>\n<meta property=\"og:title\" content=\"E.Leclerc recoge 12.000 kilos de alimentos para las familias con menos recursos - E.Leclerc Salamanca\" \/>\n<meta property=\"og:description\" content=\"La Gran Recogida de Alimentos celebrada el pasado fin de semana ( d\u00edas 28, 29 y 30 de noviembre) ha sido todo un \u00e9xito en el hipermercado E.Leclerc de Salamanca, que ha logrado recaudar un total de 6.000 kilos de productos de primera necesidad donados por los clientes, y que ya han sido entregados al [&hellip;]\" \/>\n<meta property=\"og:url\" content=\"https:\/\/e-leclerc.es\/salamanca\/tendencias\/e-leclerc-recoge-12-000-kilos-de-alimentos-para-las-familias-con-menos-recursos\/\" \/>\n<meta property=\"og:site_name\" content=\"E.Leclerc Salamanca\" \/>\n<meta property=\"article:published_time\" content=\"2016-05-10T09:16:28+00:00\" \/>\n<meta property=\"og:image\" content=\"https:\/\/e-leclerc.es\/salamanca\/wp-content\/uploads\/sites\/17\/2016\/05\/0_952.jpg\" \/>\n\t<meta property=\"og:image:width\" content=\"727\" \/>\n\t<meta property=\"og:image:height\" content=\"362\" \/>\n\t<meta property=\"og:image:type\" content=\"image\/jpeg\" \/>\n<meta name=\"twitter:card\" content=\"summary_large_image\" \/>\n<meta name=\"twitter:label1\" content=\"Tiempo de lectura\" \/>\n\t<meta name=\"twitter:data1\" content=\"1 minuto\" \/>\n<script type=\"application\/ld+json\" class=\"yoast-schema-graph\">{\"@context\":\"https:\\\/\\\/schema.org\",\"@graph\":[{\"@type\":\"Article\",\"@id\":\"https:\\\/\\\/e-leclerc.es\\\/salamanca\\\/tendencias\\\/e-leclerc-recoge-12-000-kilos-de-alimentos-para-las-familias-con-menos-recursos\\\/#article\",\"isPartOf\":{\"@id\":\"https:\\\/\\\/e-leclerc.es\\\/salamanca\\\/tendencias\\\/e-leclerc-recoge-12-000-kilos-de-alimentos-para-las-familias-con-menos-recursos\\\/\"},\"author\":{\"name\":\"\",\"@id\":\"\"},\"headline\":\"E.Leclerc recoge 12.000 kilos de alimentos para las familias con menos recursos\",\"datePublished\":\"2016-05-10T09:16:28+00:00\",\"mainEntityOfPage\":{\"@id\":\"https:\\\/\\\/e-leclerc.es\\\/salamanca\\\/tendencias\\\/e-leclerc-recoge-12-000-kilos-de-alimentos-para-las-familias-con-menos-recursos\\\/\"},\"wordCount\":246,\"publisher\":{\"@id\":\"https:\\\/\\\/e-leclerc.es\\\/salamanca\\\/#organization\"},\"image\":{\"@id\":\"https:\\\/\\\/e-leclerc.es\\\/salamanca\\\/tendencias\\\/e-leclerc-recoge-12-000-kilos-de-alimentos-para-las-familias-con-menos-recursos\\\/#primaryimage\"},\"thumbnailUrl\":\"https:\\\/\\\/e-leclerc.es\\\/salamanca\\\/wp-content\\\/uploads\\\/sites\\\/17\\\/2016\\\/05\\\/0_952.jpg\",\"articleSection\":[\"Uncategorized\"],\"inLanguage\":\"es\"},{\"@type\":\"WebPage\",\"@id\":\"https:\\\/\\\/e-leclerc.es\\\/salamanca\\\/tendencias\\\/e-leclerc-recoge-12-000-kilos-de-alimentos-para-las-familias-con-menos-recursos\\\/\",\"url\":\"https:\\\/\\\/e-leclerc.es\\\/salamanca\\\/tendencias\\\/e-leclerc-recoge-12-000-kilos-de-alimentos-para-las-familias-con-menos-recursos\\\/\",\"name\":\"E.Leclerc recoge 12.000 kilos de alimentos para las familias con menos recursos - E.Leclerc Salamanca\",\"isPartOf\":{\"@id\":\"https:\\\/\\\/e-leclerc.es\\\/salamanca\\\/#website\"},\"primaryImageOfPage\":{\"@id\":\"https:\\\/\\\/e-leclerc.es\\\/salamanca\\\/tendencias\\\/e-leclerc-recoge-12-000-kilos-de-alimentos-para-las-familias-con-menos-recursos\\\/#primaryimage\"},\"image\":{\"@id\":\"https:\\\/\\\/e-leclerc.es\\\/salamanca\\\/tendencias\\\/e-leclerc-recoge-12-000-kilos-de-alimentos-para-las-familias-con-menos-recursos\\\/#primaryimage\"},\"thumbnailUrl\":\"https:\\\/\\\/e-leclerc.es\\\/salamanca\\\/wp-content\\\/uploads\\\/sites\\\/17\\\/2016\\\/05\\\/0_952.jpg\",\"datePublished\":\"2016-05-10T09:16:28+00:00\",\"breadcrumb\":{\"@id\":\"https:\\\/\\\/e-leclerc.es\\\/salamanca\\\/tendencias\\\/e-leclerc-recoge-12-000-kilos-de-alimentos-para-las-familias-con-menos-recursos\\\/#breadcrumb\"},\"inLanguage\":\"es\",\"potentialAction\":[{\"@type\":\"ReadAction\",\"target\":[\"https:\\\/\\\/e-leclerc.es\\\/salamanca\\\/tendencias\\\/e-leclerc-recoge-12-000-kilos-de-alimentos-para-las-familias-con-menos-recursos\\\/\"]}]},{\"@type\":\"ImageObject\",\"inLanguage\":\"es\",\"@id\":\"https:\\\/\\\/e-leclerc.es\\\/salamanca\\\/tendencias\\\/e-leclerc-recoge-12-000-kilos-de-alimentos-para-las-familias-con-menos-recursos\\\/#primaryimage\",\"url\":\"https:\\\/\\\/e-leclerc.es\\\/salamanca\\\/wp-content\\\/uploads\\\/sites\\\/17\\\/2016\\\/05\\\/0_952.jpg\",\"contentUrl\":\"https:\\\/\\\/e-leclerc.es\\\/salamanca\\\/wp-content\\\/uploads\\\/sites\\\/17\\\/2016\\\/05\\\/0_952.jpg\",\"width\":727,\"height\":362},{\"@type\":\"BreadcrumbList\",\"@id\":\"https:\\\/\\\/e-leclerc.es\\\/salamanca\\\/tendencias\\\/e-leclerc-recoge-12-000-kilos-de-alimentos-para-las-familias-con-menos-recursos\\\/#breadcrumb\",\"itemListElement\":[{\"@type\":\"ListItem\",\"position\":1,\"name\":\"Portada\",\"item\":\"https:\\\/\\\/e-leclerc.es\\\/salamanca\\\/\"},{\"@type\":\"ListItem\",\"position\":2,\"name\":\"E.Leclerc recoge 12.000 kilos de alimentos para las familias con menos recursos\"}]},{\"@type\":\"WebSite\",\"@id\":\"https:\\\/\\\/e-leclerc.es\\\/salamanca\\\/#website\",\"url\":\"https:\\\/\\\/e-leclerc.es\\\/salamanca\\\/\",\"name\":\"E.Leclerc Salamanca\",\"description\":\"Descubre los folletos, ofertas y promociones de nuestro hipermercado E.Leclerc Salamanca en Castillla y Le\u00f3n. Direcci\u00f3n | Horario | Productos locales\",\"publisher\":{\"@id\":\"https:\\\/\\\/e-leclerc.es\\\/salamanca\\\/#organization\"},\"potentialAction\":[{\"@type\":\"SearchAction\",\"target\":{\"@type\":\"EntryPoint\",\"urlTemplate\":\"https:\\\/\\\/e-leclerc.es\\\/salamanca\\\/?s={search_term_string}\"},\"query-input\":{\"@type\":\"PropertyValueSpecification\",\"valueRequired\":true,\"valueName\":\"search_term_string\"}}],\"inLanguage\":\"es\"},{\"@type\":\"Organization\",\"@id\":\"https:\\\/\\\/e-leclerc.es\\\/salamanca\\\/#organization\",\"name\":\"E.Leclerc Salamanca\",\"url\":\"https:\\\/\\\/e-leclerc.es\\\/salamanca\\\/\",\"logo\":{\"@type\":\"ImageObject\",\"inLanguage\":\"es\",\"@id\":\"https:\\\/\\\/e-leclerc.es\\\/salamanca\\\/#\\\/schema\\\/logo\\\/image\\\/\",\"url\":\"https:\\\/\\\/e-leclerc.es\\\/salamanca\\\/wp-content\\\/uploads\\\/sites\\\/17\\\/2024\\\/03\\\/Leclerc_Logo.svg\",\"contentUrl\":\"https:\\\/\\\/e-leclerc.es\\\/salamanca\\\/wp-content\\\/uploads\\\/sites\\\/17\\\/2024\\\/03\\\/Leclerc_Logo.svg\",\"caption\":\"E.Leclerc Salamanca\"},\"image\":{\"@id\":\"https:\\\/\\\/e-leclerc.es\\\/salamanca\\\/#\\\/schema\\\/logo\\\/image\\\/\"}}]}<\/script>\n<!-- \/ Yoast SEO plugin. -->","yoast_head_json":{"title":"E.Leclerc recoge 12.000 kilos de alimentos para las familias con menos recursos - E.Leclerc Salamanca","robots":{"index":"index","follow":"follow","max-snippet":"max-snippet:-1","max-image-preview":"max-image-preview:large","max-video-preview":"max-video-preview:-1"},"canonical":"https:\/\/e-leclerc.es\/salamanca\/tendencias\/e-leclerc-recoge-12-000-kilos-de-alimentos-para-las-familias-con-menos-recursos\/","og_locale":"es_ES","og_type":"article","og_title":"E.Leclerc recoge 12.000 kilos de alimentos para las familias con menos recursos - E.Leclerc Salamanca","og_description":"La Gran Recogida de Alimentos celebrada el pasado fin de semana ( d\u00edas 28, 29 y 30 de noviembre) ha sido todo un \u00e9xito en el hipermercado E.Leclerc de Salamanca, que ha logrado recaudar un total de 6.000 kilos de productos de primera necesidad donados por los clientes, y que ya han sido entregados al [&hellip;]","og_url":"https:\/\/e-leclerc.es\/salamanca\/tendencias\/e-leclerc-recoge-12-000-kilos-de-alimentos-para-las-familias-con-menos-recursos\/","og_site_name":"E.Leclerc Salamanca","article_published_time":"2016-05-10T09:16:28+00:00","og_image":[{"width":727,"height":362,"url":"https:\/\/e-leclerc.es\/salamanca\/wp-content\/uploads\/sites\/17\/2016\/05\/0_952.jpg","type":"image\/jpeg"}],"twitter_card":"summary_large_image","twitter_misc":{"Tiempo de lectura":"1 minuto"},"schema":{"@context":"https:\/\/schema.org","@graph":[{"@type":"Article","@id":"https:\/\/e-leclerc.es\/salamanca\/tendencias\/e-leclerc-recoge-12-000-kilos-de-alimentos-para-las-familias-con-menos-recursos\/#article","isPartOf":{"@id":"https:\/\/e-leclerc.es\/salamanca\/tendencias\/e-leclerc-recoge-12-000-kilos-de-alimentos-para-las-familias-con-menos-recursos\/"},"author":{"name":"","@id":""},"headline":"E.Leclerc recoge 12.000 kilos de alimentos para las familias con menos recursos","datePublished":"2016-05-10T09:16:28+00:00","mainEntityOfPage":{"@id":"https:\/\/e-leclerc.es\/salamanca\/tendencias\/e-leclerc-recoge-12-000-kilos-de-alimentos-para-las-familias-con-menos-recursos\/"},"wordCount":246,"publisher":{"@id":"https:\/\/e-leclerc.es\/salamanca\/#organization"},"image":{"@id":"https:\/\/e-leclerc.es\/salamanca\/tendencias\/e-leclerc-recoge-12-000-kilos-de-alimentos-para-las-familias-con-menos-recursos\/#primaryimage"},"thumbnailUrl":"https:\/\/e-leclerc.es\/salamanca\/wp-content\/uploads\/sites\/17\/2016\/05\/0_952.jpg","articleSection":["Uncategorized"],"inLanguage":"es"},{"@type":"WebPage","@id":"https:\/\/e-leclerc.es\/salamanca\/tendencias\/e-leclerc-recoge-12-000-kilos-de-alimentos-para-las-familias-con-menos-recursos\/","url":"https:\/\/e-leclerc.es\/salamanca\/tendencias\/e-leclerc-recoge-12-000-kilos-de-alimentos-para-las-familias-con-menos-recursos\/","name":"E.Leclerc recoge 12.000 kilos de alimentos para las familias con menos recursos - E.Leclerc Salamanca","isPartOf":{"@id":"https:\/\/e-leclerc.es\/salamanca\/#website"},"primaryImageOfPage":{"@id":"https:\/\/e-leclerc.es\/salamanca\/tendencias\/e-leclerc-recoge-12-000-kilos-de-alimentos-para-las-familias-con-menos-recursos\/#primaryimage"},"image":{"@id":"https:\/\/e-leclerc.es\/salamanca\/tendencias\/e-leclerc-recoge-12-000-kilos-de-alimentos-para-las-familias-con-menos-recursos\/#primaryimage"},"thumbnailUrl":"https:\/\/e-leclerc.es\/salamanca\/wp-content\/uploads\/sites\/17\/2016\/05\/0_952.jpg","datePublished":"2016-05-10T09:16:28+00:00","breadcrumb":{"@id":"https:\/\/e-leclerc.es\/salamanca\/tendencias\/e-leclerc-recoge-12-000-kilos-de-alimentos-para-las-familias-con-menos-recursos\/#breadcrumb"},"inLanguage":"es","potentialAction":[{"@type":"ReadAction","target":["https:\/\/e-leclerc.es\/salamanca\/tendencias\/e-leclerc-recoge-12-000-kilos-de-alimentos-para-las-familias-con-menos-recursos\/"]}]},{"@type":"ImageObject","inLanguage":"es","@id":"https:\/\/e-leclerc.es\/salamanca\/tendencias\/e-leclerc-recoge-12-000-kilos-de-alimentos-para-las-familias-con-menos-recursos\/#primaryimage","url":"https:\/\/e-leclerc.es\/salamanca\/wp-content\/uploads\/sites\/17\/2016\/05\/0_952.jpg","contentUrl":"https:\/\/e-leclerc.es\/salamanca\/wp-content\/uploads\/sites\/17\/2016\/05\/0_952.jpg","width":727,"height":362},{"@type":"BreadcrumbList","@id":"https:\/\/e-leclerc.es\/salamanca\/tendencias\/e-leclerc-recoge-12-000-kilos-de-alimentos-para-las-familias-con-menos-recursos\/#breadcrumb","itemListElement":[{"@type":"ListItem","position":1,"name":"Portada","item":"https:\/\/e-leclerc.es\/salamanca\/"},{"@type":"ListItem","position":2,"name":"E.Leclerc recoge 12.000 kilos de alimentos para las familias con menos recursos"}]},{"@type":"WebSite","@id":"https:\/\/e-leclerc.es\/salamanca\/#website","url":"https:\/\/e-leclerc.es\/salamanca\/","name":"E.Leclerc Salamanca","description":"Descubre los folletos, ofertas y promociones de nuestro hipermercado E.Leclerc Salamanca en Castillla y Le\u00f3n. Direcci\u00f3n | Horario | Productos locales","publisher":{"@id":"https:\/\/e-leclerc.es\/salamanca\/#organization"},"potentialAction":[{"@type":"SearchAction","target":{"@type":"EntryPoint","urlTemplate":"https:\/\/e-leclerc.es\/salamanca\/?s={search_term_string}"},"query-input":{"@type":"PropertyValueSpecification","valueRequired":true,"valueName":"search_term_string"}}],"inLanguage":"es"},{"@type":"Organization","@id":"https:\/\/e-leclerc.es\/salamanca\/#organization","name":"E.Leclerc Salamanca","url":"https:\/\/e-leclerc.es\/salamanca\/","logo":{"@type":"ImageObject","inLanguage":"es","@id":"https:\/\/e-leclerc.es\/salamanca\/#\/schema\/logo\/image\/","url":"https:\/\/e-leclerc.es\/salamanca\/wp-content\/uploads\/sites\/17\/2024\/03\/Leclerc_Logo.svg","contentUrl":"https:\/\/e-leclerc.es\/salamanca\/wp-content\/uploads\/sites\/17\/2024\/03\/Leclerc_Logo.svg","caption":"E.Leclerc Salamanca"},"image":{"@id":"https:\/\/e-leclerc.es\/salamanca\/#\/schema\/logo\/image\/"}}]}},"_links":{"self":[{"href":"https:\/\/e-leclerc.es\/salamanca\/wp-json\/wp\/v2\/posts\/6199","targetHints":{"allow":["GET"]}}],"collection":[{"href":"https:\/\/e-leclerc.es\/salamanca\/wp-json\/wp\/v2\/posts"}],"about":[{"href":"https:\/\/e-leclerc.es\/salamanca\/wp-json\/wp\/v2\/types\/post"}],"replies":[{"embeddable":true,"href":"https:\/\/e-leclerc.es\/salamanca\/wp-json\/wp\/v2\/comments?post=6199"}],"version-history":[{"count":0,"href":"https:\/\/e-leclerc.es\/salamanca\/wp-json\/wp\/v2\/posts\/6199\/revisions"}],"wp:featuredmedia":[{"embeddable":true,"href":"https:\/\/e-leclerc.es\/salamanca\/wp-json\/wp\/v2\/media\/6200"}],"wp:attachment":[{"href":"https:\/\/e-leclerc.es\/salamanca\/wp-json\/wp\/v2\/media?parent=6199"}],"wp:term":[{"taxonomy":"category","embeddable":true,"href":"https:\/\/e-leclerc.es\/salamanca\/wp-json\/wp\/v2\/categories?post=6199"},{"taxonomy":"post_tag","embeddable":true,"href":"https:\/\/e-leclerc.es\/salamanca\/wp-json\/wp\/v2\/tags?post=6199"}],"curies":[{"name":"wp","href":"https:\/\/api.w.org\/{rel}","templated":true}]}}