{"id":6181,"date":"2016-05-10T11:12:10","date_gmt":"2016-05-10T09:12:10","guid":{"rendered":"https:\/\/www.e-leclerc.es\/salamanca\/tendencias\/13o-aniversario\/"},"modified":"2016-05-10T11:12:10","modified_gmt":"2016-05-10T09:12:10","slug":"13o-aniversario","status":"publish","type":"post","link":"https:\/\/e-leclerc.es\/salamanca\/tendencias\/13o-aniversario\/","title":{"rendered":"13\u00ba ANIVERSARIO"},"content":{"rendered":"<p>E. Leclerc celebra su 13 aniversario con rebajas, regalos y actividades l\u00fadicas.<\/p>\n<p>Hasta el 26 de julio, el hipermercado E. Leclerc est\u00e1 celebrando su 13 aniversario en Salamanca con un atractivo programa de actividades infantiles gratuitas, regalos y atractivas rebajas. Seg\u00fan explicaba su director, Enrique S\u00e1ez, \u201ccontinuamos con una pol\u00edtica de apoyo a los productos locales, apostando por los acuerdos con proveedores de la localidad y ofreciendo los precios m\u00e1s bajos de la zona\u201d.<\/p>\n<p>Para celebrar este cumplea\u00f1os, el centro quiere invitar a sus clientes a participar en propuestas de ocio para todos los p\u00fablicos. As\u00ed, este domingo 6 de julio tendr\u00e1 lugar un a\u00f1o m\u00e1s la 2\u00aa Exposici\u00f3n de Veh\u00edculos Cl\u00e1sicos en el aparcamiento de E.Leclerc, organizada por el Club Cl\u00e1sicos Helm\u00e1nticos, donde los coches estar\u00e1n expuestos al p\u00fablico desde las 13:00 horas hasta las 21:30 horas. Por la tarde, comenzar\u00e1n la prueba de habilidad al volante y un concurso de pintura infantil.<\/p>\n<p>El dinero recaudado gracias a las inscripciones de los participantes se destinar\u00e1 a la compra de alimentos b\u00e1sicos para contribuir con el Banco de Alimentos.<\/p>\n<p>El s\u00e1bado 12, los ni\u00f1os tendr\u00e1n una divertida cita con dos de sus personajes de animaci\u00f3n favoritos, Pepa Pig y Bart Simpson.<\/p>\n<p>Adem\u00e1s, hasta el 26, todas las tardes de lunes a s\u00e1bado, podr\u00e1n disfrutar de castillos hinchables, simuladores de carreras y creativos talleres infantiles.<\/p>\n<p>El broche final tendr\u00e1 lugar el 26 de julio con el torneo 3&#215;3 promovido por el Club de Baloncesto Santa Marta, que se jugar\u00e1 en la zona de aparcamiento del hipermercado. Asimismo, todos los ni\u00f1os podr\u00e1n comer helados gratis en la gran t\u00f3mbola y disfrutar del torneo.<\/p>\n","protected":false},"excerpt":{"rendered":"<p>E. Leclerc celebra su 13 aniversario con rebajas, regalos y actividades l\u00fadicas. Hasta el 26 de julio, el hipermercado E. Leclerc est\u00e1 celebrando su 13 aniversario en Salamanca con un atractivo programa de actividades infantiles gratuitas, regalos y atractivas rebajas. Seg\u00fan explicaba su director, Enrique S\u00e1ez, \u201ccontinuamos con una pol\u00edtica de apoyo a los productos [&hellip;]<\/p>\n","protected":false},"author":0,"featured_media":6182,"comment_status":"","ping_status":"open","sticky":false,"template":"","format":"standard","meta":{"_acf_changed":false,"footnotes":""},"categories":[1],"tags":[],"class_list":["post-6181","post","type-post","status-publish","format-standard","has-post-thumbnail","hentry","category-uncategorized"],"acf":[],"yoast_head":"<!-- This site is optimized with the Yoast SEO plugin v27.4 - https:\/\/yoast.com\/product\/yoast-seo-wordpress\/ -->\n<title>13\u00ba ANIVERSARIO - E.Leclerc Salamanca<\/title>\n<meta name=\"robots\" content=\"index, follow, max-snippet:-1, max-image-preview:large, max-video-preview:-1\" \/>\n<link rel=\"canonical\" href=\"https:\/\/e-leclerc.es\/salamanca\/tendencias\/13o-aniversario\/\" \/>\n<meta property=\"og:locale\" content=\"es_ES\" \/>\n<meta property=\"og:type\" content=\"article\" \/>\n<meta property=\"og:title\" content=\"13\u00ba ANIVERSARIO - E.Leclerc Salamanca\" \/>\n<meta property=\"og:description\" content=\"E. Leclerc celebra su 13 aniversario con rebajas, regalos y actividades l\u00fadicas. Hasta el 26 de julio, el hipermercado E. Leclerc est\u00e1 celebrando su 13 aniversario en Salamanca con un atractivo programa de actividades infantiles gratuitas, regalos y atractivas rebajas. Seg\u00fan explicaba su director, Enrique S\u00e1ez, \u201ccontinuamos con una pol\u00edtica de apoyo a los productos [&hellip;]\" \/>\n<meta property=\"og:url\" content=\"https:\/\/e-leclerc.es\/salamanca\/tendencias\/13o-aniversario\/\" \/>\n<meta property=\"og:site_name\" content=\"E.Leclerc Salamanca\" \/>\n<meta property=\"article:published_time\" content=\"2016-05-10T09:12:10+00:00\" \/>\n<meta property=\"og:image\" content=\"https:\/\/e-leclerc.es\/salamanca\/wp-content\/uploads\/sites\/17\/2016\/05\/54548_874.jpg\" \/>\n\t<meta property=\"og:image:width\" content=\"640\" \/>\n\t<meta property=\"og:image:height\" content=\"423\" \/>\n\t<meta property=\"og:image:type\" content=\"image\/jpeg\" \/>\n<meta name=\"twitter:card\" content=\"summary_large_image\" \/>\n<meta name=\"twitter:label1\" content=\"Tiempo de lectura\" \/>\n\t<meta name=\"twitter:data1\" content=\"1 minuto\" \/>\n<script type=\"application\/ld+json\" class=\"yoast-schema-graph\">{\"@context\":\"https:\\\/\\\/schema.org\",\"@graph\":[{\"@type\":\"Article\",\"@id\":\"https:\\\/\\\/e-leclerc.es\\\/salamanca\\\/tendencias\\\/13o-aniversario\\\/#article\",\"isPartOf\":{\"@id\":\"https:\\\/\\\/e-leclerc.es\\\/salamanca\\\/tendencias\\\/13o-aniversario\\\/\"},\"author\":{\"name\":\"\",\"@id\":\"\"},\"headline\":\"13\u00ba ANIVERSARIO\",\"datePublished\":\"2016-05-10T09:12:10+00:00\",\"mainEntityOfPage\":{\"@id\":\"https:\\\/\\\/e-leclerc.es\\\/salamanca\\\/tendencias\\\/13o-aniversario\\\/\"},\"wordCount\":291,\"publisher\":{\"@id\":\"https:\\\/\\\/e-leclerc.es\\\/salamanca\\\/#organization\"},\"image\":{\"@id\":\"https:\\\/\\\/e-leclerc.es\\\/salamanca\\\/tendencias\\\/13o-aniversario\\\/#primaryimage\"},\"thumbnailUrl\":\"https:\\\/\\\/e-leclerc.es\\\/salamanca\\\/wp-content\\\/uploads\\\/sites\\\/17\\\/2016\\\/05\\\/54548_874.jpg\",\"articleSection\":[\"Uncategorized\"],\"inLanguage\":\"es\"},{\"@type\":\"WebPage\",\"@id\":\"https:\\\/\\\/e-leclerc.es\\\/salamanca\\\/tendencias\\\/13o-aniversario\\\/\",\"url\":\"https:\\\/\\\/e-leclerc.es\\\/salamanca\\\/tendencias\\\/13o-aniversario\\\/\",\"name\":\"13\u00ba ANIVERSARIO - E.Leclerc Salamanca\",\"isPartOf\":{\"@id\":\"https:\\\/\\\/e-leclerc.es\\\/salamanca\\\/#website\"},\"primaryImageOfPage\":{\"@id\":\"https:\\\/\\\/e-leclerc.es\\\/salamanca\\\/tendencias\\\/13o-aniversario\\\/#primaryimage\"},\"image\":{\"@id\":\"https:\\\/\\\/e-leclerc.es\\\/salamanca\\\/tendencias\\\/13o-aniversario\\\/#primaryimage\"},\"thumbnailUrl\":\"https:\\\/\\\/e-leclerc.es\\\/salamanca\\\/wp-content\\\/uploads\\\/sites\\\/17\\\/2016\\\/05\\\/54548_874.jpg\",\"datePublished\":\"2016-05-10T09:12:10+00:00\",\"breadcrumb\":{\"@id\":\"https:\\\/\\\/e-leclerc.es\\\/salamanca\\\/tendencias\\\/13o-aniversario\\\/#breadcrumb\"},\"inLanguage\":\"es\",\"potentialAction\":[{\"@type\":\"ReadAction\",\"target\":[\"https:\\\/\\\/e-leclerc.es\\\/salamanca\\\/tendencias\\\/13o-aniversario\\\/\"]}]},{\"@type\":\"ImageObject\",\"inLanguage\":\"es\",\"@id\":\"https:\\\/\\\/e-leclerc.es\\\/salamanca\\\/tendencias\\\/13o-aniversario\\\/#primaryimage\",\"url\":\"https:\\\/\\\/e-leclerc.es\\\/salamanca\\\/wp-content\\\/uploads\\\/sites\\\/17\\\/2016\\\/05\\\/54548_874.jpg\",\"contentUrl\":\"https:\\\/\\\/e-leclerc.es\\\/salamanca\\\/wp-content\\\/uploads\\\/sites\\\/17\\\/2016\\\/05\\\/54548_874.jpg\",\"width\":640,\"height\":423},{\"@type\":\"BreadcrumbList\",\"@id\":\"https:\\\/\\\/e-leclerc.es\\\/salamanca\\\/tendencias\\\/13o-aniversario\\\/#breadcrumb\",\"itemListElement\":[{\"@type\":\"ListItem\",\"position\":1,\"name\":\"Portada\",\"item\":\"https:\\\/\\\/e-leclerc.es\\\/salamanca\\\/\"},{\"@type\":\"ListItem\",\"position\":2,\"name\":\"13\u00ba ANIVERSARIO\"}]},{\"@type\":\"WebSite\",\"@id\":\"https:\\\/\\\/e-leclerc.es\\\/salamanca\\\/#website\",\"url\":\"https:\\\/\\\/e-leclerc.es\\\/salamanca\\\/\",\"name\":\"E.Leclerc Salamanca\",\"description\":\"Descubre los folletos, ofertas y promociones de nuestro hipermercado E.Leclerc Salamanca en Castillla y Le\u00f3n. Direcci\u00f3n | Horario | Productos locales\",\"publisher\":{\"@id\":\"https:\\\/\\\/e-leclerc.es\\\/salamanca\\\/#organization\"},\"potentialAction\":[{\"@type\":\"SearchAction\",\"target\":{\"@type\":\"EntryPoint\",\"urlTemplate\":\"https:\\\/\\\/e-leclerc.es\\\/salamanca\\\/?s={search_term_string}\"},\"query-input\":{\"@type\":\"PropertyValueSpecification\",\"valueRequired\":true,\"valueName\":\"search_term_string\"}}],\"inLanguage\":\"es\"},{\"@type\":\"Organization\",\"@id\":\"https:\\\/\\\/e-leclerc.es\\\/salamanca\\\/#organization\",\"name\":\"E.Leclerc Salamanca\",\"url\":\"https:\\\/\\\/e-leclerc.es\\\/salamanca\\\/\",\"logo\":{\"@type\":\"ImageObject\",\"inLanguage\":\"es\",\"@id\":\"https:\\\/\\\/e-leclerc.es\\\/salamanca\\\/#\\\/schema\\\/logo\\\/image\\\/\",\"url\":\"https:\\\/\\\/e-leclerc.es\\\/salamanca\\\/wp-content\\\/uploads\\\/sites\\\/17\\\/2024\\\/03\\\/Leclerc_Logo.svg\",\"contentUrl\":\"https:\\\/\\\/e-leclerc.es\\\/salamanca\\\/wp-content\\\/uploads\\\/sites\\\/17\\\/2024\\\/03\\\/Leclerc_Logo.svg\",\"caption\":\"E.Leclerc Salamanca\"},\"image\":{\"@id\":\"https:\\\/\\\/e-leclerc.es\\\/salamanca\\\/#\\\/schema\\\/logo\\\/image\\\/\"}}]}<\/script>\n<!-- \/ Yoast SEO plugin. -->","yoast_head_json":{"title":"13\u00ba ANIVERSARIO - E.Leclerc Salamanca","robots":{"index":"index","follow":"follow","max-snippet":"max-snippet:-1","max-image-preview":"max-image-preview:large","max-video-preview":"max-video-preview:-1"},"canonical":"https:\/\/e-leclerc.es\/salamanca\/tendencias\/13o-aniversario\/","og_locale":"es_ES","og_type":"article","og_title":"13\u00ba ANIVERSARIO - E.Leclerc Salamanca","og_description":"E. Leclerc celebra su 13 aniversario con rebajas, regalos y actividades l\u00fadicas. Hasta el 26 de julio, el hipermercado E. Leclerc est\u00e1 celebrando su 13 aniversario en Salamanca con un atractivo programa de actividades infantiles gratuitas, regalos y atractivas rebajas. Seg\u00fan explicaba su director, Enrique S\u00e1ez, \u201ccontinuamos con una pol\u00edtica de apoyo a los productos [&hellip;]","og_url":"https:\/\/e-leclerc.es\/salamanca\/tendencias\/13o-aniversario\/","og_site_name":"E.Leclerc Salamanca","article_published_time":"2016-05-10T09:12:10+00:00","og_image":[{"width":640,"height":423,"url":"https:\/\/e-leclerc.es\/salamanca\/wp-content\/uploads\/sites\/17\/2016\/05\/54548_874.jpg","type":"image\/jpeg"}],"twitter_card":"summary_large_image","twitter_misc":{"Tiempo de lectura":"1 minuto"},"schema":{"@context":"https:\/\/schema.org","@graph":[{"@type":"Article","@id":"https:\/\/e-leclerc.es\/salamanca\/tendencias\/13o-aniversario\/#article","isPartOf":{"@id":"https:\/\/e-leclerc.es\/salamanca\/tendencias\/13o-aniversario\/"},"author":{"name":"","@id":""},"headline":"13\u00ba ANIVERSARIO","datePublished":"2016-05-10T09:12:10+00:00","mainEntityOfPage":{"@id":"https:\/\/e-leclerc.es\/salamanca\/tendencias\/13o-aniversario\/"},"wordCount":291,"publisher":{"@id":"https:\/\/e-leclerc.es\/salamanca\/#organization"},"image":{"@id":"https:\/\/e-leclerc.es\/salamanca\/tendencias\/13o-aniversario\/#primaryimage"},"thumbnailUrl":"https:\/\/e-leclerc.es\/salamanca\/wp-content\/uploads\/sites\/17\/2016\/05\/54548_874.jpg","articleSection":["Uncategorized"],"inLanguage":"es"},{"@type":"WebPage","@id":"https:\/\/e-leclerc.es\/salamanca\/tendencias\/13o-aniversario\/","url":"https:\/\/e-leclerc.es\/salamanca\/tendencias\/13o-aniversario\/","name":"13\u00ba ANIVERSARIO - E.Leclerc Salamanca","isPartOf":{"@id":"https:\/\/e-leclerc.es\/salamanca\/#website"},"primaryImageOfPage":{"@id":"https:\/\/e-leclerc.es\/salamanca\/tendencias\/13o-aniversario\/#primaryimage"},"image":{"@id":"https:\/\/e-leclerc.es\/salamanca\/tendencias\/13o-aniversario\/#primaryimage"},"thumbnailUrl":"https:\/\/e-leclerc.es\/salamanca\/wp-content\/uploads\/sites\/17\/2016\/05\/54548_874.jpg","datePublished":"2016-05-10T09:12:10+00:00","breadcrumb":{"@id":"https:\/\/e-leclerc.es\/salamanca\/tendencias\/13o-aniversario\/#breadcrumb"},"inLanguage":"es","potentialAction":[{"@type":"ReadAction","target":["https:\/\/e-leclerc.es\/salamanca\/tendencias\/13o-aniversario\/"]}]},{"@type":"ImageObject","inLanguage":"es","@id":"https:\/\/e-leclerc.es\/salamanca\/tendencias\/13o-aniversario\/#primaryimage","url":"https:\/\/e-leclerc.es\/salamanca\/wp-content\/uploads\/sites\/17\/2016\/05\/54548_874.jpg","contentUrl":"https:\/\/e-leclerc.es\/salamanca\/wp-content\/uploads\/sites\/17\/2016\/05\/54548_874.jpg","width":640,"height":423},{"@type":"BreadcrumbList","@id":"https:\/\/e-leclerc.es\/salamanca\/tendencias\/13o-aniversario\/#breadcrumb","itemListElement":[{"@type":"ListItem","position":1,"name":"Portada","item":"https:\/\/e-leclerc.es\/salamanca\/"},{"@type":"ListItem","position":2,"name":"13\u00ba ANIVERSARIO"}]},{"@type":"WebSite","@id":"https:\/\/e-leclerc.es\/salamanca\/#website","url":"https:\/\/e-leclerc.es\/salamanca\/","name":"E.Leclerc Salamanca","description":"Descubre los folletos, ofertas y promociones de nuestro hipermercado E.Leclerc Salamanca en Castillla y Le\u00f3n. Direcci\u00f3n | Horario | Productos locales","publisher":{"@id":"https:\/\/e-leclerc.es\/salamanca\/#organization"},"potentialAction":[{"@type":"SearchAction","target":{"@type":"EntryPoint","urlTemplate":"https:\/\/e-leclerc.es\/salamanca\/?s={search_term_string}"},"query-input":{"@type":"PropertyValueSpecification","valueRequired":true,"valueName":"search_term_string"}}],"inLanguage":"es"},{"@type":"Organization","@id":"https:\/\/e-leclerc.es\/salamanca\/#organization","name":"E.Leclerc Salamanca","url":"https:\/\/e-leclerc.es\/salamanca\/","logo":{"@type":"ImageObject","inLanguage":"es","@id":"https:\/\/e-leclerc.es\/salamanca\/#\/schema\/logo\/image\/","url":"https:\/\/e-leclerc.es\/salamanca\/wp-content\/uploads\/sites\/17\/2024\/03\/Leclerc_Logo.svg","contentUrl":"https:\/\/e-leclerc.es\/salamanca\/wp-content\/uploads\/sites\/17\/2024\/03\/Leclerc_Logo.svg","caption":"E.Leclerc Salamanca"},"image":{"@id":"https:\/\/e-leclerc.es\/salamanca\/#\/schema\/logo\/image\/"}}]}},"_links":{"self":[{"href":"https:\/\/e-leclerc.es\/salamanca\/wp-json\/wp\/v2\/posts\/6181","targetHints":{"allow":["GET"]}}],"collection":[{"href":"https:\/\/e-leclerc.es\/salamanca\/wp-json\/wp\/v2\/posts"}],"about":[{"href":"https:\/\/e-leclerc.es\/salamanca\/wp-json\/wp\/v2\/types\/post"}],"replies":[{"embeddable":true,"href":"https:\/\/e-leclerc.es\/salamanca\/wp-json\/wp\/v2\/comments?post=6181"}],"version-history":[{"count":0,"href":"https:\/\/e-leclerc.es\/salamanca\/wp-json\/wp\/v2\/posts\/6181\/revisions"}],"wp:featuredmedia":[{"embeddable":true,"href":"https:\/\/e-leclerc.es\/salamanca\/wp-json\/wp\/v2\/media\/6182"}],"wp:attachment":[{"href":"https:\/\/e-leclerc.es\/salamanca\/wp-json\/wp\/v2\/media?parent=6181"}],"wp:term":[{"taxonomy":"category","embeddable":true,"href":"https:\/\/e-leclerc.es\/salamanca\/wp-json\/wp\/v2\/categories?post=6181"},{"taxonomy":"post_tag","embeddable":true,"href":"https:\/\/e-leclerc.es\/salamanca\/wp-json\/wp\/v2\/tags?post=6181"}],"curies":[{"name":"wp","href":"https:\/\/api.w.org\/{rel}","templated":true}]}}