{"id":6179,"date":"2016-05-10T11:11:52","date_gmt":"2016-05-10T09:11:52","guid":{"rendered":"https:\/\/www.e-leclerc.es\/salamanca\/tendencias\/feria-del-ajo\/"},"modified":"2016-05-10T11:11:52","modified_gmt":"2016-05-10T09:11:52","slug":"feria-del-ajo","status":"publish","type":"post","link":"https:\/\/e-leclerc.es\/salamanca\/tendencias\/feria-del-ajo\/","title":{"rendered":"Feria del Ajo"},"content":{"rendered":"<p>Desde el viernes 6 hasta el lunes 30 de junio habr\u00e1 una exposici\u00f3n especial en la fruter\u00eda del hipermercado en la que se podr\u00e1 adquirir todo tipo de variedades de ajos en ristras de distintos tama\u00f1os, entre los que destacan ajos de zonas como Chinch\u00f3n o Pedro\u00f1eras.<\/p>\n<p>Desde la direcci\u00f3n del hipermercado con los precios m\u00e1s bajos se\u00f1alan que: \u00abQueremos disfrutar que todos los salmantinos conozcan con nosotros el mejor producto de la temporada. Esperamos que no se pierdan esta exposici\u00f3n gastron\u00f3mica tan especial\u00bb.<\/p>\n","protected":false},"excerpt":{"rendered":"<p>Desde el viernes 6 hasta el lunes 30 de junio habr\u00e1 una exposici\u00f3n especial en la fruter\u00eda del hipermercado en la que se podr\u00e1 adquirir todo tipo de variedades de ajos en ristras de distintos tama\u00f1os, entre los que destacan ajos de zonas como Chinch\u00f3n o Pedro\u00f1eras. Desde la direcci\u00f3n del hipermercado con los precios [&hellip;]<\/p>\n","protected":false},"author":0,"featured_media":6180,"comment_status":"","ping_status":"open","sticky":false,"template":"","format":"standard","meta":{"_acf_changed":false,"footnotes":""},"categories":[1],"tags":[],"class_list":["post-6179","post","type-post","status-publish","format-standard","has-post-thumbnail","hentry","category-uncategorized"],"acf":[],"yoast_head":"<!-- This site is optimized with the Yoast SEO plugin v27.4 - https:\/\/yoast.com\/product\/yoast-seo-wordpress\/ -->\n<title>Feria del Ajo - E.Leclerc Salamanca<\/title>\n<meta name=\"robots\" content=\"index, follow, max-snippet:-1, max-image-preview:large, max-video-preview:-1\" \/>\n<link rel=\"canonical\" href=\"https:\/\/e-leclerc.es\/salamanca\/tendencias\/feria-del-ajo\/\" \/>\n<meta property=\"og:locale\" content=\"es_ES\" \/>\n<meta property=\"og:type\" content=\"article\" \/>\n<meta property=\"og:title\" content=\"Feria del Ajo - E.Leclerc Salamanca\" \/>\n<meta property=\"og:description\" content=\"Desde el viernes 6 hasta el lunes 30 de junio habr\u00e1 una exposici\u00f3n especial en la fruter\u00eda del hipermercado en la que se podr\u00e1 adquirir todo tipo de variedades de ajos en ristras de distintos tama\u00f1os, entre los que destacan ajos de zonas como Chinch\u00f3n o Pedro\u00f1eras. Desde la direcci\u00f3n del hipermercado con los precios [&hellip;]\" \/>\n<meta property=\"og:url\" content=\"https:\/\/e-leclerc.es\/salamanca\/tendencias\/feria-del-ajo\/\" \/>\n<meta property=\"og:site_name\" content=\"E.Leclerc Salamanca\" \/>\n<meta property=\"article:published_time\" content=\"2016-05-10T09:11:52+00:00\" \/>\n<meta property=\"og:image\" content=\"https:\/\/e-leclerc.es\/salamanca\/wp-content\/uploads\/sites\/17\/2016\/05\/2fajo_865.jpg\" \/>\n\t<meta property=\"og:image:width\" content=\"294\" \/>\n\t<meta property=\"og:image:height\" content=\"392\" \/>\n\t<meta property=\"og:image:type\" content=\"image\/jpeg\" \/>\n<meta name=\"twitter:card\" content=\"summary_large_image\" \/>\n<script type=\"application\/ld+json\" class=\"yoast-schema-graph\">{\"@context\":\"https:\\\/\\\/schema.org\",\"@graph\":[{\"@type\":\"Article\",\"@id\":\"https:\\\/\\\/e-leclerc.es\\\/salamanca\\\/tendencias\\\/feria-del-ajo\\\/#article\",\"isPartOf\":{\"@id\":\"https:\\\/\\\/e-leclerc.es\\\/salamanca\\\/tendencias\\\/feria-del-ajo\\\/\"},\"author\":{\"name\":\"\",\"@id\":\"\"},\"headline\":\"Feria del Ajo\",\"datePublished\":\"2016-05-10T09:11:52+00:00\",\"mainEntityOfPage\":{\"@id\":\"https:\\\/\\\/e-leclerc.es\\\/salamanca\\\/tendencias\\\/feria-del-ajo\\\/\"},\"wordCount\":95,\"publisher\":{\"@id\":\"https:\\\/\\\/e-leclerc.es\\\/salamanca\\\/#organization\"},\"image\":{\"@id\":\"https:\\\/\\\/e-leclerc.es\\\/salamanca\\\/tendencias\\\/feria-del-ajo\\\/#primaryimage\"},\"thumbnailUrl\":\"https:\\\/\\\/e-leclerc.es\\\/salamanca\\\/wp-content\\\/uploads\\\/sites\\\/17\\\/2016\\\/05\\\/2fajo_865.jpg\",\"articleSection\":[\"Uncategorized\"],\"inLanguage\":\"es\"},{\"@type\":\"WebPage\",\"@id\":\"https:\\\/\\\/e-leclerc.es\\\/salamanca\\\/tendencias\\\/feria-del-ajo\\\/\",\"url\":\"https:\\\/\\\/e-leclerc.es\\\/salamanca\\\/tendencias\\\/feria-del-ajo\\\/\",\"name\":\"Feria del Ajo - E.Leclerc Salamanca\",\"isPartOf\":{\"@id\":\"https:\\\/\\\/e-leclerc.es\\\/salamanca\\\/#website\"},\"primaryImageOfPage\":{\"@id\":\"https:\\\/\\\/e-leclerc.es\\\/salamanca\\\/tendencias\\\/feria-del-ajo\\\/#primaryimage\"},\"image\":{\"@id\":\"https:\\\/\\\/e-leclerc.es\\\/salamanca\\\/tendencias\\\/feria-del-ajo\\\/#primaryimage\"},\"thumbnailUrl\":\"https:\\\/\\\/e-leclerc.es\\\/salamanca\\\/wp-content\\\/uploads\\\/sites\\\/17\\\/2016\\\/05\\\/2fajo_865.jpg\",\"datePublished\":\"2016-05-10T09:11:52+00:00\",\"breadcrumb\":{\"@id\":\"https:\\\/\\\/e-leclerc.es\\\/salamanca\\\/tendencias\\\/feria-del-ajo\\\/#breadcrumb\"},\"inLanguage\":\"es\",\"potentialAction\":[{\"@type\":\"ReadAction\",\"target\":[\"https:\\\/\\\/e-leclerc.es\\\/salamanca\\\/tendencias\\\/feria-del-ajo\\\/\"]}]},{\"@type\":\"ImageObject\",\"inLanguage\":\"es\",\"@id\":\"https:\\\/\\\/e-leclerc.es\\\/salamanca\\\/tendencias\\\/feria-del-ajo\\\/#primaryimage\",\"url\":\"https:\\\/\\\/e-leclerc.es\\\/salamanca\\\/wp-content\\\/uploads\\\/sites\\\/17\\\/2016\\\/05\\\/2fajo_865.jpg\",\"contentUrl\":\"https:\\\/\\\/e-leclerc.es\\\/salamanca\\\/wp-content\\\/uploads\\\/sites\\\/17\\\/2016\\\/05\\\/2fajo_865.jpg\",\"width\":294,\"height\":392},{\"@type\":\"BreadcrumbList\",\"@id\":\"https:\\\/\\\/e-leclerc.es\\\/salamanca\\\/tendencias\\\/feria-del-ajo\\\/#breadcrumb\",\"itemListElement\":[{\"@type\":\"ListItem\",\"position\":1,\"name\":\"Portada\",\"item\":\"https:\\\/\\\/e-leclerc.es\\\/salamanca\\\/\"},{\"@type\":\"ListItem\",\"position\":2,\"name\":\"Feria del Ajo\"}]},{\"@type\":\"WebSite\",\"@id\":\"https:\\\/\\\/e-leclerc.es\\\/salamanca\\\/#website\",\"url\":\"https:\\\/\\\/e-leclerc.es\\\/salamanca\\\/\",\"name\":\"E.Leclerc Salamanca\",\"description\":\"Descubre los folletos, ofertas y promociones de nuestro hipermercado E.Leclerc Salamanca en Castillla y Le\u00f3n. Direcci\u00f3n | Horario | Productos locales\",\"publisher\":{\"@id\":\"https:\\\/\\\/e-leclerc.es\\\/salamanca\\\/#organization\"},\"potentialAction\":[{\"@type\":\"SearchAction\",\"target\":{\"@type\":\"EntryPoint\",\"urlTemplate\":\"https:\\\/\\\/e-leclerc.es\\\/salamanca\\\/?s={search_term_string}\"},\"query-input\":{\"@type\":\"PropertyValueSpecification\",\"valueRequired\":true,\"valueName\":\"search_term_string\"}}],\"inLanguage\":\"es\"},{\"@type\":\"Organization\",\"@id\":\"https:\\\/\\\/e-leclerc.es\\\/salamanca\\\/#organization\",\"name\":\"E.Leclerc Salamanca\",\"url\":\"https:\\\/\\\/e-leclerc.es\\\/salamanca\\\/\",\"logo\":{\"@type\":\"ImageObject\",\"inLanguage\":\"es\",\"@id\":\"https:\\\/\\\/e-leclerc.es\\\/salamanca\\\/#\\\/schema\\\/logo\\\/image\\\/\",\"url\":\"https:\\\/\\\/e-leclerc.es\\\/salamanca\\\/wp-content\\\/uploads\\\/sites\\\/17\\\/2024\\\/03\\\/Leclerc_Logo.svg\",\"contentUrl\":\"https:\\\/\\\/e-leclerc.es\\\/salamanca\\\/wp-content\\\/uploads\\\/sites\\\/17\\\/2024\\\/03\\\/Leclerc_Logo.svg\",\"caption\":\"E.Leclerc Salamanca\"},\"image\":{\"@id\":\"https:\\\/\\\/e-leclerc.es\\\/salamanca\\\/#\\\/schema\\\/logo\\\/image\\\/\"}}]}<\/script>\n<!-- \/ Yoast SEO plugin. -->","yoast_head_json":{"title":"Feria del Ajo - E.Leclerc Salamanca","robots":{"index":"index","follow":"follow","max-snippet":"max-snippet:-1","max-image-preview":"max-image-preview:large","max-video-preview":"max-video-preview:-1"},"canonical":"https:\/\/e-leclerc.es\/salamanca\/tendencias\/feria-del-ajo\/","og_locale":"es_ES","og_type":"article","og_title":"Feria del Ajo - E.Leclerc Salamanca","og_description":"Desde el viernes 6 hasta el lunes 30 de junio habr\u00e1 una exposici\u00f3n especial en la fruter\u00eda del hipermercado en la que se podr\u00e1 adquirir todo tipo de variedades de ajos en ristras de distintos tama\u00f1os, entre los que destacan ajos de zonas como Chinch\u00f3n o Pedro\u00f1eras. Desde la direcci\u00f3n del hipermercado con los precios [&hellip;]","og_url":"https:\/\/e-leclerc.es\/salamanca\/tendencias\/feria-del-ajo\/","og_site_name":"E.Leclerc Salamanca","article_published_time":"2016-05-10T09:11:52+00:00","og_image":[{"width":294,"height":392,"url":"https:\/\/e-leclerc.es\/salamanca\/wp-content\/uploads\/sites\/17\/2016\/05\/2fajo_865.jpg","type":"image\/jpeg"}],"twitter_card":"summary_large_image","schema":{"@context":"https:\/\/schema.org","@graph":[{"@type":"Article","@id":"https:\/\/e-leclerc.es\/salamanca\/tendencias\/feria-del-ajo\/#article","isPartOf":{"@id":"https:\/\/e-leclerc.es\/salamanca\/tendencias\/feria-del-ajo\/"},"author":{"name":"","@id":""},"headline":"Feria del Ajo","datePublished":"2016-05-10T09:11:52+00:00","mainEntityOfPage":{"@id":"https:\/\/e-leclerc.es\/salamanca\/tendencias\/feria-del-ajo\/"},"wordCount":95,"publisher":{"@id":"https:\/\/e-leclerc.es\/salamanca\/#organization"},"image":{"@id":"https:\/\/e-leclerc.es\/salamanca\/tendencias\/feria-del-ajo\/#primaryimage"},"thumbnailUrl":"https:\/\/e-leclerc.es\/salamanca\/wp-content\/uploads\/sites\/17\/2016\/05\/2fajo_865.jpg","articleSection":["Uncategorized"],"inLanguage":"es"},{"@type":"WebPage","@id":"https:\/\/e-leclerc.es\/salamanca\/tendencias\/feria-del-ajo\/","url":"https:\/\/e-leclerc.es\/salamanca\/tendencias\/feria-del-ajo\/","name":"Feria del Ajo - E.Leclerc Salamanca","isPartOf":{"@id":"https:\/\/e-leclerc.es\/salamanca\/#website"},"primaryImageOfPage":{"@id":"https:\/\/e-leclerc.es\/salamanca\/tendencias\/feria-del-ajo\/#primaryimage"},"image":{"@id":"https:\/\/e-leclerc.es\/salamanca\/tendencias\/feria-del-ajo\/#primaryimage"},"thumbnailUrl":"https:\/\/e-leclerc.es\/salamanca\/wp-content\/uploads\/sites\/17\/2016\/05\/2fajo_865.jpg","datePublished":"2016-05-10T09:11:52+00:00","breadcrumb":{"@id":"https:\/\/e-leclerc.es\/salamanca\/tendencias\/feria-del-ajo\/#breadcrumb"},"inLanguage":"es","potentialAction":[{"@type":"ReadAction","target":["https:\/\/e-leclerc.es\/salamanca\/tendencias\/feria-del-ajo\/"]}]},{"@type":"ImageObject","inLanguage":"es","@id":"https:\/\/e-leclerc.es\/salamanca\/tendencias\/feria-del-ajo\/#primaryimage","url":"https:\/\/e-leclerc.es\/salamanca\/wp-content\/uploads\/sites\/17\/2016\/05\/2fajo_865.jpg","contentUrl":"https:\/\/e-leclerc.es\/salamanca\/wp-content\/uploads\/sites\/17\/2016\/05\/2fajo_865.jpg","width":294,"height":392},{"@type":"BreadcrumbList","@id":"https:\/\/e-leclerc.es\/salamanca\/tendencias\/feria-del-ajo\/#breadcrumb","itemListElement":[{"@type":"ListItem","position":1,"name":"Portada","item":"https:\/\/e-leclerc.es\/salamanca\/"},{"@type":"ListItem","position":2,"name":"Feria del Ajo"}]},{"@type":"WebSite","@id":"https:\/\/e-leclerc.es\/salamanca\/#website","url":"https:\/\/e-leclerc.es\/salamanca\/","name":"E.Leclerc Salamanca","description":"Descubre los folletos, ofertas y promociones de nuestro hipermercado E.Leclerc Salamanca en Castillla y Le\u00f3n. Direcci\u00f3n | Horario | Productos locales","publisher":{"@id":"https:\/\/e-leclerc.es\/salamanca\/#organization"},"potentialAction":[{"@type":"SearchAction","target":{"@type":"EntryPoint","urlTemplate":"https:\/\/e-leclerc.es\/salamanca\/?s={search_term_string}"},"query-input":{"@type":"PropertyValueSpecification","valueRequired":true,"valueName":"search_term_string"}}],"inLanguage":"es"},{"@type":"Organization","@id":"https:\/\/e-leclerc.es\/salamanca\/#organization","name":"E.Leclerc Salamanca","url":"https:\/\/e-leclerc.es\/salamanca\/","logo":{"@type":"ImageObject","inLanguage":"es","@id":"https:\/\/e-leclerc.es\/salamanca\/#\/schema\/logo\/image\/","url":"https:\/\/e-leclerc.es\/salamanca\/wp-content\/uploads\/sites\/17\/2024\/03\/Leclerc_Logo.svg","contentUrl":"https:\/\/e-leclerc.es\/salamanca\/wp-content\/uploads\/sites\/17\/2024\/03\/Leclerc_Logo.svg","caption":"E.Leclerc Salamanca"},"image":{"@id":"https:\/\/e-leclerc.es\/salamanca\/#\/schema\/logo\/image\/"}}]}},"_links":{"self":[{"href":"https:\/\/e-leclerc.es\/salamanca\/wp-json\/wp\/v2\/posts\/6179","targetHints":{"allow":["GET"]}}],"collection":[{"href":"https:\/\/e-leclerc.es\/salamanca\/wp-json\/wp\/v2\/posts"}],"about":[{"href":"https:\/\/e-leclerc.es\/salamanca\/wp-json\/wp\/v2\/types\/post"}],"replies":[{"embeddable":true,"href":"https:\/\/e-leclerc.es\/salamanca\/wp-json\/wp\/v2\/comments?post=6179"}],"version-history":[{"count":0,"href":"https:\/\/e-leclerc.es\/salamanca\/wp-json\/wp\/v2\/posts\/6179\/revisions"}],"wp:featuredmedia":[{"embeddable":true,"href":"https:\/\/e-leclerc.es\/salamanca\/wp-json\/wp\/v2\/media\/6180"}],"wp:attachment":[{"href":"https:\/\/e-leclerc.es\/salamanca\/wp-json\/wp\/v2\/media?parent=6179"}],"wp:term":[{"taxonomy":"category","embeddable":true,"href":"https:\/\/e-leclerc.es\/salamanca\/wp-json\/wp\/v2\/categories?post=6179"},{"taxonomy":"post_tag","embeddable":true,"href":"https:\/\/e-leclerc.es\/salamanca\/wp-json\/wp\/v2\/tags?post=6179"}],"curies":[{"name":"wp","href":"https:\/\/api.w.org\/{rel}","templated":true}]}}