{"id":6159,"date":"2016-05-10T11:05:44","date_gmt":"2016-05-10T09:05:44","guid":{"rendered":"https:\/\/www.e-leclerc.es\/salamanca\/tendencias\/el-sorteo-estrella-de-e-leclerc-tiene-ganador\/"},"modified":"2016-05-10T11:05:44","modified_gmt":"2016-05-10T09:05:44","slug":"el-sorteo-estrella-de-e-leclerc-tiene-ganador","status":"publish","type":"post","link":"https:\/\/e-leclerc.es\/salamanca\/tendencias\/el-sorteo-estrella-de-e-leclerc-tiene-ganador\/","title":{"rendered":"El Sorteo Estrella de E.Leclerc tiene ganador"},"content":{"rendered":"<p>El Sorteo Estrella del hipermercado E.Leclerc ya tiene ganadores, despu\u00e9s<br \/>\nde que una mano inocente eligiese ayer las papeletas con los nombres<br \/>\nde los afortunados. Jos\u00e9 Garrido Parro es el ganador del primer premio;<br \/>\nTomasa Mart\u00edn, del segundo; y Milagros Garc\u00eda, del tercero.<\/p>\n","protected":false},"excerpt":{"rendered":"<p>El Sorteo Estrella del hipermercado E.Leclerc ya tiene ganadores, despu\u00e9s de que una mano inocente eligiese ayer las papeletas con los nombres de los afortunados. Jos\u00e9 Garrido Parro es el ganador del primer premio; Tomasa Mart\u00edn, del segundo; y Milagros Garc\u00eda, del tercero.<\/p>\n","protected":false},"author":0,"featured_media":6160,"comment_status":"","ping_status":"open","sticky":false,"template":"","format":"standard","meta":{"_acf_changed":false,"footnotes":""},"categories":[1],"tags":[],"class_list":["post-6159","post","type-post","status-publish","format-standard","has-post-thumbnail","hentry","category-uncategorized"],"acf":[],"yoast_head":"<!-- This site is optimized with the Yoast SEO plugin v27.4 - https:\/\/yoast.com\/product\/yoast-seo-wordpress\/ -->\n<title>El Sorteo Estrella de E.Leclerc tiene ganador - E.Leclerc Salamanca<\/title>\n<meta name=\"robots\" content=\"index, follow, max-snippet:-1, max-image-preview:large, max-video-preview:-1\" \/>\n<link rel=\"canonical\" href=\"https:\/\/e-leclerc.es\/salamanca\/tendencias\/el-sorteo-estrella-de-e-leclerc-tiene-ganador\/\" \/>\n<meta property=\"og:locale\" content=\"es_ES\" \/>\n<meta property=\"og:type\" content=\"article\" \/>\n<meta property=\"og:title\" content=\"El Sorteo Estrella de E.Leclerc tiene ganador - E.Leclerc Salamanca\" \/>\n<meta property=\"og:description\" content=\"El Sorteo Estrella del hipermercado E.Leclerc ya tiene ganadores, despu\u00e9s de que una mano inocente eligiese ayer las papeletas con los nombres de los afortunados. Jos\u00e9 Garrido Parro es el ganador del primer premio; Tomasa Mart\u00edn, del segundo; y Milagros Garc\u00eda, del tercero.\" \/>\n<meta property=\"og:url\" content=\"https:\/\/e-leclerc.es\/salamanca\/tendencias\/el-sorteo-estrella-de-e-leclerc-tiene-ganador\/\" \/>\n<meta property=\"og:site_name\" content=\"E.Leclerc Salamanca\" \/>\n<meta property=\"article:published_time\" content=\"2016-05-10T09:05:44+00:00\" \/>\n<meta property=\"og:image\" content=\"https:\/\/e-leclerc.es\/salamanca\/wp-content\/uploads\/sites\/17\/2016\/05\/sorteo-estrella_715.png\" \/>\n\t<meta property=\"og:image:width\" content=\"300\" \/>\n\t<meta property=\"og:image:height\" content=\"248\" \/>\n\t<meta property=\"og:image:type\" content=\"image\/png\" \/>\n<meta name=\"twitter:card\" content=\"summary_large_image\" \/>\n<script type=\"application\/ld+json\" class=\"yoast-schema-graph\">{\"@context\":\"https:\\\/\\\/schema.org\",\"@graph\":[{\"@type\":\"Article\",\"@id\":\"https:\\\/\\\/e-leclerc.es\\\/salamanca\\\/tendencias\\\/el-sorteo-estrella-de-e-leclerc-tiene-ganador\\\/#article\",\"isPartOf\":{\"@id\":\"https:\\\/\\\/e-leclerc.es\\\/salamanca\\\/tendencias\\\/el-sorteo-estrella-de-e-leclerc-tiene-ganador\\\/\"},\"author\":{\"name\":\"\",\"@id\":\"\"},\"headline\":\"El Sorteo Estrella de E.Leclerc tiene ganador\",\"datePublished\":\"2016-05-10T09:05:44+00:00\",\"mainEntityOfPage\":{\"@id\":\"https:\\\/\\\/e-leclerc.es\\\/salamanca\\\/tendencias\\\/el-sorteo-estrella-de-e-leclerc-tiene-ganador\\\/\"},\"wordCount\":55,\"publisher\":{\"@id\":\"https:\\\/\\\/e-leclerc.es\\\/salamanca\\\/#organization\"},\"image\":{\"@id\":\"https:\\\/\\\/e-leclerc.es\\\/salamanca\\\/tendencias\\\/el-sorteo-estrella-de-e-leclerc-tiene-ganador\\\/#primaryimage\"},\"thumbnailUrl\":\"https:\\\/\\\/e-leclerc.es\\\/salamanca\\\/wp-content\\\/uploads\\\/sites\\\/17\\\/2016\\\/05\\\/sorteo-estrella_715.png\",\"articleSection\":[\"Uncategorized\"],\"inLanguage\":\"es\"},{\"@type\":\"WebPage\",\"@id\":\"https:\\\/\\\/e-leclerc.es\\\/salamanca\\\/tendencias\\\/el-sorteo-estrella-de-e-leclerc-tiene-ganador\\\/\",\"url\":\"https:\\\/\\\/e-leclerc.es\\\/salamanca\\\/tendencias\\\/el-sorteo-estrella-de-e-leclerc-tiene-ganador\\\/\",\"name\":\"El Sorteo Estrella de E.Leclerc tiene ganador - E.Leclerc Salamanca\",\"isPartOf\":{\"@id\":\"https:\\\/\\\/e-leclerc.es\\\/salamanca\\\/#website\"},\"primaryImageOfPage\":{\"@id\":\"https:\\\/\\\/e-leclerc.es\\\/salamanca\\\/tendencias\\\/el-sorteo-estrella-de-e-leclerc-tiene-ganador\\\/#primaryimage\"},\"image\":{\"@id\":\"https:\\\/\\\/e-leclerc.es\\\/salamanca\\\/tendencias\\\/el-sorteo-estrella-de-e-leclerc-tiene-ganador\\\/#primaryimage\"},\"thumbnailUrl\":\"https:\\\/\\\/e-leclerc.es\\\/salamanca\\\/wp-content\\\/uploads\\\/sites\\\/17\\\/2016\\\/05\\\/sorteo-estrella_715.png\",\"datePublished\":\"2016-05-10T09:05:44+00:00\",\"breadcrumb\":{\"@id\":\"https:\\\/\\\/e-leclerc.es\\\/salamanca\\\/tendencias\\\/el-sorteo-estrella-de-e-leclerc-tiene-ganador\\\/#breadcrumb\"},\"inLanguage\":\"es\",\"potentialAction\":[{\"@type\":\"ReadAction\",\"target\":[\"https:\\\/\\\/e-leclerc.es\\\/salamanca\\\/tendencias\\\/el-sorteo-estrella-de-e-leclerc-tiene-ganador\\\/\"]}]},{\"@type\":\"ImageObject\",\"inLanguage\":\"es\",\"@id\":\"https:\\\/\\\/e-leclerc.es\\\/salamanca\\\/tendencias\\\/el-sorteo-estrella-de-e-leclerc-tiene-ganador\\\/#primaryimage\",\"url\":\"https:\\\/\\\/e-leclerc.es\\\/salamanca\\\/wp-content\\\/uploads\\\/sites\\\/17\\\/2016\\\/05\\\/sorteo-estrella_715.png\",\"contentUrl\":\"https:\\\/\\\/e-leclerc.es\\\/salamanca\\\/wp-content\\\/uploads\\\/sites\\\/17\\\/2016\\\/05\\\/sorteo-estrella_715.png\",\"width\":300,\"height\":248},{\"@type\":\"BreadcrumbList\",\"@id\":\"https:\\\/\\\/e-leclerc.es\\\/salamanca\\\/tendencias\\\/el-sorteo-estrella-de-e-leclerc-tiene-ganador\\\/#breadcrumb\",\"itemListElement\":[{\"@type\":\"ListItem\",\"position\":1,\"name\":\"Portada\",\"item\":\"https:\\\/\\\/e-leclerc.es\\\/salamanca\\\/\"},{\"@type\":\"ListItem\",\"position\":2,\"name\":\"El Sorteo Estrella de E.Leclerc tiene ganador\"}]},{\"@type\":\"WebSite\",\"@id\":\"https:\\\/\\\/e-leclerc.es\\\/salamanca\\\/#website\",\"url\":\"https:\\\/\\\/e-leclerc.es\\\/salamanca\\\/\",\"name\":\"E.Leclerc Salamanca\",\"description\":\"Descubre los folletos, ofertas y promociones de nuestro hipermercado E.Leclerc Salamanca en Castillla y Le\u00f3n. Direcci\u00f3n | Horario | Productos locales\",\"publisher\":{\"@id\":\"https:\\\/\\\/e-leclerc.es\\\/salamanca\\\/#organization\"},\"potentialAction\":[{\"@type\":\"SearchAction\",\"target\":{\"@type\":\"EntryPoint\",\"urlTemplate\":\"https:\\\/\\\/e-leclerc.es\\\/salamanca\\\/?s={search_term_string}\"},\"query-input\":{\"@type\":\"PropertyValueSpecification\",\"valueRequired\":true,\"valueName\":\"search_term_string\"}}],\"inLanguage\":\"es\"},{\"@type\":\"Organization\",\"@id\":\"https:\\\/\\\/e-leclerc.es\\\/salamanca\\\/#organization\",\"name\":\"E.Leclerc Salamanca\",\"url\":\"https:\\\/\\\/e-leclerc.es\\\/salamanca\\\/\",\"logo\":{\"@type\":\"ImageObject\",\"inLanguage\":\"es\",\"@id\":\"https:\\\/\\\/e-leclerc.es\\\/salamanca\\\/#\\\/schema\\\/logo\\\/image\\\/\",\"url\":\"https:\\\/\\\/e-leclerc.es\\\/salamanca\\\/wp-content\\\/uploads\\\/sites\\\/17\\\/2024\\\/03\\\/Leclerc_Logo.svg\",\"contentUrl\":\"https:\\\/\\\/e-leclerc.es\\\/salamanca\\\/wp-content\\\/uploads\\\/sites\\\/17\\\/2024\\\/03\\\/Leclerc_Logo.svg\",\"caption\":\"E.Leclerc Salamanca\"},\"image\":{\"@id\":\"https:\\\/\\\/e-leclerc.es\\\/salamanca\\\/#\\\/schema\\\/logo\\\/image\\\/\"}}]}<\/script>\n<!-- \/ Yoast SEO plugin. -->","yoast_head_json":{"title":"El Sorteo Estrella de E.Leclerc tiene ganador - E.Leclerc Salamanca","robots":{"index":"index","follow":"follow","max-snippet":"max-snippet:-1","max-image-preview":"max-image-preview:large","max-video-preview":"max-video-preview:-1"},"canonical":"https:\/\/e-leclerc.es\/salamanca\/tendencias\/el-sorteo-estrella-de-e-leclerc-tiene-ganador\/","og_locale":"es_ES","og_type":"article","og_title":"El Sorteo Estrella de E.Leclerc tiene ganador - E.Leclerc Salamanca","og_description":"El Sorteo Estrella del hipermercado E.Leclerc ya tiene ganadores, despu\u00e9s de que una mano inocente eligiese ayer las papeletas con los nombres de los afortunados. Jos\u00e9 Garrido Parro es el ganador del primer premio; Tomasa Mart\u00edn, del segundo; y Milagros Garc\u00eda, del tercero.","og_url":"https:\/\/e-leclerc.es\/salamanca\/tendencias\/el-sorteo-estrella-de-e-leclerc-tiene-ganador\/","og_site_name":"E.Leclerc Salamanca","article_published_time":"2016-05-10T09:05:44+00:00","og_image":[{"width":300,"height":248,"url":"https:\/\/e-leclerc.es\/salamanca\/wp-content\/uploads\/sites\/17\/2016\/05\/sorteo-estrella_715.png","type":"image\/png"}],"twitter_card":"summary_large_image","schema":{"@context":"https:\/\/schema.org","@graph":[{"@type":"Article","@id":"https:\/\/e-leclerc.es\/salamanca\/tendencias\/el-sorteo-estrella-de-e-leclerc-tiene-ganador\/#article","isPartOf":{"@id":"https:\/\/e-leclerc.es\/salamanca\/tendencias\/el-sorteo-estrella-de-e-leclerc-tiene-ganador\/"},"author":{"name":"","@id":""},"headline":"El Sorteo Estrella de E.Leclerc tiene ganador","datePublished":"2016-05-10T09:05:44+00:00","mainEntityOfPage":{"@id":"https:\/\/e-leclerc.es\/salamanca\/tendencias\/el-sorteo-estrella-de-e-leclerc-tiene-ganador\/"},"wordCount":55,"publisher":{"@id":"https:\/\/e-leclerc.es\/salamanca\/#organization"},"image":{"@id":"https:\/\/e-leclerc.es\/salamanca\/tendencias\/el-sorteo-estrella-de-e-leclerc-tiene-ganador\/#primaryimage"},"thumbnailUrl":"https:\/\/e-leclerc.es\/salamanca\/wp-content\/uploads\/sites\/17\/2016\/05\/sorteo-estrella_715.png","articleSection":["Uncategorized"],"inLanguage":"es"},{"@type":"WebPage","@id":"https:\/\/e-leclerc.es\/salamanca\/tendencias\/el-sorteo-estrella-de-e-leclerc-tiene-ganador\/","url":"https:\/\/e-leclerc.es\/salamanca\/tendencias\/el-sorteo-estrella-de-e-leclerc-tiene-ganador\/","name":"El Sorteo Estrella de E.Leclerc tiene ganador - E.Leclerc Salamanca","isPartOf":{"@id":"https:\/\/e-leclerc.es\/salamanca\/#website"},"primaryImageOfPage":{"@id":"https:\/\/e-leclerc.es\/salamanca\/tendencias\/el-sorteo-estrella-de-e-leclerc-tiene-ganador\/#primaryimage"},"image":{"@id":"https:\/\/e-leclerc.es\/salamanca\/tendencias\/el-sorteo-estrella-de-e-leclerc-tiene-ganador\/#primaryimage"},"thumbnailUrl":"https:\/\/e-leclerc.es\/salamanca\/wp-content\/uploads\/sites\/17\/2016\/05\/sorteo-estrella_715.png","datePublished":"2016-05-10T09:05:44+00:00","breadcrumb":{"@id":"https:\/\/e-leclerc.es\/salamanca\/tendencias\/el-sorteo-estrella-de-e-leclerc-tiene-ganador\/#breadcrumb"},"inLanguage":"es","potentialAction":[{"@type":"ReadAction","target":["https:\/\/e-leclerc.es\/salamanca\/tendencias\/el-sorteo-estrella-de-e-leclerc-tiene-ganador\/"]}]},{"@type":"ImageObject","inLanguage":"es","@id":"https:\/\/e-leclerc.es\/salamanca\/tendencias\/el-sorteo-estrella-de-e-leclerc-tiene-ganador\/#primaryimage","url":"https:\/\/e-leclerc.es\/salamanca\/wp-content\/uploads\/sites\/17\/2016\/05\/sorteo-estrella_715.png","contentUrl":"https:\/\/e-leclerc.es\/salamanca\/wp-content\/uploads\/sites\/17\/2016\/05\/sorteo-estrella_715.png","width":300,"height":248},{"@type":"BreadcrumbList","@id":"https:\/\/e-leclerc.es\/salamanca\/tendencias\/el-sorteo-estrella-de-e-leclerc-tiene-ganador\/#breadcrumb","itemListElement":[{"@type":"ListItem","position":1,"name":"Portada","item":"https:\/\/e-leclerc.es\/salamanca\/"},{"@type":"ListItem","position":2,"name":"El Sorteo Estrella de E.Leclerc tiene ganador"}]},{"@type":"WebSite","@id":"https:\/\/e-leclerc.es\/salamanca\/#website","url":"https:\/\/e-leclerc.es\/salamanca\/","name":"E.Leclerc Salamanca","description":"Descubre los folletos, ofertas y promociones de nuestro hipermercado E.Leclerc Salamanca en Castillla y Le\u00f3n. Direcci\u00f3n | Horario | Productos locales","publisher":{"@id":"https:\/\/e-leclerc.es\/salamanca\/#organization"},"potentialAction":[{"@type":"SearchAction","target":{"@type":"EntryPoint","urlTemplate":"https:\/\/e-leclerc.es\/salamanca\/?s={search_term_string}"},"query-input":{"@type":"PropertyValueSpecification","valueRequired":true,"valueName":"search_term_string"}}],"inLanguage":"es"},{"@type":"Organization","@id":"https:\/\/e-leclerc.es\/salamanca\/#organization","name":"E.Leclerc Salamanca","url":"https:\/\/e-leclerc.es\/salamanca\/","logo":{"@type":"ImageObject","inLanguage":"es","@id":"https:\/\/e-leclerc.es\/salamanca\/#\/schema\/logo\/image\/","url":"https:\/\/e-leclerc.es\/salamanca\/wp-content\/uploads\/sites\/17\/2024\/03\/Leclerc_Logo.svg","contentUrl":"https:\/\/e-leclerc.es\/salamanca\/wp-content\/uploads\/sites\/17\/2024\/03\/Leclerc_Logo.svg","caption":"E.Leclerc Salamanca"},"image":{"@id":"https:\/\/e-leclerc.es\/salamanca\/#\/schema\/logo\/image\/"}}]}},"_links":{"self":[{"href":"https:\/\/e-leclerc.es\/salamanca\/wp-json\/wp\/v2\/posts\/6159","targetHints":{"allow":["GET"]}}],"collection":[{"href":"https:\/\/e-leclerc.es\/salamanca\/wp-json\/wp\/v2\/posts"}],"about":[{"href":"https:\/\/e-leclerc.es\/salamanca\/wp-json\/wp\/v2\/types\/post"}],"replies":[{"embeddable":true,"href":"https:\/\/e-leclerc.es\/salamanca\/wp-json\/wp\/v2\/comments?post=6159"}],"version-history":[{"count":0,"href":"https:\/\/e-leclerc.es\/salamanca\/wp-json\/wp\/v2\/posts\/6159\/revisions"}],"wp:featuredmedia":[{"embeddable":true,"href":"https:\/\/e-leclerc.es\/salamanca\/wp-json\/wp\/v2\/media\/6160"}],"wp:attachment":[{"href":"https:\/\/e-leclerc.es\/salamanca\/wp-json\/wp\/v2\/media?parent=6159"}],"wp:term":[{"taxonomy":"category","embeddable":true,"href":"https:\/\/e-leclerc.es\/salamanca\/wp-json\/wp\/v2\/categories?post=6159"},{"taxonomy":"post_tag","embeddable":true,"href":"https:\/\/e-leclerc.es\/salamanca\/wp-json\/wp\/v2\/tags?post=6159"}],"curies":[{"name":"wp","href":"https:\/\/api.w.org\/{rel}","templated":true}]}}