{"id":6151,"date":"2016-05-10T11:01:34","date_gmt":"2016-05-10T09:01:34","guid":{"rendered":"https:\/\/www.e-leclerc.es\/salamanca\/tendencias\/e-leclerc-renueva-su-compromiso-con-la-cantera-del-cb-tormes\/"},"modified":"2016-05-10T11:01:34","modified_gmt":"2016-05-10T09:01:34","slug":"e-leclerc-renueva-su-compromiso-con-la-cantera-del-cb-tormes","status":"publish","type":"post","link":"https:\/\/e-leclerc.es\/salamanca\/tendencias\/e-leclerc-renueva-su-compromiso-con-la-cantera-del-cb-tormes\/","title":{"rendered":"E.Leclerc renueva su compromiso con la cantera del CB Tormes"},"content":{"rendered":"<p>El hipermercado E.Leclerc contin\u00faa apoyando a las categor\u00edas inferiores del CB Tormes y son seis este a\u00f1o los equipos del club charro que lucen su patrocinio en la ropa deportiva.<\/p>\n<p>Los tres equipos infantiles, dos cadetes y un j\u00fanior del club salmantino est\u00e1n dirigidos por seis t\u00e9cnicos del club, que son Manuel Rodr\u00edguez, \u00d3scar N\u00fa\u00f1ez, Fernando Merchante, Hugo Mart\u00edn Gonzalo, Pepe Cort\u00e9s y Abraham Vallez.<\/p>\n<p>El CB Tormes no solo trabaja con equipos auton\u00f3micos, ya que tiene una escuela t\u00e9cnica y hasta nueve equipos provinciales que disputan la competici\u00f3n escolar desde prebenjamines hasta alevines en colaboraci\u00f3n con el colegio Padre Manj\u00f3n y la localidad de Villamayor.<\/p>\n","protected":false},"excerpt":{"rendered":"<p>El hipermercado E.Leclerc contin\u00faa apoyando a las categor\u00edas inferiores del CB Tormes y son seis este a\u00f1o los equipos del club charro que lucen su patrocinio en la ropa deportiva. Los tres equipos infantiles, dos cadetes y un j\u00fanior del club salmantino est\u00e1n dirigidos por seis t\u00e9cnicos del club, que son Manuel Rodr\u00edguez, \u00d3scar N\u00fa\u00f1ez, [&hellip;]<\/p>\n","protected":false},"author":0,"featured_media":6152,"comment_status":"","ping_status":"open","sticky":false,"template":"","format":"standard","meta":{"_acf_changed":false,"footnotes":""},"categories":[1],"tags":[],"class_list":["post-6151","post","type-post","status-publish","format-standard","has-post-thumbnail","hentry","category-uncategorized"],"acf":[],"yoast_head":"<!-- This site is optimized with the Yoast SEO plugin v27.4 - https:\/\/yoast.com\/product\/yoast-seo-wordpress\/ -->\n<title>E.Leclerc renueva su compromiso con la cantera del CB Tormes - E.Leclerc Salamanca<\/title>\n<meta name=\"robots\" content=\"index, follow, max-snippet:-1, max-image-preview:large, max-video-preview:-1\" \/>\n<link rel=\"canonical\" href=\"https:\/\/e-leclerc.es\/salamanca\/tendencias\/e-leclerc-renueva-su-compromiso-con-la-cantera-del-cb-tormes\/\" \/>\n<meta property=\"og:locale\" content=\"es_ES\" \/>\n<meta property=\"og:type\" content=\"article\" \/>\n<meta property=\"og:title\" content=\"E.Leclerc renueva su compromiso con la cantera del CB Tormes - E.Leclerc Salamanca\" \/>\n<meta property=\"og:description\" content=\"El hipermercado E.Leclerc contin\u00faa apoyando a las categor\u00edas inferiores del CB Tormes y son seis este a\u00f1o los equipos del club charro que lucen su patrocinio en la ropa deportiva. Los tres equipos infantiles, dos cadetes y un j\u00fanior del club salmantino est\u00e1n dirigidos por seis t\u00e9cnicos del club, que son Manuel Rodr\u00edguez, \u00d3scar N\u00fa\u00f1ez, [&hellip;]\" \/>\n<meta property=\"og:url\" content=\"https:\/\/e-leclerc.es\/salamanca\/tendencias\/e-leclerc-renueva-su-compromiso-con-la-cantera-del-cb-tormes\/\" \/>\n<meta property=\"og:site_name\" content=\"E.Leclerc Salamanca\" \/>\n<meta property=\"article:published_time\" content=\"2016-05-10T09:01:34+00:00\" \/>\n<meta property=\"og:image\" content=\"https:\/\/e-leclerc.es\/salamanca\/wp-content\/uploads\/sites\/17\/2016\/05\/salamanca2_577.jpg\" \/>\n\t<meta property=\"og:image:width\" content=\"225\" \/>\n\t<meta property=\"og:image:height\" content=\"150\" \/>\n\t<meta property=\"og:image:type\" content=\"image\/jpeg\" \/>\n<meta name=\"twitter:card\" content=\"summary_large_image\" \/>\n<meta name=\"twitter:label1\" content=\"Tiempo de lectura\" \/>\n\t<meta name=\"twitter:data1\" content=\"1 minuto\" \/>\n<script type=\"application\/ld+json\" class=\"yoast-schema-graph\">{\"@context\":\"https:\\\/\\\/schema.org\",\"@graph\":[{\"@type\":\"Article\",\"@id\":\"https:\\\/\\\/e-leclerc.es\\\/salamanca\\\/tendencias\\\/e-leclerc-renueva-su-compromiso-con-la-cantera-del-cb-tormes\\\/#article\",\"isPartOf\":{\"@id\":\"https:\\\/\\\/e-leclerc.es\\\/salamanca\\\/tendencias\\\/e-leclerc-renueva-su-compromiso-con-la-cantera-del-cb-tormes\\\/\"},\"author\":{\"name\":\"\",\"@id\":\"\"},\"headline\":\"E.Leclerc renueva su compromiso con la cantera del CB Tormes\",\"datePublished\":\"2016-05-10T09:01:34+00:00\",\"mainEntityOfPage\":{\"@id\":\"https:\\\/\\\/e-leclerc.es\\\/salamanca\\\/tendencias\\\/e-leclerc-renueva-su-compromiso-con-la-cantera-del-cb-tormes\\\/\"},\"wordCount\":133,\"publisher\":{\"@id\":\"https:\\\/\\\/e-leclerc.es\\\/salamanca\\\/#organization\"},\"image\":{\"@id\":\"https:\\\/\\\/e-leclerc.es\\\/salamanca\\\/tendencias\\\/e-leclerc-renueva-su-compromiso-con-la-cantera-del-cb-tormes\\\/#primaryimage\"},\"thumbnailUrl\":\"https:\\\/\\\/e-leclerc.es\\\/salamanca\\\/wp-content\\\/uploads\\\/sites\\\/17\\\/2016\\\/05\\\/salamanca2_577.jpg\",\"articleSection\":[\"Uncategorized\"],\"inLanguage\":\"es\"},{\"@type\":\"WebPage\",\"@id\":\"https:\\\/\\\/e-leclerc.es\\\/salamanca\\\/tendencias\\\/e-leclerc-renueva-su-compromiso-con-la-cantera-del-cb-tormes\\\/\",\"url\":\"https:\\\/\\\/e-leclerc.es\\\/salamanca\\\/tendencias\\\/e-leclerc-renueva-su-compromiso-con-la-cantera-del-cb-tormes\\\/\",\"name\":\"E.Leclerc renueva su compromiso con la cantera del CB Tormes - E.Leclerc Salamanca\",\"isPartOf\":{\"@id\":\"https:\\\/\\\/e-leclerc.es\\\/salamanca\\\/#website\"},\"primaryImageOfPage\":{\"@id\":\"https:\\\/\\\/e-leclerc.es\\\/salamanca\\\/tendencias\\\/e-leclerc-renueva-su-compromiso-con-la-cantera-del-cb-tormes\\\/#primaryimage\"},\"image\":{\"@id\":\"https:\\\/\\\/e-leclerc.es\\\/salamanca\\\/tendencias\\\/e-leclerc-renueva-su-compromiso-con-la-cantera-del-cb-tormes\\\/#primaryimage\"},\"thumbnailUrl\":\"https:\\\/\\\/e-leclerc.es\\\/salamanca\\\/wp-content\\\/uploads\\\/sites\\\/17\\\/2016\\\/05\\\/salamanca2_577.jpg\",\"datePublished\":\"2016-05-10T09:01:34+00:00\",\"breadcrumb\":{\"@id\":\"https:\\\/\\\/e-leclerc.es\\\/salamanca\\\/tendencias\\\/e-leclerc-renueva-su-compromiso-con-la-cantera-del-cb-tormes\\\/#breadcrumb\"},\"inLanguage\":\"es\",\"potentialAction\":[{\"@type\":\"ReadAction\",\"target\":[\"https:\\\/\\\/e-leclerc.es\\\/salamanca\\\/tendencias\\\/e-leclerc-renueva-su-compromiso-con-la-cantera-del-cb-tormes\\\/\"]}]},{\"@type\":\"ImageObject\",\"inLanguage\":\"es\",\"@id\":\"https:\\\/\\\/e-leclerc.es\\\/salamanca\\\/tendencias\\\/e-leclerc-renueva-su-compromiso-con-la-cantera-del-cb-tormes\\\/#primaryimage\",\"url\":\"https:\\\/\\\/e-leclerc.es\\\/salamanca\\\/wp-content\\\/uploads\\\/sites\\\/17\\\/2016\\\/05\\\/salamanca2_577.jpg\",\"contentUrl\":\"https:\\\/\\\/e-leclerc.es\\\/salamanca\\\/wp-content\\\/uploads\\\/sites\\\/17\\\/2016\\\/05\\\/salamanca2_577.jpg\",\"width\":225,\"height\":150},{\"@type\":\"BreadcrumbList\",\"@id\":\"https:\\\/\\\/e-leclerc.es\\\/salamanca\\\/tendencias\\\/e-leclerc-renueva-su-compromiso-con-la-cantera-del-cb-tormes\\\/#breadcrumb\",\"itemListElement\":[{\"@type\":\"ListItem\",\"position\":1,\"name\":\"Portada\",\"item\":\"https:\\\/\\\/e-leclerc.es\\\/salamanca\\\/\"},{\"@type\":\"ListItem\",\"position\":2,\"name\":\"E.Leclerc renueva su compromiso con la cantera del CB Tormes\"}]},{\"@type\":\"WebSite\",\"@id\":\"https:\\\/\\\/e-leclerc.es\\\/salamanca\\\/#website\",\"url\":\"https:\\\/\\\/e-leclerc.es\\\/salamanca\\\/\",\"name\":\"E.Leclerc Salamanca\",\"description\":\"Descubre los folletos, ofertas y promociones de nuestro hipermercado E.Leclerc Salamanca en Castillla y Le\u00f3n. Direcci\u00f3n | Horario | Productos locales\",\"publisher\":{\"@id\":\"https:\\\/\\\/e-leclerc.es\\\/salamanca\\\/#organization\"},\"potentialAction\":[{\"@type\":\"SearchAction\",\"target\":{\"@type\":\"EntryPoint\",\"urlTemplate\":\"https:\\\/\\\/e-leclerc.es\\\/salamanca\\\/?s={search_term_string}\"},\"query-input\":{\"@type\":\"PropertyValueSpecification\",\"valueRequired\":true,\"valueName\":\"search_term_string\"}}],\"inLanguage\":\"es\"},{\"@type\":\"Organization\",\"@id\":\"https:\\\/\\\/e-leclerc.es\\\/salamanca\\\/#organization\",\"name\":\"E.Leclerc Salamanca\",\"url\":\"https:\\\/\\\/e-leclerc.es\\\/salamanca\\\/\",\"logo\":{\"@type\":\"ImageObject\",\"inLanguage\":\"es\",\"@id\":\"https:\\\/\\\/e-leclerc.es\\\/salamanca\\\/#\\\/schema\\\/logo\\\/image\\\/\",\"url\":\"https:\\\/\\\/e-leclerc.es\\\/salamanca\\\/wp-content\\\/uploads\\\/sites\\\/17\\\/2024\\\/03\\\/Leclerc_Logo.svg\",\"contentUrl\":\"https:\\\/\\\/e-leclerc.es\\\/salamanca\\\/wp-content\\\/uploads\\\/sites\\\/17\\\/2024\\\/03\\\/Leclerc_Logo.svg\",\"caption\":\"E.Leclerc Salamanca\"},\"image\":{\"@id\":\"https:\\\/\\\/e-leclerc.es\\\/salamanca\\\/#\\\/schema\\\/logo\\\/image\\\/\"}}]}<\/script>\n<!-- \/ Yoast SEO plugin. -->","yoast_head_json":{"title":"E.Leclerc renueva su compromiso con la cantera del CB Tormes - E.Leclerc Salamanca","robots":{"index":"index","follow":"follow","max-snippet":"max-snippet:-1","max-image-preview":"max-image-preview:large","max-video-preview":"max-video-preview:-1"},"canonical":"https:\/\/e-leclerc.es\/salamanca\/tendencias\/e-leclerc-renueva-su-compromiso-con-la-cantera-del-cb-tormes\/","og_locale":"es_ES","og_type":"article","og_title":"E.Leclerc renueva su compromiso con la cantera del CB Tormes - E.Leclerc Salamanca","og_description":"El hipermercado E.Leclerc contin\u00faa apoyando a las categor\u00edas inferiores del CB Tormes y son seis este a\u00f1o los equipos del club charro que lucen su patrocinio en la ropa deportiva. Los tres equipos infantiles, dos cadetes y un j\u00fanior del club salmantino est\u00e1n dirigidos por seis t\u00e9cnicos del club, que son Manuel Rodr\u00edguez, \u00d3scar N\u00fa\u00f1ez, [&hellip;]","og_url":"https:\/\/e-leclerc.es\/salamanca\/tendencias\/e-leclerc-renueva-su-compromiso-con-la-cantera-del-cb-tormes\/","og_site_name":"E.Leclerc Salamanca","article_published_time":"2016-05-10T09:01:34+00:00","og_image":[{"width":225,"height":150,"url":"https:\/\/e-leclerc.es\/salamanca\/wp-content\/uploads\/sites\/17\/2016\/05\/salamanca2_577.jpg","type":"image\/jpeg"}],"twitter_card":"summary_large_image","twitter_misc":{"Tiempo de lectura":"1 minuto"},"schema":{"@context":"https:\/\/schema.org","@graph":[{"@type":"Article","@id":"https:\/\/e-leclerc.es\/salamanca\/tendencias\/e-leclerc-renueva-su-compromiso-con-la-cantera-del-cb-tormes\/#article","isPartOf":{"@id":"https:\/\/e-leclerc.es\/salamanca\/tendencias\/e-leclerc-renueva-su-compromiso-con-la-cantera-del-cb-tormes\/"},"author":{"name":"","@id":""},"headline":"E.Leclerc renueva su compromiso con la cantera del CB Tormes","datePublished":"2016-05-10T09:01:34+00:00","mainEntityOfPage":{"@id":"https:\/\/e-leclerc.es\/salamanca\/tendencias\/e-leclerc-renueva-su-compromiso-con-la-cantera-del-cb-tormes\/"},"wordCount":133,"publisher":{"@id":"https:\/\/e-leclerc.es\/salamanca\/#organization"},"image":{"@id":"https:\/\/e-leclerc.es\/salamanca\/tendencias\/e-leclerc-renueva-su-compromiso-con-la-cantera-del-cb-tormes\/#primaryimage"},"thumbnailUrl":"https:\/\/e-leclerc.es\/salamanca\/wp-content\/uploads\/sites\/17\/2016\/05\/salamanca2_577.jpg","articleSection":["Uncategorized"],"inLanguage":"es"},{"@type":"WebPage","@id":"https:\/\/e-leclerc.es\/salamanca\/tendencias\/e-leclerc-renueva-su-compromiso-con-la-cantera-del-cb-tormes\/","url":"https:\/\/e-leclerc.es\/salamanca\/tendencias\/e-leclerc-renueva-su-compromiso-con-la-cantera-del-cb-tormes\/","name":"E.Leclerc renueva su compromiso con la cantera del CB Tormes - E.Leclerc Salamanca","isPartOf":{"@id":"https:\/\/e-leclerc.es\/salamanca\/#website"},"primaryImageOfPage":{"@id":"https:\/\/e-leclerc.es\/salamanca\/tendencias\/e-leclerc-renueva-su-compromiso-con-la-cantera-del-cb-tormes\/#primaryimage"},"image":{"@id":"https:\/\/e-leclerc.es\/salamanca\/tendencias\/e-leclerc-renueva-su-compromiso-con-la-cantera-del-cb-tormes\/#primaryimage"},"thumbnailUrl":"https:\/\/e-leclerc.es\/salamanca\/wp-content\/uploads\/sites\/17\/2016\/05\/salamanca2_577.jpg","datePublished":"2016-05-10T09:01:34+00:00","breadcrumb":{"@id":"https:\/\/e-leclerc.es\/salamanca\/tendencias\/e-leclerc-renueva-su-compromiso-con-la-cantera-del-cb-tormes\/#breadcrumb"},"inLanguage":"es","potentialAction":[{"@type":"ReadAction","target":["https:\/\/e-leclerc.es\/salamanca\/tendencias\/e-leclerc-renueva-su-compromiso-con-la-cantera-del-cb-tormes\/"]}]},{"@type":"ImageObject","inLanguage":"es","@id":"https:\/\/e-leclerc.es\/salamanca\/tendencias\/e-leclerc-renueva-su-compromiso-con-la-cantera-del-cb-tormes\/#primaryimage","url":"https:\/\/e-leclerc.es\/salamanca\/wp-content\/uploads\/sites\/17\/2016\/05\/salamanca2_577.jpg","contentUrl":"https:\/\/e-leclerc.es\/salamanca\/wp-content\/uploads\/sites\/17\/2016\/05\/salamanca2_577.jpg","width":225,"height":150},{"@type":"BreadcrumbList","@id":"https:\/\/e-leclerc.es\/salamanca\/tendencias\/e-leclerc-renueva-su-compromiso-con-la-cantera-del-cb-tormes\/#breadcrumb","itemListElement":[{"@type":"ListItem","position":1,"name":"Portada","item":"https:\/\/e-leclerc.es\/salamanca\/"},{"@type":"ListItem","position":2,"name":"E.Leclerc renueva su compromiso con la cantera del CB Tormes"}]},{"@type":"WebSite","@id":"https:\/\/e-leclerc.es\/salamanca\/#website","url":"https:\/\/e-leclerc.es\/salamanca\/","name":"E.Leclerc Salamanca","description":"Descubre los folletos, ofertas y promociones de nuestro hipermercado E.Leclerc Salamanca en Castillla y Le\u00f3n. Direcci\u00f3n | Horario | Productos locales","publisher":{"@id":"https:\/\/e-leclerc.es\/salamanca\/#organization"},"potentialAction":[{"@type":"SearchAction","target":{"@type":"EntryPoint","urlTemplate":"https:\/\/e-leclerc.es\/salamanca\/?s={search_term_string}"},"query-input":{"@type":"PropertyValueSpecification","valueRequired":true,"valueName":"search_term_string"}}],"inLanguage":"es"},{"@type":"Organization","@id":"https:\/\/e-leclerc.es\/salamanca\/#organization","name":"E.Leclerc Salamanca","url":"https:\/\/e-leclerc.es\/salamanca\/","logo":{"@type":"ImageObject","inLanguage":"es","@id":"https:\/\/e-leclerc.es\/salamanca\/#\/schema\/logo\/image\/","url":"https:\/\/e-leclerc.es\/salamanca\/wp-content\/uploads\/sites\/17\/2024\/03\/Leclerc_Logo.svg","contentUrl":"https:\/\/e-leclerc.es\/salamanca\/wp-content\/uploads\/sites\/17\/2024\/03\/Leclerc_Logo.svg","caption":"E.Leclerc Salamanca"},"image":{"@id":"https:\/\/e-leclerc.es\/salamanca\/#\/schema\/logo\/image\/"}}]}},"_links":{"self":[{"href":"https:\/\/e-leclerc.es\/salamanca\/wp-json\/wp\/v2\/posts\/6151","targetHints":{"allow":["GET"]}}],"collection":[{"href":"https:\/\/e-leclerc.es\/salamanca\/wp-json\/wp\/v2\/posts"}],"about":[{"href":"https:\/\/e-leclerc.es\/salamanca\/wp-json\/wp\/v2\/types\/post"}],"replies":[{"embeddable":true,"href":"https:\/\/e-leclerc.es\/salamanca\/wp-json\/wp\/v2\/comments?post=6151"}],"version-history":[{"count":0,"href":"https:\/\/e-leclerc.es\/salamanca\/wp-json\/wp\/v2\/posts\/6151\/revisions"}],"wp:featuredmedia":[{"embeddable":true,"href":"https:\/\/e-leclerc.es\/salamanca\/wp-json\/wp\/v2\/media\/6152"}],"wp:attachment":[{"href":"https:\/\/e-leclerc.es\/salamanca\/wp-json\/wp\/v2\/media?parent=6151"}],"wp:term":[{"taxonomy":"category","embeddable":true,"href":"https:\/\/e-leclerc.es\/salamanca\/wp-json\/wp\/v2\/categories?post=6151"},{"taxonomy":"post_tag","embeddable":true,"href":"https:\/\/e-leclerc.es\/salamanca\/wp-json\/wp\/v2\/tags?post=6151"}],"curies":[{"name":"wp","href":"https:\/\/api.w.org\/{rel}","templated":true}]}}