{"id":10560,"date":"2026-04-27T12:58:41","date_gmt":"2026-04-27T10:58:41","guid":{"rendered":"https:\/\/e-leclerc.es\/salamanca\/tendencias\/\/"},"modified":"2026-04-27T13:12:56","modified_gmt":"2026-04-27T11:12:56","slug":"presentacion-de-7-equipos-de-cantera-del-perfumeria-avenida-en-e-leclerc-salamanca","status":"publish","type":"post","link":"https:\/\/e-leclerc.es\/salamanca\/tendencias\/presentacion-de-7-equipos-de-cantera-del-perfumeria-avenida-en-e-leclerc-salamanca\/","title":{"rendered":"PRESENTACION DE 7 EQUIPOS DE CANTERA DEL PERFUMERIA AVENIDA EN E.LECLERC SALAMANCA"},"content":{"rendered":"\t\t<div data-elementor-type=\"wp-post\" data-elementor-id=\"10560\" class=\"elementor elementor-10560\" data-elementor-post-type=\"post\">\n\t\t\t\t<div class=\"elementor-element elementor-element-93b81fc e-flex e-con-boxed e-con e-parent\" data-id=\"93b81fc\" data-element_type=\"container\" data-e-type=\"container\">\n\t\t\t\t\t<div class=\"e-con-inner\">\n\t\t<div class=\"elementor-element elementor-element-12ed177 e-con-full e-flex e-con e-child\" data-id=\"12ed177\" data-element_type=\"container\" data-e-type=\"container\">\n\t\t<div class=\"elementor-element elementor-element-31c28c3 e-con-full e-flex e-con e-child\" data-id=\"31c28c3\" data-element_type=\"container\" data-e-type=\"container\">\n\t\t\t\t<div class=\"elementor-element elementor-element-cb827fd elementor-widget elementor-widget-heading\" data-id=\"cb827fd\" data-element_type=\"widget\" data-e-type=\"widget\" data-widget_type=\"heading.default\">\n\t\t\t\t<div class=\"elementor-widget-container\">\n\t\t\t\t\t<h2 class=\"elementor-heading-title elementor-size-default\"><h1 style=\"padding: 0px;margin-bottom: 0px;clear: both;, Arial, sans-serif, helvetica;font-size: 40px;letter-spacing: -0.5px;line-height: 44px\">La cantera del perfumerias Avenida presenta a sus 7 equipos  en el Hipermercado E.leclerc de Salamanca enmarcado en los actos conmemorativos del 25\u00ba Aniversario del hipermercado en la ciudad.<span style=\", sans-serif;font-size: 36px\"><\/span><\/h1><\/h2>\t\t\t\t<\/div>\n\t\t\t\t<\/div>\n\t\t\t\t<\/div>\n\t\t\t\t<\/div>\n\t\t\t\t\t<\/div>\n\t\t\t\t<\/div>\n\t\t<div class=\"elementor-element elementor-element-70e8e20 e-flex e-con-boxed e-con e-parent\" data-id=\"70e8e20\" data-element_type=\"container\" data-e-type=\"container\">\n\t\t\t\t\t<div class=\"e-con-inner\">\n\t\t<div class=\"elementor-element elementor-element-aea4bf9 e-con-full e-flex e-con e-child\" data-id=\"aea4bf9\" data-element_type=\"container\" data-e-type=\"container\">\n\t\t\t\t<div class=\"elementor-element elementor-element-c1466d1 elementor-widget elementor-widget-image\" data-id=\"c1466d1\" data-element_type=\"widget\" data-e-type=\"widget\" data-widget_type=\"image.default\">\n\t\t\t\t<div class=\"elementor-widget-container\">\n\t\t\t\t\t\t\t\t\t\t\t\t\t\t\t<img fetchpriority=\"high\" decoding=\"async\" width=\"1024\" height=\"717\" src=\"https:\/\/e-leclerc.es\/salamanca\/wp-content\/uploads\/sites\/17\/2026\/04\/Gaceta-Salamanca-1024x717.webp\" class=\"attachment-large size-large wp-image-10562\" alt=\"\" srcset=\"https:\/\/e-leclerc.es\/salamanca\/wp-content\/uploads\/sites\/17\/2026\/04\/Gaceta-Salamanca-1024x717.webp 1024w, https:\/\/e-leclerc.es\/salamanca\/wp-content\/uploads\/sites\/17\/2026\/04\/Gaceta-Salamanca-300x210.webp 300w, https:\/\/e-leclerc.es\/salamanca\/wp-content\/uploads\/sites\/17\/2026\/04\/Gaceta-Salamanca-768x538.webp 768w, https:\/\/e-leclerc.es\/salamanca\/wp-content\/uploads\/sites\/17\/2026\/04\/Gaceta-Salamanca.webp 1200w\" sizes=\"(max-width: 1024px) 100vw, 1024px\" \/>\t\t\t\t\t\t\t\t\t\t\t\t\t\t\t<\/div>\n\t\t\t\t<\/div>\n\t\t\t\t<\/div>\n\t\t\t\t\t<\/div>\n\t\t\t\t<\/div>\n\t\t<div class=\"elementor-element elementor-element-50a2917 e-flex e-con-boxed e-con e-parent\" data-id=\"50a2917\" data-element_type=\"container\" data-e-type=\"container\">\n\t\t\t\t\t<div class=\"e-con-inner\">\n\t\t<div class=\"elementor-element elementor-element-46983d3 e-con-full e-flex e-con e-child\" data-id=\"46983d3\" data-element_type=\"container\" data-e-type=\"container\">\n\t\t\t\t<div class=\"elementor-element elementor-element-ba31238 elementor-widget elementor-widget-text-editor\" data-id=\"ba31238\" data-element_type=\"widget\" data-e-type=\"widget\" data-widget_type=\"text-editor.default\">\n\t\t\t\t<div class=\"elementor-widget-container\">\n\t\t\t\t\t\t\t\t\t<h4>Con la participaci\u00f3n de tres equipos prebenjamines, cuatro benjamines y cuatro alevines, que representan al club en la 25\/26<\/h4>\t\t\t\t\t\t\t\t<\/div>\n\t\t\t\t<\/div>\n\t\t\t\t<\/div>\n\t\t\t\t\t<\/div>\n\t\t\t\t<\/div>\n\t\t<div class=\"elementor-element elementor-element-efd1122 e-flex e-con-boxed e-con e-parent\" data-id=\"efd1122\" data-element_type=\"container\" data-e-type=\"container\">\n\t\t\t\t\t<div class=\"e-con-inner\">\n\t\t<div class=\"elementor-element elementor-element-050b87e e-con-full e-flex e-con e-child\" data-id=\"050b87e\" data-element_type=\"container\" data-e-type=\"container\">\n\t\t<div class=\"elementor-element elementor-element-ddf14b8 e-con-full e-flex e-con e-child\" data-id=\"ddf14b8\" data-element_type=\"container\" data-e-type=\"container\">\n\t\t\t\t<div class=\"elementor-element elementor-element-df7c2e0 elementor-widget__width-initial elementor-widget elementor-widget-text-editor\" data-id=\"df7c2e0\" data-element_type=\"widget\" data-e-type=\"widget\" data-widget_type=\"text-editor.default\">\n\t\t\t\t<div class=\"elementor-widget-container\">\n\t\t\t\t\t\t\t\t\t<p class=\"v-p\">El\u00a0<strong>Hipermercado E.Leclerc Salamanc<\/strong>a y el\u00a0<strong>Perfumer\u00edas Avenida<\/strong>\u00a0contin\u00faan reforzando su hist\u00f3rica colaboraci\u00f3n con una la celebraci\u00f3n de una de las citas m\u00e1s especiales de toda la temporada para la cantera del conjunto azul\u00f3n. En la jornada de este mi\u00e9rcoles, el hipermercado acogi\u00f3 la presentaci\u00f3n oficial de\u00a0<strong>siete equipos de cantera del club<\/strong>, en una jornada que tuvo un significado muy especial para las partes, al integrarse dentro de los actos del 25\u00ba aniversario de E.Leclerc en Salamanca.<\/p><p class=\"v-p\">Un total de cerca de\u00a0<strong>90 j\u00f3venes deportistas<\/strong>\u00a0fueron los protagonistas de esta celebraci\u00f3n, representando a las distintas categor\u00edas de formaci\u00f3n del club en siete equipos que reflejan \u201cel presente y el futuro del baloncesto charro\u201d, en palabras de las dos entidades.<\/p><p class=\"v-p\">La jornada puso en valor el trabajo de base del Perfumer\u00edas Avenida, as\u00ed como el compromiso de E.Leclerc con el deporte local y con la ciudad de Salamanca durante estos 25 a\u00f1os de actividad.<\/p><p class=\"v-p\">Tras las fotos oficiales, tuvo lugar una sesi\u00f3n de firma de aut\u00f3grafos e im\u00e1genes con<strong>\u00a0Claudia Soriano, Bel\u00e9n Arrojo y Marta Hermida<\/strong>, y para terminar una recepci\u00f3n en el hipermercado.<\/p>\t\t\t\t\t\t\t\t<\/div>\n\t\t\t\t<\/div>\n\t\t\t\t<\/div>\n\t\t\t\t<\/div>\n\t\t\t\t\t<\/div>\n\t\t\t\t<\/div>\n\t\t<div class=\"elementor-element elementor-element-f05814c e-flex e-con-boxed e-con e-parent\" data-id=\"f05814c\" data-element_type=\"container\" data-e-type=\"container\">\n\t\t\t\t\t<div class=\"e-con-inner\">\n\t\t<div class=\"elementor-element elementor-element-405bd28 e-con-full e-flex e-con e-child\" data-id=\"405bd28\" data-element_type=\"container\" data-e-type=\"container\">\n\t\t\t\t<div class=\"elementor-element elementor-element-6d0f815 elementor-widget elementor-widget-image\" data-id=\"6d0f815\" data-element_type=\"widget\" data-e-type=\"widget\" data-widget_type=\"image.default\">\n\t\t\t\t<div class=\"elementor-widget-container\">\n\t\t\t\t\t\t\t\t\t\t\t\t\t\t\t<img decoding=\"async\" width=\"1024\" height=\"666\" src=\"https:\/\/e-leclerc.es\/salamanca\/wp-content\/uploads\/sites\/17\/2026\/04\/0-foto-de-familia-Avenida-cantera-1-1024x666.webp\" class=\"attachment-large size-large wp-image-10573\" alt=\"\" srcset=\"https:\/\/e-leclerc.es\/salamanca\/wp-content\/uploads\/sites\/17\/2026\/04\/0-foto-de-familia-Avenida-cantera-1-1024x666.webp 1024w, https:\/\/e-leclerc.es\/salamanca\/wp-content\/uploads\/sites\/17\/2026\/04\/0-foto-de-familia-Avenida-cantera-1-300x195.webp 300w, https:\/\/e-leclerc.es\/salamanca\/wp-content\/uploads\/sites\/17\/2026\/04\/0-foto-de-familia-Avenida-cantera-1-768x500.webp 768w, https:\/\/e-leclerc.es\/salamanca\/wp-content\/uploads\/sites\/17\/2026\/04\/0-foto-de-familia-Avenida-cantera-1-1536x999.webp 1536w, https:\/\/e-leclerc.es\/salamanca\/wp-content\/uploads\/sites\/17\/2026\/04\/0-foto-de-familia-Avenida-cantera-1.webp 1920w\" sizes=\"(max-width: 1024px) 100vw, 1024px\" \/>\t\t\t\t\t\t\t\t\t\t\t\t\t\t\t<\/div>\n\t\t\t\t<\/div>\n\t\t\t\t<\/div>\n\t\t<div class=\"elementor-element elementor-element-f442a1b e-con-full e-flex e-con e-child\" data-id=\"f442a1b\" data-element_type=\"container\" data-e-type=\"container\">\n\t\t\t\t<div class=\"elementor-element elementor-element-13b9df2 elementor-widget__width-initial elementor-widget elementor-widget-image\" data-id=\"13b9df2\" data-element_type=\"widget\" data-e-type=\"widget\" data-widget_type=\"image.default\">\n\t\t\t\t<div class=\"elementor-widget-container\">\n\t\t\t\t\t\t\t\t\t\t\t\t\t\t\t<img decoding=\"async\" width=\"1024\" height=\"683\" src=\"https:\/\/e-leclerc.es\/salamanca\/wp-content\/uploads\/sites\/17\/2026\/04\/Avenida-cantera-Alevin-A-femenino-2014-1024x683.webp\" class=\"attachment-large size-large wp-image-10571\" alt=\"\" srcset=\"https:\/\/e-leclerc.es\/salamanca\/wp-content\/uploads\/sites\/17\/2026\/04\/Avenida-cantera-Alevin-A-femenino-2014-1024x683.webp 1024w, https:\/\/e-leclerc.es\/salamanca\/wp-content\/uploads\/sites\/17\/2026\/04\/Avenida-cantera-Alevin-A-femenino-2014-300x200.webp 300w, https:\/\/e-leclerc.es\/salamanca\/wp-content\/uploads\/sites\/17\/2026\/04\/Avenida-cantera-Alevin-A-femenino-2014-768x512.webp 768w, https:\/\/e-leclerc.es\/salamanca\/wp-content\/uploads\/sites\/17\/2026\/04\/Avenida-cantera-Alevin-A-femenino-2014-1536x1024.webp 1536w, https:\/\/e-leclerc.es\/salamanca\/wp-content\/uploads\/sites\/17\/2026\/04\/Avenida-cantera-Alevin-A-femenino-2014.webp 1920w\" sizes=\"(max-width: 1024px) 100vw, 1024px\" \/>\t\t\t\t\t\t\t\t\t\t\t\t\t\t\t<\/div>\n\t\t\t\t<\/div>\n\t\t\t\t<div class=\"elementor-element elementor-element-dd551b2 elementor-widget__width-initial elementor-widget elementor-widget-image\" data-id=\"dd551b2\" data-element_type=\"widget\" data-e-type=\"widget\" data-widget_type=\"image.default\">\n\t\t\t\t<div class=\"elementor-widget-container\">\n\t\t\t\t\t\t\t\t\t\t\t\t\t\t\t<img loading=\"lazy\" decoding=\"async\" width=\"1024\" height=\"683\" src=\"https:\/\/e-leclerc.es\/salamanca\/wp-content\/uploads\/sites\/17\/2026\/04\/Avenida-cantera-Alevin-A-masculino-2014-1024x683.webp\" class=\"attachment-large size-large wp-image-10570\" alt=\"\" srcset=\"https:\/\/e-leclerc.es\/salamanca\/wp-content\/uploads\/sites\/17\/2026\/04\/Avenida-cantera-Alevin-A-masculino-2014-1024x683.webp 1024w, https:\/\/e-leclerc.es\/salamanca\/wp-content\/uploads\/sites\/17\/2026\/04\/Avenida-cantera-Alevin-A-masculino-2014-300x200.webp 300w, https:\/\/e-leclerc.es\/salamanca\/wp-content\/uploads\/sites\/17\/2026\/04\/Avenida-cantera-Alevin-A-masculino-2014-768x512.webp 768w, https:\/\/e-leclerc.es\/salamanca\/wp-content\/uploads\/sites\/17\/2026\/04\/Avenida-cantera-Alevin-A-masculino-2014-1536x1024.webp 1536w, https:\/\/e-leclerc.es\/salamanca\/wp-content\/uploads\/sites\/17\/2026\/04\/Avenida-cantera-Alevin-A-masculino-2014.webp 1920w\" sizes=\"(max-width: 1024px) 100vw, 1024px\" \/>\t\t\t\t\t\t\t\t\t\t\t\t\t\t\t<\/div>\n\t\t\t\t<\/div>\n\t\t\t\t<\/div>\n\t\t\t\t\t<\/div>\n\t\t\t\t<\/div>\n\t\t<div class=\"elementor-element elementor-element-2969f8a e-con-full e-flex e-con e-child\" data-id=\"2969f8a\" data-element_type=\"container\" data-e-type=\"container\">\n\t\t\t\t<div class=\"elementor-element elementor-element-dcb9ede elementor-widget__width-initial elementor-widget elementor-widget-image\" data-id=\"dcb9ede\" data-element_type=\"widget\" data-e-type=\"widget\" data-widget_type=\"image.default\">\n\t\t\t\t<div class=\"elementor-widget-container\">\n\t\t\t\t\t\t\t\t\t\t\t\t\t\t\t<img loading=\"lazy\" decoding=\"async\" width=\"1024\" height=\"683\" src=\"https:\/\/e-leclerc.es\/salamanca\/wp-content\/uploads\/sites\/17\/2026\/04\/Avenida-cantera-Benjamin-A-femenino-2016-1024x683.webp\" class=\"attachment-large size-large wp-image-10569\" alt=\"\" srcset=\"https:\/\/e-leclerc.es\/salamanca\/wp-content\/uploads\/sites\/17\/2026\/04\/Avenida-cantera-Benjamin-A-femenino-2016-1024x683.webp 1024w, https:\/\/e-leclerc.es\/salamanca\/wp-content\/uploads\/sites\/17\/2026\/04\/Avenida-cantera-Benjamin-A-femenino-2016-300x200.webp 300w, https:\/\/e-leclerc.es\/salamanca\/wp-content\/uploads\/sites\/17\/2026\/04\/Avenida-cantera-Benjamin-A-femenino-2016-768x512.webp 768w, https:\/\/e-leclerc.es\/salamanca\/wp-content\/uploads\/sites\/17\/2026\/04\/Avenida-cantera-Benjamin-A-femenino-2016-1536x1024.webp 1536w, https:\/\/e-leclerc.es\/salamanca\/wp-content\/uploads\/sites\/17\/2026\/04\/Avenida-cantera-Benjamin-A-femenino-2016.webp 1920w\" sizes=\"(max-width: 1024px) 100vw, 1024px\" \/>\t\t\t\t\t\t\t\t\t\t\t\t\t\t\t<\/div>\n\t\t\t\t<\/div>\n\t\t\t\t<div class=\"elementor-element elementor-element-e969a03 elementor-widget__width-initial elementor-widget elementor-widget-image\" data-id=\"e969a03\" data-element_type=\"widget\" data-e-type=\"widget\" data-widget_type=\"image.default\">\n\t\t\t\t<div class=\"elementor-widget-container\">\n\t\t\t\t\t\t\t\t\t\t\t\t\t\t\t<img loading=\"lazy\" decoding=\"async\" width=\"1024\" height=\"683\" src=\"https:\/\/e-leclerc.es\/salamanca\/wp-content\/uploads\/sites\/17\/2026\/04\/Avenida-cantera-Benjamin-A-masculino-1024x683.webp\" class=\"attachment-large size-large wp-image-10568\" alt=\"\" srcset=\"https:\/\/e-leclerc.es\/salamanca\/wp-content\/uploads\/sites\/17\/2026\/04\/Avenida-cantera-Benjamin-A-masculino-1024x683.webp 1024w, https:\/\/e-leclerc.es\/salamanca\/wp-content\/uploads\/sites\/17\/2026\/04\/Avenida-cantera-Benjamin-A-masculino-300x200.webp 300w, https:\/\/e-leclerc.es\/salamanca\/wp-content\/uploads\/sites\/17\/2026\/04\/Avenida-cantera-Benjamin-A-masculino-768x512.webp 768w, https:\/\/e-leclerc.es\/salamanca\/wp-content\/uploads\/sites\/17\/2026\/04\/Avenida-cantera-Benjamin-A-masculino-1536x1024.webp 1536w, https:\/\/e-leclerc.es\/salamanca\/wp-content\/uploads\/sites\/17\/2026\/04\/Avenida-cantera-Benjamin-A-masculino.webp 1920w\" sizes=\"(max-width: 1024px) 100vw, 1024px\" \/>\t\t\t\t\t\t\t\t\t\t\t\t\t\t\t<\/div>\n\t\t\t\t<\/div>\n\t\t\t\t<\/div>\n\t\t<div class=\"elementor-element elementor-element-722a5f5 e-con-full e-flex e-con e-child\" data-id=\"722a5f5\" data-element_type=\"container\" data-e-type=\"container\">\n\t\t\t\t<div class=\"elementor-element elementor-element-aaf547e elementor-widget__width-initial elementor-widget elementor-widget-image\" data-id=\"aaf547e\" data-element_type=\"widget\" data-e-type=\"widget\" data-widget_type=\"image.default\">\n\t\t\t\t<div class=\"elementor-widget-container\">\n\t\t\t\t\t\t\t\t\t\t\t\t\t\t\t<img loading=\"lazy\" decoding=\"async\" width=\"1024\" height=\"681\" src=\"https:\/\/e-leclerc.es\/salamanca\/wp-content\/uploads\/sites\/17\/2026\/04\/Avenida-cantera-Cadete-B-femenino-1024x681.webp\" class=\"attachment-large size-large wp-image-10567\" alt=\"\" srcset=\"https:\/\/e-leclerc.es\/salamanca\/wp-content\/uploads\/sites\/17\/2026\/04\/Avenida-cantera-Cadete-B-femenino-1024x681.webp 1024w, https:\/\/e-leclerc.es\/salamanca\/wp-content\/uploads\/sites\/17\/2026\/04\/Avenida-cantera-Cadete-B-femenino-300x200.webp 300w, https:\/\/e-leclerc.es\/salamanca\/wp-content\/uploads\/sites\/17\/2026\/04\/Avenida-cantera-Cadete-B-femenino-768x511.webp 768w, https:\/\/e-leclerc.es\/salamanca\/wp-content\/uploads\/sites\/17\/2026\/04\/Avenida-cantera-Cadete-B-femenino-1536x1022.webp 1536w, https:\/\/e-leclerc.es\/salamanca\/wp-content\/uploads\/sites\/17\/2026\/04\/Avenida-cantera-Cadete-B-femenino.webp 1920w\" sizes=\"(max-width: 1024px) 100vw, 1024px\" \/>\t\t\t\t\t\t\t\t\t\t\t\t\t\t\t<\/div>\n\t\t\t\t<\/div>\n\t\t\t\t<div class=\"elementor-element elementor-element-8fc052a elementor-widget__width-initial elementor-widget elementor-widget-image\" data-id=\"8fc052a\" data-element_type=\"widget\" data-e-type=\"widget\" data-widget_type=\"image.default\">\n\t\t\t\t<div class=\"elementor-widget-container\">\n\t\t\t\t\t\t\t\t\t\t\t\t\t\t\t<img loading=\"lazy\" decoding=\"async\" width=\"1024\" height=\"683\" src=\"https:\/\/e-leclerc.es\/salamanca\/wp-content\/uploads\/sites\/17\/2026\/04\/Avenida-cantera-Cadete-B-masculino-1024x683.webp\" class=\"attachment-large size-large wp-image-10566\" alt=\"\" srcset=\"https:\/\/e-leclerc.es\/salamanca\/wp-content\/uploads\/sites\/17\/2026\/04\/Avenida-cantera-Cadete-B-masculino-1024x683.webp 1024w, https:\/\/e-leclerc.es\/salamanca\/wp-content\/uploads\/sites\/17\/2026\/04\/Avenida-cantera-Cadete-B-masculino-300x200.webp 300w, https:\/\/e-leclerc.es\/salamanca\/wp-content\/uploads\/sites\/17\/2026\/04\/Avenida-cantera-Cadete-B-masculino-768x512.webp 768w, https:\/\/e-leclerc.es\/salamanca\/wp-content\/uploads\/sites\/17\/2026\/04\/Avenida-cantera-Cadete-B-masculino-1536x1024.webp 1536w, https:\/\/e-leclerc.es\/salamanca\/wp-content\/uploads\/sites\/17\/2026\/04\/Avenida-cantera-Cadete-B-masculino.webp 1920w\" sizes=\"(max-width: 1024px) 100vw, 1024px\" \/>\t\t\t\t\t\t\t\t\t\t\t\t\t\t\t<\/div>\n\t\t\t\t<\/div>\n\t\t\t\t<\/div>\n\t\t<div class=\"elementor-element elementor-element-bffa1eb e-con-full e-flex e-con e-child\" data-id=\"bffa1eb\" data-element_type=\"container\" data-e-type=\"container\">\n\t\t\t\t<div class=\"elementor-element elementor-element-2b673c9 elementor-widget__width-initial elementor-widget elementor-widget-image\" data-id=\"2b673c9\" data-element_type=\"widget\" data-e-type=\"widget\" data-widget_type=\"image.default\">\n\t\t\t\t<div class=\"elementor-widget-container\">\n\t\t\t\t\t\t\t\t\t\t\t\t\t\t\t<img loading=\"lazy\" decoding=\"async\" width=\"1024\" height=\"683\" src=\"https:\/\/e-leclerc.es\/salamanca\/wp-content\/uploads\/sites\/17\/2026\/04\/Avenida-cantera-Infantil-B-masculino-1024x683.webp\" class=\"attachment-large size-large wp-image-10565\" alt=\"\" srcset=\"https:\/\/e-leclerc.es\/salamanca\/wp-content\/uploads\/sites\/17\/2026\/04\/Avenida-cantera-Infantil-B-masculino-1024x683.webp 1024w, https:\/\/e-leclerc.es\/salamanca\/wp-content\/uploads\/sites\/17\/2026\/04\/Avenida-cantera-Infantil-B-masculino-300x200.webp 300w, https:\/\/e-leclerc.es\/salamanca\/wp-content\/uploads\/sites\/17\/2026\/04\/Avenida-cantera-Infantil-B-masculino-768x512.webp 768w, https:\/\/e-leclerc.es\/salamanca\/wp-content\/uploads\/sites\/17\/2026\/04\/Avenida-cantera-Infantil-B-masculino-1536x1024.webp 1536w, https:\/\/e-leclerc.es\/salamanca\/wp-content\/uploads\/sites\/17\/2026\/04\/Avenida-cantera-Infantil-B-masculino.webp 1920w\" sizes=\"(max-width: 1024px) 100vw, 1024px\" \/>\t\t\t\t\t\t\t\t\t\t\t\t\t\t\t<\/div>\n\t\t\t\t<\/div>\n\t\t\t\t<div class=\"elementor-element elementor-element-3c83775 elementor-widget__width-initial elementor-widget elementor-widget-image\" data-id=\"3c83775\" data-element_type=\"widget\" data-e-type=\"widget\" data-widget_type=\"image.default\">\n\t\t\t\t<div class=\"elementor-widget-container\">\n\t\t\t\t\t\t\t\t\t\t\t\t\t\t\t<img loading=\"lazy\" decoding=\"async\" width=\"1024\" height=\"681\" src=\"https:\/\/e-leclerc.es\/salamanca\/wp-content\/uploads\/sites\/17\/2026\/04\/fotos-con-las-jugadoras-de-Avenida-1-1024x681.webp\" class=\"attachment-large size-large wp-image-10564\" alt=\"\" srcset=\"https:\/\/e-leclerc.es\/salamanca\/wp-content\/uploads\/sites\/17\/2026\/04\/fotos-con-las-jugadoras-de-Avenida-1-1024x681.webp 1024w, https:\/\/e-leclerc.es\/salamanca\/wp-content\/uploads\/sites\/17\/2026\/04\/fotos-con-las-jugadoras-de-Avenida-1-300x200.webp 300w, https:\/\/e-leclerc.es\/salamanca\/wp-content\/uploads\/sites\/17\/2026\/04\/fotos-con-las-jugadoras-de-Avenida-1-768x511.webp 768w, https:\/\/e-leclerc.es\/salamanca\/wp-content\/uploads\/sites\/17\/2026\/04\/fotos-con-las-jugadoras-de-Avenida-1-1536x1022.webp 1536w, https:\/\/e-leclerc.es\/salamanca\/wp-content\/uploads\/sites\/17\/2026\/04\/fotos-con-las-jugadoras-de-Avenida-1.webp 1920w\" sizes=\"(max-width: 1024px) 100vw, 1024px\" \/>\t\t\t\t\t\t\t\t\t\t\t\t\t\t\t<\/div>\n\t\t\t\t<\/div>\n\t\t\t\t<\/div>\n\t\t<div class=\"elementor-element elementor-element-a28ae39 e-con-full e-flex e-con e-child\" data-id=\"a28ae39\" data-element_type=\"container\" data-e-type=\"container\">\n\t\t\t\t<div class=\"elementor-element elementor-element-8100ce1 elementor-widget__width-initial elementor-widget elementor-widget-image\" data-id=\"8100ce1\" data-element_type=\"widget\" data-e-type=\"widget\" data-widget_type=\"image.default\">\n\t\t\t\t<div class=\"elementor-widget-container\">\n\t\t\t\t\t\t\t\t\t\t\t\t\t\t\t<img loading=\"lazy\" decoding=\"async\" width=\"1024\" height=\"683\" src=\"https:\/\/e-leclerc.es\/salamanca\/wp-content\/uploads\/sites\/17\/2026\/04\/fotos-con-las-jugadoras-de-Avenida-2-1024x683.webp\" class=\"attachment-large size-large wp-image-10563\" alt=\"\" srcset=\"https:\/\/e-leclerc.es\/salamanca\/wp-content\/uploads\/sites\/17\/2026\/04\/fotos-con-las-jugadoras-de-Avenida-2-1024x683.webp 1024w, https:\/\/e-leclerc.es\/salamanca\/wp-content\/uploads\/sites\/17\/2026\/04\/fotos-con-las-jugadoras-de-Avenida-2-300x200.webp 300w, https:\/\/e-leclerc.es\/salamanca\/wp-content\/uploads\/sites\/17\/2026\/04\/fotos-con-las-jugadoras-de-Avenida-2-768x512.webp 768w, https:\/\/e-leclerc.es\/salamanca\/wp-content\/uploads\/sites\/17\/2026\/04\/fotos-con-las-jugadoras-de-Avenida-2-1536x1024.webp 1536w, https:\/\/e-leclerc.es\/salamanca\/wp-content\/uploads\/sites\/17\/2026\/04\/fotos-con-las-jugadoras-de-Avenida-2.webp 1920w\" sizes=\"(max-width: 1024px) 100vw, 1024px\" \/>\t\t\t\t\t\t\t\t\t\t\t\t\t\t\t<\/div>\n\t\t\t\t<\/div>\n\t\t\t\t<\/div>\n\t\t\t\t<\/div>\n\t\t","protected":false},"excerpt":{"rendered":"<p>La cantera del perfumerias Avenida presenta a sus 7 equipos en el Hipermercado E.leclerc de Salamanca enmarcado en los actos conmemorativos del 25\u00ba Aniversario del hipermercado en la ciudad. Con la participaci\u00f3n de tres equipos prebenjamines, cuatro benjamines y cuatro alevines, que representan al club en la 25\/26 El\u00a0Hipermercado E.Leclerc Salamanca y el\u00a0Perfumer\u00edas Avenida\u00a0contin\u00faan reforzando [&hellip;]<\/p>\n","protected":false},"author":10,"featured_media":10562,"comment_status":"closed","ping_status":"open","sticky":false,"template":"","format":"standard","meta":{"_acf_changed":false,"footnotes":""},"categories":[123],"tags":[],"class_list":["post-10560","post","type-post","status-publish","format-standard","has-post-thumbnail","hentry","category-e-leclerc-en-los-medios"],"acf":[],"yoast_head":"<!-- This site is optimized with the Yoast SEO plugin v27.4 - https:\/\/yoast.com\/product\/yoast-seo-wordpress\/ -->\n<title>PRESENTACION DE 7 EQUIPOS DE CANTERA DEL PERFUMERIA AVENIDA EN E.LECLERC SALAMANCA - E.Leclerc Salamanca<\/title>\n<meta name=\"description\" content=\"&quot;Sorprende a mam\u00e1 este D\u00eda de la Madre con regalos \u00fanicos y momentos especiales. Encuentra inspiraci\u00f3n para mostrarle cu\u00e1nto la quieres.&quot;\" \/>\n<meta name=\"robots\" content=\"index, follow, max-snippet:-1, max-image-preview:large, max-video-preview:-1\" \/>\n<link rel=\"canonical\" href=\"https:\/\/e-leclerc.es\/salamanca\/tendencias\/presentacion-de-7-equipos-de-cantera-del-perfumeria-avenida-en-e-leclerc-salamanca\/\" \/>\n<meta property=\"og:locale\" content=\"es_ES\" \/>\n<meta property=\"og:type\" content=\"article\" \/>\n<meta property=\"og:title\" content=\"PRESENTACION DE 7 EQUIPOS DE CANTERA DEL PERFUMERIA AVENIDA EN E.LECLERC SALAMANCA - E.Leclerc Salamanca\" \/>\n<meta property=\"og:description\" content=\"&quot;Sorprende a mam\u00e1 este D\u00eda de la Madre con regalos \u00fanicos y momentos especiales. Encuentra inspiraci\u00f3n para mostrarle cu\u00e1nto la quieres.&quot;\" \/>\n<meta property=\"og:url\" content=\"https:\/\/e-leclerc.es\/salamanca\/tendencias\/presentacion-de-7-equipos-de-cantera-del-perfumeria-avenida-en-e-leclerc-salamanca\/\" \/>\n<meta property=\"og:site_name\" content=\"E.Leclerc Salamanca\" \/>\n<meta property=\"article:published_time\" content=\"2026-04-27T10:58:41+00:00\" \/>\n<meta property=\"article:modified_time\" content=\"2026-04-27T11:12:56+00:00\" \/>\n<meta property=\"og:image\" content=\"https:\/\/e-leclerc.es\/salamanca\/wp-content\/uploads\/sites\/17\/2026\/04\/Gaceta-Salamanca.webp\" \/>\n\t<meta property=\"og:image:width\" content=\"1200\" \/>\n\t<meta property=\"og:image:height\" content=\"840\" \/>\n\t<meta property=\"og:image:type\" content=\"image\/webp\" \/>\n<meta name=\"author\" content=\"ruben\" \/>\n<meta name=\"twitter:card\" content=\"summary_large_image\" \/>\n<meta name=\"twitter:label1\" content=\"Escrito por\" \/>\n\t<meta name=\"twitter:data1\" content=\"ruben\" \/>\n\t<meta name=\"twitter:label2\" content=\"Tiempo de lectura\" \/>\n\t<meta name=\"twitter:data2\" content=\"4 minutos\" \/>\n<script type=\"application\/ld+json\" class=\"yoast-schema-graph\">{\"@context\":\"https:\\\/\\\/schema.org\",\"@graph\":[{\"@type\":\"Article\",\"@id\":\"https:\\\/\\\/e-leclerc.es\\\/salamanca\\\/tendencias\\\/presentacion-de-7-equipos-de-cantera-del-perfumeria-avenida-en-e-leclerc-salamanca\\\/#article\",\"isPartOf\":{\"@id\":\"https:\\\/\\\/e-leclerc.es\\\/salamanca\\\/tendencias\\\/presentacion-de-7-equipos-de-cantera-del-perfumeria-avenida-en-e-leclerc-salamanca\\\/\"},\"author\":{\"name\":\"ruben\",\"@id\":\"https:\\\/\\\/e-leclerc.es\\\/salamanca\\\/#\\\/schema\\\/person\\\/d99183b333e5e25460aa08615e743439\"},\"headline\":\"PRESENTACION DE 7 EQUIPOS DE CANTERA DEL PERFUMERIA AVENIDA EN E.LECLERC SALAMANCA\",\"datePublished\":\"2026-04-27T10:58:41+00:00\",\"dateModified\":\"2026-04-27T11:12:56+00:00\",\"mainEntityOfPage\":{\"@id\":\"https:\\\/\\\/e-leclerc.es\\\/salamanca\\\/tendencias\\\/presentacion-de-7-equipos-de-cantera-del-perfumeria-avenida-en-e-leclerc-salamanca\\\/\"},\"wordCount\":263,\"publisher\":{\"@id\":\"https:\\\/\\\/e-leclerc.es\\\/salamanca\\\/#organization\"},\"image\":{\"@id\":\"https:\\\/\\\/e-leclerc.es\\\/salamanca\\\/tendencias\\\/presentacion-de-7-equipos-de-cantera-del-perfumeria-avenida-en-e-leclerc-salamanca\\\/#primaryimage\"},\"thumbnailUrl\":\"https:\\\/\\\/e-leclerc.es\\\/salamanca\\\/wp-content\\\/uploads\\\/sites\\\/17\\\/2026\\\/04\\\/Gaceta-Salamanca.webp\",\"articleSection\":[\"E.Leclerc en los medios\"],\"inLanguage\":\"es\"},{\"@type\":\"WebPage\",\"@id\":\"https:\\\/\\\/e-leclerc.es\\\/salamanca\\\/tendencias\\\/presentacion-de-7-equipos-de-cantera-del-perfumeria-avenida-en-e-leclerc-salamanca\\\/\",\"url\":\"https:\\\/\\\/e-leclerc.es\\\/salamanca\\\/tendencias\\\/presentacion-de-7-equipos-de-cantera-del-perfumeria-avenida-en-e-leclerc-salamanca\\\/\",\"name\":\"PRESENTACION DE 7 EQUIPOS DE CANTERA DEL PERFUMERIA AVENIDA EN E.LECLERC SALAMANCA - E.Leclerc Salamanca\",\"isPartOf\":{\"@id\":\"https:\\\/\\\/e-leclerc.es\\\/salamanca\\\/#website\"},\"primaryImageOfPage\":{\"@id\":\"https:\\\/\\\/e-leclerc.es\\\/salamanca\\\/tendencias\\\/presentacion-de-7-equipos-de-cantera-del-perfumeria-avenida-en-e-leclerc-salamanca\\\/#primaryimage\"},\"image\":{\"@id\":\"https:\\\/\\\/e-leclerc.es\\\/salamanca\\\/tendencias\\\/presentacion-de-7-equipos-de-cantera-del-perfumeria-avenida-en-e-leclerc-salamanca\\\/#primaryimage\"},\"thumbnailUrl\":\"https:\\\/\\\/e-leclerc.es\\\/salamanca\\\/wp-content\\\/uploads\\\/sites\\\/17\\\/2026\\\/04\\\/Gaceta-Salamanca.webp\",\"datePublished\":\"2026-04-27T10:58:41+00:00\",\"dateModified\":\"2026-04-27T11:12:56+00:00\",\"description\":\"\\\"Sorprende a mam\u00e1 este D\u00eda de la Madre con regalos \u00fanicos y momentos especiales. Encuentra inspiraci\u00f3n para mostrarle cu\u00e1nto la quieres.\\\"\",\"breadcrumb\":{\"@id\":\"https:\\\/\\\/e-leclerc.es\\\/salamanca\\\/tendencias\\\/presentacion-de-7-equipos-de-cantera-del-perfumeria-avenida-en-e-leclerc-salamanca\\\/#breadcrumb\"},\"inLanguage\":\"es\",\"potentialAction\":[{\"@type\":\"ReadAction\",\"target\":[\"https:\\\/\\\/e-leclerc.es\\\/salamanca\\\/tendencias\\\/presentacion-de-7-equipos-de-cantera-del-perfumeria-avenida-en-e-leclerc-salamanca\\\/\"]}]},{\"@type\":\"ImageObject\",\"inLanguage\":\"es\",\"@id\":\"https:\\\/\\\/e-leclerc.es\\\/salamanca\\\/tendencias\\\/presentacion-de-7-equipos-de-cantera-del-perfumeria-avenida-en-e-leclerc-salamanca\\\/#primaryimage\",\"url\":\"https:\\\/\\\/e-leclerc.es\\\/salamanca\\\/wp-content\\\/uploads\\\/sites\\\/17\\\/2026\\\/04\\\/Gaceta-Salamanca.webp\",\"contentUrl\":\"https:\\\/\\\/e-leclerc.es\\\/salamanca\\\/wp-content\\\/uploads\\\/sites\\\/17\\\/2026\\\/04\\\/Gaceta-Salamanca.webp\",\"width\":1200,\"height\":840},{\"@type\":\"BreadcrumbList\",\"@id\":\"https:\\\/\\\/e-leclerc.es\\\/salamanca\\\/tendencias\\\/presentacion-de-7-equipos-de-cantera-del-perfumeria-avenida-en-e-leclerc-salamanca\\\/#breadcrumb\",\"itemListElement\":[{\"@type\":\"ListItem\",\"position\":1,\"name\":\"Portada\",\"item\":\"https:\\\/\\\/e-leclerc.es\\\/salamanca\\\/\"},{\"@type\":\"ListItem\",\"position\":2,\"name\":\"PRESENTACION DE 7 EQUIPOS DE CANTERA DEL PERFUMERIA AVENIDA EN E.LECLERC SALAMANCA\"}]},{\"@type\":\"WebSite\",\"@id\":\"https:\\\/\\\/e-leclerc.es\\\/salamanca\\\/#website\",\"url\":\"https:\\\/\\\/e-leclerc.es\\\/salamanca\\\/\",\"name\":\"E.Leclerc Salamanca\",\"description\":\"Descubre los folletos, ofertas y promociones de nuestro hipermercado E.Leclerc Salamanca en Castillla y Le\u00f3n. Direcci\u00f3n | Horario | Productos locales\",\"publisher\":{\"@id\":\"https:\\\/\\\/e-leclerc.es\\\/salamanca\\\/#organization\"},\"potentialAction\":[{\"@type\":\"SearchAction\",\"target\":{\"@type\":\"EntryPoint\",\"urlTemplate\":\"https:\\\/\\\/e-leclerc.es\\\/salamanca\\\/?s={search_term_string}\"},\"query-input\":{\"@type\":\"PropertyValueSpecification\",\"valueRequired\":true,\"valueName\":\"search_term_string\"}}],\"inLanguage\":\"es\"},{\"@type\":\"Organization\",\"@id\":\"https:\\\/\\\/e-leclerc.es\\\/salamanca\\\/#organization\",\"name\":\"E.Leclerc Salamanca\",\"url\":\"https:\\\/\\\/e-leclerc.es\\\/salamanca\\\/\",\"logo\":{\"@type\":\"ImageObject\",\"inLanguage\":\"es\",\"@id\":\"https:\\\/\\\/e-leclerc.es\\\/salamanca\\\/#\\\/schema\\\/logo\\\/image\\\/\",\"url\":\"https:\\\/\\\/e-leclerc.es\\\/salamanca\\\/wp-content\\\/uploads\\\/sites\\\/17\\\/2024\\\/03\\\/Leclerc_Logo.svg\",\"contentUrl\":\"https:\\\/\\\/e-leclerc.es\\\/salamanca\\\/wp-content\\\/uploads\\\/sites\\\/17\\\/2024\\\/03\\\/Leclerc_Logo.svg\",\"caption\":\"E.Leclerc Salamanca\"},\"image\":{\"@id\":\"https:\\\/\\\/e-leclerc.es\\\/salamanca\\\/#\\\/schema\\\/logo\\\/image\\\/\"}},{\"@type\":\"Person\",\"@id\":\"https:\\\/\\\/e-leclerc.es\\\/salamanca\\\/#\\\/schema\\\/person\\\/d99183b333e5e25460aa08615e743439\",\"name\":\"ruben\",\"url\":\"https:\\\/\\\/e-leclerc.es\\\/salamanca\\\/author\\\/ruben\\\/\"}]}<\/script>\n<!-- \/ Yoast SEO plugin. -->","yoast_head_json":{"title":"PRESENTACION DE 7 EQUIPOS DE CANTERA DEL PERFUMERIA AVENIDA EN E.LECLERC SALAMANCA - E.Leclerc Salamanca","description":"\"Sorprende a mam\u00e1 este D\u00eda de la Madre con regalos \u00fanicos y momentos especiales. Encuentra inspiraci\u00f3n para mostrarle cu\u00e1nto la quieres.\"","robots":{"index":"index","follow":"follow","max-snippet":"max-snippet:-1","max-image-preview":"max-image-preview:large","max-video-preview":"max-video-preview:-1"},"canonical":"https:\/\/e-leclerc.es\/salamanca\/tendencias\/presentacion-de-7-equipos-de-cantera-del-perfumeria-avenida-en-e-leclerc-salamanca\/","og_locale":"es_ES","og_type":"article","og_title":"PRESENTACION DE 7 EQUIPOS DE CANTERA DEL PERFUMERIA AVENIDA EN E.LECLERC SALAMANCA - E.Leclerc Salamanca","og_description":"\"Sorprende a mam\u00e1 este D\u00eda de la Madre con regalos \u00fanicos y momentos especiales. Encuentra inspiraci\u00f3n para mostrarle cu\u00e1nto la quieres.\"","og_url":"https:\/\/e-leclerc.es\/salamanca\/tendencias\/presentacion-de-7-equipos-de-cantera-del-perfumeria-avenida-en-e-leclerc-salamanca\/","og_site_name":"E.Leclerc Salamanca","article_published_time":"2026-04-27T10:58:41+00:00","article_modified_time":"2026-04-27T11:12:56+00:00","og_image":[{"width":1200,"height":840,"url":"https:\/\/e-leclerc.es\/salamanca\/wp-content\/uploads\/sites\/17\/2026\/04\/Gaceta-Salamanca.webp","type":"image\/webp"}],"author":"ruben","twitter_card":"summary_large_image","twitter_misc":{"Escrito por":"ruben","Tiempo de lectura":"4 minutos"},"schema":{"@context":"https:\/\/schema.org","@graph":[{"@type":"Article","@id":"https:\/\/e-leclerc.es\/salamanca\/tendencias\/presentacion-de-7-equipos-de-cantera-del-perfumeria-avenida-en-e-leclerc-salamanca\/#article","isPartOf":{"@id":"https:\/\/e-leclerc.es\/salamanca\/tendencias\/presentacion-de-7-equipos-de-cantera-del-perfumeria-avenida-en-e-leclerc-salamanca\/"},"author":{"name":"ruben","@id":"https:\/\/e-leclerc.es\/salamanca\/#\/schema\/person\/d99183b333e5e25460aa08615e743439"},"headline":"PRESENTACION DE 7 EQUIPOS DE CANTERA DEL PERFUMERIA AVENIDA EN E.LECLERC SALAMANCA","datePublished":"2026-04-27T10:58:41+00:00","dateModified":"2026-04-27T11:12:56+00:00","mainEntityOfPage":{"@id":"https:\/\/e-leclerc.es\/salamanca\/tendencias\/presentacion-de-7-equipos-de-cantera-del-perfumeria-avenida-en-e-leclerc-salamanca\/"},"wordCount":263,"publisher":{"@id":"https:\/\/e-leclerc.es\/salamanca\/#organization"},"image":{"@id":"https:\/\/e-leclerc.es\/salamanca\/tendencias\/presentacion-de-7-equipos-de-cantera-del-perfumeria-avenida-en-e-leclerc-salamanca\/#primaryimage"},"thumbnailUrl":"https:\/\/e-leclerc.es\/salamanca\/wp-content\/uploads\/sites\/17\/2026\/04\/Gaceta-Salamanca.webp","articleSection":["E.Leclerc en los medios"],"inLanguage":"es"},{"@type":"WebPage","@id":"https:\/\/e-leclerc.es\/salamanca\/tendencias\/presentacion-de-7-equipos-de-cantera-del-perfumeria-avenida-en-e-leclerc-salamanca\/","url":"https:\/\/e-leclerc.es\/salamanca\/tendencias\/presentacion-de-7-equipos-de-cantera-del-perfumeria-avenida-en-e-leclerc-salamanca\/","name":"PRESENTACION DE 7 EQUIPOS DE CANTERA DEL PERFUMERIA AVENIDA EN E.LECLERC SALAMANCA - E.Leclerc Salamanca","isPartOf":{"@id":"https:\/\/e-leclerc.es\/salamanca\/#website"},"primaryImageOfPage":{"@id":"https:\/\/e-leclerc.es\/salamanca\/tendencias\/presentacion-de-7-equipos-de-cantera-del-perfumeria-avenida-en-e-leclerc-salamanca\/#primaryimage"},"image":{"@id":"https:\/\/e-leclerc.es\/salamanca\/tendencias\/presentacion-de-7-equipos-de-cantera-del-perfumeria-avenida-en-e-leclerc-salamanca\/#primaryimage"},"thumbnailUrl":"https:\/\/e-leclerc.es\/salamanca\/wp-content\/uploads\/sites\/17\/2026\/04\/Gaceta-Salamanca.webp","datePublished":"2026-04-27T10:58:41+00:00","dateModified":"2026-04-27T11:12:56+00:00","description":"\"Sorprende a mam\u00e1 este D\u00eda de la Madre con regalos \u00fanicos y momentos especiales. Encuentra inspiraci\u00f3n para mostrarle cu\u00e1nto la quieres.\"","breadcrumb":{"@id":"https:\/\/e-leclerc.es\/salamanca\/tendencias\/presentacion-de-7-equipos-de-cantera-del-perfumeria-avenida-en-e-leclerc-salamanca\/#breadcrumb"},"inLanguage":"es","potentialAction":[{"@type":"ReadAction","target":["https:\/\/e-leclerc.es\/salamanca\/tendencias\/presentacion-de-7-equipos-de-cantera-del-perfumeria-avenida-en-e-leclerc-salamanca\/"]}]},{"@type":"ImageObject","inLanguage":"es","@id":"https:\/\/e-leclerc.es\/salamanca\/tendencias\/presentacion-de-7-equipos-de-cantera-del-perfumeria-avenida-en-e-leclerc-salamanca\/#primaryimage","url":"https:\/\/e-leclerc.es\/salamanca\/wp-content\/uploads\/sites\/17\/2026\/04\/Gaceta-Salamanca.webp","contentUrl":"https:\/\/e-leclerc.es\/salamanca\/wp-content\/uploads\/sites\/17\/2026\/04\/Gaceta-Salamanca.webp","width":1200,"height":840},{"@type":"BreadcrumbList","@id":"https:\/\/e-leclerc.es\/salamanca\/tendencias\/presentacion-de-7-equipos-de-cantera-del-perfumeria-avenida-en-e-leclerc-salamanca\/#breadcrumb","itemListElement":[{"@type":"ListItem","position":1,"name":"Portada","item":"https:\/\/e-leclerc.es\/salamanca\/"},{"@type":"ListItem","position":2,"name":"PRESENTACION DE 7 EQUIPOS DE CANTERA DEL PERFUMERIA AVENIDA EN E.LECLERC SALAMANCA"}]},{"@type":"WebSite","@id":"https:\/\/e-leclerc.es\/salamanca\/#website","url":"https:\/\/e-leclerc.es\/salamanca\/","name":"E.Leclerc Salamanca","description":"Descubre los folletos, ofertas y promociones de nuestro hipermercado E.Leclerc Salamanca en Castillla y Le\u00f3n. Direcci\u00f3n | Horario | Productos locales","publisher":{"@id":"https:\/\/e-leclerc.es\/salamanca\/#organization"},"potentialAction":[{"@type":"SearchAction","target":{"@type":"EntryPoint","urlTemplate":"https:\/\/e-leclerc.es\/salamanca\/?s={search_term_string}"},"query-input":{"@type":"PropertyValueSpecification","valueRequired":true,"valueName":"search_term_string"}}],"inLanguage":"es"},{"@type":"Organization","@id":"https:\/\/e-leclerc.es\/salamanca\/#organization","name":"E.Leclerc Salamanca","url":"https:\/\/e-leclerc.es\/salamanca\/","logo":{"@type":"ImageObject","inLanguage":"es","@id":"https:\/\/e-leclerc.es\/salamanca\/#\/schema\/logo\/image\/","url":"https:\/\/e-leclerc.es\/salamanca\/wp-content\/uploads\/sites\/17\/2024\/03\/Leclerc_Logo.svg","contentUrl":"https:\/\/e-leclerc.es\/salamanca\/wp-content\/uploads\/sites\/17\/2024\/03\/Leclerc_Logo.svg","caption":"E.Leclerc Salamanca"},"image":{"@id":"https:\/\/e-leclerc.es\/salamanca\/#\/schema\/logo\/image\/"}},{"@type":"Person","@id":"https:\/\/e-leclerc.es\/salamanca\/#\/schema\/person\/d99183b333e5e25460aa08615e743439","name":"ruben","url":"https:\/\/e-leclerc.es\/salamanca\/author\/ruben\/"}]}},"_links":{"self":[{"href":"https:\/\/e-leclerc.es\/salamanca\/wp-json\/wp\/v2\/posts\/10560","targetHints":{"allow":["GET"]}}],"collection":[{"href":"https:\/\/e-leclerc.es\/salamanca\/wp-json\/wp\/v2\/posts"}],"about":[{"href":"https:\/\/e-leclerc.es\/salamanca\/wp-json\/wp\/v2\/types\/post"}],"author":[{"embeddable":true,"href":"https:\/\/e-leclerc.es\/salamanca\/wp-json\/wp\/v2\/users\/10"}],"replies":[{"embeddable":true,"href":"https:\/\/e-leclerc.es\/salamanca\/wp-json\/wp\/v2\/comments?post=10560"}],"version-history":[{"count":7,"href":"https:\/\/e-leclerc.es\/salamanca\/wp-json\/wp\/v2\/posts\/10560\/revisions"}],"predecessor-version":[{"id":10581,"href":"https:\/\/e-leclerc.es\/salamanca\/wp-json\/wp\/v2\/posts\/10560\/revisions\/10581"}],"wp:featuredmedia":[{"embeddable":true,"href":"https:\/\/e-leclerc.es\/salamanca\/wp-json\/wp\/v2\/media\/10562"}],"wp:attachment":[{"href":"https:\/\/e-leclerc.es\/salamanca\/wp-json\/wp\/v2\/media?parent=10560"}],"wp:term":[{"taxonomy":"category","embeddable":true,"href":"https:\/\/e-leclerc.es\/salamanca\/wp-json\/wp\/v2\/categories?post=10560"},{"taxonomy":"post_tag","embeddable":true,"href":"https:\/\/e-leclerc.es\/salamanca\/wp-json\/wp\/v2\/tags?post=10560"}],"curies":[{"name":"wp","href":"https:\/\/api.w.org\/{rel}","templated":true}]}}