{"id":6781,"date":"2016-05-10T11:12:43","date_gmt":"2016-05-10T09:12:43","guid":{"rendered":"https:\/\/www.e-leclerc.es\/pamplona\/tendencias\/e-leclerc-celebra-la-tercera-edicion-del-dia-gastronomico-de-navarra-con-reyno-gourmet\/"},"modified":"2016-05-10T11:12:43","modified_gmt":"2016-05-10T09:12:43","slug":"e-leclerc-celebra-la-tercera-edicion-del-dia-gastronomico-de-navarra-con-reyno-gourmet","status":"publish","type":"post","link":"https:\/\/e-leclerc.es\/pamplona\/tendencias\/e-leclerc-celebra-la-tercera-edicion-del-dia-gastronomico-de-navarra-con-reyno-gourmet\/","title":{"rendered":"E.Leclerc celebra la tercera edici\u00f3n del &#8216;D\u00eda gastron\u00f3mico de Navarra&#8217; con Reyno Gourmet"},"content":{"rendered":"<p>El pr\u00f3ximo domingo 21 de septiembre, de 12:00 a 15:00 horas, los clientes de E.Leclerc podr\u00e1n degustar IGP Cordero de Navarra, IGP Ternera de Navarra, acompa\u00f1ados de Vinos DO Navarra en el parking del hipermercado&#8230;<br \/>\n<a href=\"http:\/\/www.noticiasdenavarra.com\/2014\/09\/18\/ocio-y-cultura\/ocio\/eleclerc-celebra-la-tercera-edicion-del-dia-gastronomico-de-navarra-con-reyno-gourmet\" target=\"_blank\" rel=\"noopener\">Leer m\u00e1s<\/a><\/p>\n<p><a href=\"http:\/\/static.e-leclerc.es.s3.amazonaws.com\/images\/extras\/F027_Economia.pdf\" target=\"_blank\" rel=\"noopener\">Diario de noticias<\/a><\/p>\n","protected":false},"excerpt":{"rendered":"<p>El pr\u00f3ximo domingo 21 de septiembre, de 12:00 a 15:00 horas, los clientes de E.Leclerc podr\u00e1n degustar IGP Cordero de Navarra, IGP Ternera de Navarra, acompa\u00f1ados de Vinos DO Navarra en el parking del hipermercado&#8230; Leer m\u00e1s Diario de noticias<\/p>\n","protected":false},"author":0,"featured_media":6782,"comment_status":"","ping_status":"open","sticky":false,"template":"","format":"standard","meta":{"_acf_changed":false,"footnotes":""},"categories":[1],"tags":[],"class_list":["post-6781","post","type-post","status-publish","format-standard","has-post-thumbnail","hentry","category-uncategorized"],"acf":[],"yoast_head":"<!-- This site is optimized with the Yoast SEO plugin v27.4 - https:\/\/yoast.com\/product\/yoast-seo-wordpress\/ -->\n<title>E.Leclerc celebra la tercera edici\u00f3n del &#039;D\u00eda gastron\u00f3mico de Navarra&#039; con Reyno Gourmet - E.Leclerc Pamplona<\/title>\n<meta name=\"robots\" content=\"index, follow, max-snippet:-1, max-image-preview:large, max-video-preview:-1\" \/>\n<link rel=\"canonical\" href=\"https:\/\/e-leclerc.es\/pamplona\/tendencias\/e-leclerc-celebra-la-tercera-edicion-del-dia-gastronomico-de-navarra-con-reyno-gourmet\/\" \/>\n<meta property=\"og:locale\" content=\"es_ES\" \/>\n<meta property=\"og:type\" content=\"article\" \/>\n<meta property=\"og:title\" content=\"E.Leclerc celebra la tercera edici\u00f3n del &#039;D\u00eda gastron\u00f3mico de Navarra&#039; con Reyno Gourmet - E.Leclerc Pamplona\" \/>\n<meta property=\"og:description\" content=\"El pr\u00f3ximo domingo 21 de septiembre, de 12:00 a 15:00 horas, los clientes de E.Leclerc podr\u00e1n degustar IGP Cordero de Navarra, IGP Ternera de Navarra, acompa\u00f1ados de Vinos DO Navarra en el parking del hipermercado&#8230; Leer m\u00e1s Diario de noticias\" \/>\n<meta property=\"og:url\" content=\"https:\/\/e-leclerc.es\/pamplona\/tendencias\/e-leclerc-celebra-la-tercera-edicion-del-dia-gastronomico-de-navarra-con-reyno-gourmet\/\" \/>\n<meta property=\"og:site_name\" content=\"E.Leclerc Pamplona\" \/>\n<meta property=\"article:published_time\" content=\"2016-05-10T09:12:43+00:00\" \/>\n<meta property=\"og:image\" content=\"https:\/\/e-leclerc.es\/pamplona\/wp-content\/uploads\/sites\/16\/2016\/05\/1_890.jpg\" \/>\n\t<meta property=\"og:image:width\" content=\"614\" \/>\n\t<meta property=\"og:image:height\" content=\"348\" \/>\n\t<meta property=\"og:image:type\" content=\"image\/jpeg\" \/>\n<meta name=\"twitter:card\" content=\"summary_large_image\" \/>\n<script type=\"application\/ld+json\" class=\"yoast-schema-graph\">{\"@context\":\"https:\\\/\\\/schema.org\",\"@graph\":[{\"@type\":\"Article\",\"@id\":\"https:\\\/\\\/e-leclerc.es\\\/pamplona\\\/tendencias\\\/e-leclerc-celebra-la-tercera-edicion-del-dia-gastronomico-de-navarra-con-reyno-gourmet\\\/#article\",\"isPartOf\":{\"@id\":\"https:\\\/\\\/e-leclerc.es\\\/pamplona\\\/tendencias\\\/e-leclerc-celebra-la-tercera-edicion-del-dia-gastronomico-de-navarra-con-reyno-gourmet\\\/\"},\"author\":{\"name\":\"\",\"@id\":\"\"},\"headline\":\"E.Leclerc celebra la tercera edici\u00f3n del &#8216;D\u00eda gastron\u00f3mico de Navarra&#8217; con Reyno Gourmet\",\"datePublished\":\"2016-05-10T09:12:43+00:00\",\"mainEntityOfPage\":{\"@id\":\"https:\\\/\\\/e-leclerc.es\\\/pamplona\\\/tendencias\\\/e-leclerc-celebra-la-tercera-edicion-del-dia-gastronomico-de-navarra-con-reyno-gourmet\\\/\"},\"wordCount\":59,\"publisher\":{\"@id\":\"https:\\\/\\\/e-leclerc.es\\\/pamplona\\\/#organization\"},\"image\":{\"@id\":\"https:\\\/\\\/e-leclerc.es\\\/pamplona\\\/tendencias\\\/e-leclerc-celebra-la-tercera-edicion-del-dia-gastronomico-de-navarra-con-reyno-gourmet\\\/#primaryimage\"},\"thumbnailUrl\":\"https:\\\/\\\/e-leclerc.es\\\/pamplona\\\/wp-content\\\/uploads\\\/sites\\\/16\\\/2016\\\/05\\\/1_890.jpg\",\"articleSection\":[\"Uncategorized\"],\"inLanguage\":\"es\"},{\"@type\":\"WebPage\",\"@id\":\"https:\\\/\\\/e-leclerc.es\\\/pamplona\\\/tendencias\\\/e-leclerc-celebra-la-tercera-edicion-del-dia-gastronomico-de-navarra-con-reyno-gourmet\\\/\",\"url\":\"https:\\\/\\\/e-leclerc.es\\\/pamplona\\\/tendencias\\\/e-leclerc-celebra-la-tercera-edicion-del-dia-gastronomico-de-navarra-con-reyno-gourmet\\\/\",\"name\":\"E.Leclerc celebra la tercera edici\u00f3n del 'D\u00eda gastron\u00f3mico de Navarra' con Reyno Gourmet - E.Leclerc Pamplona\",\"isPartOf\":{\"@id\":\"https:\\\/\\\/e-leclerc.es\\\/pamplona\\\/#website\"},\"primaryImageOfPage\":{\"@id\":\"https:\\\/\\\/e-leclerc.es\\\/pamplona\\\/tendencias\\\/e-leclerc-celebra-la-tercera-edicion-del-dia-gastronomico-de-navarra-con-reyno-gourmet\\\/#primaryimage\"},\"image\":{\"@id\":\"https:\\\/\\\/e-leclerc.es\\\/pamplona\\\/tendencias\\\/e-leclerc-celebra-la-tercera-edicion-del-dia-gastronomico-de-navarra-con-reyno-gourmet\\\/#primaryimage\"},\"thumbnailUrl\":\"https:\\\/\\\/e-leclerc.es\\\/pamplona\\\/wp-content\\\/uploads\\\/sites\\\/16\\\/2016\\\/05\\\/1_890.jpg\",\"datePublished\":\"2016-05-10T09:12:43+00:00\",\"breadcrumb\":{\"@id\":\"https:\\\/\\\/e-leclerc.es\\\/pamplona\\\/tendencias\\\/e-leclerc-celebra-la-tercera-edicion-del-dia-gastronomico-de-navarra-con-reyno-gourmet\\\/#breadcrumb\"},\"inLanguage\":\"es\",\"potentialAction\":[{\"@type\":\"ReadAction\",\"target\":[\"https:\\\/\\\/e-leclerc.es\\\/pamplona\\\/tendencias\\\/e-leclerc-celebra-la-tercera-edicion-del-dia-gastronomico-de-navarra-con-reyno-gourmet\\\/\"]}]},{\"@type\":\"ImageObject\",\"inLanguage\":\"es\",\"@id\":\"https:\\\/\\\/e-leclerc.es\\\/pamplona\\\/tendencias\\\/e-leclerc-celebra-la-tercera-edicion-del-dia-gastronomico-de-navarra-con-reyno-gourmet\\\/#primaryimage\",\"url\":\"https:\\\/\\\/e-leclerc.es\\\/pamplona\\\/wp-content\\\/uploads\\\/sites\\\/16\\\/2016\\\/05\\\/1_890.jpg\",\"contentUrl\":\"https:\\\/\\\/e-leclerc.es\\\/pamplona\\\/wp-content\\\/uploads\\\/sites\\\/16\\\/2016\\\/05\\\/1_890.jpg\",\"width\":614,\"height\":348},{\"@type\":\"BreadcrumbList\",\"@id\":\"https:\\\/\\\/e-leclerc.es\\\/pamplona\\\/tendencias\\\/e-leclerc-celebra-la-tercera-edicion-del-dia-gastronomico-de-navarra-con-reyno-gourmet\\\/#breadcrumb\",\"itemListElement\":[{\"@type\":\"ListItem\",\"position\":1,\"name\":\"Portada\",\"item\":\"https:\\\/\\\/e-leclerc.es\\\/pamplona\\\/\"},{\"@type\":\"ListItem\",\"position\":2,\"name\":\"E.Leclerc celebra la tercera edici\u00f3n del &#8216;D\u00eda gastron\u00f3mico de Navarra&#8217; con Reyno Gourmet\"}]},{\"@type\":\"WebSite\",\"@id\":\"https:\\\/\\\/e-leclerc.es\\\/pamplona\\\/#website\",\"url\":\"https:\\\/\\\/e-leclerc.es\\\/pamplona\\\/\",\"name\":\"E.Leclerc Pamplona\",\"description\":\"Descubre los folletos, ofertas y promociones de nuestro hipermercado E.Leclerc Pamplona en Arag\u00f3n. Direcci\u00f3n | Horario | Productos locales\",\"publisher\":{\"@id\":\"https:\\\/\\\/e-leclerc.es\\\/pamplona\\\/#organization\"},\"potentialAction\":[{\"@type\":\"SearchAction\",\"target\":{\"@type\":\"EntryPoint\",\"urlTemplate\":\"https:\\\/\\\/e-leclerc.es\\\/pamplona\\\/?s={search_term_string}\"},\"query-input\":{\"@type\":\"PropertyValueSpecification\",\"valueRequired\":true,\"valueName\":\"search_term_string\"}}],\"inLanguage\":\"es\"},{\"@type\":\"Organization\",\"@id\":\"https:\\\/\\\/e-leclerc.es\\\/pamplona\\\/#organization\",\"name\":\"E.Leclerc Pamplona\",\"url\":\"https:\\\/\\\/e-leclerc.es\\\/pamplona\\\/\",\"logo\":{\"@type\":\"ImageObject\",\"inLanguage\":\"es\",\"@id\":\"https:\\\/\\\/e-leclerc.es\\\/pamplona\\\/#\\\/schema\\\/logo\\\/image\\\/\",\"url\":\"https:\\\/\\\/e-leclerc.es\\\/pamplona\\\/wp-content\\\/uploads\\\/sites\\\/16\\\/2024\\\/03\\\/Leclerc_Logo.svg\",\"contentUrl\":\"https:\\\/\\\/e-leclerc.es\\\/pamplona\\\/wp-content\\\/uploads\\\/sites\\\/16\\\/2024\\\/03\\\/Leclerc_Logo.svg\",\"caption\":\"E.Leclerc Pamplona\"},\"image\":{\"@id\":\"https:\\\/\\\/e-leclerc.es\\\/pamplona\\\/#\\\/schema\\\/logo\\\/image\\\/\"}}]}<\/script>\n<!-- \/ Yoast SEO plugin. -->","yoast_head_json":{"title":"E.Leclerc celebra la tercera edici\u00f3n del 'D\u00eda gastron\u00f3mico de Navarra' con Reyno Gourmet - E.Leclerc Pamplona","robots":{"index":"index","follow":"follow","max-snippet":"max-snippet:-1","max-image-preview":"max-image-preview:large","max-video-preview":"max-video-preview:-1"},"canonical":"https:\/\/e-leclerc.es\/pamplona\/tendencias\/e-leclerc-celebra-la-tercera-edicion-del-dia-gastronomico-de-navarra-con-reyno-gourmet\/","og_locale":"es_ES","og_type":"article","og_title":"E.Leclerc celebra la tercera edici\u00f3n del 'D\u00eda gastron\u00f3mico de Navarra' con Reyno Gourmet - E.Leclerc Pamplona","og_description":"El pr\u00f3ximo domingo 21 de septiembre, de 12:00 a 15:00 horas, los clientes de E.Leclerc podr\u00e1n degustar IGP Cordero de Navarra, IGP Ternera de Navarra, acompa\u00f1ados de Vinos DO Navarra en el parking del hipermercado&#8230; Leer m\u00e1s Diario de noticias","og_url":"https:\/\/e-leclerc.es\/pamplona\/tendencias\/e-leclerc-celebra-la-tercera-edicion-del-dia-gastronomico-de-navarra-con-reyno-gourmet\/","og_site_name":"E.Leclerc Pamplona","article_published_time":"2016-05-10T09:12:43+00:00","og_image":[{"width":614,"height":348,"url":"https:\/\/e-leclerc.es\/pamplona\/wp-content\/uploads\/sites\/16\/2016\/05\/1_890.jpg","type":"image\/jpeg"}],"twitter_card":"summary_large_image","schema":{"@context":"https:\/\/schema.org","@graph":[{"@type":"Article","@id":"https:\/\/e-leclerc.es\/pamplona\/tendencias\/e-leclerc-celebra-la-tercera-edicion-del-dia-gastronomico-de-navarra-con-reyno-gourmet\/#article","isPartOf":{"@id":"https:\/\/e-leclerc.es\/pamplona\/tendencias\/e-leclerc-celebra-la-tercera-edicion-del-dia-gastronomico-de-navarra-con-reyno-gourmet\/"},"author":{"name":"","@id":""},"headline":"E.Leclerc celebra la tercera edici\u00f3n del &#8216;D\u00eda gastron\u00f3mico de Navarra&#8217; con Reyno Gourmet","datePublished":"2016-05-10T09:12:43+00:00","mainEntityOfPage":{"@id":"https:\/\/e-leclerc.es\/pamplona\/tendencias\/e-leclerc-celebra-la-tercera-edicion-del-dia-gastronomico-de-navarra-con-reyno-gourmet\/"},"wordCount":59,"publisher":{"@id":"https:\/\/e-leclerc.es\/pamplona\/#organization"},"image":{"@id":"https:\/\/e-leclerc.es\/pamplona\/tendencias\/e-leclerc-celebra-la-tercera-edicion-del-dia-gastronomico-de-navarra-con-reyno-gourmet\/#primaryimage"},"thumbnailUrl":"https:\/\/e-leclerc.es\/pamplona\/wp-content\/uploads\/sites\/16\/2016\/05\/1_890.jpg","articleSection":["Uncategorized"],"inLanguage":"es"},{"@type":"WebPage","@id":"https:\/\/e-leclerc.es\/pamplona\/tendencias\/e-leclerc-celebra-la-tercera-edicion-del-dia-gastronomico-de-navarra-con-reyno-gourmet\/","url":"https:\/\/e-leclerc.es\/pamplona\/tendencias\/e-leclerc-celebra-la-tercera-edicion-del-dia-gastronomico-de-navarra-con-reyno-gourmet\/","name":"E.Leclerc celebra la tercera edici\u00f3n del 'D\u00eda gastron\u00f3mico de Navarra' con Reyno Gourmet - E.Leclerc Pamplona","isPartOf":{"@id":"https:\/\/e-leclerc.es\/pamplona\/#website"},"primaryImageOfPage":{"@id":"https:\/\/e-leclerc.es\/pamplona\/tendencias\/e-leclerc-celebra-la-tercera-edicion-del-dia-gastronomico-de-navarra-con-reyno-gourmet\/#primaryimage"},"image":{"@id":"https:\/\/e-leclerc.es\/pamplona\/tendencias\/e-leclerc-celebra-la-tercera-edicion-del-dia-gastronomico-de-navarra-con-reyno-gourmet\/#primaryimage"},"thumbnailUrl":"https:\/\/e-leclerc.es\/pamplona\/wp-content\/uploads\/sites\/16\/2016\/05\/1_890.jpg","datePublished":"2016-05-10T09:12:43+00:00","breadcrumb":{"@id":"https:\/\/e-leclerc.es\/pamplona\/tendencias\/e-leclerc-celebra-la-tercera-edicion-del-dia-gastronomico-de-navarra-con-reyno-gourmet\/#breadcrumb"},"inLanguage":"es","potentialAction":[{"@type":"ReadAction","target":["https:\/\/e-leclerc.es\/pamplona\/tendencias\/e-leclerc-celebra-la-tercera-edicion-del-dia-gastronomico-de-navarra-con-reyno-gourmet\/"]}]},{"@type":"ImageObject","inLanguage":"es","@id":"https:\/\/e-leclerc.es\/pamplona\/tendencias\/e-leclerc-celebra-la-tercera-edicion-del-dia-gastronomico-de-navarra-con-reyno-gourmet\/#primaryimage","url":"https:\/\/e-leclerc.es\/pamplona\/wp-content\/uploads\/sites\/16\/2016\/05\/1_890.jpg","contentUrl":"https:\/\/e-leclerc.es\/pamplona\/wp-content\/uploads\/sites\/16\/2016\/05\/1_890.jpg","width":614,"height":348},{"@type":"BreadcrumbList","@id":"https:\/\/e-leclerc.es\/pamplona\/tendencias\/e-leclerc-celebra-la-tercera-edicion-del-dia-gastronomico-de-navarra-con-reyno-gourmet\/#breadcrumb","itemListElement":[{"@type":"ListItem","position":1,"name":"Portada","item":"https:\/\/e-leclerc.es\/pamplona\/"},{"@type":"ListItem","position":2,"name":"E.Leclerc celebra la tercera edici\u00f3n del &#8216;D\u00eda gastron\u00f3mico de Navarra&#8217; con Reyno Gourmet"}]},{"@type":"WebSite","@id":"https:\/\/e-leclerc.es\/pamplona\/#website","url":"https:\/\/e-leclerc.es\/pamplona\/","name":"E.Leclerc Pamplona","description":"Descubre los folletos, ofertas y promociones de nuestro hipermercado E.Leclerc Pamplona en Arag\u00f3n. Direcci\u00f3n | Horario | Productos locales","publisher":{"@id":"https:\/\/e-leclerc.es\/pamplona\/#organization"},"potentialAction":[{"@type":"SearchAction","target":{"@type":"EntryPoint","urlTemplate":"https:\/\/e-leclerc.es\/pamplona\/?s={search_term_string}"},"query-input":{"@type":"PropertyValueSpecification","valueRequired":true,"valueName":"search_term_string"}}],"inLanguage":"es"},{"@type":"Organization","@id":"https:\/\/e-leclerc.es\/pamplona\/#organization","name":"E.Leclerc Pamplona","url":"https:\/\/e-leclerc.es\/pamplona\/","logo":{"@type":"ImageObject","inLanguage":"es","@id":"https:\/\/e-leclerc.es\/pamplona\/#\/schema\/logo\/image\/","url":"https:\/\/e-leclerc.es\/pamplona\/wp-content\/uploads\/sites\/16\/2024\/03\/Leclerc_Logo.svg","contentUrl":"https:\/\/e-leclerc.es\/pamplona\/wp-content\/uploads\/sites\/16\/2024\/03\/Leclerc_Logo.svg","caption":"E.Leclerc Pamplona"},"image":{"@id":"https:\/\/e-leclerc.es\/pamplona\/#\/schema\/logo\/image\/"}}]}},"_links":{"self":[{"href":"https:\/\/e-leclerc.es\/pamplona\/wp-json\/wp\/v2\/posts\/6781","targetHints":{"allow":["GET"]}}],"collection":[{"href":"https:\/\/e-leclerc.es\/pamplona\/wp-json\/wp\/v2\/posts"}],"about":[{"href":"https:\/\/e-leclerc.es\/pamplona\/wp-json\/wp\/v2\/types\/post"}],"replies":[{"embeddable":true,"href":"https:\/\/e-leclerc.es\/pamplona\/wp-json\/wp\/v2\/comments?post=6781"}],"version-history":[{"count":0,"href":"https:\/\/e-leclerc.es\/pamplona\/wp-json\/wp\/v2\/posts\/6781\/revisions"}],"wp:featuredmedia":[{"embeddable":true,"href":"https:\/\/e-leclerc.es\/pamplona\/wp-json\/wp\/v2\/media\/6782"}],"wp:attachment":[{"href":"https:\/\/e-leclerc.es\/pamplona\/wp-json\/wp\/v2\/media?parent=6781"}],"wp:term":[{"taxonomy":"category","embeddable":true,"href":"https:\/\/e-leclerc.es\/pamplona\/wp-json\/wp\/v2\/categories?post=6781"},{"taxonomy":"post_tag","embeddable":true,"href":"https:\/\/e-leclerc.es\/pamplona\/wp-json\/wp\/v2\/tags?post=6781"}],"curies":[{"name":"wp","href":"https:\/\/api.w.org\/{rel}","templated":true}]}}