{"id":6761,"date":"2016-05-10T11:10:46","date_gmt":"2016-05-10T09:10:46","guid":{"rendered":"https:\/\/www.e-leclerc.es\/pamplona\/tendencias\/chocolatada-en-e-leclerc-por-san-blas\/"},"modified":"2016-05-10T11:10:46","modified_gmt":"2016-05-10T09:10:46","slug":"chocolatada-en-e-leclerc-por-san-blas","status":"publish","type":"post","link":"https:\/\/e-leclerc.es\/pamplona\/tendencias\/chocolatada-en-e-leclerc-por-san-blas\/","title":{"rendered":"Chocolatada en E. Leclerc por San Blas"},"content":{"rendered":"<p>E.Leclerc de Pamplona celebrar\u00e1 el d\u00eda de San Blas invitando a sus clientes a una chocolatada elaborada con leche Lacturale y a una degustaci\u00f3n de rosquillas elaboradas artesanalmente en el Hipermercado. La cita tendr\u00e1 lugar en el mismo centro el pr\u00f3ximo s\u00e1bado, 1 de febrero a las 18:30 horas.<\/p>\n<p><a href=\"http:\/\/www.diariodenavarra.es\/noticias\/navarra\/pamplona_comarca\/2014\/01\/29\/chocolatada_leclerc_por_san_blas_145562_1002.html\">Leer m\u00e1s<\/a><\/p>\n","protected":false},"excerpt":{"rendered":"<p>E.Leclerc de Pamplona celebrar\u00e1 el d\u00eda de San Blas invitando a sus clientes a una chocolatada elaborada con leche Lacturale y a una degustaci\u00f3n de rosquillas elaboradas artesanalmente en el Hipermercado. La cita tendr\u00e1 lugar en el mismo centro el pr\u00f3ximo s\u00e1bado, 1 de febrero a las 18:30 horas. Leer m\u00e1s<\/p>\n","protected":false},"author":0,"featured_media":6762,"comment_status":"","ping_status":"open","sticky":false,"template":"","format":"standard","meta":{"_acf_changed":false,"footnotes":""},"categories":[1],"tags":[],"class_list":["post-6761","post","type-post","status-publish","format-standard","has-post-thumbnail","hentry","category-uncategorized"],"acf":[],"yoast_head":"<!-- This site is optimized with the Yoast SEO plugin v27.4 - https:\/\/yoast.com\/product\/yoast-seo-wordpress\/ -->\n<title>Chocolatada en E. Leclerc por San Blas - E.Leclerc Pamplona<\/title>\n<meta name=\"robots\" content=\"index, follow, max-snippet:-1, max-image-preview:large, max-video-preview:-1\" \/>\n<link rel=\"canonical\" href=\"https:\/\/e-leclerc.es\/pamplona\/tendencias\/chocolatada-en-e-leclerc-por-san-blas\/\" \/>\n<meta property=\"og:locale\" content=\"es_ES\" \/>\n<meta property=\"og:type\" content=\"article\" \/>\n<meta property=\"og:title\" content=\"Chocolatada en E. Leclerc por San Blas - E.Leclerc Pamplona\" \/>\n<meta property=\"og:description\" content=\"E.Leclerc de Pamplona celebrar\u00e1 el d\u00eda de San Blas invitando a sus clientes a una chocolatada elaborada con leche Lacturale y a una degustaci\u00f3n de rosquillas elaboradas artesanalmente en el Hipermercado. La cita tendr\u00e1 lugar en el mismo centro el pr\u00f3ximo s\u00e1bado, 1 de febrero a las 18:30 horas. Leer m\u00e1s\" \/>\n<meta property=\"og:url\" content=\"https:\/\/e-leclerc.es\/pamplona\/tendencias\/chocolatada-en-e-leclerc-por-san-blas\/\" \/>\n<meta property=\"og:site_name\" content=\"E.Leclerc Pamplona\" \/>\n<meta property=\"article:published_time\" content=\"2016-05-10T09:10:46+00:00\" \/>\n<meta property=\"og:image\" content=\"https:\/\/e-leclerc.es\/pamplona\/wp-content\/uploads\/sites\/16\/2016\/05\/2fchocolatada_834.jpg\" \/>\n\t<meta property=\"og:image:width\" content=\"390\" \/>\n\t<meta property=\"og:image:height\" content=\"372\" \/>\n\t<meta property=\"og:image:type\" content=\"image\/jpeg\" \/>\n<meta name=\"twitter:card\" content=\"summary_large_image\" \/>\n<script type=\"application\/ld+json\" class=\"yoast-schema-graph\">{\"@context\":\"https:\\\/\\\/schema.org\",\"@graph\":[{\"@type\":\"Article\",\"@id\":\"https:\\\/\\\/e-leclerc.es\\\/pamplona\\\/tendencias\\\/chocolatada-en-e-leclerc-por-san-blas\\\/#article\",\"isPartOf\":{\"@id\":\"https:\\\/\\\/e-leclerc.es\\\/pamplona\\\/tendencias\\\/chocolatada-en-e-leclerc-por-san-blas\\\/\"},\"author\":{\"name\":\"\",\"@id\":\"\"},\"headline\":\"Chocolatada en E. Leclerc por San Blas\",\"datePublished\":\"2016-05-10T09:10:46+00:00\",\"mainEntityOfPage\":{\"@id\":\"https:\\\/\\\/e-leclerc.es\\\/pamplona\\\/tendencias\\\/chocolatada-en-e-leclerc-por-san-blas\\\/\"},\"wordCount\":62,\"publisher\":{\"@id\":\"https:\\\/\\\/e-leclerc.es\\\/pamplona\\\/#organization\"},\"image\":{\"@id\":\"https:\\\/\\\/e-leclerc.es\\\/pamplona\\\/tendencias\\\/chocolatada-en-e-leclerc-por-san-blas\\\/#primaryimage\"},\"thumbnailUrl\":\"https:\\\/\\\/e-leclerc.es\\\/pamplona\\\/wp-content\\\/uploads\\\/sites\\\/16\\\/2016\\\/05\\\/2fchocolatada_834.jpg\",\"articleSection\":[\"Uncategorized\"],\"inLanguage\":\"es\"},{\"@type\":\"WebPage\",\"@id\":\"https:\\\/\\\/e-leclerc.es\\\/pamplona\\\/tendencias\\\/chocolatada-en-e-leclerc-por-san-blas\\\/\",\"url\":\"https:\\\/\\\/e-leclerc.es\\\/pamplona\\\/tendencias\\\/chocolatada-en-e-leclerc-por-san-blas\\\/\",\"name\":\"Chocolatada en E. Leclerc por San Blas - E.Leclerc Pamplona\",\"isPartOf\":{\"@id\":\"https:\\\/\\\/e-leclerc.es\\\/pamplona\\\/#website\"},\"primaryImageOfPage\":{\"@id\":\"https:\\\/\\\/e-leclerc.es\\\/pamplona\\\/tendencias\\\/chocolatada-en-e-leclerc-por-san-blas\\\/#primaryimage\"},\"image\":{\"@id\":\"https:\\\/\\\/e-leclerc.es\\\/pamplona\\\/tendencias\\\/chocolatada-en-e-leclerc-por-san-blas\\\/#primaryimage\"},\"thumbnailUrl\":\"https:\\\/\\\/e-leclerc.es\\\/pamplona\\\/wp-content\\\/uploads\\\/sites\\\/16\\\/2016\\\/05\\\/2fchocolatada_834.jpg\",\"datePublished\":\"2016-05-10T09:10:46+00:00\",\"breadcrumb\":{\"@id\":\"https:\\\/\\\/e-leclerc.es\\\/pamplona\\\/tendencias\\\/chocolatada-en-e-leclerc-por-san-blas\\\/#breadcrumb\"},\"inLanguage\":\"es\",\"potentialAction\":[{\"@type\":\"ReadAction\",\"target\":[\"https:\\\/\\\/e-leclerc.es\\\/pamplona\\\/tendencias\\\/chocolatada-en-e-leclerc-por-san-blas\\\/\"]}]},{\"@type\":\"ImageObject\",\"inLanguage\":\"es\",\"@id\":\"https:\\\/\\\/e-leclerc.es\\\/pamplona\\\/tendencias\\\/chocolatada-en-e-leclerc-por-san-blas\\\/#primaryimage\",\"url\":\"https:\\\/\\\/e-leclerc.es\\\/pamplona\\\/wp-content\\\/uploads\\\/sites\\\/16\\\/2016\\\/05\\\/2fchocolatada_834.jpg\",\"contentUrl\":\"https:\\\/\\\/e-leclerc.es\\\/pamplona\\\/wp-content\\\/uploads\\\/sites\\\/16\\\/2016\\\/05\\\/2fchocolatada_834.jpg\",\"width\":390,\"height\":372},{\"@type\":\"BreadcrumbList\",\"@id\":\"https:\\\/\\\/e-leclerc.es\\\/pamplona\\\/tendencias\\\/chocolatada-en-e-leclerc-por-san-blas\\\/#breadcrumb\",\"itemListElement\":[{\"@type\":\"ListItem\",\"position\":1,\"name\":\"Portada\",\"item\":\"https:\\\/\\\/e-leclerc.es\\\/pamplona\\\/\"},{\"@type\":\"ListItem\",\"position\":2,\"name\":\"Chocolatada en E. Leclerc por San Blas\"}]},{\"@type\":\"WebSite\",\"@id\":\"https:\\\/\\\/e-leclerc.es\\\/pamplona\\\/#website\",\"url\":\"https:\\\/\\\/e-leclerc.es\\\/pamplona\\\/\",\"name\":\"E.Leclerc Pamplona\",\"description\":\"Descubre los folletos, ofertas y promociones de nuestro hipermercado E.Leclerc Pamplona en Arag\u00f3n. Direcci\u00f3n | Horario | Productos locales\",\"publisher\":{\"@id\":\"https:\\\/\\\/e-leclerc.es\\\/pamplona\\\/#organization\"},\"potentialAction\":[{\"@type\":\"SearchAction\",\"target\":{\"@type\":\"EntryPoint\",\"urlTemplate\":\"https:\\\/\\\/e-leclerc.es\\\/pamplona\\\/?s={search_term_string}\"},\"query-input\":{\"@type\":\"PropertyValueSpecification\",\"valueRequired\":true,\"valueName\":\"search_term_string\"}}],\"inLanguage\":\"es\"},{\"@type\":\"Organization\",\"@id\":\"https:\\\/\\\/e-leclerc.es\\\/pamplona\\\/#organization\",\"name\":\"E.Leclerc Pamplona\",\"url\":\"https:\\\/\\\/e-leclerc.es\\\/pamplona\\\/\",\"logo\":{\"@type\":\"ImageObject\",\"inLanguage\":\"es\",\"@id\":\"https:\\\/\\\/e-leclerc.es\\\/pamplona\\\/#\\\/schema\\\/logo\\\/image\\\/\",\"url\":\"https:\\\/\\\/e-leclerc.es\\\/pamplona\\\/wp-content\\\/uploads\\\/sites\\\/16\\\/2024\\\/03\\\/Leclerc_Logo.svg\",\"contentUrl\":\"https:\\\/\\\/e-leclerc.es\\\/pamplona\\\/wp-content\\\/uploads\\\/sites\\\/16\\\/2024\\\/03\\\/Leclerc_Logo.svg\",\"caption\":\"E.Leclerc Pamplona\"},\"image\":{\"@id\":\"https:\\\/\\\/e-leclerc.es\\\/pamplona\\\/#\\\/schema\\\/logo\\\/image\\\/\"}}]}<\/script>\n<!-- \/ Yoast SEO plugin. -->","yoast_head_json":{"title":"Chocolatada en E. Leclerc por San Blas - E.Leclerc Pamplona","robots":{"index":"index","follow":"follow","max-snippet":"max-snippet:-1","max-image-preview":"max-image-preview:large","max-video-preview":"max-video-preview:-1"},"canonical":"https:\/\/e-leclerc.es\/pamplona\/tendencias\/chocolatada-en-e-leclerc-por-san-blas\/","og_locale":"es_ES","og_type":"article","og_title":"Chocolatada en E. Leclerc por San Blas - E.Leclerc Pamplona","og_description":"E.Leclerc de Pamplona celebrar\u00e1 el d\u00eda de San Blas invitando a sus clientes a una chocolatada elaborada con leche Lacturale y a una degustaci\u00f3n de rosquillas elaboradas artesanalmente en el Hipermercado. La cita tendr\u00e1 lugar en el mismo centro el pr\u00f3ximo s\u00e1bado, 1 de febrero a las 18:30 horas. Leer m\u00e1s","og_url":"https:\/\/e-leclerc.es\/pamplona\/tendencias\/chocolatada-en-e-leclerc-por-san-blas\/","og_site_name":"E.Leclerc Pamplona","article_published_time":"2016-05-10T09:10:46+00:00","og_image":[{"width":390,"height":372,"url":"https:\/\/e-leclerc.es\/pamplona\/wp-content\/uploads\/sites\/16\/2016\/05\/2fchocolatada_834.jpg","type":"image\/jpeg"}],"twitter_card":"summary_large_image","schema":{"@context":"https:\/\/schema.org","@graph":[{"@type":"Article","@id":"https:\/\/e-leclerc.es\/pamplona\/tendencias\/chocolatada-en-e-leclerc-por-san-blas\/#article","isPartOf":{"@id":"https:\/\/e-leclerc.es\/pamplona\/tendencias\/chocolatada-en-e-leclerc-por-san-blas\/"},"author":{"name":"","@id":""},"headline":"Chocolatada en E. Leclerc por San Blas","datePublished":"2016-05-10T09:10:46+00:00","mainEntityOfPage":{"@id":"https:\/\/e-leclerc.es\/pamplona\/tendencias\/chocolatada-en-e-leclerc-por-san-blas\/"},"wordCount":62,"publisher":{"@id":"https:\/\/e-leclerc.es\/pamplona\/#organization"},"image":{"@id":"https:\/\/e-leclerc.es\/pamplona\/tendencias\/chocolatada-en-e-leclerc-por-san-blas\/#primaryimage"},"thumbnailUrl":"https:\/\/e-leclerc.es\/pamplona\/wp-content\/uploads\/sites\/16\/2016\/05\/2fchocolatada_834.jpg","articleSection":["Uncategorized"],"inLanguage":"es"},{"@type":"WebPage","@id":"https:\/\/e-leclerc.es\/pamplona\/tendencias\/chocolatada-en-e-leclerc-por-san-blas\/","url":"https:\/\/e-leclerc.es\/pamplona\/tendencias\/chocolatada-en-e-leclerc-por-san-blas\/","name":"Chocolatada en E. Leclerc por San Blas - E.Leclerc Pamplona","isPartOf":{"@id":"https:\/\/e-leclerc.es\/pamplona\/#website"},"primaryImageOfPage":{"@id":"https:\/\/e-leclerc.es\/pamplona\/tendencias\/chocolatada-en-e-leclerc-por-san-blas\/#primaryimage"},"image":{"@id":"https:\/\/e-leclerc.es\/pamplona\/tendencias\/chocolatada-en-e-leclerc-por-san-blas\/#primaryimage"},"thumbnailUrl":"https:\/\/e-leclerc.es\/pamplona\/wp-content\/uploads\/sites\/16\/2016\/05\/2fchocolatada_834.jpg","datePublished":"2016-05-10T09:10:46+00:00","breadcrumb":{"@id":"https:\/\/e-leclerc.es\/pamplona\/tendencias\/chocolatada-en-e-leclerc-por-san-blas\/#breadcrumb"},"inLanguage":"es","potentialAction":[{"@type":"ReadAction","target":["https:\/\/e-leclerc.es\/pamplona\/tendencias\/chocolatada-en-e-leclerc-por-san-blas\/"]}]},{"@type":"ImageObject","inLanguage":"es","@id":"https:\/\/e-leclerc.es\/pamplona\/tendencias\/chocolatada-en-e-leclerc-por-san-blas\/#primaryimage","url":"https:\/\/e-leclerc.es\/pamplona\/wp-content\/uploads\/sites\/16\/2016\/05\/2fchocolatada_834.jpg","contentUrl":"https:\/\/e-leclerc.es\/pamplona\/wp-content\/uploads\/sites\/16\/2016\/05\/2fchocolatada_834.jpg","width":390,"height":372},{"@type":"BreadcrumbList","@id":"https:\/\/e-leclerc.es\/pamplona\/tendencias\/chocolatada-en-e-leclerc-por-san-blas\/#breadcrumb","itemListElement":[{"@type":"ListItem","position":1,"name":"Portada","item":"https:\/\/e-leclerc.es\/pamplona\/"},{"@type":"ListItem","position":2,"name":"Chocolatada en E. Leclerc por San Blas"}]},{"@type":"WebSite","@id":"https:\/\/e-leclerc.es\/pamplona\/#website","url":"https:\/\/e-leclerc.es\/pamplona\/","name":"E.Leclerc Pamplona","description":"Descubre los folletos, ofertas y promociones de nuestro hipermercado E.Leclerc Pamplona en Arag\u00f3n. Direcci\u00f3n | Horario | Productos locales","publisher":{"@id":"https:\/\/e-leclerc.es\/pamplona\/#organization"},"potentialAction":[{"@type":"SearchAction","target":{"@type":"EntryPoint","urlTemplate":"https:\/\/e-leclerc.es\/pamplona\/?s={search_term_string}"},"query-input":{"@type":"PropertyValueSpecification","valueRequired":true,"valueName":"search_term_string"}}],"inLanguage":"es"},{"@type":"Organization","@id":"https:\/\/e-leclerc.es\/pamplona\/#organization","name":"E.Leclerc Pamplona","url":"https:\/\/e-leclerc.es\/pamplona\/","logo":{"@type":"ImageObject","inLanguage":"es","@id":"https:\/\/e-leclerc.es\/pamplona\/#\/schema\/logo\/image\/","url":"https:\/\/e-leclerc.es\/pamplona\/wp-content\/uploads\/sites\/16\/2024\/03\/Leclerc_Logo.svg","contentUrl":"https:\/\/e-leclerc.es\/pamplona\/wp-content\/uploads\/sites\/16\/2024\/03\/Leclerc_Logo.svg","caption":"E.Leclerc Pamplona"},"image":{"@id":"https:\/\/e-leclerc.es\/pamplona\/#\/schema\/logo\/image\/"}}]}},"_links":{"self":[{"href":"https:\/\/e-leclerc.es\/pamplona\/wp-json\/wp\/v2\/posts\/6761","targetHints":{"allow":["GET"]}}],"collection":[{"href":"https:\/\/e-leclerc.es\/pamplona\/wp-json\/wp\/v2\/posts"}],"about":[{"href":"https:\/\/e-leclerc.es\/pamplona\/wp-json\/wp\/v2\/types\/post"}],"replies":[{"embeddable":true,"href":"https:\/\/e-leclerc.es\/pamplona\/wp-json\/wp\/v2\/comments?post=6761"}],"version-history":[{"count":0,"href":"https:\/\/e-leclerc.es\/pamplona\/wp-json\/wp\/v2\/posts\/6761\/revisions"}],"wp:featuredmedia":[{"embeddable":true,"href":"https:\/\/e-leclerc.es\/pamplona\/wp-json\/wp\/v2\/media\/6762"}],"wp:attachment":[{"href":"https:\/\/e-leclerc.es\/pamplona\/wp-json\/wp\/v2\/media?parent=6761"}],"wp:term":[{"taxonomy":"category","embeddable":true,"href":"https:\/\/e-leclerc.es\/pamplona\/wp-json\/wp\/v2\/categories?post=6761"},{"taxonomy":"post_tag","embeddable":true,"href":"https:\/\/e-leclerc.es\/pamplona\/wp-json\/wp\/v2\/tags?post=6761"}],"curies":[{"name":"wp","href":"https:\/\/api.w.org\/{rel}","templated":true}]}}