{"id":6749,"date":"2016-05-10T11:09:32","date_gmt":"2016-05-10T09:09:32","guid":{"rendered":"https:\/\/www.e-leclerc.es\/pamplona\/tendencias\/e-leclerc-lanza-una-campana-promocional-con-reyno-gourmet\/"},"modified":"2016-05-10T11:09:32","modified_gmt":"2016-05-10T09:09:32","slug":"e-leclerc-lanza-una-campana-promocional-con-reyno-gourmet","status":"publish","type":"post","link":"https:\/\/e-leclerc.es\/pamplona\/tendencias\/e-leclerc-lanza-una-campana-promocional-con-reyno-gourmet\/","title":{"rendered":"E.Leclerc lanza una campa\u00f1a promocional con Reyno Gourmet"},"content":{"rendered":"<p>E.Leclerc Pamplona lanza ma\u00f1ana y hasta el 7 de diciembre una acci\u00f3n promocional en colaboraci\u00f3n con Reyno Gourmet. Los clientes podr\u00e1n elegir entre \u00abuna amplia gama de productos Reyno Gourmet y con denominaciones de Navarra, colocados en un lugar privilegiado del centro y debidamente se\u00f1alizados\u00bb, detall\u00f3 E.Leclerc en una nota. Estos productos suponen m\u00e1s de dos millones de euros sobre el total de ventas del hipermercado. Por productos, destaca \u00abla presencia de Ternera de Navarra, que supone un 72,48% sobre el total del consumo; el vino DO Navarra, con m\u00e1s de un 50%; el Pachar\u00e1n Navarro, con un 90%, o los productos ecol\u00f3gicos certificados en Navarra, un 56,61%\u00bb. La promoci\u00f3n coincide con la campa\u00f1a de Reyno Gourmet Navarra, el valor de lo aut\u00e9ntico, que tiene como objetivo potenciar el consumo de los productos amparados por la marca e incentivar su compra, hasta el 31 de diciembre, con el sorteo final del importe estimado de la hipoteca de todo un a\u00f1o.<\/p>\n<p><a href=\"http:\/\/www.noticiasdenavarra.com\/2013\/11\/27\/economia\/eleclerc-lanza-una-campana-promocional-con-reyno-gourmet\">Leer m\u00e1s<\/a><\/p>\n<p><a href=\"http:\/\/static.e-leclerc.es.s3.amazonaws.com\/images\/extras\/pamplona-economia.pdf\">Diario de Noticias<\/a><\/p>\n<p><a href=\"http:\/\/static.e-leclerc.es.s3.amazonaws.com\/images\/extras\/pamplona-economia_b.pdf\">Diario de Noticias<\/a><\/p>\n","protected":false},"excerpt":{"rendered":"<p>E.Leclerc Pamplona lanza ma\u00f1ana y hasta el 7 de diciembre una acci\u00f3n promocional en colaboraci\u00f3n con Reyno Gourmet. Los clientes podr\u00e1n elegir entre \u00abuna amplia gama de productos Reyno Gourmet y con denominaciones de Navarra, colocados en un lugar privilegiado del centro y debidamente se\u00f1alizados\u00bb, detall\u00f3 E.Leclerc en una nota. Estos productos suponen m\u00e1s de [&hellip;]<\/p>\n","protected":false},"author":0,"featured_media":6750,"comment_status":"","ping_status":"open","sticky":false,"template":"","format":"standard","meta":{"_acf_changed":false,"footnotes":""},"categories":[1],"tags":[],"class_list":["post-6749","post","type-post","status-publish","format-standard","has-post-thumbnail","hentry","category-uncategorized"],"acf":[],"yoast_head":"<!-- This site is optimized with the Yoast SEO plugin v27.4 - https:\/\/yoast.com\/product\/yoast-seo-wordpress\/ -->\n<title>E.Leclerc lanza una campa\u00f1a promocional con Reyno Gourmet - E.Leclerc Pamplona<\/title>\n<meta name=\"robots\" content=\"index, follow, max-snippet:-1, max-image-preview:large, max-video-preview:-1\" \/>\n<link rel=\"canonical\" href=\"https:\/\/e-leclerc.es\/pamplona\/tendencias\/e-leclerc-lanza-una-campana-promocional-con-reyno-gourmet\/\" \/>\n<meta property=\"og:locale\" content=\"es_ES\" \/>\n<meta property=\"og:type\" content=\"article\" \/>\n<meta property=\"og:title\" content=\"E.Leclerc lanza una campa\u00f1a promocional con Reyno Gourmet - E.Leclerc Pamplona\" \/>\n<meta property=\"og:description\" content=\"E.Leclerc Pamplona lanza ma\u00f1ana y hasta el 7 de diciembre una acci\u00f3n promocional en colaboraci\u00f3n con Reyno Gourmet. Los clientes podr\u00e1n elegir entre \u00abuna amplia gama de productos Reyno Gourmet y con denominaciones de Navarra, colocados en un lugar privilegiado del centro y debidamente se\u00f1alizados\u00bb, detall\u00f3 E.Leclerc en una nota. Estos productos suponen m\u00e1s de [&hellip;]\" \/>\n<meta property=\"og:url\" content=\"https:\/\/e-leclerc.es\/pamplona\/tendencias\/e-leclerc-lanza-una-campana-promocional-con-reyno-gourmet\/\" \/>\n<meta property=\"og:site_name\" content=\"E.Leclerc Pamplona\" \/>\n<meta property=\"article:published_time\" content=\"2016-05-10T09:09:32+00:00\" \/>\n<meta property=\"og:image\" content=\"https:\/\/e-leclerc.es\/pamplona\/wp-content\/uploads\/sites\/16\/2016\/05\/reyno_808.jpg\" \/>\n\t<meta property=\"og:image:width\" content=\"300\" \/>\n\t<meta property=\"og:image:height\" content=\"225\" \/>\n\t<meta property=\"og:image:type\" content=\"image\/jpeg\" \/>\n<meta name=\"twitter:card\" content=\"summary_large_image\" \/>\n<meta name=\"twitter:label1\" content=\"Tiempo de lectura\" \/>\n\t<meta name=\"twitter:data1\" content=\"1 minuto\" \/>\n<script type=\"application\/ld+json\" class=\"yoast-schema-graph\">{\"@context\":\"https:\\\/\\\/schema.org\",\"@graph\":[{\"@type\":\"Article\",\"@id\":\"https:\\\/\\\/e-leclerc.es\\\/pamplona\\\/tendencias\\\/e-leclerc-lanza-una-campana-promocional-con-reyno-gourmet\\\/#article\",\"isPartOf\":{\"@id\":\"https:\\\/\\\/e-leclerc.es\\\/pamplona\\\/tendencias\\\/e-leclerc-lanza-una-campana-promocional-con-reyno-gourmet\\\/\"},\"author\":{\"name\":\"\",\"@id\":\"\"},\"headline\":\"E.Leclerc lanza una campa\u00f1a promocional con Reyno Gourmet\",\"datePublished\":\"2016-05-10T09:09:32+00:00\",\"mainEntityOfPage\":{\"@id\":\"https:\\\/\\\/e-leclerc.es\\\/pamplona\\\/tendencias\\\/e-leclerc-lanza-una-campana-promocional-con-reyno-gourmet\\\/\"},\"wordCount\":188,\"publisher\":{\"@id\":\"https:\\\/\\\/e-leclerc.es\\\/pamplona\\\/#organization\"},\"image\":{\"@id\":\"https:\\\/\\\/e-leclerc.es\\\/pamplona\\\/tendencias\\\/e-leclerc-lanza-una-campana-promocional-con-reyno-gourmet\\\/#primaryimage\"},\"thumbnailUrl\":\"https:\\\/\\\/e-leclerc.es\\\/pamplona\\\/wp-content\\\/uploads\\\/sites\\\/16\\\/2016\\\/05\\\/reyno_808.jpg\",\"articleSection\":[\"Uncategorized\"],\"inLanguage\":\"es\"},{\"@type\":\"WebPage\",\"@id\":\"https:\\\/\\\/e-leclerc.es\\\/pamplona\\\/tendencias\\\/e-leclerc-lanza-una-campana-promocional-con-reyno-gourmet\\\/\",\"url\":\"https:\\\/\\\/e-leclerc.es\\\/pamplona\\\/tendencias\\\/e-leclerc-lanza-una-campana-promocional-con-reyno-gourmet\\\/\",\"name\":\"E.Leclerc lanza una campa\u00f1a promocional con Reyno Gourmet - E.Leclerc Pamplona\",\"isPartOf\":{\"@id\":\"https:\\\/\\\/e-leclerc.es\\\/pamplona\\\/#website\"},\"primaryImageOfPage\":{\"@id\":\"https:\\\/\\\/e-leclerc.es\\\/pamplona\\\/tendencias\\\/e-leclerc-lanza-una-campana-promocional-con-reyno-gourmet\\\/#primaryimage\"},\"image\":{\"@id\":\"https:\\\/\\\/e-leclerc.es\\\/pamplona\\\/tendencias\\\/e-leclerc-lanza-una-campana-promocional-con-reyno-gourmet\\\/#primaryimage\"},\"thumbnailUrl\":\"https:\\\/\\\/e-leclerc.es\\\/pamplona\\\/wp-content\\\/uploads\\\/sites\\\/16\\\/2016\\\/05\\\/reyno_808.jpg\",\"datePublished\":\"2016-05-10T09:09:32+00:00\",\"breadcrumb\":{\"@id\":\"https:\\\/\\\/e-leclerc.es\\\/pamplona\\\/tendencias\\\/e-leclerc-lanza-una-campana-promocional-con-reyno-gourmet\\\/#breadcrumb\"},\"inLanguage\":\"es\",\"potentialAction\":[{\"@type\":\"ReadAction\",\"target\":[\"https:\\\/\\\/e-leclerc.es\\\/pamplona\\\/tendencias\\\/e-leclerc-lanza-una-campana-promocional-con-reyno-gourmet\\\/\"]}]},{\"@type\":\"ImageObject\",\"inLanguage\":\"es\",\"@id\":\"https:\\\/\\\/e-leclerc.es\\\/pamplona\\\/tendencias\\\/e-leclerc-lanza-una-campana-promocional-con-reyno-gourmet\\\/#primaryimage\",\"url\":\"https:\\\/\\\/e-leclerc.es\\\/pamplona\\\/wp-content\\\/uploads\\\/sites\\\/16\\\/2016\\\/05\\\/reyno_808.jpg\",\"contentUrl\":\"https:\\\/\\\/e-leclerc.es\\\/pamplona\\\/wp-content\\\/uploads\\\/sites\\\/16\\\/2016\\\/05\\\/reyno_808.jpg\",\"width\":300,\"height\":225},{\"@type\":\"BreadcrumbList\",\"@id\":\"https:\\\/\\\/e-leclerc.es\\\/pamplona\\\/tendencias\\\/e-leclerc-lanza-una-campana-promocional-con-reyno-gourmet\\\/#breadcrumb\",\"itemListElement\":[{\"@type\":\"ListItem\",\"position\":1,\"name\":\"Portada\",\"item\":\"https:\\\/\\\/e-leclerc.es\\\/pamplona\\\/\"},{\"@type\":\"ListItem\",\"position\":2,\"name\":\"E.Leclerc lanza una campa\u00f1a promocional con Reyno Gourmet\"}]},{\"@type\":\"WebSite\",\"@id\":\"https:\\\/\\\/e-leclerc.es\\\/pamplona\\\/#website\",\"url\":\"https:\\\/\\\/e-leclerc.es\\\/pamplona\\\/\",\"name\":\"E.Leclerc Pamplona\",\"description\":\"Descubre los folletos, ofertas y promociones de nuestro hipermercado E.Leclerc Pamplona en Arag\u00f3n. Direcci\u00f3n | Horario | Productos locales\",\"publisher\":{\"@id\":\"https:\\\/\\\/e-leclerc.es\\\/pamplona\\\/#organization\"},\"potentialAction\":[{\"@type\":\"SearchAction\",\"target\":{\"@type\":\"EntryPoint\",\"urlTemplate\":\"https:\\\/\\\/e-leclerc.es\\\/pamplona\\\/?s={search_term_string}\"},\"query-input\":{\"@type\":\"PropertyValueSpecification\",\"valueRequired\":true,\"valueName\":\"search_term_string\"}}],\"inLanguage\":\"es\"},{\"@type\":\"Organization\",\"@id\":\"https:\\\/\\\/e-leclerc.es\\\/pamplona\\\/#organization\",\"name\":\"E.Leclerc Pamplona\",\"url\":\"https:\\\/\\\/e-leclerc.es\\\/pamplona\\\/\",\"logo\":{\"@type\":\"ImageObject\",\"inLanguage\":\"es\",\"@id\":\"https:\\\/\\\/e-leclerc.es\\\/pamplona\\\/#\\\/schema\\\/logo\\\/image\\\/\",\"url\":\"https:\\\/\\\/e-leclerc.es\\\/pamplona\\\/wp-content\\\/uploads\\\/sites\\\/16\\\/2024\\\/03\\\/Leclerc_Logo.svg\",\"contentUrl\":\"https:\\\/\\\/e-leclerc.es\\\/pamplona\\\/wp-content\\\/uploads\\\/sites\\\/16\\\/2024\\\/03\\\/Leclerc_Logo.svg\",\"caption\":\"E.Leclerc Pamplona\"},\"image\":{\"@id\":\"https:\\\/\\\/e-leclerc.es\\\/pamplona\\\/#\\\/schema\\\/logo\\\/image\\\/\"}}]}<\/script>\n<!-- \/ Yoast SEO plugin. -->","yoast_head_json":{"title":"E.Leclerc lanza una campa\u00f1a promocional con Reyno Gourmet - E.Leclerc Pamplona","robots":{"index":"index","follow":"follow","max-snippet":"max-snippet:-1","max-image-preview":"max-image-preview:large","max-video-preview":"max-video-preview:-1"},"canonical":"https:\/\/e-leclerc.es\/pamplona\/tendencias\/e-leclerc-lanza-una-campana-promocional-con-reyno-gourmet\/","og_locale":"es_ES","og_type":"article","og_title":"E.Leclerc lanza una campa\u00f1a promocional con Reyno Gourmet - E.Leclerc Pamplona","og_description":"E.Leclerc Pamplona lanza ma\u00f1ana y hasta el 7 de diciembre una acci\u00f3n promocional en colaboraci\u00f3n con Reyno Gourmet. Los clientes podr\u00e1n elegir entre \u00abuna amplia gama de productos Reyno Gourmet y con denominaciones de Navarra, colocados en un lugar privilegiado del centro y debidamente se\u00f1alizados\u00bb, detall\u00f3 E.Leclerc en una nota. Estos productos suponen m\u00e1s de [&hellip;]","og_url":"https:\/\/e-leclerc.es\/pamplona\/tendencias\/e-leclerc-lanza-una-campana-promocional-con-reyno-gourmet\/","og_site_name":"E.Leclerc Pamplona","article_published_time":"2016-05-10T09:09:32+00:00","og_image":[{"width":300,"height":225,"url":"https:\/\/e-leclerc.es\/pamplona\/wp-content\/uploads\/sites\/16\/2016\/05\/reyno_808.jpg","type":"image\/jpeg"}],"twitter_card":"summary_large_image","twitter_misc":{"Tiempo de lectura":"1 minuto"},"schema":{"@context":"https:\/\/schema.org","@graph":[{"@type":"Article","@id":"https:\/\/e-leclerc.es\/pamplona\/tendencias\/e-leclerc-lanza-una-campana-promocional-con-reyno-gourmet\/#article","isPartOf":{"@id":"https:\/\/e-leclerc.es\/pamplona\/tendencias\/e-leclerc-lanza-una-campana-promocional-con-reyno-gourmet\/"},"author":{"name":"","@id":""},"headline":"E.Leclerc lanza una campa\u00f1a promocional con Reyno Gourmet","datePublished":"2016-05-10T09:09:32+00:00","mainEntityOfPage":{"@id":"https:\/\/e-leclerc.es\/pamplona\/tendencias\/e-leclerc-lanza-una-campana-promocional-con-reyno-gourmet\/"},"wordCount":188,"publisher":{"@id":"https:\/\/e-leclerc.es\/pamplona\/#organization"},"image":{"@id":"https:\/\/e-leclerc.es\/pamplona\/tendencias\/e-leclerc-lanza-una-campana-promocional-con-reyno-gourmet\/#primaryimage"},"thumbnailUrl":"https:\/\/e-leclerc.es\/pamplona\/wp-content\/uploads\/sites\/16\/2016\/05\/reyno_808.jpg","articleSection":["Uncategorized"],"inLanguage":"es"},{"@type":"WebPage","@id":"https:\/\/e-leclerc.es\/pamplona\/tendencias\/e-leclerc-lanza-una-campana-promocional-con-reyno-gourmet\/","url":"https:\/\/e-leclerc.es\/pamplona\/tendencias\/e-leclerc-lanza-una-campana-promocional-con-reyno-gourmet\/","name":"E.Leclerc lanza una campa\u00f1a promocional con Reyno Gourmet - E.Leclerc Pamplona","isPartOf":{"@id":"https:\/\/e-leclerc.es\/pamplona\/#website"},"primaryImageOfPage":{"@id":"https:\/\/e-leclerc.es\/pamplona\/tendencias\/e-leclerc-lanza-una-campana-promocional-con-reyno-gourmet\/#primaryimage"},"image":{"@id":"https:\/\/e-leclerc.es\/pamplona\/tendencias\/e-leclerc-lanza-una-campana-promocional-con-reyno-gourmet\/#primaryimage"},"thumbnailUrl":"https:\/\/e-leclerc.es\/pamplona\/wp-content\/uploads\/sites\/16\/2016\/05\/reyno_808.jpg","datePublished":"2016-05-10T09:09:32+00:00","breadcrumb":{"@id":"https:\/\/e-leclerc.es\/pamplona\/tendencias\/e-leclerc-lanza-una-campana-promocional-con-reyno-gourmet\/#breadcrumb"},"inLanguage":"es","potentialAction":[{"@type":"ReadAction","target":["https:\/\/e-leclerc.es\/pamplona\/tendencias\/e-leclerc-lanza-una-campana-promocional-con-reyno-gourmet\/"]}]},{"@type":"ImageObject","inLanguage":"es","@id":"https:\/\/e-leclerc.es\/pamplona\/tendencias\/e-leclerc-lanza-una-campana-promocional-con-reyno-gourmet\/#primaryimage","url":"https:\/\/e-leclerc.es\/pamplona\/wp-content\/uploads\/sites\/16\/2016\/05\/reyno_808.jpg","contentUrl":"https:\/\/e-leclerc.es\/pamplona\/wp-content\/uploads\/sites\/16\/2016\/05\/reyno_808.jpg","width":300,"height":225},{"@type":"BreadcrumbList","@id":"https:\/\/e-leclerc.es\/pamplona\/tendencias\/e-leclerc-lanza-una-campana-promocional-con-reyno-gourmet\/#breadcrumb","itemListElement":[{"@type":"ListItem","position":1,"name":"Portada","item":"https:\/\/e-leclerc.es\/pamplona\/"},{"@type":"ListItem","position":2,"name":"E.Leclerc lanza una campa\u00f1a promocional con Reyno Gourmet"}]},{"@type":"WebSite","@id":"https:\/\/e-leclerc.es\/pamplona\/#website","url":"https:\/\/e-leclerc.es\/pamplona\/","name":"E.Leclerc Pamplona","description":"Descubre los folletos, ofertas y promociones de nuestro hipermercado E.Leclerc Pamplona en Arag\u00f3n. Direcci\u00f3n | Horario | Productos locales","publisher":{"@id":"https:\/\/e-leclerc.es\/pamplona\/#organization"},"potentialAction":[{"@type":"SearchAction","target":{"@type":"EntryPoint","urlTemplate":"https:\/\/e-leclerc.es\/pamplona\/?s={search_term_string}"},"query-input":{"@type":"PropertyValueSpecification","valueRequired":true,"valueName":"search_term_string"}}],"inLanguage":"es"},{"@type":"Organization","@id":"https:\/\/e-leclerc.es\/pamplona\/#organization","name":"E.Leclerc Pamplona","url":"https:\/\/e-leclerc.es\/pamplona\/","logo":{"@type":"ImageObject","inLanguage":"es","@id":"https:\/\/e-leclerc.es\/pamplona\/#\/schema\/logo\/image\/","url":"https:\/\/e-leclerc.es\/pamplona\/wp-content\/uploads\/sites\/16\/2024\/03\/Leclerc_Logo.svg","contentUrl":"https:\/\/e-leclerc.es\/pamplona\/wp-content\/uploads\/sites\/16\/2024\/03\/Leclerc_Logo.svg","caption":"E.Leclerc Pamplona"},"image":{"@id":"https:\/\/e-leclerc.es\/pamplona\/#\/schema\/logo\/image\/"}}]}},"_links":{"self":[{"href":"https:\/\/e-leclerc.es\/pamplona\/wp-json\/wp\/v2\/posts\/6749","targetHints":{"allow":["GET"]}}],"collection":[{"href":"https:\/\/e-leclerc.es\/pamplona\/wp-json\/wp\/v2\/posts"}],"about":[{"href":"https:\/\/e-leclerc.es\/pamplona\/wp-json\/wp\/v2\/types\/post"}],"replies":[{"embeddable":true,"href":"https:\/\/e-leclerc.es\/pamplona\/wp-json\/wp\/v2\/comments?post=6749"}],"version-history":[{"count":0,"href":"https:\/\/e-leclerc.es\/pamplona\/wp-json\/wp\/v2\/posts\/6749\/revisions"}],"wp:featuredmedia":[{"embeddable":true,"href":"https:\/\/e-leclerc.es\/pamplona\/wp-json\/wp\/v2\/media\/6750"}],"wp:attachment":[{"href":"https:\/\/e-leclerc.es\/pamplona\/wp-json\/wp\/v2\/media?parent=6749"}],"wp:term":[{"taxonomy":"category","embeddable":true,"href":"https:\/\/e-leclerc.es\/pamplona\/wp-json\/wp\/v2\/categories?post=6749"},{"taxonomy":"post_tag","embeddable":true,"href":"https:\/\/e-leclerc.es\/pamplona\/wp-json\/wp\/v2\/tags?post=6749"}],"curies":[{"name":"wp","href":"https:\/\/api.w.org\/{rel}","templated":true}]}}