{"id":6733,"date":"2016-05-10T11:04:51","date_gmt":"2016-05-10T09:04:51","guid":{"rendered":"https:\/\/www.e-leclerc.es\/pamplona\/tendencias\/muere-a-los-86-anos-el-fundador-de-e-leclerc\/"},"modified":"2016-05-10T11:04:51","modified_gmt":"2016-05-10T09:04:51","slug":"muere-a-los-86-anos-el-fundador-de-e-leclerc","status":"publish","type":"post","link":"https:\/\/e-leclerc.es\/pamplona\/tendencias\/muere-a-los-86-anos-el-fundador-de-e-leclerc\/","title":{"rendered":"Muere a los 86 a\u00f1os el fundador de e.leclerc"},"content":{"rendered":"<p>Edouard Leclerc abri\u00f3 hipermercados en Francia, Espa\u00f1a, Italia, Portugal, Polonia, Andorra y Eslovenia<\/p>\n<p>El fundador de la cadena de hipermercados franceses E.Leclerc, Edouard Leclerc, falleci\u00f3 ayer a los 85 a\u00f1os a causa de una parada cardiorrespiratoria, seg\u00fan confirm\u00f3 el ayuntamiento de la localidad del noroeste de Francia en la que resid\u00eda.<\/p>\n<p>Nacido el 20 de noviembre de 1926 en el municipio de Landerneau, en una familia numerosa cat\u00f3lica, Leclerc se convirti\u00f3 en Francia en un icono de los precios bajos, un s\u00edmbolo en el que fund\u00f3 una potente cadena que hoy se extiende por Francia, Italia, Espa\u00f1a, Polonia, Portugal, Andorra y Eslovenia.<\/p>\n<p>Considerado el pionero de los hipermercados en Francia y fundador del l\u00edder del sector en el pa\u00eds, Leclerc comenz\u00f3 con una peque\u00f1a tienda de ultramarinos abierta junto a su esposa en un peque\u00f1o almac\u00e9n de su ciudad natal. All\u00ed comenz\u00f3 a vender a precios de mayorista productos de consumo corriente, gracias a un sistema de compra directa a los productores que le permiti\u00f3 economizar gastos de los intermediarios. \u00abPuedo hacer bajar el nivel de vida un 20%\u00bb, repet\u00eda el comerciante a medida que crec\u00eda su popularidad.<\/p>\n<p>En el pasado a\u00f1o 2010, el grupo tuvo una facturaci\u00f3n de 40.000 millones de euros.<\/p>\n","protected":false},"excerpt":{"rendered":"<p>Edouard Leclerc abri\u00f3 hipermercados en Francia, Espa\u00f1a, Italia, Portugal, Polonia, Andorra y Eslovenia El fundador de la cadena de hipermercados franceses E.Leclerc, Edouard Leclerc, falleci\u00f3 ayer a los 85 a\u00f1os a causa de una parada cardiorrespiratoria, seg\u00fan confirm\u00f3 el ayuntamiento de la localidad del noroeste de Francia en la que resid\u00eda. Nacido el 20 de [&hellip;]<\/p>\n","protected":false},"author":0,"featured_media":6734,"comment_status":"","ping_status":"open","sticky":false,"template":"","format":"standard","meta":{"_acf_changed":false,"footnotes":""},"categories":[1],"tags":[],"class_list":["post-6733","post","type-post","status-publish","format-standard","has-post-thumbnail","hentry","category-uncategorized"],"acf":[],"yoast_head":"<!-- This site is optimized with the Yoast SEO plugin v27.4 - https:\/\/yoast.com\/product\/yoast-seo-wordpress\/ -->\n<title>Muere a los 86 a\u00f1os el fundador de e.leclerc - E.Leclerc Pamplona<\/title>\n<meta name=\"robots\" content=\"index, follow, max-snippet:-1, max-image-preview:large, max-video-preview:-1\" \/>\n<link rel=\"canonical\" href=\"https:\/\/e-leclerc.es\/pamplona\/tendencias\/muere-a-los-86-anos-el-fundador-de-e-leclerc\/\" \/>\n<meta property=\"og:locale\" content=\"es_ES\" \/>\n<meta property=\"og:type\" content=\"article\" \/>\n<meta property=\"og:title\" content=\"Muere a los 86 a\u00f1os el fundador de e.leclerc - E.Leclerc Pamplona\" \/>\n<meta property=\"og:description\" content=\"Edouard Leclerc abri\u00f3 hipermercados en Francia, Espa\u00f1a, Italia, Portugal, Polonia, Andorra y Eslovenia El fundador de la cadena de hipermercados franceses E.Leclerc, Edouard Leclerc, falleci\u00f3 ayer a los 85 a\u00f1os a causa de una parada cardiorrespiratoria, seg\u00fan confirm\u00f3 el ayuntamiento de la localidad del noroeste de Francia en la que resid\u00eda. Nacido el 20 de [&hellip;]\" \/>\n<meta property=\"og:url\" content=\"https:\/\/e-leclerc.es\/pamplona\/tendencias\/muere-a-los-86-anos-el-fundador-de-e-leclerc\/\" \/>\n<meta property=\"og:site_name\" content=\"E.Leclerc Pamplona\" \/>\n<meta property=\"article:published_time\" content=\"2016-05-10T09:04:51+00:00\" \/>\n<meta property=\"og:image\" content=\"https:\/\/e-leclerc.es\/pamplona\/wp-content\/uploads\/sites\/16\/2016\/05\/edouard-leclerc_681.jpg\" \/>\n\t<meta property=\"og:image:width\" content=\"139\" \/>\n\t<meta property=\"og:image:height\" content=\"171\" \/>\n\t<meta property=\"og:image:type\" content=\"image\/jpeg\" \/>\n<meta name=\"twitter:card\" content=\"summary_large_image\" \/>\n<meta name=\"twitter:label1\" content=\"Tiempo de lectura\" \/>\n\t<meta name=\"twitter:data1\" content=\"1 minuto\" \/>\n<script type=\"application\/ld+json\" class=\"yoast-schema-graph\">{\"@context\":\"https:\\\/\\\/schema.org\",\"@graph\":[{\"@type\":\"Article\",\"@id\":\"https:\\\/\\\/e-leclerc.es\\\/pamplona\\\/tendencias\\\/muere-a-los-86-anos-el-fundador-de-e-leclerc\\\/#article\",\"isPartOf\":{\"@id\":\"https:\\\/\\\/e-leclerc.es\\\/pamplona\\\/tendencias\\\/muere-a-los-86-anos-el-fundador-de-e-leclerc\\\/\"},\"author\":{\"name\":\"\",\"@id\":\"\"},\"headline\":\"Muere a los 86 a\u00f1os el fundador de e.leclerc\",\"datePublished\":\"2016-05-10T09:04:51+00:00\",\"mainEntityOfPage\":{\"@id\":\"https:\\\/\\\/e-leclerc.es\\\/pamplona\\\/tendencias\\\/muere-a-los-86-anos-el-fundador-de-e-leclerc\\\/\"},\"wordCount\":224,\"publisher\":{\"@id\":\"https:\\\/\\\/e-leclerc.es\\\/pamplona\\\/#organization\"},\"image\":{\"@id\":\"https:\\\/\\\/e-leclerc.es\\\/pamplona\\\/tendencias\\\/muere-a-los-86-anos-el-fundador-de-e-leclerc\\\/#primaryimage\"},\"thumbnailUrl\":\"https:\\\/\\\/e-leclerc.es\\\/pamplona\\\/wp-content\\\/uploads\\\/sites\\\/16\\\/2016\\\/05\\\/edouard-leclerc_681.jpg\",\"articleSection\":[\"Uncategorized\"],\"inLanguage\":\"es\"},{\"@type\":\"WebPage\",\"@id\":\"https:\\\/\\\/e-leclerc.es\\\/pamplona\\\/tendencias\\\/muere-a-los-86-anos-el-fundador-de-e-leclerc\\\/\",\"url\":\"https:\\\/\\\/e-leclerc.es\\\/pamplona\\\/tendencias\\\/muere-a-los-86-anos-el-fundador-de-e-leclerc\\\/\",\"name\":\"Muere a los 86 a\u00f1os el fundador de e.leclerc - E.Leclerc Pamplona\",\"isPartOf\":{\"@id\":\"https:\\\/\\\/e-leclerc.es\\\/pamplona\\\/#website\"},\"primaryImageOfPage\":{\"@id\":\"https:\\\/\\\/e-leclerc.es\\\/pamplona\\\/tendencias\\\/muere-a-los-86-anos-el-fundador-de-e-leclerc\\\/#primaryimage\"},\"image\":{\"@id\":\"https:\\\/\\\/e-leclerc.es\\\/pamplona\\\/tendencias\\\/muere-a-los-86-anos-el-fundador-de-e-leclerc\\\/#primaryimage\"},\"thumbnailUrl\":\"https:\\\/\\\/e-leclerc.es\\\/pamplona\\\/wp-content\\\/uploads\\\/sites\\\/16\\\/2016\\\/05\\\/edouard-leclerc_681.jpg\",\"datePublished\":\"2016-05-10T09:04:51+00:00\",\"breadcrumb\":{\"@id\":\"https:\\\/\\\/e-leclerc.es\\\/pamplona\\\/tendencias\\\/muere-a-los-86-anos-el-fundador-de-e-leclerc\\\/#breadcrumb\"},\"inLanguage\":\"es\",\"potentialAction\":[{\"@type\":\"ReadAction\",\"target\":[\"https:\\\/\\\/e-leclerc.es\\\/pamplona\\\/tendencias\\\/muere-a-los-86-anos-el-fundador-de-e-leclerc\\\/\"]}]},{\"@type\":\"ImageObject\",\"inLanguage\":\"es\",\"@id\":\"https:\\\/\\\/e-leclerc.es\\\/pamplona\\\/tendencias\\\/muere-a-los-86-anos-el-fundador-de-e-leclerc\\\/#primaryimage\",\"url\":\"https:\\\/\\\/e-leclerc.es\\\/pamplona\\\/wp-content\\\/uploads\\\/sites\\\/16\\\/2016\\\/05\\\/edouard-leclerc_681.jpg\",\"contentUrl\":\"https:\\\/\\\/e-leclerc.es\\\/pamplona\\\/wp-content\\\/uploads\\\/sites\\\/16\\\/2016\\\/05\\\/edouard-leclerc_681.jpg\",\"width\":139,\"height\":171},{\"@type\":\"BreadcrumbList\",\"@id\":\"https:\\\/\\\/e-leclerc.es\\\/pamplona\\\/tendencias\\\/muere-a-los-86-anos-el-fundador-de-e-leclerc\\\/#breadcrumb\",\"itemListElement\":[{\"@type\":\"ListItem\",\"position\":1,\"name\":\"Portada\",\"item\":\"https:\\\/\\\/e-leclerc.es\\\/pamplona\\\/\"},{\"@type\":\"ListItem\",\"position\":2,\"name\":\"Muere a los 86 a\u00f1os el fundador de e.leclerc\"}]},{\"@type\":\"WebSite\",\"@id\":\"https:\\\/\\\/e-leclerc.es\\\/pamplona\\\/#website\",\"url\":\"https:\\\/\\\/e-leclerc.es\\\/pamplona\\\/\",\"name\":\"E.Leclerc Pamplona\",\"description\":\"Descubre los folletos, ofertas y promociones de nuestro hipermercado E.Leclerc Pamplona en Arag\u00f3n. Direcci\u00f3n | Horario | Productos locales\",\"publisher\":{\"@id\":\"https:\\\/\\\/e-leclerc.es\\\/pamplona\\\/#organization\"},\"potentialAction\":[{\"@type\":\"SearchAction\",\"target\":{\"@type\":\"EntryPoint\",\"urlTemplate\":\"https:\\\/\\\/e-leclerc.es\\\/pamplona\\\/?s={search_term_string}\"},\"query-input\":{\"@type\":\"PropertyValueSpecification\",\"valueRequired\":true,\"valueName\":\"search_term_string\"}}],\"inLanguage\":\"es\"},{\"@type\":\"Organization\",\"@id\":\"https:\\\/\\\/e-leclerc.es\\\/pamplona\\\/#organization\",\"name\":\"E.Leclerc Pamplona\",\"url\":\"https:\\\/\\\/e-leclerc.es\\\/pamplona\\\/\",\"logo\":{\"@type\":\"ImageObject\",\"inLanguage\":\"es\",\"@id\":\"https:\\\/\\\/e-leclerc.es\\\/pamplona\\\/#\\\/schema\\\/logo\\\/image\\\/\",\"url\":\"https:\\\/\\\/e-leclerc.es\\\/pamplona\\\/wp-content\\\/uploads\\\/sites\\\/16\\\/2024\\\/03\\\/Leclerc_Logo.svg\",\"contentUrl\":\"https:\\\/\\\/e-leclerc.es\\\/pamplona\\\/wp-content\\\/uploads\\\/sites\\\/16\\\/2024\\\/03\\\/Leclerc_Logo.svg\",\"caption\":\"E.Leclerc Pamplona\"},\"image\":{\"@id\":\"https:\\\/\\\/e-leclerc.es\\\/pamplona\\\/#\\\/schema\\\/logo\\\/image\\\/\"}}]}<\/script>\n<!-- \/ Yoast SEO plugin. -->","yoast_head_json":{"title":"Muere a los 86 a\u00f1os el fundador de e.leclerc - E.Leclerc Pamplona","robots":{"index":"index","follow":"follow","max-snippet":"max-snippet:-1","max-image-preview":"max-image-preview:large","max-video-preview":"max-video-preview:-1"},"canonical":"https:\/\/e-leclerc.es\/pamplona\/tendencias\/muere-a-los-86-anos-el-fundador-de-e-leclerc\/","og_locale":"es_ES","og_type":"article","og_title":"Muere a los 86 a\u00f1os el fundador de e.leclerc - E.Leclerc Pamplona","og_description":"Edouard Leclerc abri\u00f3 hipermercados en Francia, Espa\u00f1a, Italia, Portugal, Polonia, Andorra y Eslovenia El fundador de la cadena de hipermercados franceses E.Leclerc, Edouard Leclerc, falleci\u00f3 ayer a los 85 a\u00f1os a causa de una parada cardiorrespiratoria, seg\u00fan confirm\u00f3 el ayuntamiento de la localidad del noroeste de Francia en la que resid\u00eda. Nacido el 20 de [&hellip;]","og_url":"https:\/\/e-leclerc.es\/pamplona\/tendencias\/muere-a-los-86-anos-el-fundador-de-e-leclerc\/","og_site_name":"E.Leclerc Pamplona","article_published_time":"2016-05-10T09:04:51+00:00","og_image":[{"width":139,"height":171,"url":"https:\/\/e-leclerc.es\/pamplona\/wp-content\/uploads\/sites\/16\/2016\/05\/edouard-leclerc_681.jpg","type":"image\/jpeg"}],"twitter_card":"summary_large_image","twitter_misc":{"Tiempo de lectura":"1 minuto"},"schema":{"@context":"https:\/\/schema.org","@graph":[{"@type":"Article","@id":"https:\/\/e-leclerc.es\/pamplona\/tendencias\/muere-a-los-86-anos-el-fundador-de-e-leclerc\/#article","isPartOf":{"@id":"https:\/\/e-leclerc.es\/pamplona\/tendencias\/muere-a-los-86-anos-el-fundador-de-e-leclerc\/"},"author":{"name":"","@id":""},"headline":"Muere a los 86 a\u00f1os el fundador de e.leclerc","datePublished":"2016-05-10T09:04:51+00:00","mainEntityOfPage":{"@id":"https:\/\/e-leclerc.es\/pamplona\/tendencias\/muere-a-los-86-anos-el-fundador-de-e-leclerc\/"},"wordCount":224,"publisher":{"@id":"https:\/\/e-leclerc.es\/pamplona\/#organization"},"image":{"@id":"https:\/\/e-leclerc.es\/pamplona\/tendencias\/muere-a-los-86-anos-el-fundador-de-e-leclerc\/#primaryimage"},"thumbnailUrl":"https:\/\/e-leclerc.es\/pamplona\/wp-content\/uploads\/sites\/16\/2016\/05\/edouard-leclerc_681.jpg","articleSection":["Uncategorized"],"inLanguage":"es"},{"@type":"WebPage","@id":"https:\/\/e-leclerc.es\/pamplona\/tendencias\/muere-a-los-86-anos-el-fundador-de-e-leclerc\/","url":"https:\/\/e-leclerc.es\/pamplona\/tendencias\/muere-a-los-86-anos-el-fundador-de-e-leclerc\/","name":"Muere a los 86 a\u00f1os el fundador de e.leclerc - E.Leclerc Pamplona","isPartOf":{"@id":"https:\/\/e-leclerc.es\/pamplona\/#website"},"primaryImageOfPage":{"@id":"https:\/\/e-leclerc.es\/pamplona\/tendencias\/muere-a-los-86-anos-el-fundador-de-e-leclerc\/#primaryimage"},"image":{"@id":"https:\/\/e-leclerc.es\/pamplona\/tendencias\/muere-a-los-86-anos-el-fundador-de-e-leclerc\/#primaryimage"},"thumbnailUrl":"https:\/\/e-leclerc.es\/pamplona\/wp-content\/uploads\/sites\/16\/2016\/05\/edouard-leclerc_681.jpg","datePublished":"2016-05-10T09:04:51+00:00","breadcrumb":{"@id":"https:\/\/e-leclerc.es\/pamplona\/tendencias\/muere-a-los-86-anos-el-fundador-de-e-leclerc\/#breadcrumb"},"inLanguage":"es","potentialAction":[{"@type":"ReadAction","target":["https:\/\/e-leclerc.es\/pamplona\/tendencias\/muere-a-los-86-anos-el-fundador-de-e-leclerc\/"]}]},{"@type":"ImageObject","inLanguage":"es","@id":"https:\/\/e-leclerc.es\/pamplona\/tendencias\/muere-a-los-86-anos-el-fundador-de-e-leclerc\/#primaryimage","url":"https:\/\/e-leclerc.es\/pamplona\/wp-content\/uploads\/sites\/16\/2016\/05\/edouard-leclerc_681.jpg","contentUrl":"https:\/\/e-leclerc.es\/pamplona\/wp-content\/uploads\/sites\/16\/2016\/05\/edouard-leclerc_681.jpg","width":139,"height":171},{"@type":"BreadcrumbList","@id":"https:\/\/e-leclerc.es\/pamplona\/tendencias\/muere-a-los-86-anos-el-fundador-de-e-leclerc\/#breadcrumb","itemListElement":[{"@type":"ListItem","position":1,"name":"Portada","item":"https:\/\/e-leclerc.es\/pamplona\/"},{"@type":"ListItem","position":2,"name":"Muere a los 86 a\u00f1os el fundador de e.leclerc"}]},{"@type":"WebSite","@id":"https:\/\/e-leclerc.es\/pamplona\/#website","url":"https:\/\/e-leclerc.es\/pamplona\/","name":"E.Leclerc Pamplona","description":"Descubre los folletos, ofertas y promociones de nuestro hipermercado E.Leclerc Pamplona en Arag\u00f3n. Direcci\u00f3n | Horario | Productos locales","publisher":{"@id":"https:\/\/e-leclerc.es\/pamplona\/#organization"},"potentialAction":[{"@type":"SearchAction","target":{"@type":"EntryPoint","urlTemplate":"https:\/\/e-leclerc.es\/pamplona\/?s={search_term_string}"},"query-input":{"@type":"PropertyValueSpecification","valueRequired":true,"valueName":"search_term_string"}}],"inLanguage":"es"},{"@type":"Organization","@id":"https:\/\/e-leclerc.es\/pamplona\/#organization","name":"E.Leclerc Pamplona","url":"https:\/\/e-leclerc.es\/pamplona\/","logo":{"@type":"ImageObject","inLanguage":"es","@id":"https:\/\/e-leclerc.es\/pamplona\/#\/schema\/logo\/image\/","url":"https:\/\/e-leclerc.es\/pamplona\/wp-content\/uploads\/sites\/16\/2024\/03\/Leclerc_Logo.svg","contentUrl":"https:\/\/e-leclerc.es\/pamplona\/wp-content\/uploads\/sites\/16\/2024\/03\/Leclerc_Logo.svg","caption":"E.Leclerc Pamplona"},"image":{"@id":"https:\/\/e-leclerc.es\/pamplona\/#\/schema\/logo\/image\/"}}]}},"_links":{"self":[{"href":"https:\/\/e-leclerc.es\/pamplona\/wp-json\/wp\/v2\/posts\/6733","targetHints":{"allow":["GET"]}}],"collection":[{"href":"https:\/\/e-leclerc.es\/pamplona\/wp-json\/wp\/v2\/posts"}],"about":[{"href":"https:\/\/e-leclerc.es\/pamplona\/wp-json\/wp\/v2\/types\/post"}],"replies":[{"embeddable":true,"href":"https:\/\/e-leclerc.es\/pamplona\/wp-json\/wp\/v2\/comments?post=6733"}],"version-history":[{"count":0,"href":"https:\/\/e-leclerc.es\/pamplona\/wp-json\/wp\/v2\/posts\/6733\/revisions"}],"wp:featuredmedia":[{"embeddable":true,"href":"https:\/\/e-leclerc.es\/pamplona\/wp-json\/wp\/v2\/media\/6734"}],"wp:attachment":[{"href":"https:\/\/e-leclerc.es\/pamplona\/wp-json\/wp\/v2\/media?parent=6733"}],"wp:term":[{"taxonomy":"category","embeddable":true,"href":"https:\/\/e-leclerc.es\/pamplona\/wp-json\/wp\/v2\/categories?post=6733"},{"taxonomy":"post_tag","embeddable":true,"href":"https:\/\/e-leclerc.es\/pamplona\/wp-json\/wp\/v2\/tags?post=6733"}],"curies":[{"name":"wp","href":"https:\/\/api.w.org\/{rel}","templated":true}]}}