{"id":6731,"date":"2016-05-10T11:04:38","date_gmt":"2016-05-10T09:04:38","guid":{"rendered":"https:\/\/www.e-leclerc.es\/pamplona\/tendencias\/la-morea-y-e-leclerc-gestionaran-el-area-comercial-de-la-meca-que-abrira-en-ano-y-medio\/"},"modified":"2016-05-10T11:04:38","modified_gmt":"2016-05-10T09:04:38","slug":"la-morea-y-e-leclerc-gestionaran-el-area-comercial-de-la-meca-que-abrira-en-ano-y-medio","status":"publish","type":"post","link":"https:\/\/e-leclerc.es\/pamplona\/tendencias\/la-morea-y-e-leclerc-gestionaran-el-area-comercial-de-la-meca-que-abrira-en-ano-y-medio\/","title":{"rendered":"La morea y e.leclerc gestionar\u00e1n el \u00e1rea comercial de la meca, que abrir\u00e1 en a\u00f1o y medio"},"content":{"rendered":"<p>En corto<\/p>\n<p>Metros.<br \/>\n20.746 son los m2 edificables en la parcela de 7.923 metros cuadrados en la que se situar\u00e1n el centro comercial y la nueva residencia. El \u00e1rea comercial tendr\u00eda unos 10.000 metros cuadrados.<\/p>\n<p>Para 50 a\u00f1os<br \/>\nMG Vidaurre y la Casa Misericordia formalizaron el martes el acuerdo de concesi\u00f3n administrativa del terreno para 50 a\u00f1os, si bien previamente exist\u00eda un contrato previo. Ayer lleg\u00f3 el acuerdo de MG Vidaurre con Morea Inversi\u00f3n SL.<\/p>\n<p>Nueva calle peatonal.<br \/>\nUna nueva calle peatonal que unir\u00e1 Sancho el Fuerte y la Vuelta del Castillo separar\u00e1 la zona asistencial del \u00e1rea comercial y la residencia.<\/p>\n<p>La promotora M Gesti\u00f3n Vidaurre ha llegado a un acuerdo con la empresa Morea Inversiones SL para que esta compa\u00f1\u00eda gestione el nuevo \u00e1rea comercial que se ubicar\u00e1 en el solar de la Misericordia. Este acuerdo, que incluye a la cadena E.Leclerc, se cerr\u00f3 en la tarde de ayer, un d\u00eda despu\u00e9s de que en la ma\u00f1ana del martes MG Vidaurre y la Misericordia firmasen la cesi\u00f3n a 50 a\u00f1os de la parcela donde se ubicar\u00e1 tanto la nueva zona comercial como una residencia de 10 plantas. De esta manera, la empresa promotora cierra en apenas 30 horas dos acuerdos clave con el objetivo de abrir sus puertas en un a\u00f1o y medio.<\/p>\n<p>Aunque la noticia en torno a esta nueva \u00e1rea comercial sali\u00f3 a la luz la semana pasada, hasta esta semana no se hab\u00edan formalizado los acuerdos de MG Vidaurre con Morea Inversi\u00f3n y la Misericordia. De hecho, el acuerdo con los gestores de la nueva zona comercial ha estado gest\u00e1ndose hasta el \u00faltimo momento y a\u00fan en la ma\u00f1ana de ayer quedaban algunos flecos por concretar. Quienes se encargar\u00e1n de la zona comercial ser\u00e1n los mismos que administran el Centro Comercial y de Ocio La Morea. El acuerdo incluye tambi\u00e9n a la firma francesa de hipermercados y supermercados E. Leclerc, que gestiona desde hace 20 a\u00f1os un establecimiento en el \u00e1rea comercial de Cordovilla. Esta cadena instalar\u00e1 en la nueva zona una superficie \u00abdedicada a la alimentaci\u00f3n sujeta a las necesidades comerciales de este entorno\u00bb.<\/p>\n<p>El formato de la nueva zona comercial ser\u00e1 similar al de La Morea, aunque de menor tama\u00f1o. Se tratar\u00e1 de una superficie de unos 10.000 metros cuadrados en la que se ubicar\u00edan diferentes establecimientos independientes, con un supermercado de la firma E.Leclerc. Aunque a\u00fan est\u00e1n por determinar los detalles del nuevo desarrollo urban\u00edstico, en principio se tratar\u00eda de un edificio de no m\u00e1s de tres alturas con unos 5.000 metros cuadrados en planta. Esta zona comercial se situar\u00eda junto a la avenida Sancho el Fuerte y la calle Esqu\u00edroz.<\/p>\n<p>A unos metros, pegada a la Vuelta del Castillo se levantar\u00e1 la nueva residencia, en un edificio de 10 plantas. Se tratar\u00eda de un complejo para albergar a \u00abinvestigadores y profesionales de alta cualificaci\u00f3n en beneficio del desarrollo del entramado econ\u00f3mico navarro\u00bb, seg\u00fan contempla el proyecto. El acuerdo entre la promotora M Gesti\u00f3n Vidaurre y la Casa Misericordia se ha formalizado como concesi\u00f3n administrativa del terreno por 50 a\u00f1os. La empresa promotora del proyecto ha pagado una cantidad que no ha trascendido a la Misericordia para gestionar este entorno durante 50 a\u00f1os y, tras este periodo, el terreno volver\u00e1 a pertenecer a la Meca. La parcela cuenta con 7.923 m2 y la superficie edificable m\u00e1xima es de 20.746 m2.<\/p>\n<p>De esta manera, con el nuevo proyecto esta primera manzana de la avenida Sancho el Fuerte queda dividida en dos isletas. Por un lado, en la zona m\u00e1s pr\u00f3xima a la plaza de los Fueros, se mantendr\u00e1 toda la zona asistencial en torno al edificio de V\u00edctor Eusa, as\u00ed como el nuevo pabell\u00f3n de 5.500 m2 con capacidad para 100 residentes y que comenzar\u00e1 a construirse antes de final de a\u00f1o. Al otro lado de una nueva calle peatonal arbolada y perpendicular a Sancho el Fuerte se ubicar\u00e1 el solar con la residencia y el \u00e1rea comercial con parking subterr\u00e1neo, as\u00ed como un espacio dotacional municipal para el que el Ayuntamiento deber\u00e1 definir un proyecto.<\/p>\n<p>Esta operaci\u00f3n es posible gracias a un cambio de usos aprobado en 2010 por el pleno municipal, con el voto en contra de los ediles de ANV, que posibilita un abanico mucho m\u00e1s amplio de actividades en esta parcela, hasta entonces limitada a usos asistenciales. El proyecto deber\u00e1 ser tramitado como PSIS comercial, aunque desde el punto de vista urban\u00edstico tiene el camino despejado.<\/p>\n","protected":false},"excerpt":{"rendered":"<p>En corto Metros. 20.746 son los m2 edificables en la parcela de 7.923 metros cuadrados en la que se situar\u00e1n el centro comercial y la nueva residencia. El \u00e1rea comercial tendr\u00eda unos 10.000 metros cuadrados. Para 50 a\u00f1os MG Vidaurre y la Casa Misericordia formalizaron el martes el acuerdo de concesi\u00f3n administrativa del terreno para [&hellip;]<\/p>\n","protected":false},"author":0,"featured_media":6732,"comment_status":"","ping_status":"open","sticky":false,"template":"","format":"standard","meta":{"_acf_changed":false,"footnotes":""},"categories":[1],"tags":[],"class_list":["post-6731","post","type-post","status-publish","format-standard","has-post-thumbnail","hentry","category-uncategorized"],"acf":[],"yoast_head":"<!-- This site is optimized with the Yoast SEO plugin v27.4 - https:\/\/yoast.com\/product\/yoast-seo-wordpress\/ -->\n<title>La morea y e.leclerc gestionar\u00e1n el \u00e1rea comercial de la meca, que abrir\u00e1 en a\u00f1o y medio - E.Leclerc Pamplona<\/title>\n<meta name=\"robots\" content=\"index, follow, max-snippet:-1, max-image-preview:large, max-video-preview:-1\" \/>\n<link rel=\"canonical\" href=\"https:\/\/e-leclerc.es\/pamplona\/tendencias\/la-morea-y-e-leclerc-gestionaran-el-area-comercial-de-la-meca-que-abrira-en-ano-y-medio\/\" \/>\n<meta property=\"og:locale\" content=\"es_ES\" \/>\n<meta property=\"og:type\" content=\"article\" \/>\n<meta property=\"og:title\" content=\"La morea y e.leclerc gestionar\u00e1n el \u00e1rea comercial de la meca, que abrir\u00e1 en a\u00f1o y medio - E.Leclerc Pamplona\" \/>\n<meta property=\"og:description\" content=\"En corto Metros. 20.746 son los m2 edificables en la parcela de 7.923 metros cuadrados en la que se situar\u00e1n el centro comercial y la nueva residencia. El \u00e1rea comercial tendr\u00eda unos 10.000 metros cuadrados. Para 50 a\u00f1os MG Vidaurre y la Casa Misericordia formalizaron el martes el acuerdo de concesi\u00f3n administrativa del terreno para [&hellip;]\" \/>\n<meta property=\"og:url\" content=\"https:\/\/e-leclerc.es\/pamplona\/tendencias\/la-morea-y-e-leclerc-gestionaran-el-area-comercial-de-la-meca-que-abrira-en-ano-y-medio\/\" \/>\n<meta property=\"og:site_name\" content=\"E.Leclerc Pamplona\" \/>\n<meta property=\"article:published_time\" content=\"2016-05-10T09:04:38+00:00\" \/>\n<meta property=\"og:image\" content=\"https:\/\/e-leclerc.es\/pamplona\/wp-content\/uploads\/sites\/16\/2016\/05\/la-meca_678.jpg\" \/>\n\t<meta property=\"og:image:width\" content=\"600\" \/>\n\t<meta property=\"og:image:height\" content=\"278\" \/>\n\t<meta property=\"og:image:type\" content=\"image\/jpeg\" \/>\n<meta name=\"twitter:card\" content=\"summary_large_image\" \/>\n<meta name=\"twitter:label1\" content=\"Tiempo de lectura\" \/>\n\t<meta name=\"twitter:data1\" content=\"4 minutos\" \/>\n<script type=\"application\/ld+json\" class=\"yoast-schema-graph\">{\"@context\":\"https:\\\/\\\/schema.org\",\"@graph\":[{\"@type\":\"Article\",\"@id\":\"https:\\\/\\\/e-leclerc.es\\\/pamplona\\\/tendencias\\\/la-morea-y-e-leclerc-gestionaran-el-area-comercial-de-la-meca-que-abrira-en-ano-y-medio\\\/#article\",\"isPartOf\":{\"@id\":\"https:\\\/\\\/e-leclerc.es\\\/pamplona\\\/tendencias\\\/la-morea-y-e-leclerc-gestionaran-el-area-comercial-de-la-meca-que-abrira-en-ano-y-medio\\\/\"},\"author\":{\"name\":\"\",\"@id\":\"\"},\"headline\":\"La morea y e.leclerc gestionar\u00e1n el \u00e1rea comercial de la meca, que abrir\u00e1 en a\u00f1o y medio\",\"datePublished\":\"2016-05-10T09:04:38+00:00\",\"mainEntityOfPage\":{\"@id\":\"https:\\\/\\\/e-leclerc.es\\\/pamplona\\\/tendencias\\\/la-morea-y-e-leclerc-gestionaran-el-area-comercial-de-la-meca-que-abrira-en-ano-y-medio\\\/\"},\"wordCount\":792,\"publisher\":{\"@id\":\"https:\\\/\\\/e-leclerc.es\\\/pamplona\\\/#organization\"},\"image\":{\"@id\":\"https:\\\/\\\/e-leclerc.es\\\/pamplona\\\/tendencias\\\/la-morea-y-e-leclerc-gestionaran-el-area-comercial-de-la-meca-que-abrira-en-ano-y-medio\\\/#primaryimage\"},\"thumbnailUrl\":\"https:\\\/\\\/e-leclerc.es\\\/pamplona\\\/wp-content\\\/uploads\\\/sites\\\/16\\\/2016\\\/05\\\/la-meca_678.jpg\",\"articleSection\":[\"Uncategorized\"],\"inLanguage\":\"es\"},{\"@type\":\"WebPage\",\"@id\":\"https:\\\/\\\/e-leclerc.es\\\/pamplona\\\/tendencias\\\/la-morea-y-e-leclerc-gestionaran-el-area-comercial-de-la-meca-que-abrira-en-ano-y-medio\\\/\",\"url\":\"https:\\\/\\\/e-leclerc.es\\\/pamplona\\\/tendencias\\\/la-morea-y-e-leclerc-gestionaran-el-area-comercial-de-la-meca-que-abrira-en-ano-y-medio\\\/\",\"name\":\"La morea y e.leclerc gestionar\u00e1n el \u00e1rea comercial de la meca, que abrir\u00e1 en a\u00f1o y medio - E.Leclerc Pamplona\",\"isPartOf\":{\"@id\":\"https:\\\/\\\/e-leclerc.es\\\/pamplona\\\/#website\"},\"primaryImageOfPage\":{\"@id\":\"https:\\\/\\\/e-leclerc.es\\\/pamplona\\\/tendencias\\\/la-morea-y-e-leclerc-gestionaran-el-area-comercial-de-la-meca-que-abrira-en-ano-y-medio\\\/#primaryimage\"},\"image\":{\"@id\":\"https:\\\/\\\/e-leclerc.es\\\/pamplona\\\/tendencias\\\/la-morea-y-e-leclerc-gestionaran-el-area-comercial-de-la-meca-que-abrira-en-ano-y-medio\\\/#primaryimage\"},\"thumbnailUrl\":\"https:\\\/\\\/e-leclerc.es\\\/pamplona\\\/wp-content\\\/uploads\\\/sites\\\/16\\\/2016\\\/05\\\/la-meca_678.jpg\",\"datePublished\":\"2016-05-10T09:04:38+00:00\",\"breadcrumb\":{\"@id\":\"https:\\\/\\\/e-leclerc.es\\\/pamplona\\\/tendencias\\\/la-morea-y-e-leclerc-gestionaran-el-area-comercial-de-la-meca-que-abrira-en-ano-y-medio\\\/#breadcrumb\"},\"inLanguage\":\"es\",\"potentialAction\":[{\"@type\":\"ReadAction\",\"target\":[\"https:\\\/\\\/e-leclerc.es\\\/pamplona\\\/tendencias\\\/la-morea-y-e-leclerc-gestionaran-el-area-comercial-de-la-meca-que-abrira-en-ano-y-medio\\\/\"]}]},{\"@type\":\"ImageObject\",\"inLanguage\":\"es\",\"@id\":\"https:\\\/\\\/e-leclerc.es\\\/pamplona\\\/tendencias\\\/la-morea-y-e-leclerc-gestionaran-el-area-comercial-de-la-meca-que-abrira-en-ano-y-medio\\\/#primaryimage\",\"url\":\"https:\\\/\\\/e-leclerc.es\\\/pamplona\\\/wp-content\\\/uploads\\\/sites\\\/16\\\/2016\\\/05\\\/la-meca_678.jpg\",\"contentUrl\":\"https:\\\/\\\/e-leclerc.es\\\/pamplona\\\/wp-content\\\/uploads\\\/sites\\\/16\\\/2016\\\/05\\\/la-meca_678.jpg\",\"width\":600,\"height\":278},{\"@type\":\"BreadcrumbList\",\"@id\":\"https:\\\/\\\/e-leclerc.es\\\/pamplona\\\/tendencias\\\/la-morea-y-e-leclerc-gestionaran-el-area-comercial-de-la-meca-que-abrira-en-ano-y-medio\\\/#breadcrumb\",\"itemListElement\":[{\"@type\":\"ListItem\",\"position\":1,\"name\":\"Portada\",\"item\":\"https:\\\/\\\/e-leclerc.es\\\/pamplona\\\/\"},{\"@type\":\"ListItem\",\"position\":2,\"name\":\"La morea y e.leclerc gestionar\u00e1n el \u00e1rea comercial de la meca, que abrir\u00e1 en a\u00f1o y medio\"}]},{\"@type\":\"WebSite\",\"@id\":\"https:\\\/\\\/e-leclerc.es\\\/pamplona\\\/#website\",\"url\":\"https:\\\/\\\/e-leclerc.es\\\/pamplona\\\/\",\"name\":\"E.Leclerc Pamplona\",\"description\":\"Descubre los folletos, ofertas y promociones de nuestro hipermercado E.Leclerc Pamplona en Arag\u00f3n. Direcci\u00f3n | Horario | Productos locales\",\"publisher\":{\"@id\":\"https:\\\/\\\/e-leclerc.es\\\/pamplona\\\/#organization\"},\"potentialAction\":[{\"@type\":\"SearchAction\",\"target\":{\"@type\":\"EntryPoint\",\"urlTemplate\":\"https:\\\/\\\/e-leclerc.es\\\/pamplona\\\/?s={search_term_string}\"},\"query-input\":{\"@type\":\"PropertyValueSpecification\",\"valueRequired\":true,\"valueName\":\"search_term_string\"}}],\"inLanguage\":\"es\"},{\"@type\":\"Organization\",\"@id\":\"https:\\\/\\\/e-leclerc.es\\\/pamplona\\\/#organization\",\"name\":\"E.Leclerc Pamplona\",\"url\":\"https:\\\/\\\/e-leclerc.es\\\/pamplona\\\/\",\"logo\":{\"@type\":\"ImageObject\",\"inLanguage\":\"es\",\"@id\":\"https:\\\/\\\/e-leclerc.es\\\/pamplona\\\/#\\\/schema\\\/logo\\\/image\\\/\",\"url\":\"https:\\\/\\\/e-leclerc.es\\\/pamplona\\\/wp-content\\\/uploads\\\/sites\\\/16\\\/2024\\\/03\\\/Leclerc_Logo.svg\",\"contentUrl\":\"https:\\\/\\\/e-leclerc.es\\\/pamplona\\\/wp-content\\\/uploads\\\/sites\\\/16\\\/2024\\\/03\\\/Leclerc_Logo.svg\",\"caption\":\"E.Leclerc Pamplona\"},\"image\":{\"@id\":\"https:\\\/\\\/e-leclerc.es\\\/pamplona\\\/#\\\/schema\\\/logo\\\/image\\\/\"}}]}<\/script>\n<!-- \/ Yoast SEO plugin. -->","yoast_head_json":{"title":"La morea y e.leclerc gestionar\u00e1n el \u00e1rea comercial de la meca, que abrir\u00e1 en a\u00f1o y medio - E.Leclerc Pamplona","robots":{"index":"index","follow":"follow","max-snippet":"max-snippet:-1","max-image-preview":"max-image-preview:large","max-video-preview":"max-video-preview:-1"},"canonical":"https:\/\/e-leclerc.es\/pamplona\/tendencias\/la-morea-y-e-leclerc-gestionaran-el-area-comercial-de-la-meca-que-abrira-en-ano-y-medio\/","og_locale":"es_ES","og_type":"article","og_title":"La morea y e.leclerc gestionar\u00e1n el \u00e1rea comercial de la meca, que abrir\u00e1 en a\u00f1o y medio - E.Leclerc Pamplona","og_description":"En corto Metros. 20.746 son los m2 edificables en la parcela de 7.923 metros cuadrados en la que se situar\u00e1n el centro comercial y la nueva residencia. El \u00e1rea comercial tendr\u00eda unos 10.000 metros cuadrados. Para 50 a\u00f1os MG Vidaurre y la Casa Misericordia formalizaron el martes el acuerdo de concesi\u00f3n administrativa del terreno para [&hellip;]","og_url":"https:\/\/e-leclerc.es\/pamplona\/tendencias\/la-morea-y-e-leclerc-gestionaran-el-area-comercial-de-la-meca-que-abrira-en-ano-y-medio\/","og_site_name":"E.Leclerc Pamplona","article_published_time":"2016-05-10T09:04:38+00:00","og_image":[{"width":600,"height":278,"url":"https:\/\/e-leclerc.es\/pamplona\/wp-content\/uploads\/sites\/16\/2016\/05\/la-meca_678.jpg","type":"image\/jpeg"}],"twitter_card":"summary_large_image","twitter_misc":{"Tiempo de lectura":"4 minutos"},"schema":{"@context":"https:\/\/schema.org","@graph":[{"@type":"Article","@id":"https:\/\/e-leclerc.es\/pamplona\/tendencias\/la-morea-y-e-leclerc-gestionaran-el-area-comercial-de-la-meca-que-abrira-en-ano-y-medio\/#article","isPartOf":{"@id":"https:\/\/e-leclerc.es\/pamplona\/tendencias\/la-morea-y-e-leclerc-gestionaran-el-area-comercial-de-la-meca-que-abrira-en-ano-y-medio\/"},"author":{"name":"","@id":""},"headline":"La morea y e.leclerc gestionar\u00e1n el \u00e1rea comercial de la meca, que abrir\u00e1 en a\u00f1o y medio","datePublished":"2016-05-10T09:04:38+00:00","mainEntityOfPage":{"@id":"https:\/\/e-leclerc.es\/pamplona\/tendencias\/la-morea-y-e-leclerc-gestionaran-el-area-comercial-de-la-meca-que-abrira-en-ano-y-medio\/"},"wordCount":792,"publisher":{"@id":"https:\/\/e-leclerc.es\/pamplona\/#organization"},"image":{"@id":"https:\/\/e-leclerc.es\/pamplona\/tendencias\/la-morea-y-e-leclerc-gestionaran-el-area-comercial-de-la-meca-que-abrira-en-ano-y-medio\/#primaryimage"},"thumbnailUrl":"https:\/\/e-leclerc.es\/pamplona\/wp-content\/uploads\/sites\/16\/2016\/05\/la-meca_678.jpg","articleSection":["Uncategorized"],"inLanguage":"es"},{"@type":"WebPage","@id":"https:\/\/e-leclerc.es\/pamplona\/tendencias\/la-morea-y-e-leclerc-gestionaran-el-area-comercial-de-la-meca-que-abrira-en-ano-y-medio\/","url":"https:\/\/e-leclerc.es\/pamplona\/tendencias\/la-morea-y-e-leclerc-gestionaran-el-area-comercial-de-la-meca-que-abrira-en-ano-y-medio\/","name":"La morea y e.leclerc gestionar\u00e1n el \u00e1rea comercial de la meca, que abrir\u00e1 en a\u00f1o y medio - E.Leclerc Pamplona","isPartOf":{"@id":"https:\/\/e-leclerc.es\/pamplona\/#website"},"primaryImageOfPage":{"@id":"https:\/\/e-leclerc.es\/pamplona\/tendencias\/la-morea-y-e-leclerc-gestionaran-el-area-comercial-de-la-meca-que-abrira-en-ano-y-medio\/#primaryimage"},"image":{"@id":"https:\/\/e-leclerc.es\/pamplona\/tendencias\/la-morea-y-e-leclerc-gestionaran-el-area-comercial-de-la-meca-que-abrira-en-ano-y-medio\/#primaryimage"},"thumbnailUrl":"https:\/\/e-leclerc.es\/pamplona\/wp-content\/uploads\/sites\/16\/2016\/05\/la-meca_678.jpg","datePublished":"2016-05-10T09:04:38+00:00","breadcrumb":{"@id":"https:\/\/e-leclerc.es\/pamplona\/tendencias\/la-morea-y-e-leclerc-gestionaran-el-area-comercial-de-la-meca-que-abrira-en-ano-y-medio\/#breadcrumb"},"inLanguage":"es","potentialAction":[{"@type":"ReadAction","target":["https:\/\/e-leclerc.es\/pamplona\/tendencias\/la-morea-y-e-leclerc-gestionaran-el-area-comercial-de-la-meca-que-abrira-en-ano-y-medio\/"]}]},{"@type":"ImageObject","inLanguage":"es","@id":"https:\/\/e-leclerc.es\/pamplona\/tendencias\/la-morea-y-e-leclerc-gestionaran-el-area-comercial-de-la-meca-que-abrira-en-ano-y-medio\/#primaryimage","url":"https:\/\/e-leclerc.es\/pamplona\/wp-content\/uploads\/sites\/16\/2016\/05\/la-meca_678.jpg","contentUrl":"https:\/\/e-leclerc.es\/pamplona\/wp-content\/uploads\/sites\/16\/2016\/05\/la-meca_678.jpg","width":600,"height":278},{"@type":"BreadcrumbList","@id":"https:\/\/e-leclerc.es\/pamplona\/tendencias\/la-morea-y-e-leclerc-gestionaran-el-area-comercial-de-la-meca-que-abrira-en-ano-y-medio\/#breadcrumb","itemListElement":[{"@type":"ListItem","position":1,"name":"Portada","item":"https:\/\/e-leclerc.es\/pamplona\/"},{"@type":"ListItem","position":2,"name":"La morea y e.leclerc gestionar\u00e1n el \u00e1rea comercial de la meca, que abrir\u00e1 en a\u00f1o y medio"}]},{"@type":"WebSite","@id":"https:\/\/e-leclerc.es\/pamplona\/#website","url":"https:\/\/e-leclerc.es\/pamplona\/","name":"E.Leclerc Pamplona","description":"Descubre los folletos, ofertas y promociones de nuestro hipermercado E.Leclerc Pamplona en Arag\u00f3n. Direcci\u00f3n | Horario | Productos locales","publisher":{"@id":"https:\/\/e-leclerc.es\/pamplona\/#organization"},"potentialAction":[{"@type":"SearchAction","target":{"@type":"EntryPoint","urlTemplate":"https:\/\/e-leclerc.es\/pamplona\/?s={search_term_string}"},"query-input":{"@type":"PropertyValueSpecification","valueRequired":true,"valueName":"search_term_string"}}],"inLanguage":"es"},{"@type":"Organization","@id":"https:\/\/e-leclerc.es\/pamplona\/#organization","name":"E.Leclerc Pamplona","url":"https:\/\/e-leclerc.es\/pamplona\/","logo":{"@type":"ImageObject","inLanguage":"es","@id":"https:\/\/e-leclerc.es\/pamplona\/#\/schema\/logo\/image\/","url":"https:\/\/e-leclerc.es\/pamplona\/wp-content\/uploads\/sites\/16\/2024\/03\/Leclerc_Logo.svg","contentUrl":"https:\/\/e-leclerc.es\/pamplona\/wp-content\/uploads\/sites\/16\/2024\/03\/Leclerc_Logo.svg","caption":"E.Leclerc Pamplona"},"image":{"@id":"https:\/\/e-leclerc.es\/pamplona\/#\/schema\/logo\/image\/"}}]}},"_links":{"self":[{"href":"https:\/\/e-leclerc.es\/pamplona\/wp-json\/wp\/v2\/posts\/6731","targetHints":{"allow":["GET"]}}],"collection":[{"href":"https:\/\/e-leclerc.es\/pamplona\/wp-json\/wp\/v2\/posts"}],"about":[{"href":"https:\/\/e-leclerc.es\/pamplona\/wp-json\/wp\/v2\/types\/post"}],"replies":[{"embeddable":true,"href":"https:\/\/e-leclerc.es\/pamplona\/wp-json\/wp\/v2\/comments?post=6731"}],"version-history":[{"count":0,"href":"https:\/\/e-leclerc.es\/pamplona\/wp-json\/wp\/v2\/posts\/6731\/revisions"}],"wp:featuredmedia":[{"embeddable":true,"href":"https:\/\/e-leclerc.es\/pamplona\/wp-json\/wp\/v2\/media\/6732"}],"wp:attachment":[{"href":"https:\/\/e-leclerc.es\/pamplona\/wp-json\/wp\/v2\/media?parent=6731"}],"wp:term":[{"taxonomy":"category","embeddable":true,"href":"https:\/\/e-leclerc.es\/pamplona\/wp-json\/wp\/v2\/categories?post=6731"},{"taxonomy":"post_tag","embeddable":true,"href":"https:\/\/e-leclerc.es\/pamplona\/wp-json\/wp\/v2\/tags?post=6731"}],"curies":[{"name":"wp","href":"https:\/\/api.w.org\/{rel}","templated":true}]}}