{"id":6729,"date":"2016-05-10T11:04:37","date_gmt":"2016-05-10T09:04:37","guid":{"rendered":"https:\/\/www.e-leclerc.es\/pamplona\/tendencias\/los-concursantes-de-fama-llenan-de-baile-e-leclerc\/"},"modified":"2016-05-10T11:04:37","modified_gmt":"2016-05-10T09:04:37","slug":"los-concursantes-de-fama-llenan-de-baile-e-leclerc","status":"publish","type":"post","link":"https:\/\/e-leclerc.es\/pamplona\/tendencias\/los-concursantes-de-fama-llenan-de-baile-e-leclerc\/","title":{"rendered":"Los concursantes de \u00abfama\u00bb llenan de baile e.leclerc"},"content":{"rendered":"<p>Cientos de personas, especialmente j\u00f3venes, acudieron ayer al hipermercado E.Leclerc, para ver ayer las exhibiciones que ofrecieron los concursantes del programa televisivo Fama. A bailar! En tres pases de unos diez minutos de duraci\u00f3n, uno a la ma\u00f1ana y dos a la tarde, Vicky G\u00f3mez (ganadora de la primera edici\u00f3n del programa televisivo), Tatiana Morcillo, Paula Redondo, Nito y Manga mostraron sus habilidades con el baile. Su espect\u00e1culo comenzaba en el vest\u00edbulo del centro comercial, donde el p\u00fablico form\u00f3 un c\u00edrculo alrededor de los bailarines, que en un momento dado entraron en el propio hipermercado para seguir con sus pasos de baile. Tras su actuaci\u00f3n se hicieron fotos con quienes lo deseaban. La exhibici\u00f3n estaba destinada a dar a conocer la nueva colecci\u00f3n de moda del centro comercial.<\/p>\n","protected":false},"excerpt":{"rendered":"<p>Cientos de personas, especialmente j\u00f3venes, acudieron ayer al hipermercado E.Leclerc, para ver ayer las exhibiciones que ofrecieron los concursantes del programa televisivo Fama. A bailar! En tres pases de unos diez minutos de duraci\u00f3n, uno a la ma\u00f1ana y dos a la tarde, Vicky G\u00f3mez (ganadora de la primera edici\u00f3n del programa televisivo), Tatiana Morcillo, [&hellip;]<\/p>\n","protected":false},"author":0,"featured_media":6730,"comment_status":"","ping_status":"open","sticky":false,"template":"","format":"standard","meta":{"_acf_changed":false,"footnotes":""},"categories":[1],"tags":[],"class_list":["post-6729","post","type-post","status-publish","format-standard","has-post-thumbnail","hentry","category-uncategorized"],"acf":[],"yoast_head":"<!-- This site is optimized with the Yoast SEO plugin v27.4 - https:\/\/yoast.com\/product\/yoast-seo-wordpress\/ -->\n<title>Los concursantes de &quot;fama&quot; llenan de baile e.leclerc - E.Leclerc Pamplona<\/title>\n<meta name=\"robots\" content=\"index, follow, max-snippet:-1, max-image-preview:large, max-video-preview:-1\" \/>\n<link rel=\"canonical\" href=\"https:\/\/e-leclerc.es\/pamplona\/tendencias\/los-concursantes-de-fama-llenan-de-baile-e-leclerc\/\" \/>\n<meta property=\"og:locale\" content=\"es_ES\" \/>\n<meta property=\"og:type\" content=\"article\" \/>\n<meta property=\"og:title\" content=\"Los concursantes de &quot;fama&quot; llenan de baile e.leclerc - E.Leclerc Pamplona\" \/>\n<meta property=\"og:description\" content=\"Cientos de personas, especialmente j\u00f3venes, acudieron ayer al hipermercado E.Leclerc, para ver ayer las exhibiciones que ofrecieron los concursantes del programa televisivo Fama. A bailar! En tres pases de unos diez minutos de duraci\u00f3n, uno a la ma\u00f1ana y dos a la tarde, Vicky G\u00f3mez (ganadora de la primera edici\u00f3n del programa televisivo), Tatiana Morcillo, [&hellip;]\" \/>\n<meta property=\"og:url\" content=\"https:\/\/e-leclerc.es\/pamplona\/tendencias\/los-concursantes-de-fama-llenan-de-baile-e-leclerc\/\" \/>\n<meta property=\"og:site_name\" content=\"E.Leclerc Pamplona\" \/>\n<meta property=\"article:published_time\" content=\"2016-05-10T09:04:37+00:00\" \/>\n<meta property=\"og:image\" content=\"https:\/\/e-leclerc.es\/pamplona\/wp-content\/uploads\/sites\/16\/2016\/05\/pases-fama_677.jpg\" \/>\n\t<meta property=\"og:image:width\" content=\"578\" \/>\n\t<meta property=\"og:image:height\" content=\"337\" \/>\n\t<meta property=\"og:image:type\" content=\"image\/jpeg\" \/>\n<meta name=\"twitter:card\" content=\"summary_large_image\" \/>\n<meta name=\"twitter:label1\" content=\"Tiempo de lectura\" \/>\n\t<meta name=\"twitter:data1\" content=\"1 minuto\" \/>\n<script type=\"application\/ld+json\" class=\"yoast-schema-graph\">{\"@context\":\"https:\\\/\\\/schema.org\",\"@graph\":[{\"@type\":\"Article\",\"@id\":\"https:\\\/\\\/e-leclerc.es\\\/pamplona\\\/tendencias\\\/los-concursantes-de-fama-llenan-de-baile-e-leclerc\\\/#article\",\"isPartOf\":{\"@id\":\"https:\\\/\\\/e-leclerc.es\\\/pamplona\\\/tendencias\\\/los-concursantes-de-fama-llenan-de-baile-e-leclerc\\\/\"},\"author\":{\"name\":\"\",\"@id\":\"\"},\"headline\":\"Los concursantes de \u00abfama\u00bb llenan de baile e.leclerc\",\"datePublished\":\"2016-05-10T09:04:37+00:00\",\"mainEntityOfPage\":{\"@id\":\"https:\\\/\\\/e-leclerc.es\\\/pamplona\\\/tendencias\\\/los-concursantes-de-fama-llenan-de-baile-e-leclerc\\\/\"},\"wordCount\":150,\"publisher\":{\"@id\":\"https:\\\/\\\/e-leclerc.es\\\/pamplona\\\/#organization\"},\"image\":{\"@id\":\"https:\\\/\\\/e-leclerc.es\\\/pamplona\\\/tendencias\\\/los-concursantes-de-fama-llenan-de-baile-e-leclerc\\\/#primaryimage\"},\"thumbnailUrl\":\"https:\\\/\\\/e-leclerc.es\\\/pamplona\\\/wp-content\\\/uploads\\\/sites\\\/16\\\/2016\\\/05\\\/pases-fama_677.jpg\",\"articleSection\":[\"Uncategorized\"],\"inLanguage\":\"es\"},{\"@type\":\"WebPage\",\"@id\":\"https:\\\/\\\/e-leclerc.es\\\/pamplona\\\/tendencias\\\/los-concursantes-de-fama-llenan-de-baile-e-leclerc\\\/\",\"url\":\"https:\\\/\\\/e-leclerc.es\\\/pamplona\\\/tendencias\\\/los-concursantes-de-fama-llenan-de-baile-e-leclerc\\\/\",\"name\":\"Los concursantes de \\\"fama\\\" llenan de baile e.leclerc - E.Leclerc Pamplona\",\"isPartOf\":{\"@id\":\"https:\\\/\\\/e-leclerc.es\\\/pamplona\\\/#website\"},\"primaryImageOfPage\":{\"@id\":\"https:\\\/\\\/e-leclerc.es\\\/pamplona\\\/tendencias\\\/los-concursantes-de-fama-llenan-de-baile-e-leclerc\\\/#primaryimage\"},\"image\":{\"@id\":\"https:\\\/\\\/e-leclerc.es\\\/pamplona\\\/tendencias\\\/los-concursantes-de-fama-llenan-de-baile-e-leclerc\\\/#primaryimage\"},\"thumbnailUrl\":\"https:\\\/\\\/e-leclerc.es\\\/pamplona\\\/wp-content\\\/uploads\\\/sites\\\/16\\\/2016\\\/05\\\/pases-fama_677.jpg\",\"datePublished\":\"2016-05-10T09:04:37+00:00\",\"breadcrumb\":{\"@id\":\"https:\\\/\\\/e-leclerc.es\\\/pamplona\\\/tendencias\\\/los-concursantes-de-fama-llenan-de-baile-e-leclerc\\\/#breadcrumb\"},\"inLanguage\":\"es\",\"potentialAction\":[{\"@type\":\"ReadAction\",\"target\":[\"https:\\\/\\\/e-leclerc.es\\\/pamplona\\\/tendencias\\\/los-concursantes-de-fama-llenan-de-baile-e-leclerc\\\/\"]}]},{\"@type\":\"ImageObject\",\"inLanguage\":\"es\",\"@id\":\"https:\\\/\\\/e-leclerc.es\\\/pamplona\\\/tendencias\\\/los-concursantes-de-fama-llenan-de-baile-e-leclerc\\\/#primaryimage\",\"url\":\"https:\\\/\\\/e-leclerc.es\\\/pamplona\\\/wp-content\\\/uploads\\\/sites\\\/16\\\/2016\\\/05\\\/pases-fama_677.jpg\",\"contentUrl\":\"https:\\\/\\\/e-leclerc.es\\\/pamplona\\\/wp-content\\\/uploads\\\/sites\\\/16\\\/2016\\\/05\\\/pases-fama_677.jpg\",\"width\":578,\"height\":337},{\"@type\":\"BreadcrumbList\",\"@id\":\"https:\\\/\\\/e-leclerc.es\\\/pamplona\\\/tendencias\\\/los-concursantes-de-fama-llenan-de-baile-e-leclerc\\\/#breadcrumb\",\"itemListElement\":[{\"@type\":\"ListItem\",\"position\":1,\"name\":\"Portada\",\"item\":\"https:\\\/\\\/e-leclerc.es\\\/pamplona\\\/\"},{\"@type\":\"ListItem\",\"position\":2,\"name\":\"Los concursantes de \u00abfama\u00bb llenan de baile e.leclerc\"}]},{\"@type\":\"WebSite\",\"@id\":\"https:\\\/\\\/e-leclerc.es\\\/pamplona\\\/#website\",\"url\":\"https:\\\/\\\/e-leclerc.es\\\/pamplona\\\/\",\"name\":\"E.Leclerc Pamplona\",\"description\":\"Descubre los folletos, ofertas y promociones de nuestro hipermercado E.Leclerc Pamplona en Arag\u00f3n. Direcci\u00f3n | Horario | Productos locales\",\"publisher\":{\"@id\":\"https:\\\/\\\/e-leclerc.es\\\/pamplona\\\/#organization\"},\"potentialAction\":[{\"@type\":\"SearchAction\",\"target\":{\"@type\":\"EntryPoint\",\"urlTemplate\":\"https:\\\/\\\/e-leclerc.es\\\/pamplona\\\/?s={search_term_string}\"},\"query-input\":{\"@type\":\"PropertyValueSpecification\",\"valueRequired\":true,\"valueName\":\"search_term_string\"}}],\"inLanguage\":\"es\"},{\"@type\":\"Organization\",\"@id\":\"https:\\\/\\\/e-leclerc.es\\\/pamplona\\\/#organization\",\"name\":\"E.Leclerc Pamplona\",\"url\":\"https:\\\/\\\/e-leclerc.es\\\/pamplona\\\/\",\"logo\":{\"@type\":\"ImageObject\",\"inLanguage\":\"es\",\"@id\":\"https:\\\/\\\/e-leclerc.es\\\/pamplona\\\/#\\\/schema\\\/logo\\\/image\\\/\",\"url\":\"https:\\\/\\\/e-leclerc.es\\\/pamplona\\\/wp-content\\\/uploads\\\/sites\\\/16\\\/2024\\\/03\\\/Leclerc_Logo.svg\",\"contentUrl\":\"https:\\\/\\\/e-leclerc.es\\\/pamplona\\\/wp-content\\\/uploads\\\/sites\\\/16\\\/2024\\\/03\\\/Leclerc_Logo.svg\",\"caption\":\"E.Leclerc Pamplona\"},\"image\":{\"@id\":\"https:\\\/\\\/e-leclerc.es\\\/pamplona\\\/#\\\/schema\\\/logo\\\/image\\\/\"}}]}<\/script>\n<!-- \/ Yoast SEO plugin. -->","yoast_head_json":{"title":"Los concursantes de \"fama\" llenan de baile e.leclerc - E.Leclerc Pamplona","robots":{"index":"index","follow":"follow","max-snippet":"max-snippet:-1","max-image-preview":"max-image-preview:large","max-video-preview":"max-video-preview:-1"},"canonical":"https:\/\/e-leclerc.es\/pamplona\/tendencias\/los-concursantes-de-fama-llenan-de-baile-e-leclerc\/","og_locale":"es_ES","og_type":"article","og_title":"Los concursantes de \"fama\" llenan de baile e.leclerc - E.Leclerc Pamplona","og_description":"Cientos de personas, especialmente j\u00f3venes, acudieron ayer al hipermercado E.Leclerc, para ver ayer las exhibiciones que ofrecieron los concursantes del programa televisivo Fama. A bailar! En tres pases de unos diez minutos de duraci\u00f3n, uno a la ma\u00f1ana y dos a la tarde, Vicky G\u00f3mez (ganadora de la primera edici\u00f3n del programa televisivo), Tatiana Morcillo, [&hellip;]","og_url":"https:\/\/e-leclerc.es\/pamplona\/tendencias\/los-concursantes-de-fama-llenan-de-baile-e-leclerc\/","og_site_name":"E.Leclerc Pamplona","article_published_time":"2016-05-10T09:04:37+00:00","og_image":[{"width":578,"height":337,"url":"https:\/\/e-leclerc.es\/pamplona\/wp-content\/uploads\/sites\/16\/2016\/05\/pases-fama_677.jpg","type":"image\/jpeg"}],"twitter_card":"summary_large_image","twitter_misc":{"Tiempo de lectura":"1 minuto"},"schema":{"@context":"https:\/\/schema.org","@graph":[{"@type":"Article","@id":"https:\/\/e-leclerc.es\/pamplona\/tendencias\/los-concursantes-de-fama-llenan-de-baile-e-leclerc\/#article","isPartOf":{"@id":"https:\/\/e-leclerc.es\/pamplona\/tendencias\/los-concursantes-de-fama-llenan-de-baile-e-leclerc\/"},"author":{"name":"","@id":""},"headline":"Los concursantes de \u00abfama\u00bb llenan de baile e.leclerc","datePublished":"2016-05-10T09:04:37+00:00","mainEntityOfPage":{"@id":"https:\/\/e-leclerc.es\/pamplona\/tendencias\/los-concursantes-de-fama-llenan-de-baile-e-leclerc\/"},"wordCount":150,"publisher":{"@id":"https:\/\/e-leclerc.es\/pamplona\/#organization"},"image":{"@id":"https:\/\/e-leclerc.es\/pamplona\/tendencias\/los-concursantes-de-fama-llenan-de-baile-e-leclerc\/#primaryimage"},"thumbnailUrl":"https:\/\/e-leclerc.es\/pamplona\/wp-content\/uploads\/sites\/16\/2016\/05\/pases-fama_677.jpg","articleSection":["Uncategorized"],"inLanguage":"es"},{"@type":"WebPage","@id":"https:\/\/e-leclerc.es\/pamplona\/tendencias\/los-concursantes-de-fama-llenan-de-baile-e-leclerc\/","url":"https:\/\/e-leclerc.es\/pamplona\/tendencias\/los-concursantes-de-fama-llenan-de-baile-e-leclerc\/","name":"Los concursantes de \"fama\" llenan de baile e.leclerc - E.Leclerc Pamplona","isPartOf":{"@id":"https:\/\/e-leclerc.es\/pamplona\/#website"},"primaryImageOfPage":{"@id":"https:\/\/e-leclerc.es\/pamplona\/tendencias\/los-concursantes-de-fama-llenan-de-baile-e-leclerc\/#primaryimage"},"image":{"@id":"https:\/\/e-leclerc.es\/pamplona\/tendencias\/los-concursantes-de-fama-llenan-de-baile-e-leclerc\/#primaryimage"},"thumbnailUrl":"https:\/\/e-leclerc.es\/pamplona\/wp-content\/uploads\/sites\/16\/2016\/05\/pases-fama_677.jpg","datePublished":"2016-05-10T09:04:37+00:00","breadcrumb":{"@id":"https:\/\/e-leclerc.es\/pamplona\/tendencias\/los-concursantes-de-fama-llenan-de-baile-e-leclerc\/#breadcrumb"},"inLanguage":"es","potentialAction":[{"@type":"ReadAction","target":["https:\/\/e-leclerc.es\/pamplona\/tendencias\/los-concursantes-de-fama-llenan-de-baile-e-leclerc\/"]}]},{"@type":"ImageObject","inLanguage":"es","@id":"https:\/\/e-leclerc.es\/pamplona\/tendencias\/los-concursantes-de-fama-llenan-de-baile-e-leclerc\/#primaryimage","url":"https:\/\/e-leclerc.es\/pamplona\/wp-content\/uploads\/sites\/16\/2016\/05\/pases-fama_677.jpg","contentUrl":"https:\/\/e-leclerc.es\/pamplona\/wp-content\/uploads\/sites\/16\/2016\/05\/pases-fama_677.jpg","width":578,"height":337},{"@type":"BreadcrumbList","@id":"https:\/\/e-leclerc.es\/pamplona\/tendencias\/los-concursantes-de-fama-llenan-de-baile-e-leclerc\/#breadcrumb","itemListElement":[{"@type":"ListItem","position":1,"name":"Portada","item":"https:\/\/e-leclerc.es\/pamplona\/"},{"@type":"ListItem","position":2,"name":"Los concursantes de \u00abfama\u00bb llenan de baile e.leclerc"}]},{"@type":"WebSite","@id":"https:\/\/e-leclerc.es\/pamplona\/#website","url":"https:\/\/e-leclerc.es\/pamplona\/","name":"E.Leclerc Pamplona","description":"Descubre los folletos, ofertas y promociones de nuestro hipermercado E.Leclerc Pamplona en Arag\u00f3n. Direcci\u00f3n | Horario | Productos locales","publisher":{"@id":"https:\/\/e-leclerc.es\/pamplona\/#organization"},"potentialAction":[{"@type":"SearchAction","target":{"@type":"EntryPoint","urlTemplate":"https:\/\/e-leclerc.es\/pamplona\/?s={search_term_string}"},"query-input":{"@type":"PropertyValueSpecification","valueRequired":true,"valueName":"search_term_string"}}],"inLanguage":"es"},{"@type":"Organization","@id":"https:\/\/e-leclerc.es\/pamplona\/#organization","name":"E.Leclerc Pamplona","url":"https:\/\/e-leclerc.es\/pamplona\/","logo":{"@type":"ImageObject","inLanguage":"es","@id":"https:\/\/e-leclerc.es\/pamplona\/#\/schema\/logo\/image\/","url":"https:\/\/e-leclerc.es\/pamplona\/wp-content\/uploads\/sites\/16\/2024\/03\/Leclerc_Logo.svg","contentUrl":"https:\/\/e-leclerc.es\/pamplona\/wp-content\/uploads\/sites\/16\/2024\/03\/Leclerc_Logo.svg","caption":"E.Leclerc Pamplona"},"image":{"@id":"https:\/\/e-leclerc.es\/pamplona\/#\/schema\/logo\/image\/"}}]}},"_links":{"self":[{"href":"https:\/\/e-leclerc.es\/pamplona\/wp-json\/wp\/v2\/posts\/6729","targetHints":{"allow":["GET"]}}],"collection":[{"href":"https:\/\/e-leclerc.es\/pamplona\/wp-json\/wp\/v2\/posts"}],"about":[{"href":"https:\/\/e-leclerc.es\/pamplona\/wp-json\/wp\/v2\/types\/post"}],"replies":[{"embeddable":true,"href":"https:\/\/e-leclerc.es\/pamplona\/wp-json\/wp\/v2\/comments?post=6729"}],"version-history":[{"count":0,"href":"https:\/\/e-leclerc.es\/pamplona\/wp-json\/wp\/v2\/posts\/6729\/revisions"}],"wp:featuredmedia":[{"embeddable":true,"href":"https:\/\/e-leclerc.es\/pamplona\/wp-json\/wp\/v2\/media\/6730"}],"wp:attachment":[{"href":"https:\/\/e-leclerc.es\/pamplona\/wp-json\/wp\/v2\/media?parent=6729"}],"wp:term":[{"taxonomy":"category","embeddable":true,"href":"https:\/\/e-leclerc.es\/pamplona\/wp-json\/wp\/v2\/categories?post=6729"},{"taxonomy":"post_tag","embeddable":true,"href":"https:\/\/e-leclerc.es\/pamplona\/wp-json\/wp\/v2\/tags?post=6729"}],"curies":[{"name":"wp","href":"https:\/\/api.w.org\/{rel}","templated":true}]}}