{"id":6724,"date":"2016-05-10T11:04:34","date_gmt":"2016-05-10T09:04:34","guid":{"rendered":"https:\/\/www.e-leclerc.es\/pamplona\/tendencias\/denomina-clausura-con-premioslas-sinergias-entre-los-vinos-de-navarra-y-reyno-gourmet-conquistan-al-publico\/"},"modified":"2016-05-10T11:04:34","modified_gmt":"2016-05-10T09:04:34","slug":"denomina-clausura-con-premioslas-sinergias-entre-los-vinos-de-navarra-y-reyno-gourmet-conquistan-al-publico","status":"publish","type":"post","link":"https:\/\/e-leclerc.es\/pamplona\/tendencias\/denomina-clausura-con-premioslas-sinergias-entre-los-vinos-de-navarra-y-reyno-gourmet-conquistan-al-publico\/","title":{"rendered":"\u00abdenomina\u00bb clausura con premioslas sinergias entre los vinos de navarra y reyno gourmet conquistan al p\u00fablico"},"content":{"rendered":"<p>La Feria del Vino Denomina 2012 cerr\u00f3 sus puertas el pasado viernes<\/p>\n<p>La Feria del Vino Denomina 2012 cerr\u00f3 sus puertas el pasado viernes con la asistencia de m\u00e1s de 350 personas a las catas de vinos D. O. navarra y quesos Roncal e Idiaz\u00e1bal.<\/p>\n<p>La VI edici\u00f3n de Denomina finaliz\u00f3 ayer con al entrega de los premios del concurso fotogr\u00e1fico &#8216;El Mundo del Vino Navarra&#8217;. El primer premio fue para \u00d3scar Berrueta Suberviola, estell\u00e9s de 31 a\u00f1os. El segundo para Javier Yarroz S\u00e1nchez, pamplon\u00e9s de 61 a\u00f1os. Y el tercero para beatriz Elizalde Lacheta, que no pudo asistir a la entrega. Adem\u00e1s, se repartieron los lotes de productos Gourmet que estaban en sorteo, y los dos afortunados fueron Esther Ortega \u00c1vila, de50a\u00f1os, y Jes\u00fas Andi\u00f3n Esparza, de 54.<\/p>\n","protected":false},"excerpt":{"rendered":"<p>La Feria del Vino Denomina 2012 cerr\u00f3 sus puertas el pasado viernes La Feria del Vino Denomina 2012 cerr\u00f3 sus puertas el pasado viernes con la asistencia de m\u00e1s de 350 personas a las catas de vinos D. O. navarra y quesos Roncal e Idiaz\u00e1bal. La VI edici\u00f3n de Denomina finaliz\u00f3 ayer con al entrega [&hellip;]<\/p>\n","protected":false},"author":0,"featured_media":6725,"comment_status":"","ping_status":"open","sticky":false,"template":"","format":"standard","meta":{"_acf_changed":false,"footnotes":""},"categories":[1],"tags":[],"class_list":["post-6724","post","type-post","status-publish","format-standard","has-post-thumbnail","hentry","category-uncategorized"],"acf":[],"yoast_head":"<!-- This site is optimized with the Yoast SEO plugin v27.4 - https:\/\/yoast.com\/product\/yoast-seo-wordpress\/ -->\n<title>&quot;denomina&quot; clausura con premioslas sinergias entre los vinos de navarra y reyno gourmet conquistan al p\u00fablico - E.Leclerc Pamplona<\/title>\n<meta name=\"robots\" content=\"index, follow, max-snippet:-1, max-image-preview:large, max-video-preview:-1\" \/>\n<link rel=\"canonical\" href=\"https:\/\/e-leclerc.es\/pamplona\/tendencias\/denomina-clausura-con-premioslas-sinergias-entre-los-vinos-de-navarra-y-reyno-gourmet-conquistan-al-publico\/\" \/>\n<meta property=\"og:locale\" content=\"es_ES\" \/>\n<meta property=\"og:type\" content=\"article\" \/>\n<meta property=\"og:title\" content=\"&quot;denomina&quot; clausura con premioslas sinergias entre los vinos de navarra y reyno gourmet conquistan al p\u00fablico - E.Leclerc Pamplona\" \/>\n<meta property=\"og:description\" content=\"La Feria del Vino Denomina 2012 cerr\u00f3 sus puertas el pasado viernes La Feria del Vino Denomina 2012 cerr\u00f3 sus puertas el pasado viernes con la asistencia de m\u00e1s de 350 personas a las catas de vinos D. O. navarra y quesos Roncal e Idiaz\u00e1bal. La VI edici\u00f3n de Denomina finaliz\u00f3 ayer con al entrega [&hellip;]\" \/>\n<meta property=\"og:url\" content=\"https:\/\/e-leclerc.es\/pamplona\/tendencias\/denomina-clausura-con-premioslas-sinergias-entre-los-vinos-de-navarra-y-reyno-gourmet-conquistan-al-publico\/\" \/>\n<meta property=\"og:site_name\" content=\"E.Leclerc Pamplona\" \/>\n<meta property=\"article:published_time\" content=\"2016-05-10T09:04:34+00:00\" \/>\n<meta property=\"og:image\" content=\"https:\/\/e-leclerc.es\/pamplona\/wp-content\/uploads\/sites\/16\/2016\/05\/denomina2012_674.jpg\" \/>\n\t<meta property=\"og:image:width\" content=\"436\" \/>\n\t<meta property=\"og:image:height\" content=\"234\" \/>\n\t<meta property=\"og:image:type\" content=\"image\/jpeg\" \/>\n<meta name=\"twitter:card\" content=\"summary_large_image\" \/>\n<meta name=\"twitter:label1\" content=\"Tiempo de lectura\" \/>\n\t<meta name=\"twitter:data1\" content=\"1 minuto\" \/>\n<script type=\"application\/ld+json\" class=\"yoast-schema-graph\">{\"@context\":\"https:\\\/\\\/schema.org\",\"@graph\":[{\"@type\":\"Article\",\"@id\":\"https:\\\/\\\/e-leclerc.es\\\/pamplona\\\/tendencias\\\/denomina-clausura-con-premioslas-sinergias-entre-los-vinos-de-navarra-y-reyno-gourmet-conquistan-al-publico\\\/#article\",\"isPartOf\":{\"@id\":\"https:\\\/\\\/e-leclerc.es\\\/pamplona\\\/tendencias\\\/denomina-clausura-con-premioslas-sinergias-entre-los-vinos-de-navarra-y-reyno-gourmet-conquistan-al-publico\\\/\"},\"author\":{\"name\":\"\",\"@id\":\"\"},\"headline\":\"\u00abdenomina\u00bb clausura con premioslas sinergias entre los vinos de navarra y reyno gourmet conquistan al p\u00fablico\",\"datePublished\":\"2016-05-10T09:04:34+00:00\",\"mainEntityOfPage\":{\"@id\":\"https:\\\/\\\/e-leclerc.es\\\/pamplona\\\/tendencias\\\/denomina-clausura-con-premioslas-sinergias-entre-los-vinos-de-navarra-y-reyno-gourmet-conquistan-al-publico\\\/\"},\"wordCount\":154,\"publisher\":{\"@id\":\"https:\\\/\\\/e-leclerc.es\\\/pamplona\\\/#organization\"},\"image\":{\"@id\":\"https:\\\/\\\/e-leclerc.es\\\/pamplona\\\/tendencias\\\/denomina-clausura-con-premioslas-sinergias-entre-los-vinos-de-navarra-y-reyno-gourmet-conquistan-al-publico\\\/#primaryimage\"},\"thumbnailUrl\":\"https:\\\/\\\/e-leclerc.es\\\/pamplona\\\/wp-content\\\/uploads\\\/sites\\\/16\\\/2016\\\/05\\\/denomina2012_674.jpg\",\"articleSection\":[\"Uncategorized\"],\"inLanguage\":\"es\"},{\"@type\":\"WebPage\",\"@id\":\"https:\\\/\\\/e-leclerc.es\\\/pamplona\\\/tendencias\\\/denomina-clausura-con-premioslas-sinergias-entre-los-vinos-de-navarra-y-reyno-gourmet-conquistan-al-publico\\\/\",\"url\":\"https:\\\/\\\/e-leclerc.es\\\/pamplona\\\/tendencias\\\/denomina-clausura-con-premioslas-sinergias-entre-los-vinos-de-navarra-y-reyno-gourmet-conquistan-al-publico\\\/\",\"name\":\"\\\"denomina\\\" clausura con premioslas sinergias entre los vinos de navarra y reyno gourmet conquistan al p\u00fablico - E.Leclerc Pamplona\",\"isPartOf\":{\"@id\":\"https:\\\/\\\/e-leclerc.es\\\/pamplona\\\/#website\"},\"primaryImageOfPage\":{\"@id\":\"https:\\\/\\\/e-leclerc.es\\\/pamplona\\\/tendencias\\\/denomina-clausura-con-premioslas-sinergias-entre-los-vinos-de-navarra-y-reyno-gourmet-conquistan-al-publico\\\/#primaryimage\"},\"image\":{\"@id\":\"https:\\\/\\\/e-leclerc.es\\\/pamplona\\\/tendencias\\\/denomina-clausura-con-premioslas-sinergias-entre-los-vinos-de-navarra-y-reyno-gourmet-conquistan-al-publico\\\/#primaryimage\"},\"thumbnailUrl\":\"https:\\\/\\\/e-leclerc.es\\\/pamplona\\\/wp-content\\\/uploads\\\/sites\\\/16\\\/2016\\\/05\\\/denomina2012_674.jpg\",\"datePublished\":\"2016-05-10T09:04:34+00:00\",\"breadcrumb\":{\"@id\":\"https:\\\/\\\/e-leclerc.es\\\/pamplona\\\/tendencias\\\/denomina-clausura-con-premioslas-sinergias-entre-los-vinos-de-navarra-y-reyno-gourmet-conquistan-al-publico\\\/#breadcrumb\"},\"inLanguage\":\"es\",\"potentialAction\":[{\"@type\":\"ReadAction\",\"target\":[\"https:\\\/\\\/e-leclerc.es\\\/pamplona\\\/tendencias\\\/denomina-clausura-con-premioslas-sinergias-entre-los-vinos-de-navarra-y-reyno-gourmet-conquistan-al-publico\\\/\"]}]},{\"@type\":\"ImageObject\",\"inLanguage\":\"es\",\"@id\":\"https:\\\/\\\/e-leclerc.es\\\/pamplona\\\/tendencias\\\/denomina-clausura-con-premioslas-sinergias-entre-los-vinos-de-navarra-y-reyno-gourmet-conquistan-al-publico\\\/#primaryimage\",\"url\":\"https:\\\/\\\/e-leclerc.es\\\/pamplona\\\/wp-content\\\/uploads\\\/sites\\\/16\\\/2016\\\/05\\\/denomina2012_674.jpg\",\"contentUrl\":\"https:\\\/\\\/e-leclerc.es\\\/pamplona\\\/wp-content\\\/uploads\\\/sites\\\/16\\\/2016\\\/05\\\/denomina2012_674.jpg\",\"width\":436,\"height\":234},{\"@type\":\"BreadcrumbList\",\"@id\":\"https:\\\/\\\/e-leclerc.es\\\/pamplona\\\/tendencias\\\/denomina-clausura-con-premioslas-sinergias-entre-los-vinos-de-navarra-y-reyno-gourmet-conquistan-al-publico\\\/#breadcrumb\",\"itemListElement\":[{\"@type\":\"ListItem\",\"position\":1,\"name\":\"Portada\",\"item\":\"https:\\\/\\\/e-leclerc.es\\\/pamplona\\\/\"},{\"@type\":\"ListItem\",\"position\":2,\"name\":\"\u00abdenomina\u00bb clausura con premioslas sinergias entre los vinos de navarra y reyno gourmet conquistan al p\u00fablico\"}]},{\"@type\":\"WebSite\",\"@id\":\"https:\\\/\\\/e-leclerc.es\\\/pamplona\\\/#website\",\"url\":\"https:\\\/\\\/e-leclerc.es\\\/pamplona\\\/\",\"name\":\"E.Leclerc Pamplona\",\"description\":\"Descubre los folletos, ofertas y promociones de nuestro hipermercado E.Leclerc Pamplona en Arag\u00f3n. Direcci\u00f3n | Horario | Productos locales\",\"publisher\":{\"@id\":\"https:\\\/\\\/e-leclerc.es\\\/pamplona\\\/#organization\"},\"potentialAction\":[{\"@type\":\"SearchAction\",\"target\":{\"@type\":\"EntryPoint\",\"urlTemplate\":\"https:\\\/\\\/e-leclerc.es\\\/pamplona\\\/?s={search_term_string}\"},\"query-input\":{\"@type\":\"PropertyValueSpecification\",\"valueRequired\":true,\"valueName\":\"search_term_string\"}}],\"inLanguage\":\"es\"},{\"@type\":\"Organization\",\"@id\":\"https:\\\/\\\/e-leclerc.es\\\/pamplona\\\/#organization\",\"name\":\"E.Leclerc Pamplona\",\"url\":\"https:\\\/\\\/e-leclerc.es\\\/pamplona\\\/\",\"logo\":{\"@type\":\"ImageObject\",\"inLanguage\":\"es\",\"@id\":\"https:\\\/\\\/e-leclerc.es\\\/pamplona\\\/#\\\/schema\\\/logo\\\/image\\\/\",\"url\":\"https:\\\/\\\/e-leclerc.es\\\/pamplona\\\/wp-content\\\/uploads\\\/sites\\\/16\\\/2024\\\/03\\\/Leclerc_Logo.svg\",\"contentUrl\":\"https:\\\/\\\/e-leclerc.es\\\/pamplona\\\/wp-content\\\/uploads\\\/sites\\\/16\\\/2024\\\/03\\\/Leclerc_Logo.svg\",\"caption\":\"E.Leclerc Pamplona\"},\"image\":{\"@id\":\"https:\\\/\\\/e-leclerc.es\\\/pamplona\\\/#\\\/schema\\\/logo\\\/image\\\/\"}}]}<\/script>\n<!-- \/ Yoast SEO plugin. -->","yoast_head_json":{"title":"\"denomina\" clausura con premioslas sinergias entre los vinos de navarra y reyno gourmet conquistan al p\u00fablico - E.Leclerc Pamplona","robots":{"index":"index","follow":"follow","max-snippet":"max-snippet:-1","max-image-preview":"max-image-preview:large","max-video-preview":"max-video-preview:-1"},"canonical":"https:\/\/e-leclerc.es\/pamplona\/tendencias\/denomina-clausura-con-premioslas-sinergias-entre-los-vinos-de-navarra-y-reyno-gourmet-conquistan-al-publico\/","og_locale":"es_ES","og_type":"article","og_title":"\"denomina\" clausura con premioslas sinergias entre los vinos de navarra y reyno gourmet conquistan al p\u00fablico - E.Leclerc Pamplona","og_description":"La Feria del Vino Denomina 2012 cerr\u00f3 sus puertas el pasado viernes La Feria del Vino Denomina 2012 cerr\u00f3 sus puertas el pasado viernes con la asistencia de m\u00e1s de 350 personas a las catas de vinos D. O. navarra y quesos Roncal e Idiaz\u00e1bal. La VI edici\u00f3n de Denomina finaliz\u00f3 ayer con al entrega [&hellip;]","og_url":"https:\/\/e-leclerc.es\/pamplona\/tendencias\/denomina-clausura-con-premioslas-sinergias-entre-los-vinos-de-navarra-y-reyno-gourmet-conquistan-al-publico\/","og_site_name":"E.Leclerc Pamplona","article_published_time":"2016-05-10T09:04:34+00:00","og_image":[{"width":436,"height":234,"url":"https:\/\/e-leclerc.es\/pamplona\/wp-content\/uploads\/sites\/16\/2016\/05\/denomina2012_674.jpg","type":"image\/jpeg"}],"twitter_card":"summary_large_image","twitter_misc":{"Tiempo de lectura":"1 minuto"},"schema":{"@context":"https:\/\/schema.org","@graph":[{"@type":"Article","@id":"https:\/\/e-leclerc.es\/pamplona\/tendencias\/denomina-clausura-con-premioslas-sinergias-entre-los-vinos-de-navarra-y-reyno-gourmet-conquistan-al-publico\/#article","isPartOf":{"@id":"https:\/\/e-leclerc.es\/pamplona\/tendencias\/denomina-clausura-con-premioslas-sinergias-entre-los-vinos-de-navarra-y-reyno-gourmet-conquistan-al-publico\/"},"author":{"name":"","@id":""},"headline":"\u00abdenomina\u00bb clausura con premioslas sinergias entre los vinos de navarra y reyno gourmet conquistan al p\u00fablico","datePublished":"2016-05-10T09:04:34+00:00","mainEntityOfPage":{"@id":"https:\/\/e-leclerc.es\/pamplona\/tendencias\/denomina-clausura-con-premioslas-sinergias-entre-los-vinos-de-navarra-y-reyno-gourmet-conquistan-al-publico\/"},"wordCount":154,"publisher":{"@id":"https:\/\/e-leclerc.es\/pamplona\/#organization"},"image":{"@id":"https:\/\/e-leclerc.es\/pamplona\/tendencias\/denomina-clausura-con-premioslas-sinergias-entre-los-vinos-de-navarra-y-reyno-gourmet-conquistan-al-publico\/#primaryimage"},"thumbnailUrl":"https:\/\/e-leclerc.es\/pamplona\/wp-content\/uploads\/sites\/16\/2016\/05\/denomina2012_674.jpg","articleSection":["Uncategorized"],"inLanguage":"es"},{"@type":"WebPage","@id":"https:\/\/e-leclerc.es\/pamplona\/tendencias\/denomina-clausura-con-premioslas-sinergias-entre-los-vinos-de-navarra-y-reyno-gourmet-conquistan-al-publico\/","url":"https:\/\/e-leclerc.es\/pamplona\/tendencias\/denomina-clausura-con-premioslas-sinergias-entre-los-vinos-de-navarra-y-reyno-gourmet-conquistan-al-publico\/","name":"\"denomina\" clausura con premioslas sinergias entre los vinos de navarra y reyno gourmet conquistan al p\u00fablico - E.Leclerc Pamplona","isPartOf":{"@id":"https:\/\/e-leclerc.es\/pamplona\/#website"},"primaryImageOfPage":{"@id":"https:\/\/e-leclerc.es\/pamplona\/tendencias\/denomina-clausura-con-premioslas-sinergias-entre-los-vinos-de-navarra-y-reyno-gourmet-conquistan-al-publico\/#primaryimage"},"image":{"@id":"https:\/\/e-leclerc.es\/pamplona\/tendencias\/denomina-clausura-con-premioslas-sinergias-entre-los-vinos-de-navarra-y-reyno-gourmet-conquistan-al-publico\/#primaryimage"},"thumbnailUrl":"https:\/\/e-leclerc.es\/pamplona\/wp-content\/uploads\/sites\/16\/2016\/05\/denomina2012_674.jpg","datePublished":"2016-05-10T09:04:34+00:00","breadcrumb":{"@id":"https:\/\/e-leclerc.es\/pamplona\/tendencias\/denomina-clausura-con-premioslas-sinergias-entre-los-vinos-de-navarra-y-reyno-gourmet-conquistan-al-publico\/#breadcrumb"},"inLanguage":"es","potentialAction":[{"@type":"ReadAction","target":["https:\/\/e-leclerc.es\/pamplona\/tendencias\/denomina-clausura-con-premioslas-sinergias-entre-los-vinos-de-navarra-y-reyno-gourmet-conquistan-al-publico\/"]}]},{"@type":"ImageObject","inLanguage":"es","@id":"https:\/\/e-leclerc.es\/pamplona\/tendencias\/denomina-clausura-con-premioslas-sinergias-entre-los-vinos-de-navarra-y-reyno-gourmet-conquistan-al-publico\/#primaryimage","url":"https:\/\/e-leclerc.es\/pamplona\/wp-content\/uploads\/sites\/16\/2016\/05\/denomina2012_674.jpg","contentUrl":"https:\/\/e-leclerc.es\/pamplona\/wp-content\/uploads\/sites\/16\/2016\/05\/denomina2012_674.jpg","width":436,"height":234},{"@type":"BreadcrumbList","@id":"https:\/\/e-leclerc.es\/pamplona\/tendencias\/denomina-clausura-con-premioslas-sinergias-entre-los-vinos-de-navarra-y-reyno-gourmet-conquistan-al-publico\/#breadcrumb","itemListElement":[{"@type":"ListItem","position":1,"name":"Portada","item":"https:\/\/e-leclerc.es\/pamplona\/"},{"@type":"ListItem","position":2,"name":"\u00abdenomina\u00bb clausura con premioslas sinergias entre los vinos de navarra y reyno gourmet conquistan al p\u00fablico"}]},{"@type":"WebSite","@id":"https:\/\/e-leclerc.es\/pamplona\/#website","url":"https:\/\/e-leclerc.es\/pamplona\/","name":"E.Leclerc Pamplona","description":"Descubre los folletos, ofertas y promociones de nuestro hipermercado E.Leclerc Pamplona en Arag\u00f3n. Direcci\u00f3n | Horario | Productos locales","publisher":{"@id":"https:\/\/e-leclerc.es\/pamplona\/#organization"},"potentialAction":[{"@type":"SearchAction","target":{"@type":"EntryPoint","urlTemplate":"https:\/\/e-leclerc.es\/pamplona\/?s={search_term_string}"},"query-input":{"@type":"PropertyValueSpecification","valueRequired":true,"valueName":"search_term_string"}}],"inLanguage":"es"},{"@type":"Organization","@id":"https:\/\/e-leclerc.es\/pamplona\/#organization","name":"E.Leclerc Pamplona","url":"https:\/\/e-leclerc.es\/pamplona\/","logo":{"@type":"ImageObject","inLanguage":"es","@id":"https:\/\/e-leclerc.es\/pamplona\/#\/schema\/logo\/image\/","url":"https:\/\/e-leclerc.es\/pamplona\/wp-content\/uploads\/sites\/16\/2024\/03\/Leclerc_Logo.svg","contentUrl":"https:\/\/e-leclerc.es\/pamplona\/wp-content\/uploads\/sites\/16\/2024\/03\/Leclerc_Logo.svg","caption":"E.Leclerc Pamplona"},"image":{"@id":"https:\/\/e-leclerc.es\/pamplona\/#\/schema\/logo\/image\/"}}]}},"_links":{"self":[{"href":"https:\/\/e-leclerc.es\/pamplona\/wp-json\/wp\/v2\/posts\/6724","targetHints":{"allow":["GET"]}}],"collection":[{"href":"https:\/\/e-leclerc.es\/pamplona\/wp-json\/wp\/v2\/posts"}],"about":[{"href":"https:\/\/e-leclerc.es\/pamplona\/wp-json\/wp\/v2\/types\/post"}],"replies":[{"embeddable":true,"href":"https:\/\/e-leclerc.es\/pamplona\/wp-json\/wp\/v2\/comments?post=6724"}],"version-history":[{"count":0,"href":"https:\/\/e-leclerc.es\/pamplona\/wp-json\/wp\/v2\/posts\/6724\/revisions"}],"wp:featuredmedia":[{"embeddable":true,"href":"https:\/\/e-leclerc.es\/pamplona\/wp-json\/wp\/v2\/media\/6725"}],"wp:attachment":[{"href":"https:\/\/e-leclerc.es\/pamplona\/wp-json\/wp\/v2\/media?parent=6724"}],"wp:term":[{"taxonomy":"category","embeddable":true,"href":"https:\/\/e-leclerc.es\/pamplona\/wp-json\/wp\/v2\/categories?post=6724"},{"taxonomy":"post_tag","embeddable":true,"href":"https:\/\/e-leclerc.es\/pamplona\/wp-json\/wp\/v2\/tags?post=6724"}],"curies":[{"name":"wp","href":"https:\/\/api.w.org\/{rel}","templated":true}]}}