{"id":6718,"date":"2016-05-10T11:04:28","date_gmt":"2016-05-10T09:04:28","guid":{"rendered":"https:\/\/www.e-leclerc.es\/pamplona\/tendencias\/cierra-con-exito-la-feria-del-vino-denomina-2012\/"},"modified":"2016-05-10T11:04:28","modified_gmt":"2016-05-10T09:04:28","slug":"cierra-con-exito-la-feria-del-vino-denomina-2012","status":"publish","type":"post","link":"https:\/\/e-leclerc.es\/pamplona\/tendencias\/cierra-con-exito-la-feria-del-vino-denomina-2012\/","title":{"rendered":"Cierra con \u00e9xito la feria del vino denomina 2012"},"content":{"rendered":"<p>La Feria del Vino Denomina 2012 cerr\u00f3 sus puertas dejando un buen sabor de boca. El de los vinos de la Denominaci\u00f3n de Origen Navarra y de los quesos Roncal e Idiazabal que han degustado m\u00e1s de 350 personas en las catas de 15 bodegas celebradas en el Centro Comercial La Morea (Cordovilla).<\/p>\n<p>Desde el 24 de octubre al 3 de noviembre, los asistentes han podido disfrutar de los vinos de Bodegas Alconde, Bodegas San Mart\u00edn, Bodegas Orvalaiz, Bodegas Pagos de Cirsus, Bodegas Leza\u00fan, Bodegas Irache, Bodegas Ochoa, Bodegas Mal\u00f3n de Echaide, Bodegas Marco Real, Bodegas Vega del Castillo, Bodega de Sarr\u00eda, Bodegas Tandem, Bodegas Otazu, Bodegas Aroa y Bodegas Pr\u00edncipe de Viana. Las Denominaciones de Origen Roncal e Idiazabal tambi\u00e9n ofrecieron sendas catas mostrando las enormes posibilidades de maridaje que estos quesos ofrecen con la DO Navarra.<\/p>\n<p>Adem\u00e1s, numerosos clientes del Hipermercado E.Leclerc que han comprado durante estos d\u00edas cualquier referencia de vino D.O. Navarra o queso Roncal o Idiazabal han sido los afortunados ganadores del sorteo de 30 lotes de vino y 3 lotes de productos Reyno Gourmet.<\/p>\n<p>La sexta edici\u00f3n de Denomina finaliz\u00f3 con la entrega de los premios del concurso fotogr\u00e1fico El Mundo del Vino Navarra a los ganadores: \u00d3scar Berrueta (primer premio), Javier Y\u00e1rnoz (2\u00ba premios) y Beatriz Elizalde (tercer premio).<\/p>\n","protected":false},"excerpt":{"rendered":"<p>La Feria del Vino Denomina 2012 cerr\u00f3 sus puertas dejando un buen sabor de boca. El de los vinos de la Denominaci\u00f3n de Origen Navarra y de los quesos Roncal e Idiazabal que han degustado m\u00e1s de 350 personas en las catas de 15 bodegas celebradas en el Centro Comercial La Morea (Cordovilla). Desde el [&hellip;]<\/p>\n","protected":false},"author":0,"featured_media":6719,"comment_status":"","ping_status":"open","sticky":false,"template":"","format":"standard","meta":{"_acf_changed":false,"footnotes":""},"categories":[1],"tags":[],"class_list":["post-6718","post","type-post","status-publish","format-standard","has-post-thumbnail","hentry","category-uncategorized"],"acf":[],"yoast_head":"<!-- This site is optimized with the Yoast SEO plugin v27.4 - https:\/\/yoast.com\/product\/yoast-seo-wordpress\/ -->\n<title>Cierra con \u00e9xito la feria del vino denomina 2012 - E.Leclerc Pamplona<\/title>\n<meta name=\"robots\" content=\"index, follow, max-snippet:-1, max-image-preview:large, max-video-preview:-1\" \/>\n<link rel=\"canonical\" href=\"https:\/\/e-leclerc.es\/pamplona\/tendencias\/cierra-con-exito-la-feria-del-vino-denomina-2012\/\" \/>\n<meta property=\"og:locale\" content=\"es_ES\" \/>\n<meta property=\"og:type\" content=\"article\" \/>\n<meta property=\"og:title\" content=\"Cierra con \u00e9xito la feria del vino denomina 2012 - E.Leclerc Pamplona\" \/>\n<meta property=\"og:description\" content=\"La Feria del Vino Denomina 2012 cerr\u00f3 sus puertas dejando un buen sabor de boca. El de los vinos de la Denominaci\u00f3n de Origen Navarra y de los quesos Roncal e Idiazabal que han degustado m\u00e1s de 350 personas en las catas de 15 bodegas celebradas en el Centro Comercial La Morea (Cordovilla). Desde el [&hellip;]\" \/>\n<meta property=\"og:url\" content=\"https:\/\/e-leclerc.es\/pamplona\/tendencias\/cierra-con-exito-la-feria-del-vino-denomina-2012\/\" \/>\n<meta property=\"og:site_name\" content=\"E.Leclerc Pamplona\" \/>\n<meta property=\"article:published_time\" content=\"2016-05-10T09:04:28+00:00\" \/>\n<meta property=\"og:image\" content=\"https:\/\/e-leclerc.es\/pamplona\/wp-content\/uploads\/sites\/16\/2016\/05\/ganadores-denomina-2012_667.jpg\" \/>\n\t<meta property=\"og:image:width\" content=\"297\" \/>\n\t<meta property=\"og:image:height\" content=\"196\" \/>\n\t<meta property=\"og:image:type\" content=\"image\/jpeg\" \/>\n<meta name=\"twitter:card\" content=\"summary_large_image\" \/>\n<meta name=\"twitter:label1\" content=\"Tiempo de lectura\" \/>\n\t<meta name=\"twitter:data1\" content=\"1 minuto\" \/>\n<script type=\"application\/ld+json\" class=\"yoast-schema-graph\">{\"@context\":\"https:\\\/\\\/schema.org\",\"@graph\":[{\"@type\":\"Article\",\"@id\":\"https:\\\/\\\/e-leclerc.es\\\/pamplona\\\/tendencias\\\/cierra-con-exito-la-feria-del-vino-denomina-2012\\\/#article\",\"isPartOf\":{\"@id\":\"https:\\\/\\\/e-leclerc.es\\\/pamplona\\\/tendencias\\\/cierra-con-exito-la-feria-del-vino-denomina-2012\\\/\"},\"author\":{\"name\":\"\",\"@id\":\"\"},\"headline\":\"Cierra con \u00e9xito la feria del vino denomina 2012\",\"datePublished\":\"2016-05-10T09:04:28+00:00\",\"mainEntityOfPage\":{\"@id\":\"https:\\\/\\\/e-leclerc.es\\\/pamplona\\\/tendencias\\\/cierra-con-exito-la-feria-del-vino-denomina-2012\\\/\"},\"wordCount\":231,\"publisher\":{\"@id\":\"https:\\\/\\\/e-leclerc.es\\\/pamplona\\\/#organization\"},\"image\":{\"@id\":\"https:\\\/\\\/e-leclerc.es\\\/pamplona\\\/tendencias\\\/cierra-con-exito-la-feria-del-vino-denomina-2012\\\/#primaryimage\"},\"thumbnailUrl\":\"https:\\\/\\\/e-leclerc.es\\\/pamplona\\\/wp-content\\\/uploads\\\/sites\\\/16\\\/2016\\\/05\\\/ganadores-denomina-2012_667.jpg\",\"articleSection\":[\"Uncategorized\"],\"inLanguage\":\"es\"},{\"@type\":\"WebPage\",\"@id\":\"https:\\\/\\\/e-leclerc.es\\\/pamplona\\\/tendencias\\\/cierra-con-exito-la-feria-del-vino-denomina-2012\\\/\",\"url\":\"https:\\\/\\\/e-leclerc.es\\\/pamplona\\\/tendencias\\\/cierra-con-exito-la-feria-del-vino-denomina-2012\\\/\",\"name\":\"Cierra con \u00e9xito la feria del vino denomina 2012 - E.Leclerc Pamplona\",\"isPartOf\":{\"@id\":\"https:\\\/\\\/e-leclerc.es\\\/pamplona\\\/#website\"},\"primaryImageOfPage\":{\"@id\":\"https:\\\/\\\/e-leclerc.es\\\/pamplona\\\/tendencias\\\/cierra-con-exito-la-feria-del-vino-denomina-2012\\\/#primaryimage\"},\"image\":{\"@id\":\"https:\\\/\\\/e-leclerc.es\\\/pamplona\\\/tendencias\\\/cierra-con-exito-la-feria-del-vino-denomina-2012\\\/#primaryimage\"},\"thumbnailUrl\":\"https:\\\/\\\/e-leclerc.es\\\/pamplona\\\/wp-content\\\/uploads\\\/sites\\\/16\\\/2016\\\/05\\\/ganadores-denomina-2012_667.jpg\",\"datePublished\":\"2016-05-10T09:04:28+00:00\",\"breadcrumb\":{\"@id\":\"https:\\\/\\\/e-leclerc.es\\\/pamplona\\\/tendencias\\\/cierra-con-exito-la-feria-del-vino-denomina-2012\\\/#breadcrumb\"},\"inLanguage\":\"es\",\"potentialAction\":[{\"@type\":\"ReadAction\",\"target\":[\"https:\\\/\\\/e-leclerc.es\\\/pamplona\\\/tendencias\\\/cierra-con-exito-la-feria-del-vino-denomina-2012\\\/\"]}]},{\"@type\":\"ImageObject\",\"inLanguage\":\"es\",\"@id\":\"https:\\\/\\\/e-leclerc.es\\\/pamplona\\\/tendencias\\\/cierra-con-exito-la-feria-del-vino-denomina-2012\\\/#primaryimage\",\"url\":\"https:\\\/\\\/e-leclerc.es\\\/pamplona\\\/wp-content\\\/uploads\\\/sites\\\/16\\\/2016\\\/05\\\/ganadores-denomina-2012_667.jpg\",\"contentUrl\":\"https:\\\/\\\/e-leclerc.es\\\/pamplona\\\/wp-content\\\/uploads\\\/sites\\\/16\\\/2016\\\/05\\\/ganadores-denomina-2012_667.jpg\",\"width\":297,\"height\":196},{\"@type\":\"BreadcrumbList\",\"@id\":\"https:\\\/\\\/e-leclerc.es\\\/pamplona\\\/tendencias\\\/cierra-con-exito-la-feria-del-vino-denomina-2012\\\/#breadcrumb\",\"itemListElement\":[{\"@type\":\"ListItem\",\"position\":1,\"name\":\"Portada\",\"item\":\"https:\\\/\\\/e-leclerc.es\\\/pamplona\\\/\"},{\"@type\":\"ListItem\",\"position\":2,\"name\":\"Cierra con \u00e9xito la feria del vino denomina 2012\"}]},{\"@type\":\"WebSite\",\"@id\":\"https:\\\/\\\/e-leclerc.es\\\/pamplona\\\/#website\",\"url\":\"https:\\\/\\\/e-leclerc.es\\\/pamplona\\\/\",\"name\":\"E.Leclerc Pamplona\",\"description\":\"Descubre los folletos, ofertas y promociones de nuestro hipermercado E.Leclerc Pamplona en Arag\u00f3n. Direcci\u00f3n | Horario | Productos locales\",\"publisher\":{\"@id\":\"https:\\\/\\\/e-leclerc.es\\\/pamplona\\\/#organization\"},\"potentialAction\":[{\"@type\":\"SearchAction\",\"target\":{\"@type\":\"EntryPoint\",\"urlTemplate\":\"https:\\\/\\\/e-leclerc.es\\\/pamplona\\\/?s={search_term_string}\"},\"query-input\":{\"@type\":\"PropertyValueSpecification\",\"valueRequired\":true,\"valueName\":\"search_term_string\"}}],\"inLanguage\":\"es\"},{\"@type\":\"Organization\",\"@id\":\"https:\\\/\\\/e-leclerc.es\\\/pamplona\\\/#organization\",\"name\":\"E.Leclerc Pamplona\",\"url\":\"https:\\\/\\\/e-leclerc.es\\\/pamplona\\\/\",\"logo\":{\"@type\":\"ImageObject\",\"inLanguage\":\"es\",\"@id\":\"https:\\\/\\\/e-leclerc.es\\\/pamplona\\\/#\\\/schema\\\/logo\\\/image\\\/\",\"url\":\"https:\\\/\\\/e-leclerc.es\\\/pamplona\\\/wp-content\\\/uploads\\\/sites\\\/16\\\/2024\\\/03\\\/Leclerc_Logo.svg\",\"contentUrl\":\"https:\\\/\\\/e-leclerc.es\\\/pamplona\\\/wp-content\\\/uploads\\\/sites\\\/16\\\/2024\\\/03\\\/Leclerc_Logo.svg\",\"caption\":\"E.Leclerc Pamplona\"},\"image\":{\"@id\":\"https:\\\/\\\/e-leclerc.es\\\/pamplona\\\/#\\\/schema\\\/logo\\\/image\\\/\"}}]}<\/script>\n<!-- \/ Yoast SEO plugin. -->","yoast_head_json":{"title":"Cierra con \u00e9xito la feria del vino denomina 2012 - E.Leclerc Pamplona","robots":{"index":"index","follow":"follow","max-snippet":"max-snippet:-1","max-image-preview":"max-image-preview:large","max-video-preview":"max-video-preview:-1"},"canonical":"https:\/\/e-leclerc.es\/pamplona\/tendencias\/cierra-con-exito-la-feria-del-vino-denomina-2012\/","og_locale":"es_ES","og_type":"article","og_title":"Cierra con \u00e9xito la feria del vino denomina 2012 - E.Leclerc Pamplona","og_description":"La Feria del Vino Denomina 2012 cerr\u00f3 sus puertas dejando un buen sabor de boca. El de los vinos de la Denominaci\u00f3n de Origen Navarra y de los quesos Roncal e Idiazabal que han degustado m\u00e1s de 350 personas en las catas de 15 bodegas celebradas en el Centro Comercial La Morea (Cordovilla). Desde el [&hellip;]","og_url":"https:\/\/e-leclerc.es\/pamplona\/tendencias\/cierra-con-exito-la-feria-del-vino-denomina-2012\/","og_site_name":"E.Leclerc Pamplona","article_published_time":"2016-05-10T09:04:28+00:00","og_image":[{"width":297,"height":196,"url":"https:\/\/e-leclerc.es\/pamplona\/wp-content\/uploads\/sites\/16\/2016\/05\/ganadores-denomina-2012_667.jpg","type":"image\/jpeg"}],"twitter_card":"summary_large_image","twitter_misc":{"Tiempo de lectura":"1 minuto"},"schema":{"@context":"https:\/\/schema.org","@graph":[{"@type":"Article","@id":"https:\/\/e-leclerc.es\/pamplona\/tendencias\/cierra-con-exito-la-feria-del-vino-denomina-2012\/#article","isPartOf":{"@id":"https:\/\/e-leclerc.es\/pamplona\/tendencias\/cierra-con-exito-la-feria-del-vino-denomina-2012\/"},"author":{"name":"","@id":""},"headline":"Cierra con \u00e9xito la feria del vino denomina 2012","datePublished":"2016-05-10T09:04:28+00:00","mainEntityOfPage":{"@id":"https:\/\/e-leclerc.es\/pamplona\/tendencias\/cierra-con-exito-la-feria-del-vino-denomina-2012\/"},"wordCount":231,"publisher":{"@id":"https:\/\/e-leclerc.es\/pamplona\/#organization"},"image":{"@id":"https:\/\/e-leclerc.es\/pamplona\/tendencias\/cierra-con-exito-la-feria-del-vino-denomina-2012\/#primaryimage"},"thumbnailUrl":"https:\/\/e-leclerc.es\/pamplona\/wp-content\/uploads\/sites\/16\/2016\/05\/ganadores-denomina-2012_667.jpg","articleSection":["Uncategorized"],"inLanguage":"es"},{"@type":"WebPage","@id":"https:\/\/e-leclerc.es\/pamplona\/tendencias\/cierra-con-exito-la-feria-del-vino-denomina-2012\/","url":"https:\/\/e-leclerc.es\/pamplona\/tendencias\/cierra-con-exito-la-feria-del-vino-denomina-2012\/","name":"Cierra con \u00e9xito la feria del vino denomina 2012 - E.Leclerc Pamplona","isPartOf":{"@id":"https:\/\/e-leclerc.es\/pamplona\/#website"},"primaryImageOfPage":{"@id":"https:\/\/e-leclerc.es\/pamplona\/tendencias\/cierra-con-exito-la-feria-del-vino-denomina-2012\/#primaryimage"},"image":{"@id":"https:\/\/e-leclerc.es\/pamplona\/tendencias\/cierra-con-exito-la-feria-del-vino-denomina-2012\/#primaryimage"},"thumbnailUrl":"https:\/\/e-leclerc.es\/pamplona\/wp-content\/uploads\/sites\/16\/2016\/05\/ganadores-denomina-2012_667.jpg","datePublished":"2016-05-10T09:04:28+00:00","breadcrumb":{"@id":"https:\/\/e-leclerc.es\/pamplona\/tendencias\/cierra-con-exito-la-feria-del-vino-denomina-2012\/#breadcrumb"},"inLanguage":"es","potentialAction":[{"@type":"ReadAction","target":["https:\/\/e-leclerc.es\/pamplona\/tendencias\/cierra-con-exito-la-feria-del-vino-denomina-2012\/"]}]},{"@type":"ImageObject","inLanguage":"es","@id":"https:\/\/e-leclerc.es\/pamplona\/tendencias\/cierra-con-exito-la-feria-del-vino-denomina-2012\/#primaryimage","url":"https:\/\/e-leclerc.es\/pamplona\/wp-content\/uploads\/sites\/16\/2016\/05\/ganadores-denomina-2012_667.jpg","contentUrl":"https:\/\/e-leclerc.es\/pamplona\/wp-content\/uploads\/sites\/16\/2016\/05\/ganadores-denomina-2012_667.jpg","width":297,"height":196},{"@type":"BreadcrumbList","@id":"https:\/\/e-leclerc.es\/pamplona\/tendencias\/cierra-con-exito-la-feria-del-vino-denomina-2012\/#breadcrumb","itemListElement":[{"@type":"ListItem","position":1,"name":"Portada","item":"https:\/\/e-leclerc.es\/pamplona\/"},{"@type":"ListItem","position":2,"name":"Cierra con \u00e9xito la feria del vino denomina 2012"}]},{"@type":"WebSite","@id":"https:\/\/e-leclerc.es\/pamplona\/#website","url":"https:\/\/e-leclerc.es\/pamplona\/","name":"E.Leclerc Pamplona","description":"Descubre los folletos, ofertas y promociones de nuestro hipermercado E.Leclerc Pamplona en Arag\u00f3n. Direcci\u00f3n | Horario | Productos locales","publisher":{"@id":"https:\/\/e-leclerc.es\/pamplona\/#organization"},"potentialAction":[{"@type":"SearchAction","target":{"@type":"EntryPoint","urlTemplate":"https:\/\/e-leclerc.es\/pamplona\/?s={search_term_string}"},"query-input":{"@type":"PropertyValueSpecification","valueRequired":true,"valueName":"search_term_string"}}],"inLanguage":"es"},{"@type":"Organization","@id":"https:\/\/e-leclerc.es\/pamplona\/#organization","name":"E.Leclerc Pamplona","url":"https:\/\/e-leclerc.es\/pamplona\/","logo":{"@type":"ImageObject","inLanguage":"es","@id":"https:\/\/e-leclerc.es\/pamplona\/#\/schema\/logo\/image\/","url":"https:\/\/e-leclerc.es\/pamplona\/wp-content\/uploads\/sites\/16\/2024\/03\/Leclerc_Logo.svg","contentUrl":"https:\/\/e-leclerc.es\/pamplona\/wp-content\/uploads\/sites\/16\/2024\/03\/Leclerc_Logo.svg","caption":"E.Leclerc Pamplona"},"image":{"@id":"https:\/\/e-leclerc.es\/pamplona\/#\/schema\/logo\/image\/"}}]}},"_links":{"self":[{"href":"https:\/\/e-leclerc.es\/pamplona\/wp-json\/wp\/v2\/posts\/6718","targetHints":{"allow":["GET"]}}],"collection":[{"href":"https:\/\/e-leclerc.es\/pamplona\/wp-json\/wp\/v2\/posts"}],"about":[{"href":"https:\/\/e-leclerc.es\/pamplona\/wp-json\/wp\/v2\/types\/post"}],"replies":[{"embeddable":true,"href":"https:\/\/e-leclerc.es\/pamplona\/wp-json\/wp\/v2\/comments?post=6718"}],"version-history":[{"count":0,"href":"https:\/\/e-leclerc.es\/pamplona\/wp-json\/wp\/v2\/posts\/6718\/revisions"}],"wp:featuredmedia":[{"embeddable":true,"href":"https:\/\/e-leclerc.es\/pamplona\/wp-json\/wp\/v2\/media\/6719"}],"wp:attachment":[{"href":"https:\/\/e-leclerc.es\/pamplona\/wp-json\/wp\/v2\/media?parent=6718"}],"wp:term":[{"taxonomy":"category","embeddable":true,"href":"https:\/\/e-leclerc.es\/pamplona\/wp-json\/wp\/v2\/categories?post=6718"},{"taxonomy":"post_tag","embeddable":true,"href":"https:\/\/e-leclerc.es\/pamplona\/wp-json\/wp\/v2\/tags?post=6718"}],"curies":[{"name":"wp","href":"https:\/\/api.w.org\/{rel}","templated":true}]}}