{"id":6714,"date":"2016-05-10T11:04:25","date_gmt":"2016-05-10T09:04:25","guid":{"rendered":"https:\/\/www.e-leclerc.es\/pamplona\/tendencias\/el-extranavidon-reparte-27-500e\/"},"modified":"2016-05-10T11:04:25","modified_gmt":"2016-05-10T09:04:25","slug":"el-extranavidon-reparte-27-500e","status":"publish","type":"post","link":"https:\/\/e-leclerc.es\/pamplona\/tendencias\/el-extranavidon-reparte-27-500e\/","title":{"rendered":"El \u00abextranavid\u00f3n\u00bb reparte 27.500\u20ac"},"content":{"rendered":"<p>Vuelve el &#8216;Extranavid\u00f3n&#8217; a las p\u00e1ginas de Diario de Navarra, cargado de premios en met\u00e1lico a trav\u00e9s de tarjetas regalo que podr\u00e1n canjearse en el hipermercado Leclerc<\/p>\n<p>Las cajas sorpresa esta vez vienen llenas de dinero. Diario de Navarra, en colaboraci\u00f3n con el hipermercado Leclerc, reinventa el Extranavid\u00f3n. Este sorteo que a\u00f1o a a\u00f1o se abre hueco en las p\u00e1ginas del peri\u00f3dico quiere llegar a m\u00e1s gente. Por eso, esta vez no entregar\u00e1 una gran cesta como en ocasiones anteriores, sino que repartir\u00e1 hasta 300 premios en efectivo a lo largo de diciembre.<\/p>\n<p>En concreto, cada semana se sortear\u00e1n 2.500 euros en 75 tarjetas regalo de 50 y 100 euros, para gastar en el hipermercado Leclerc. Pero \u00bfqu\u00e9 hay que hacer para conseguir una de ellas? Basta con escudri\u00f1ar las p\u00e1ginas del peri\u00f3dico. Cada d\u00eda, a partir del lunes, aparecer\u00e1 en Diario deNavarra una cajita escondida entre las noticias. En ella se indicar\u00e1 el importe asignado. Unavez ubicada, basta con rellenar el cup\u00f3n correspondiente indicando en qu\u00e9 p\u00e1gina aparece la caja.<\/p>\n<p>Los cupones deber\u00e1n depositarse en las urnas que se han habilitado a tal fin en el hipermercado Leclerc y en las oficinas de Diario de Navarra, en la calle Zapater\u00eda de Pamplona y en las delegaciones de Tudela y Estella, o bien pueden remitirse al apartado de correos 373. Cada mi\u00e9rcoles de diciembre se sortear\u00e1n 75 premios, 50 de 50 euros y 25 de 100 euros.<br \/>\nLa extracci\u00f3n de las papeletas se realizar\u00e1 ante notario y al d\u00eda siguiente se publicar\u00e1n en el peri\u00f3dico los nombres de los afortunados. Diario de Navarra emitir\u00e1 cupones para participar en el Extranavid\u00f3n hasta el 23 de diciembre.<\/p>\n<p>A\u00fan con todo, quienes no resulten ganadores en los sorteos semanales tendr\u00e1n una nueva oportunidad el 8 de enero. Ese d\u00eda, entre todos los cupones recibidos a lo largo de toda la promoci\u00f3n, se realizar\u00e1 un gran sorteo. En esta ocasi\u00f3n, habr\u00e1 tres premiados y cada uno de ellos obtendr\u00e1 una tarjeta regalo con 2.500 euros para compras en el hipermercado Leclerc y una noche en cualquier hotel de la cadena Sanvirila.<\/p>\n","protected":false},"excerpt":{"rendered":"<p>Vuelve el &#8216;Extranavid\u00f3n&#8217; a las p\u00e1ginas de Diario de Navarra, cargado de premios en met\u00e1lico a trav\u00e9s de tarjetas regalo que podr\u00e1n canjearse en el hipermercado Leclerc Las cajas sorpresa esta vez vienen llenas de dinero. Diario de Navarra, en colaboraci\u00f3n con el hipermercado Leclerc, reinventa el Extranavid\u00f3n. Este sorteo que a\u00f1o a a\u00f1o se [&hellip;]<\/p>\n","protected":false},"author":0,"featured_media":0,"comment_status":"","ping_status":"open","sticky":false,"template":"","format":"standard","meta":{"_acf_changed":false,"footnotes":""},"categories":[1],"tags":[],"class_list":["post-6714","post","type-post","status-publish","format-standard","hentry","category-uncategorized"],"acf":[],"yoast_head":"<!-- This site is optimized with the Yoast SEO plugin v27.4 - https:\/\/yoast.com\/product\/yoast-seo-wordpress\/ -->\n<title>El &quot;extranavid\u00f3n&quot; reparte 27.500\u20ac - E.Leclerc Pamplona<\/title>\n<meta name=\"robots\" content=\"index, follow, max-snippet:-1, max-image-preview:large, max-video-preview:-1\" \/>\n<link rel=\"canonical\" href=\"https:\/\/e-leclerc.es\/pamplona\/tendencias\/el-extranavidon-reparte-27-500e\/\" \/>\n<meta property=\"og:locale\" content=\"es_ES\" \/>\n<meta property=\"og:type\" content=\"article\" \/>\n<meta property=\"og:title\" content=\"El &quot;extranavid\u00f3n&quot; reparte 27.500\u20ac - E.Leclerc Pamplona\" \/>\n<meta property=\"og:description\" content=\"Vuelve el &#8216;Extranavid\u00f3n&#8217; a las p\u00e1ginas de Diario de Navarra, cargado de premios en met\u00e1lico a trav\u00e9s de tarjetas regalo que podr\u00e1n canjearse en el hipermercado Leclerc Las cajas sorpresa esta vez vienen llenas de dinero. Diario de Navarra, en colaboraci\u00f3n con el hipermercado Leclerc, reinventa el Extranavid\u00f3n. Este sorteo que a\u00f1o a a\u00f1o se [&hellip;]\" \/>\n<meta property=\"og:url\" content=\"https:\/\/e-leclerc.es\/pamplona\/tendencias\/el-extranavidon-reparte-27-500e\/\" \/>\n<meta property=\"og:site_name\" content=\"E.Leclerc Pamplona\" \/>\n<meta property=\"article:published_time\" content=\"2016-05-10T09:04:25+00:00\" \/>\n<meta name=\"twitter:card\" content=\"summary_large_image\" \/>\n<meta name=\"twitter:label1\" content=\"Tiempo de lectura\" \/>\n\t<meta name=\"twitter:data1\" content=\"2 minutos\" \/>\n<script type=\"application\/ld+json\" class=\"yoast-schema-graph\">{\"@context\":\"https:\\\/\\\/schema.org\",\"@graph\":[{\"@type\":\"Article\",\"@id\":\"https:\\\/\\\/e-leclerc.es\\\/pamplona\\\/tendencias\\\/el-extranavidon-reparte-27-500e\\\/#article\",\"isPartOf\":{\"@id\":\"https:\\\/\\\/e-leclerc.es\\\/pamplona\\\/tendencias\\\/el-extranavidon-reparte-27-500e\\\/\"},\"author\":{\"name\":\"\",\"@id\":\"\"},\"headline\":\"El \u00abextranavid\u00f3n\u00bb reparte 27.500\u20ac\",\"datePublished\":\"2016-05-10T09:04:25+00:00\",\"mainEntityOfPage\":{\"@id\":\"https:\\\/\\\/e-leclerc.es\\\/pamplona\\\/tendencias\\\/el-extranavidon-reparte-27-500e\\\/\"},\"wordCount\":370,\"publisher\":{\"@id\":\"https:\\\/\\\/e-leclerc.es\\\/pamplona\\\/#organization\"},\"articleSection\":[\"Uncategorized\"],\"inLanguage\":\"es\"},{\"@type\":\"WebPage\",\"@id\":\"https:\\\/\\\/e-leclerc.es\\\/pamplona\\\/tendencias\\\/el-extranavidon-reparte-27-500e\\\/\",\"url\":\"https:\\\/\\\/e-leclerc.es\\\/pamplona\\\/tendencias\\\/el-extranavidon-reparte-27-500e\\\/\",\"name\":\"El \\\"extranavid\u00f3n\\\" reparte 27.500\u20ac - E.Leclerc Pamplona\",\"isPartOf\":{\"@id\":\"https:\\\/\\\/e-leclerc.es\\\/pamplona\\\/#website\"},\"datePublished\":\"2016-05-10T09:04:25+00:00\",\"breadcrumb\":{\"@id\":\"https:\\\/\\\/e-leclerc.es\\\/pamplona\\\/tendencias\\\/el-extranavidon-reparte-27-500e\\\/#breadcrumb\"},\"inLanguage\":\"es\",\"potentialAction\":[{\"@type\":\"ReadAction\",\"target\":[\"https:\\\/\\\/e-leclerc.es\\\/pamplona\\\/tendencias\\\/el-extranavidon-reparte-27-500e\\\/\"]}]},{\"@type\":\"BreadcrumbList\",\"@id\":\"https:\\\/\\\/e-leclerc.es\\\/pamplona\\\/tendencias\\\/el-extranavidon-reparte-27-500e\\\/#breadcrumb\",\"itemListElement\":[{\"@type\":\"ListItem\",\"position\":1,\"name\":\"Portada\",\"item\":\"https:\\\/\\\/e-leclerc.es\\\/pamplona\\\/\"},{\"@type\":\"ListItem\",\"position\":2,\"name\":\"El \u00abextranavid\u00f3n\u00bb reparte 27.500\u20ac\"}]},{\"@type\":\"WebSite\",\"@id\":\"https:\\\/\\\/e-leclerc.es\\\/pamplona\\\/#website\",\"url\":\"https:\\\/\\\/e-leclerc.es\\\/pamplona\\\/\",\"name\":\"E.Leclerc Pamplona\",\"description\":\"Descubre los folletos, ofertas y promociones de nuestro hipermercado E.Leclerc Pamplona en Arag\u00f3n. Direcci\u00f3n | Horario | Productos locales\",\"publisher\":{\"@id\":\"https:\\\/\\\/e-leclerc.es\\\/pamplona\\\/#organization\"},\"potentialAction\":[{\"@type\":\"SearchAction\",\"target\":{\"@type\":\"EntryPoint\",\"urlTemplate\":\"https:\\\/\\\/e-leclerc.es\\\/pamplona\\\/?s={search_term_string}\"},\"query-input\":{\"@type\":\"PropertyValueSpecification\",\"valueRequired\":true,\"valueName\":\"search_term_string\"}}],\"inLanguage\":\"es\"},{\"@type\":\"Organization\",\"@id\":\"https:\\\/\\\/e-leclerc.es\\\/pamplona\\\/#organization\",\"name\":\"E.Leclerc Pamplona\",\"url\":\"https:\\\/\\\/e-leclerc.es\\\/pamplona\\\/\",\"logo\":{\"@type\":\"ImageObject\",\"inLanguage\":\"es\",\"@id\":\"https:\\\/\\\/e-leclerc.es\\\/pamplona\\\/#\\\/schema\\\/logo\\\/image\\\/\",\"url\":\"https:\\\/\\\/e-leclerc.es\\\/pamplona\\\/wp-content\\\/uploads\\\/sites\\\/16\\\/2024\\\/03\\\/Leclerc_Logo.svg\",\"contentUrl\":\"https:\\\/\\\/e-leclerc.es\\\/pamplona\\\/wp-content\\\/uploads\\\/sites\\\/16\\\/2024\\\/03\\\/Leclerc_Logo.svg\",\"caption\":\"E.Leclerc Pamplona\"},\"image\":{\"@id\":\"https:\\\/\\\/e-leclerc.es\\\/pamplona\\\/#\\\/schema\\\/logo\\\/image\\\/\"}}]}<\/script>\n<!-- \/ Yoast SEO plugin. -->","yoast_head_json":{"title":"El \"extranavid\u00f3n\" reparte 27.500\u20ac - E.Leclerc Pamplona","robots":{"index":"index","follow":"follow","max-snippet":"max-snippet:-1","max-image-preview":"max-image-preview:large","max-video-preview":"max-video-preview:-1"},"canonical":"https:\/\/e-leclerc.es\/pamplona\/tendencias\/el-extranavidon-reparte-27-500e\/","og_locale":"es_ES","og_type":"article","og_title":"El \"extranavid\u00f3n\" reparte 27.500\u20ac - E.Leclerc Pamplona","og_description":"Vuelve el &#8216;Extranavid\u00f3n&#8217; a las p\u00e1ginas de Diario de Navarra, cargado de premios en met\u00e1lico a trav\u00e9s de tarjetas regalo que podr\u00e1n canjearse en el hipermercado Leclerc Las cajas sorpresa esta vez vienen llenas de dinero. Diario de Navarra, en colaboraci\u00f3n con el hipermercado Leclerc, reinventa el Extranavid\u00f3n. Este sorteo que a\u00f1o a a\u00f1o se [&hellip;]","og_url":"https:\/\/e-leclerc.es\/pamplona\/tendencias\/el-extranavidon-reparte-27-500e\/","og_site_name":"E.Leclerc Pamplona","article_published_time":"2016-05-10T09:04:25+00:00","twitter_card":"summary_large_image","twitter_misc":{"Tiempo de lectura":"2 minutos"},"schema":{"@context":"https:\/\/schema.org","@graph":[{"@type":"Article","@id":"https:\/\/e-leclerc.es\/pamplona\/tendencias\/el-extranavidon-reparte-27-500e\/#article","isPartOf":{"@id":"https:\/\/e-leclerc.es\/pamplona\/tendencias\/el-extranavidon-reparte-27-500e\/"},"author":{"name":"","@id":""},"headline":"El \u00abextranavid\u00f3n\u00bb reparte 27.500\u20ac","datePublished":"2016-05-10T09:04:25+00:00","mainEntityOfPage":{"@id":"https:\/\/e-leclerc.es\/pamplona\/tendencias\/el-extranavidon-reparte-27-500e\/"},"wordCount":370,"publisher":{"@id":"https:\/\/e-leclerc.es\/pamplona\/#organization"},"articleSection":["Uncategorized"],"inLanguage":"es"},{"@type":"WebPage","@id":"https:\/\/e-leclerc.es\/pamplona\/tendencias\/el-extranavidon-reparte-27-500e\/","url":"https:\/\/e-leclerc.es\/pamplona\/tendencias\/el-extranavidon-reparte-27-500e\/","name":"El \"extranavid\u00f3n\" reparte 27.500\u20ac - E.Leclerc Pamplona","isPartOf":{"@id":"https:\/\/e-leclerc.es\/pamplona\/#website"},"datePublished":"2016-05-10T09:04:25+00:00","breadcrumb":{"@id":"https:\/\/e-leclerc.es\/pamplona\/tendencias\/el-extranavidon-reparte-27-500e\/#breadcrumb"},"inLanguage":"es","potentialAction":[{"@type":"ReadAction","target":["https:\/\/e-leclerc.es\/pamplona\/tendencias\/el-extranavidon-reparte-27-500e\/"]}]},{"@type":"BreadcrumbList","@id":"https:\/\/e-leclerc.es\/pamplona\/tendencias\/el-extranavidon-reparte-27-500e\/#breadcrumb","itemListElement":[{"@type":"ListItem","position":1,"name":"Portada","item":"https:\/\/e-leclerc.es\/pamplona\/"},{"@type":"ListItem","position":2,"name":"El \u00abextranavid\u00f3n\u00bb reparte 27.500\u20ac"}]},{"@type":"WebSite","@id":"https:\/\/e-leclerc.es\/pamplona\/#website","url":"https:\/\/e-leclerc.es\/pamplona\/","name":"E.Leclerc Pamplona","description":"Descubre los folletos, ofertas y promociones de nuestro hipermercado E.Leclerc Pamplona en Arag\u00f3n. Direcci\u00f3n | Horario | Productos locales","publisher":{"@id":"https:\/\/e-leclerc.es\/pamplona\/#organization"},"potentialAction":[{"@type":"SearchAction","target":{"@type":"EntryPoint","urlTemplate":"https:\/\/e-leclerc.es\/pamplona\/?s={search_term_string}"},"query-input":{"@type":"PropertyValueSpecification","valueRequired":true,"valueName":"search_term_string"}}],"inLanguage":"es"},{"@type":"Organization","@id":"https:\/\/e-leclerc.es\/pamplona\/#organization","name":"E.Leclerc Pamplona","url":"https:\/\/e-leclerc.es\/pamplona\/","logo":{"@type":"ImageObject","inLanguage":"es","@id":"https:\/\/e-leclerc.es\/pamplona\/#\/schema\/logo\/image\/","url":"https:\/\/e-leclerc.es\/pamplona\/wp-content\/uploads\/sites\/16\/2024\/03\/Leclerc_Logo.svg","contentUrl":"https:\/\/e-leclerc.es\/pamplona\/wp-content\/uploads\/sites\/16\/2024\/03\/Leclerc_Logo.svg","caption":"E.Leclerc Pamplona"},"image":{"@id":"https:\/\/e-leclerc.es\/pamplona\/#\/schema\/logo\/image\/"}}]}},"_links":{"self":[{"href":"https:\/\/e-leclerc.es\/pamplona\/wp-json\/wp\/v2\/posts\/6714","targetHints":{"allow":["GET"]}}],"collection":[{"href":"https:\/\/e-leclerc.es\/pamplona\/wp-json\/wp\/v2\/posts"}],"about":[{"href":"https:\/\/e-leclerc.es\/pamplona\/wp-json\/wp\/v2\/types\/post"}],"replies":[{"embeddable":true,"href":"https:\/\/e-leclerc.es\/pamplona\/wp-json\/wp\/v2\/comments?post=6714"}],"version-history":[{"count":0,"href":"https:\/\/e-leclerc.es\/pamplona\/wp-json\/wp\/v2\/posts\/6714\/revisions"}],"wp:attachment":[{"href":"https:\/\/e-leclerc.es\/pamplona\/wp-json\/wp\/v2\/media?parent=6714"}],"wp:term":[{"taxonomy":"category","embeddable":true,"href":"https:\/\/e-leclerc.es\/pamplona\/wp-json\/wp\/v2\/categories?post=6714"},{"taxonomy":"post_tag","embeddable":true,"href":"https:\/\/e-leclerc.es\/pamplona\/wp-json\/wp\/v2\/tags?post=6714"}],"curies":[{"name":"wp","href":"https:\/\/api.w.org\/{rel}","templated":true}]}}