{"id":6709,"date":"2016-05-10T11:04:20","date_gmt":"2016-05-10T09:04:20","guid":{"rendered":"https:\/\/www.e-leclerc.es\/pamplona\/tendencias\/e-leclerc-colabora-con-los-parados-al-hacer-descuentos-en-sus-compras\/"},"modified":"2016-05-10T11:04:20","modified_gmt":"2016-05-10T09:04:20","slug":"e-leclerc-colabora-con-los-parados-al-hacer-descuentos-en-sus-compras","status":"publish","type":"post","link":"https:\/\/e-leclerc.es\/pamplona\/tendencias\/e-leclerc-colabora-con-los-parados-al-hacer-descuentos-en-sus-compras\/","title":{"rendered":"E.Leclerc colabora con los parados al hacer descuentos en sus compras"},"content":{"rendered":"<p>E.Eleclerc Pamplona ha puesto en marcha una iniciativa en apoyo a la situaci\u00f3n de los parados en Navarra. Seg\u00fan la \u00faltima Encuesta de Poblaci\u00f3n Activa (EPA), que elabora el Instituto Nacional de Estad\u00edsticas (INE), hay 46.200 desempleados en esta Comunidad, n\u00famero que aumenta si se consultan los datos del Ministerio de Empleo, que elevan la cifra a m\u00e1s de 50.000. Consciente de esta situaci\u00f3n, el hipermercado E.Leclerc inici\u00f3 el pasado 19 de noviembre la campa\u00f1a E.Eleclerc, con los parad@s, en el marco del 20\u00ba aniversario de su llegada a Espa\u00f1a. Desde ese d\u00eda hasta el s\u00e1bado 22 de diciembre, \u00abtoda persona que presente la tarjeta del INEM podr\u00e1 comprar una tarjeta recarga de cien euros y el establecimiento le regalar\u00e1 un 10% m\u00e1s. De esta forma, una misma persona podr\u00e1 adquirir un m\u00e1ximo de cinco tarjetas durante ese periodo y podr\u00e1 gastarlas hasta el 12 de enero. Esta promoci\u00f3n es acumulable al resto de las ofertas que se efect\u00faen en la campa\u00f1a Navidad\u00bb, explic\u00f3 la firma en una nota.<\/p>\n","protected":false},"excerpt":{"rendered":"<p>E.Eleclerc Pamplona ha puesto en marcha una iniciativa en apoyo a la situaci\u00f3n de los parados en Navarra. Seg\u00fan la \u00faltima Encuesta de Poblaci\u00f3n Activa (EPA), que elabora el Instituto Nacional de Estad\u00edsticas (INE), hay 46.200 desempleados en esta Comunidad, n\u00famero que aumenta si se consultan los datos del Ministerio de Empleo, que elevan la [&hellip;]<\/p>\n","protected":false},"author":0,"featured_media":0,"comment_status":"","ping_status":"open","sticky":false,"template":"","format":"standard","meta":{"_acf_changed":false,"footnotes":""},"categories":[1],"tags":[],"class_list":["post-6709","post","type-post","status-publish","format-standard","hentry","category-uncategorized"],"acf":[],"yoast_head":"<!-- This site is optimized with the Yoast SEO plugin v27.4 - https:\/\/yoast.com\/product\/yoast-seo-wordpress\/ -->\n<title>E.Leclerc colabora con los parados al hacer descuentos en sus compras - E.Leclerc Pamplona<\/title>\n<meta name=\"robots\" content=\"index, follow, max-snippet:-1, max-image-preview:large, max-video-preview:-1\" \/>\n<link rel=\"canonical\" href=\"https:\/\/e-leclerc.es\/pamplona\/tendencias\/e-leclerc-colabora-con-los-parados-al-hacer-descuentos-en-sus-compras\/\" \/>\n<meta property=\"og:locale\" content=\"es_ES\" \/>\n<meta property=\"og:type\" content=\"article\" \/>\n<meta property=\"og:title\" content=\"E.Leclerc colabora con los parados al hacer descuentos en sus compras - E.Leclerc Pamplona\" \/>\n<meta property=\"og:description\" content=\"E.Eleclerc Pamplona ha puesto en marcha una iniciativa en apoyo a la situaci\u00f3n de los parados en Navarra. Seg\u00fan la \u00faltima Encuesta de Poblaci\u00f3n Activa (EPA), que elabora el Instituto Nacional de Estad\u00edsticas (INE), hay 46.200 desempleados en esta Comunidad, n\u00famero que aumenta si se consultan los datos del Ministerio de Empleo, que elevan la [&hellip;]\" \/>\n<meta property=\"og:url\" content=\"https:\/\/e-leclerc.es\/pamplona\/tendencias\/e-leclerc-colabora-con-los-parados-al-hacer-descuentos-en-sus-compras\/\" \/>\n<meta property=\"og:site_name\" content=\"E.Leclerc Pamplona\" \/>\n<meta property=\"article:published_time\" content=\"2016-05-10T09:04:20+00:00\" \/>\n<meta name=\"twitter:card\" content=\"summary_large_image\" \/>\n<meta name=\"twitter:label1\" content=\"Tiempo de lectura\" \/>\n\t<meta name=\"twitter:data1\" content=\"1 minuto\" \/>\n<script type=\"application\/ld+json\" class=\"yoast-schema-graph\">{\"@context\":\"https:\\\/\\\/schema.org\",\"@graph\":[{\"@type\":\"Article\",\"@id\":\"https:\\\/\\\/e-leclerc.es\\\/pamplona\\\/tendencias\\\/e-leclerc-colabora-con-los-parados-al-hacer-descuentos-en-sus-compras\\\/#article\",\"isPartOf\":{\"@id\":\"https:\\\/\\\/e-leclerc.es\\\/pamplona\\\/tendencias\\\/e-leclerc-colabora-con-los-parados-al-hacer-descuentos-en-sus-compras\\\/\"},\"author\":{\"name\":\"\",\"@id\":\"\"},\"headline\":\"E.Leclerc colabora con los parados al hacer descuentos en sus compras\",\"datePublished\":\"2016-05-10T09:04:20+00:00\",\"mainEntityOfPage\":{\"@id\":\"https:\\\/\\\/e-leclerc.es\\\/pamplona\\\/tendencias\\\/e-leclerc-colabora-con-los-parados-al-hacer-descuentos-en-sus-compras\\\/\"},\"wordCount\":194,\"publisher\":{\"@id\":\"https:\\\/\\\/e-leclerc.es\\\/pamplona\\\/#organization\"},\"articleSection\":[\"Uncategorized\"],\"inLanguage\":\"es\"},{\"@type\":\"WebPage\",\"@id\":\"https:\\\/\\\/e-leclerc.es\\\/pamplona\\\/tendencias\\\/e-leclerc-colabora-con-los-parados-al-hacer-descuentos-en-sus-compras\\\/\",\"url\":\"https:\\\/\\\/e-leclerc.es\\\/pamplona\\\/tendencias\\\/e-leclerc-colabora-con-los-parados-al-hacer-descuentos-en-sus-compras\\\/\",\"name\":\"E.Leclerc colabora con los parados al hacer descuentos en sus compras - E.Leclerc Pamplona\",\"isPartOf\":{\"@id\":\"https:\\\/\\\/e-leclerc.es\\\/pamplona\\\/#website\"},\"datePublished\":\"2016-05-10T09:04:20+00:00\",\"breadcrumb\":{\"@id\":\"https:\\\/\\\/e-leclerc.es\\\/pamplona\\\/tendencias\\\/e-leclerc-colabora-con-los-parados-al-hacer-descuentos-en-sus-compras\\\/#breadcrumb\"},\"inLanguage\":\"es\",\"potentialAction\":[{\"@type\":\"ReadAction\",\"target\":[\"https:\\\/\\\/e-leclerc.es\\\/pamplona\\\/tendencias\\\/e-leclerc-colabora-con-los-parados-al-hacer-descuentos-en-sus-compras\\\/\"]}]},{\"@type\":\"BreadcrumbList\",\"@id\":\"https:\\\/\\\/e-leclerc.es\\\/pamplona\\\/tendencias\\\/e-leclerc-colabora-con-los-parados-al-hacer-descuentos-en-sus-compras\\\/#breadcrumb\",\"itemListElement\":[{\"@type\":\"ListItem\",\"position\":1,\"name\":\"Portada\",\"item\":\"https:\\\/\\\/e-leclerc.es\\\/pamplona\\\/\"},{\"@type\":\"ListItem\",\"position\":2,\"name\":\"E.Leclerc colabora con los parados al hacer descuentos en sus compras\"}]},{\"@type\":\"WebSite\",\"@id\":\"https:\\\/\\\/e-leclerc.es\\\/pamplona\\\/#website\",\"url\":\"https:\\\/\\\/e-leclerc.es\\\/pamplona\\\/\",\"name\":\"E.Leclerc Pamplona\",\"description\":\"Descubre los folletos, ofertas y promociones de nuestro hipermercado E.Leclerc Pamplona en Arag\u00f3n. Direcci\u00f3n | Horario | Productos locales\",\"publisher\":{\"@id\":\"https:\\\/\\\/e-leclerc.es\\\/pamplona\\\/#organization\"},\"potentialAction\":[{\"@type\":\"SearchAction\",\"target\":{\"@type\":\"EntryPoint\",\"urlTemplate\":\"https:\\\/\\\/e-leclerc.es\\\/pamplona\\\/?s={search_term_string}\"},\"query-input\":{\"@type\":\"PropertyValueSpecification\",\"valueRequired\":true,\"valueName\":\"search_term_string\"}}],\"inLanguage\":\"es\"},{\"@type\":\"Organization\",\"@id\":\"https:\\\/\\\/e-leclerc.es\\\/pamplona\\\/#organization\",\"name\":\"E.Leclerc Pamplona\",\"url\":\"https:\\\/\\\/e-leclerc.es\\\/pamplona\\\/\",\"logo\":{\"@type\":\"ImageObject\",\"inLanguage\":\"es\",\"@id\":\"https:\\\/\\\/e-leclerc.es\\\/pamplona\\\/#\\\/schema\\\/logo\\\/image\\\/\",\"url\":\"https:\\\/\\\/e-leclerc.es\\\/pamplona\\\/wp-content\\\/uploads\\\/sites\\\/16\\\/2024\\\/03\\\/Leclerc_Logo.svg\",\"contentUrl\":\"https:\\\/\\\/e-leclerc.es\\\/pamplona\\\/wp-content\\\/uploads\\\/sites\\\/16\\\/2024\\\/03\\\/Leclerc_Logo.svg\",\"caption\":\"E.Leclerc Pamplona\"},\"image\":{\"@id\":\"https:\\\/\\\/e-leclerc.es\\\/pamplona\\\/#\\\/schema\\\/logo\\\/image\\\/\"}}]}<\/script>\n<!-- \/ Yoast SEO plugin. -->","yoast_head_json":{"title":"E.Leclerc colabora con los parados al hacer descuentos en sus compras - E.Leclerc Pamplona","robots":{"index":"index","follow":"follow","max-snippet":"max-snippet:-1","max-image-preview":"max-image-preview:large","max-video-preview":"max-video-preview:-1"},"canonical":"https:\/\/e-leclerc.es\/pamplona\/tendencias\/e-leclerc-colabora-con-los-parados-al-hacer-descuentos-en-sus-compras\/","og_locale":"es_ES","og_type":"article","og_title":"E.Leclerc colabora con los parados al hacer descuentos en sus compras - E.Leclerc Pamplona","og_description":"E.Eleclerc Pamplona ha puesto en marcha una iniciativa en apoyo a la situaci\u00f3n de los parados en Navarra. Seg\u00fan la \u00faltima Encuesta de Poblaci\u00f3n Activa (EPA), que elabora el Instituto Nacional de Estad\u00edsticas (INE), hay 46.200 desempleados en esta Comunidad, n\u00famero que aumenta si se consultan los datos del Ministerio de Empleo, que elevan la [&hellip;]","og_url":"https:\/\/e-leclerc.es\/pamplona\/tendencias\/e-leclerc-colabora-con-los-parados-al-hacer-descuentos-en-sus-compras\/","og_site_name":"E.Leclerc Pamplona","article_published_time":"2016-05-10T09:04:20+00:00","twitter_card":"summary_large_image","twitter_misc":{"Tiempo de lectura":"1 minuto"},"schema":{"@context":"https:\/\/schema.org","@graph":[{"@type":"Article","@id":"https:\/\/e-leclerc.es\/pamplona\/tendencias\/e-leclerc-colabora-con-los-parados-al-hacer-descuentos-en-sus-compras\/#article","isPartOf":{"@id":"https:\/\/e-leclerc.es\/pamplona\/tendencias\/e-leclerc-colabora-con-los-parados-al-hacer-descuentos-en-sus-compras\/"},"author":{"name":"","@id":""},"headline":"E.Leclerc colabora con los parados al hacer descuentos en sus compras","datePublished":"2016-05-10T09:04:20+00:00","mainEntityOfPage":{"@id":"https:\/\/e-leclerc.es\/pamplona\/tendencias\/e-leclerc-colabora-con-los-parados-al-hacer-descuentos-en-sus-compras\/"},"wordCount":194,"publisher":{"@id":"https:\/\/e-leclerc.es\/pamplona\/#organization"},"articleSection":["Uncategorized"],"inLanguage":"es"},{"@type":"WebPage","@id":"https:\/\/e-leclerc.es\/pamplona\/tendencias\/e-leclerc-colabora-con-los-parados-al-hacer-descuentos-en-sus-compras\/","url":"https:\/\/e-leclerc.es\/pamplona\/tendencias\/e-leclerc-colabora-con-los-parados-al-hacer-descuentos-en-sus-compras\/","name":"E.Leclerc colabora con los parados al hacer descuentos en sus compras - E.Leclerc Pamplona","isPartOf":{"@id":"https:\/\/e-leclerc.es\/pamplona\/#website"},"datePublished":"2016-05-10T09:04:20+00:00","breadcrumb":{"@id":"https:\/\/e-leclerc.es\/pamplona\/tendencias\/e-leclerc-colabora-con-los-parados-al-hacer-descuentos-en-sus-compras\/#breadcrumb"},"inLanguage":"es","potentialAction":[{"@type":"ReadAction","target":["https:\/\/e-leclerc.es\/pamplona\/tendencias\/e-leclerc-colabora-con-los-parados-al-hacer-descuentos-en-sus-compras\/"]}]},{"@type":"BreadcrumbList","@id":"https:\/\/e-leclerc.es\/pamplona\/tendencias\/e-leclerc-colabora-con-los-parados-al-hacer-descuentos-en-sus-compras\/#breadcrumb","itemListElement":[{"@type":"ListItem","position":1,"name":"Portada","item":"https:\/\/e-leclerc.es\/pamplona\/"},{"@type":"ListItem","position":2,"name":"E.Leclerc colabora con los parados al hacer descuentos en sus compras"}]},{"@type":"WebSite","@id":"https:\/\/e-leclerc.es\/pamplona\/#website","url":"https:\/\/e-leclerc.es\/pamplona\/","name":"E.Leclerc Pamplona","description":"Descubre los folletos, ofertas y promociones de nuestro hipermercado E.Leclerc Pamplona en Arag\u00f3n. Direcci\u00f3n | Horario | Productos locales","publisher":{"@id":"https:\/\/e-leclerc.es\/pamplona\/#organization"},"potentialAction":[{"@type":"SearchAction","target":{"@type":"EntryPoint","urlTemplate":"https:\/\/e-leclerc.es\/pamplona\/?s={search_term_string}"},"query-input":{"@type":"PropertyValueSpecification","valueRequired":true,"valueName":"search_term_string"}}],"inLanguage":"es"},{"@type":"Organization","@id":"https:\/\/e-leclerc.es\/pamplona\/#organization","name":"E.Leclerc Pamplona","url":"https:\/\/e-leclerc.es\/pamplona\/","logo":{"@type":"ImageObject","inLanguage":"es","@id":"https:\/\/e-leclerc.es\/pamplona\/#\/schema\/logo\/image\/","url":"https:\/\/e-leclerc.es\/pamplona\/wp-content\/uploads\/sites\/16\/2024\/03\/Leclerc_Logo.svg","contentUrl":"https:\/\/e-leclerc.es\/pamplona\/wp-content\/uploads\/sites\/16\/2024\/03\/Leclerc_Logo.svg","caption":"E.Leclerc Pamplona"},"image":{"@id":"https:\/\/e-leclerc.es\/pamplona\/#\/schema\/logo\/image\/"}}]}},"_links":{"self":[{"href":"https:\/\/e-leclerc.es\/pamplona\/wp-json\/wp\/v2\/posts\/6709","targetHints":{"allow":["GET"]}}],"collection":[{"href":"https:\/\/e-leclerc.es\/pamplona\/wp-json\/wp\/v2\/posts"}],"about":[{"href":"https:\/\/e-leclerc.es\/pamplona\/wp-json\/wp\/v2\/types\/post"}],"replies":[{"embeddable":true,"href":"https:\/\/e-leclerc.es\/pamplona\/wp-json\/wp\/v2\/comments?post=6709"}],"version-history":[{"count":0,"href":"https:\/\/e-leclerc.es\/pamplona\/wp-json\/wp\/v2\/posts\/6709\/revisions"}],"wp:attachment":[{"href":"https:\/\/e-leclerc.es\/pamplona\/wp-json\/wp\/v2\/media?parent=6709"}],"wp:term":[{"taxonomy":"category","embeddable":true,"href":"https:\/\/e-leclerc.es\/pamplona\/wp-json\/wp\/v2\/categories?post=6709"},{"taxonomy":"post_tag","embeddable":true,"href":"https:\/\/e-leclerc.es\/pamplona\/wp-json\/wp\/v2\/tags?post=6709"}],"curies":[{"name":"wp","href":"https:\/\/api.w.org\/{rel}","templated":true}]}}