{"id":6688,"date":"2016-05-10T11:03:50","date_gmt":"2016-05-10T09:03:50","guid":{"rendered":"https:\/\/www.e-leclerc.es\/pamplona\/tendencias\/el-raton-geronimo-stilton-visitara-e-leclerc-para-firmar-libros\/"},"modified":"2016-05-10T11:03:50","modified_gmt":"2016-05-10T09:03:50","slug":"el-raton-geronimo-stilton-visitara-e-leclerc-para-firmar-libros","status":"publish","type":"post","link":"https:\/\/e-leclerc.es\/pamplona\/tendencias\/el-raton-geronimo-stilton-visitara-e-leclerc-para-firmar-libros\/","title":{"rendered":"El rat\u00f3n Ger\u00f3nimo stilton visitar\u00e1 e.leclerc para firmar libros"},"content":{"rendered":"<p>Ger\u00f3nimo Stilton visitar\u00e1 E.Leclerc este viernes a las 19.00 horas. El rat\u00f3n, muy querido por los ni\u00f1os, firmar\u00e1 los libros que \u00e9l mismo protagoniza.<br \/>\nLos quince ni\u00f1os afortunados que ganen el sorteo de Ger\u00f3nimo Stilton, diez a trav\u00e9s del hipermercado<br \/>\nLos m\u00e1s afortunados ser\u00e1n los 15 ni\u00f1os que ganen el sorteo de Ger\u00f3nimo Stilton, ya que tendr\u00e1n la oportunidad de merendar en exclusiva con su personaje favorito antes de la firma, adem\u00e1s de llevarse un kit de regalo. Diez de ellos lo podr\u00e1n hacer a trav\u00e9s del hipermercado y cinco a trav\u00e9s del Club Funtastic,<br \/>\nCon esta visita tan especial, E.Leclerc demuestra su compromiso por el fomento de la lectura entre los m\u00e1s j\u00f3venes.<\/p>\n","protected":false},"excerpt":{"rendered":"<p>Ger\u00f3nimo Stilton visitar\u00e1 E.Leclerc este viernes a las 19.00 horas. El rat\u00f3n, muy querido por los ni\u00f1os, firmar\u00e1 los libros que \u00e9l mismo protagoniza. Los quince ni\u00f1os afortunados que ganen el sorteo de Ger\u00f3nimo Stilton, diez a trav\u00e9s del hipermercado Los m\u00e1s afortunados ser\u00e1n los 15 ni\u00f1os que ganen el sorteo de Ger\u00f3nimo Stilton, ya [&hellip;]<\/p>\n","protected":false},"author":0,"featured_media":6689,"comment_status":"","ping_status":"open","sticky":false,"template":"","format":"standard","meta":{"_acf_changed":false,"footnotes":""},"categories":[1],"tags":[],"class_list":["post-6688","post","type-post","status-publish","format-standard","has-post-thumbnail","hentry","category-uncategorized"],"acf":[],"yoast_head":"<!-- This site is optimized with the Yoast SEO plugin v27.4 - https:\/\/yoast.com\/product\/yoast-seo-wordpress\/ -->\n<title>El rat\u00f3n Ger\u00f3nimo stilton visitar\u00e1 e.leclerc para firmar libros - E.Leclerc Pamplona<\/title>\n<meta name=\"robots\" content=\"index, follow, max-snippet:-1, max-image-preview:large, max-video-preview:-1\" \/>\n<link rel=\"canonical\" href=\"https:\/\/e-leclerc.es\/pamplona\/tendencias\/el-raton-geronimo-stilton-visitara-e-leclerc-para-firmar-libros\/\" \/>\n<meta property=\"og:locale\" content=\"es_ES\" \/>\n<meta property=\"og:type\" content=\"article\" \/>\n<meta property=\"og:title\" content=\"El rat\u00f3n Ger\u00f3nimo stilton visitar\u00e1 e.leclerc para firmar libros - E.Leclerc Pamplona\" \/>\n<meta property=\"og:description\" content=\"Ger\u00f3nimo Stilton visitar\u00e1 E.Leclerc este viernes a las 19.00 horas. El rat\u00f3n, muy querido por los ni\u00f1os, firmar\u00e1 los libros que \u00e9l mismo protagoniza. Los quince ni\u00f1os afortunados que ganen el sorteo de Ger\u00f3nimo Stilton, diez a trav\u00e9s del hipermercado Los m\u00e1s afortunados ser\u00e1n los 15 ni\u00f1os que ganen el sorteo de Ger\u00f3nimo Stilton, ya [&hellip;]\" \/>\n<meta property=\"og:url\" content=\"https:\/\/e-leclerc.es\/pamplona\/tendencias\/el-raton-geronimo-stilton-visitara-e-leclerc-para-firmar-libros\/\" \/>\n<meta property=\"og:site_name\" content=\"E.Leclerc Pamplona\" \/>\n<meta property=\"article:published_time\" content=\"2016-05-10T09:03:50+00:00\" \/>\n<meta property=\"og:image\" content=\"https:\/\/e-leclerc.es\/pamplona\/wp-content\/uploads\/sites\/16\/2016\/05\/geronimo-stilton-eleclerc_645.jpg\" \/>\n\t<meta property=\"og:image:width\" content=\"400\" \/>\n\t<meta property=\"og:image:height\" content=\"231\" \/>\n\t<meta property=\"og:image:type\" content=\"image\/jpeg\" \/>\n<meta name=\"twitter:card\" content=\"summary_large_image\" \/>\n<meta name=\"twitter:label1\" content=\"Tiempo de lectura\" \/>\n\t<meta name=\"twitter:data1\" content=\"1 minuto\" \/>\n<script type=\"application\/ld+json\" class=\"yoast-schema-graph\">{\"@context\":\"https:\\\/\\\/schema.org\",\"@graph\":[{\"@type\":\"Article\",\"@id\":\"https:\\\/\\\/e-leclerc.es\\\/pamplona\\\/tendencias\\\/el-raton-geronimo-stilton-visitara-e-leclerc-para-firmar-libros\\\/#article\",\"isPartOf\":{\"@id\":\"https:\\\/\\\/e-leclerc.es\\\/pamplona\\\/tendencias\\\/el-raton-geronimo-stilton-visitara-e-leclerc-para-firmar-libros\\\/\"},\"author\":{\"name\":\"\",\"@id\":\"\"},\"headline\":\"El rat\u00f3n Ger\u00f3nimo stilton visitar\u00e1 e.leclerc para firmar libros\",\"datePublished\":\"2016-05-10T09:03:50+00:00\",\"mainEntityOfPage\":{\"@id\":\"https:\\\/\\\/e-leclerc.es\\\/pamplona\\\/tendencias\\\/el-raton-geronimo-stilton-visitara-e-leclerc-para-firmar-libros\\\/\"},\"wordCount\":143,\"publisher\":{\"@id\":\"https:\\\/\\\/e-leclerc.es\\\/pamplona\\\/#organization\"},\"image\":{\"@id\":\"https:\\\/\\\/e-leclerc.es\\\/pamplona\\\/tendencias\\\/el-raton-geronimo-stilton-visitara-e-leclerc-para-firmar-libros\\\/#primaryimage\"},\"thumbnailUrl\":\"https:\\\/\\\/e-leclerc.es\\\/pamplona\\\/wp-content\\\/uploads\\\/sites\\\/16\\\/2016\\\/05\\\/geronimo-stilton-eleclerc_645.jpg\",\"articleSection\":[\"Uncategorized\"],\"inLanguage\":\"es\"},{\"@type\":\"WebPage\",\"@id\":\"https:\\\/\\\/e-leclerc.es\\\/pamplona\\\/tendencias\\\/el-raton-geronimo-stilton-visitara-e-leclerc-para-firmar-libros\\\/\",\"url\":\"https:\\\/\\\/e-leclerc.es\\\/pamplona\\\/tendencias\\\/el-raton-geronimo-stilton-visitara-e-leclerc-para-firmar-libros\\\/\",\"name\":\"El rat\u00f3n Ger\u00f3nimo stilton visitar\u00e1 e.leclerc para firmar libros - E.Leclerc Pamplona\",\"isPartOf\":{\"@id\":\"https:\\\/\\\/e-leclerc.es\\\/pamplona\\\/#website\"},\"primaryImageOfPage\":{\"@id\":\"https:\\\/\\\/e-leclerc.es\\\/pamplona\\\/tendencias\\\/el-raton-geronimo-stilton-visitara-e-leclerc-para-firmar-libros\\\/#primaryimage\"},\"image\":{\"@id\":\"https:\\\/\\\/e-leclerc.es\\\/pamplona\\\/tendencias\\\/el-raton-geronimo-stilton-visitara-e-leclerc-para-firmar-libros\\\/#primaryimage\"},\"thumbnailUrl\":\"https:\\\/\\\/e-leclerc.es\\\/pamplona\\\/wp-content\\\/uploads\\\/sites\\\/16\\\/2016\\\/05\\\/geronimo-stilton-eleclerc_645.jpg\",\"datePublished\":\"2016-05-10T09:03:50+00:00\",\"breadcrumb\":{\"@id\":\"https:\\\/\\\/e-leclerc.es\\\/pamplona\\\/tendencias\\\/el-raton-geronimo-stilton-visitara-e-leclerc-para-firmar-libros\\\/#breadcrumb\"},\"inLanguage\":\"es\",\"potentialAction\":[{\"@type\":\"ReadAction\",\"target\":[\"https:\\\/\\\/e-leclerc.es\\\/pamplona\\\/tendencias\\\/el-raton-geronimo-stilton-visitara-e-leclerc-para-firmar-libros\\\/\"]}]},{\"@type\":\"ImageObject\",\"inLanguage\":\"es\",\"@id\":\"https:\\\/\\\/e-leclerc.es\\\/pamplona\\\/tendencias\\\/el-raton-geronimo-stilton-visitara-e-leclerc-para-firmar-libros\\\/#primaryimage\",\"url\":\"https:\\\/\\\/e-leclerc.es\\\/pamplona\\\/wp-content\\\/uploads\\\/sites\\\/16\\\/2016\\\/05\\\/geronimo-stilton-eleclerc_645.jpg\",\"contentUrl\":\"https:\\\/\\\/e-leclerc.es\\\/pamplona\\\/wp-content\\\/uploads\\\/sites\\\/16\\\/2016\\\/05\\\/geronimo-stilton-eleclerc_645.jpg\",\"width\":400,\"height\":231},{\"@type\":\"BreadcrumbList\",\"@id\":\"https:\\\/\\\/e-leclerc.es\\\/pamplona\\\/tendencias\\\/el-raton-geronimo-stilton-visitara-e-leclerc-para-firmar-libros\\\/#breadcrumb\",\"itemListElement\":[{\"@type\":\"ListItem\",\"position\":1,\"name\":\"Portada\",\"item\":\"https:\\\/\\\/e-leclerc.es\\\/pamplona\\\/\"},{\"@type\":\"ListItem\",\"position\":2,\"name\":\"El rat\u00f3n Ger\u00f3nimo stilton visitar\u00e1 e.leclerc para firmar libros\"}]},{\"@type\":\"WebSite\",\"@id\":\"https:\\\/\\\/e-leclerc.es\\\/pamplona\\\/#website\",\"url\":\"https:\\\/\\\/e-leclerc.es\\\/pamplona\\\/\",\"name\":\"E.Leclerc Pamplona\",\"description\":\"Descubre los folletos, ofertas y promociones de nuestro hipermercado E.Leclerc Pamplona en Arag\u00f3n. Direcci\u00f3n | Horario | Productos locales\",\"publisher\":{\"@id\":\"https:\\\/\\\/e-leclerc.es\\\/pamplona\\\/#organization\"},\"potentialAction\":[{\"@type\":\"SearchAction\",\"target\":{\"@type\":\"EntryPoint\",\"urlTemplate\":\"https:\\\/\\\/e-leclerc.es\\\/pamplona\\\/?s={search_term_string}\"},\"query-input\":{\"@type\":\"PropertyValueSpecification\",\"valueRequired\":true,\"valueName\":\"search_term_string\"}}],\"inLanguage\":\"es\"},{\"@type\":\"Organization\",\"@id\":\"https:\\\/\\\/e-leclerc.es\\\/pamplona\\\/#organization\",\"name\":\"E.Leclerc Pamplona\",\"url\":\"https:\\\/\\\/e-leclerc.es\\\/pamplona\\\/\",\"logo\":{\"@type\":\"ImageObject\",\"inLanguage\":\"es\",\"@id\":\"https:\\\/\\\/e-leclerc.es\\\/pamplona\\\/#\\\/schema\\\/logo\\\/image\\\/\",\"url\":\"https:\\\/\\\/e-leclerc.es\\\/pamplona\\\/wp-content\\\/uploads\\\/sites\\\/16\\\/2024\\\/03\\\/Leclerc_Logo.svg\",\"contentUrl\":\"https:\\\/\\\/e-leclerc.es\\\/pamplona\\\/wp-content\\\/uploads\\\/sites\\\/16\\\/2024\\\/03\\\/Leclerc_Logo.svg\",\"caption\":\"E.Leclerc Pamplona\"},\"image\":{\"@id\":\"https:\\\/\\\/e-leclerc.es\\\/pamplona\\\/#\\\/schema\\\/logo\\\/image\\\/\"}}]}<\/script>\n<!-- \/ Yoast SEO plugin. -->","yoast_head_json":{"title":"El rat\u00f3n Ger\u00f3nimo stilton visitar\u00e1 e.leclerc para firmar libros - E.Leclerc Pamplona","robots":{"index":"index","follow":"follow","max-snippet":"max-snippet:-1","max-image-preview":"max-image-preview:large","max-video-preview":"max-video-preview:-1"},"canonical":"https:\/\/e-leclerc.es\/pamplona\/tendencias\/el-raton-geronimo-stilton-visitara-e-leclerc-para-firmar-libros\/","og_locale":"es_ES","og_type":"article","og_title":"El rat\u00f3n Ger\u00f3nimo stilton visitar\u00e1 e.leclerc para firmar libros - E.Leclerc Pamplona","og_description":"Ger\u00f3nimo Stilton visitar\u00e1 E.Leclerc este viernes a las 19.00 horas. El rat\u00f3n, muy querido por los ni\u00f1os, firmar\u00e1 los libros que \u00e9l mismo protagoniza. Los quince ni\u00f1os afortunados que ganen el sorteo de Ger\u00f3nimo Stilton, diez a trav\u00e9s del hipermercado Los m\u00e1s afortunados ser\u00e1n los 15 ni\u00f1os que ganen el sorteo de Ger\u00f3nimo Stilton, ya [&hellip;]","og_url":"https:\/\/e-leclerc.es\/pamplona\/tendencias\/el-raton-geronimo-stilton-visitara-e-leclerc-para-firmar-libros\/","og_site_name":"E.Leclerc Pamplona","article_published_time":"2016-05-10T09:03:50+00:00","og_image":[{"width":400,"height":231,"url":"https:\/\/e-leclerc.es\/pamplona\/wp-content\/uploads\/sites\/16\/2016\/05\/geronimo-stilton-eleclerc_645.jpg","type":"image\/jpeg"}],"twitter_card":"summary_large_image","twitter_misc":{"Tiempo de lectura":"1 minuto"},"schema":{"@context":"https:\/\/schema.org","@graph":[{"@type":"Article","@id":"https:\/\/e-leclerc.es\/pamplona\/tendencias\/el-raton-geronimo-stilton-visitara-e-leclerc-para-firmar-libros\/#article","isPartOf":{"@id":"https:\/\/e-leclerc.es\/pamplona\/tendencias\/el-raton-geronimo-stilton-visitara-e-leclerc-para-firmar-libros\/"},"author":{"name":"","@id":""},"headline":"El rat\u00f3n Ger\u00f3nimo stilton visitar\u00e1 e.leclerc para firmar libros","datePublished":"2016-05-10T09:03:50+00:00","mainEntityOfPage":{"@id":"https:\/\/e-leclerc.es\/pamplona\/tendencias\/el-raton-geronimo-stilton-visitara-e-leclerc-para-firmar-libros\/"},"wordCount":143,"publisher":{"@id":"https:\/\/e-leclerc.es\/pamplona\/#organization"},"image":{"@id":"https:\/\/e-leclerc.es\/pamplona\/tendencias\/el-raton-geronimo-stilton-visitara-e-leclerc-para-firmar-libros\/#primaryimage"},"thumbnailUrl":"https:\/\/e-leclerc.es\/pamplona\/wp-content\/uploads\/sites\/16\/2016\/05\/geronimo-stilton-eleclerc_645.jpg","articleSection":["Uncategorized"],"inLanguage":"es"},{"@type":"WebPage","@id":"https:\/\/e-leclerc.es\/pamplona\/tendencias\/el-raton-geronimo-stilton-visitara-e-leclerc-para-firmar-libros\/","url":"https:\/\/e-leclerc.es\/pamplona\/tendencias\/el-raton-geronimo-stilton-visitara-e-leclerc-para-firmar-libros\/","name":"El rat\u00f3n Ger\u00f3nimo stilton visitar\u00e1 e.leclerc para firmar libros - E.Leclerc Pamplona","isPartOf":{"@id":"https:\/\/e-leclerc.es\/pamplona\/#website"},"primaryImageOfPage":{"@id":"https:\/\/e-leclerc.es\/pamplona\/tendencias\/el-raton-geronimo-stilton-visitara-e-leclerc-para-firmar-libros\/#primaryimage"},"image":{"@id":"https:\/\/e-leclerc.es\/pamplona\/tendencias\/el-raton-geronimo-stilton-visitara-e-leclerc-para-firmar-libros\/#primaryimage"},"thumbnailUrl":"https:\/\/e-leclerc.es\/pamplona\/wp-content\/uploads\/sites\/16\/2016\/05\/geronimo-stilton-eleclerc_645.jpg","datePublished":"2016-05-10T09:03:50+00:00","breadcrumb":{"@id":"https:\/\/e-leclerc.es\/pamplona\/tendencias\/el-raton-geronimo-stilton-visitara-e-leclerc-para-firmar-libros\/#breadcrumb"},"inLanguage":"es","potentialAction":[{"@type":"ReadAction","target":["https:\/\/e-leclerc.es\/pamplona\/tendencias\/el-raton-geronimo-stilton-visitara-e-leclerc-para-firmar-libros\/"]}]},{"@type":"ImageObject","inLanguage":"es","@id":"https:\/\/e-leclerc.es\/pamplona\/tendencias\/el-raton-geronimo-stilton-visitara-e-leclerc-para-firmar-libros\/#primaryimage","url":"https:\/\/e-leclerc.es\/pamplona\/wp-content\/uploads\/sites\/16\/2016\/05\/geronimo-stilton-eleclerc_645.jpg","contentUrl":"https:\/\/e-leclerc.es\/pamplona\/wp-content\/uploads\/sites\/16\/2016\/05\/geronimo-stilton-eleclerc_645.jpg","width":400,"height":231},{"@type":"BreadcrumbList","@id":"https:\/\/e-leclerc.es\/pamplona\/tendencias\/el-raton-geronimo-stilton-visitara-e-leclerc-para-firmar-libros\/#breadcrumb","itemListElement":[{"@type":"ListItem","position":1,"name":"Portada","item":"https:\/\/e-leclerc.es\/pamplona\/"},{"@type":"ListItem","position":2,"name":"El rat\u00f3n Ger\u00f3nimo stilton visitar\u00e1 e.leclerc para firmar libros"}]},{"@type":"WebSite","@id":"https:\/\/e-leclerc.es\/pamplona\/#website","url":"https:\/\/e-leclerc.es\/pamplona\/","name":"E.Leclerc Pamplona","description":"Descubre los folletos, ofertas y promociones de nuestro hipermercado E.Leclerc Pamplona en Arag\u00f3n. Direcci\u00f3n | Horario | Productos locales","publisher":{"@id":"https:\/\/e-leclerc.es\/pamplona\/#organization"},"potentialAction":[{"@type":"SearchAction","target":{"@type":"EntryPoint","urlTemplate":"https:\/\/e-leclerc.es\/pamplona\/?s={search_term_string}"},"query-input":{"@type":"PropertyValueSpecification","valueRequired":true,"valueName":"search_term_string"}}],"inLanguage":"es"},{"@type":"Organization","@id":"https:\/\/e-leclerc.es\/pamplona\/#organization","name":"E.Leclerc Pamplona","url":"https:\/\/e-leclerc.es\/pamplona\/","logo":{"@type":"ImageObject","inLanguage":"es","@id":"https:\/\/e-leclerc.es\/pamplona\/#\/schema\/logo\/image\/","url":"https:\/\/e-leclerc.es\/pamplona\/wp-content\/uploads\/sites\/16\/2024\/03\/Leclerc_Logo.svg","contentUrl":"https:\/\/e-leclerc.es\/pamplona\/wp-content\/uploads\/sites\/16\/2024\/03\/Leclerc_Logo.svg","caption":"E.Leclerc Pamplona"},"image":{"@id":"https:\/\/e-leclerc.es\/pamplona\/#\/schema\/logo\/image\/"}}]}},"_links":{"self":[{"href":"https:\/\/e-leclerc.es\/pamplona\/wp-json\/wp\/v2\/posts\/6688","targetHints":{"allow":["GET"]}}],"collection":[{"href":"https:\/\/e-leclerc.es\/pamplona\/wp-json\/wp\/v2\/posts"}],"about":[{"href":"https:\/\/e-leclerc.es\/pamplona\/wp-json\/wp\/v2\/types\/post"}],"replies":[{"embeddable":true,"href":"https:\/\/e-leclerc.es\/pamplona\/wp-json\/wp\/v2\/comments?post=6688"}],"version-history":[{"count":0,"href":"https:\/\/e-leclerc.es\/pamplona\/wp-json\/wp\/v2\/posts\/6688\/revisions"}],"wp:featuredmedia":[{"embeddable":true,"href":"https:\/\/e-leclerc.es\/pamplona\/wp-json\/wp\/v2\/media\/6689"}],"wp:attachment":[{"href":"https:\/\/e-leclerc.es\/pamplona\/wp-json\/wp\/v2\/media?parent=6688"}],"wp:term":[{"taxonomy":"category","embeddable":true,"href":"https:\/\/e-leclerc.es\/pamplona\/wp-json\/wp\/v2\/categories?post=6688"},{"taxonomy":"post_tag","embeddable":true,"href":"https:\/\/e-leclerc.es\/pamplona\/wp-json\/wp\/v2\/tags?post=6688"}],"curies":[{"name":"wp","href":"https:\/\/api.w.org\/{rel}","templated":true}]}}