{"id":6682,"date":"2016-05-10T11:03:38","date_gmt":"2016-05-10T09:03:38","guid":{"rendered":"https:\/\/www.e-leclerc.es\/pamplona\/tendencias\/e-leclerc-invita-mana-a-rosquillas-y-chocolata-por-san-blas\/"},"modified":"2016-05-10T11:03:38","modified_gmt":"2016-05-10T09:03:38","slug":"e-leclerc-invita-mana-a-rosquillas-y-chocolata-por-san-blas","status":"publish","type":"post","link":"https:\/\/e-leclerc.es\/pamplona\/tendencias\/e-leclerc-invita-mana-a-rosquillas-y-chocolata-por-san-blas\/","title":{"rendered":"E.Leclerc invita ma\u00f1a a rosquillas y chocolata por san blas"},"content":{"rendered":"<p>Para celebrar San Blas, ma\u00f1ana, de las 18.30 horas a las 20.00 horas, el hipermercado E.Leclerc invitar\u00e1 a todos sus clientes a probar sus tradicionales rosquillas acompa\u00f1adas del chocolate Subiza. El establecimiento contar\u00e1 con el chocolatero navarro, que acaba de ser galardonado con el Premio Aut\u00f3nomo del a\u00f1o 2012 a la mejor trayectoria profesional por \u00absu perseverancia, perfecci\u00f3n, tes\u00f3n y gusto por el trabajo bien hecho\u00bb. De hecho, el propio Jes\u00fas Subiza servir\u00e1 esta bebida en la zona de pasteler\u00eda del centro. En la imagen, el padre Claudio Zudaire bendice las materias primas para elaborar las rosquillas y el chocolate.<\/p>\n","protected":false},"excerpt":{"rendered":"<p>Para celebrar San Blas, ma\u00f1ana, de las 18.30 horas a las 20.00 horas, el hipermercado E.Leclerc invitar\u00e1 a todos sus clientes a probar sus tradicionales rosquillas acompa\u00f1adas del chocolate Subiza. El establecimiento contar\u00e1 con el chocolatero navarro, que acaba de ser galardonado con el Premio Aut\u00f3nomo del a\u00f1o 2012 a la mejor trayectoria profesional por [&hellip;]<\/p>\n","protected":false},"author":0,"featured_media":6683,"comment_status":"","ping_status":"open","sticky":false,"template":"","format":"standard","meta":{"_acf_changed":false,"footnotes":""},"categories":[1],"tags":[],"class_list":["post-6682","post","type-post","status-publish","format-standard","has-post-thumbnail","hentry","category-uncategorized"],"acf":[],"yoast_head":"<!-- This site is optimized with the Yoast SEO plugin v27.4 - https:\/\/yoast.com\/product\/yoast-seo-wordpress\/ -->\n<title>E.Leclerc invita ma\u00f1a a rosquillas y chocolata por san blas - E.Leclerc Pamplona<\/title>\n<meta name=\"robots\" content=\"index, follow, max-snippet:-1, max-image-preview:large, max-video-preview:-1\" \/>\n<link rel=\"canonical\" href=\"https:\/\/e-leclerc.es\/pamplona\/tendencias\/e-leclerc-invita-mana-a-rosquillas-y-chocolata-por-san-blas\/\" \/>\n<meta property=\"og:locale\" content=\"es_ES\" \/>\n<meta property=\"og:type\" content=\"article\" \/>\n<meta property=\"og:title\" content=\"E.Leclerc invita ma\u00f1a a rosquillas y chocolata por san blas - E.Leclerc Pamplona\" \/>\n<meta property=\"og:description\" content=\"Para celebrar San Blas, ma\u00f1ana, de las 18.30 horas a las 20.00 horas, el hipermercado E.Leclerc invitar\u00e1 a todos sus clientes a probar sus tradicionales rosquillas acompa\u00f1adas del chocolate Subiza. El establecimiento contar\u00e1 con el chocolatero navarro, que acaba de ser galardonado con el Premio Aut\u00f3nomo del a\u00f1o 2012 a la mejor trayectoria profesional por [&hellip;]\" \/>\n<meta property=\"og:url\" content=\"https:\/\/e-leclerc.es\/pamplona\/tendencias\/e-leclerc-invita-mana-a-rosquillas-y-chocolata-por-san-blas\/\" \/>\n<meta property=\"og:site_name\" content=\"E.Leclerc Pamplona\" \/>\n<meta property=\"article:published_time\" content=\"2016-05-10T09:03:38+00:00\" \/>\n<meta property=\"og:image\" content=\"https:\/\/e-leclerc.es\/pamplona\/wp-content\/uploads\/sites\/16\/2016\/05\/san-blas-2013-1_639.jpg\" \/>\n\t<meta property=\"og:image:width\" content=\"356\" \/>\n\t<meta property=\"og:image:height\" content=\"218\" \/>\n\t<meta property=\"og:image:type\" content=\"image\/jpeg\" \/>\n<meta name=\"twitter:card\" content=\"summary_large_image\" \/>\n<meta name=\"twitter:label1\" content=\"Tiempo de lectura\" \/>\n\t<meta name=\"twitter:data1\" content=\"1 minuto\" \/>\n<script type=\"application\/ld+json\" class=\"yoast-schema-graph\">{\"@context\":\"https:\\\/\\\/schema.org\",\"@graph\":[{\"@type\":\"Article\",\"@id\":\"https:\\\/\\\/e-leclerc.es\\\/pamplona\\\/tendencias\\\/e-leclerc-invita-mana-a-rosquillas-y-chocolata-por-san-blas\\\/#article\",\"isPartOf\":{\"@id\":\"https:\\\/\\\/e-leclerc.es\\\/pamplona\\\/tendencias\\\/e-leclerc-invita-mana-a-rosquillas-y-chocolata-por-san-blas\\\/\"},\"author\":{\"name\":\"\",\"@id\":\"\"},\"headline\":\"E.Leclerc invita ma\u00f1a a rosquillas y chocolata por san blas\",\"datePublished\":\"2016-05-10T09:03:38+00:00\",\"mainEntityOfPage\":{\"@id\":\"https:\\\/\\\/e-leclerc.es\\\/pamplona\\\/tendencias\\\/e-leclerc-invita-mana-a-rosquillas-y-chocolata-por-san-blas\\\/\"},\"wordCount\":118,\"publisher\":{\"@id\":\"https:\\\/\\\/e-leclerc.es\\\/pamplona\\\/#organization\"},\"image\":{\"@id\":\"https:\\\/\\\/e-leclerc.es\\\/pamplona\\\/tendencias\\\/e-leclerc-invita-mana-a-rosquillas-y-chocolata-por-san-blas\\\/#primaryimage\"},\"thumbnailUrl\":\"https:\\\/\\\/e-leclerc.es\\\/pamplona\\\/wp-content\\\/uploads\\\/sites\\\/16\\\/2016\\\/05\\\/san-blas-2013-1_639.jpg\",\"articleSection\":[\"Uncategorized\"],\"inLanguage\":\"es\"},{\"@type\":\"WebPage\",\"@id\":\"https:\\\/\\\/e-leclerc.es\\\/pamplona\\\/tendencias\\\/e-leclerc-invita-mana-a-rosquillas-y-chocolata-por-san-blas\\\/\",\"url\":\"https:\\\/\\\/e-leclerc.es\\\/pamplona\\\/tendencias\\\/e-leclerc-invita-mana-a-rosquillas-y-chocolata-por-san-blas\\\/\",\"name\":\"E.Leclerc invita ma\u00f1a a rosquillas y chocolata por san blas - E.Leclerc Pamplona\",\"isPartOf\":{\"@id\":\"https:\\\/\\\/e-leclerc.es\\\/pamplona\\\/#website\"},\"primaryImageOfPage\":{\"@id\":\"https:\\\/\\\/e-leclerc.es\\\/pamplona\\\/tendencias\\\/e-leclerc-invita-mana-a-rosquillas-y-chocolata-por-san-blas\\\/#primaryimage\"},\"image\":{\"@id\":\"https:\\\/\\\/e-leclerc.es\\\/pamplona\\\/tendencias\\\/e-leclerc-invita-mana-a-rosquillas-y-chocolata-por-san-blas\\\/#primaryimage\"},\"thumbnailUrl\":\"https:\\\/\\\/e-leclerc.es\\\/pamplona\\\/wp-content\\\/uploads\\\/sites\\\/16\\\/2016\\\/05\\\/san-blas-2013-1_639.jpg\",\"datePublished\":\"2016-05-10T09:03:38+00:00\",\"breadcrumb\":{\"@id\":\"https:\\\/\\\/e-leclerc.es\\\/pamplona\\\/tendencias\\\/e-leclerc-invita-mana-a-rosquillas-y-chocolata-por-san-blas\\\/#breadcrumb\"},\"inLanguage\":\"es\",\"potentialAction\":[{\"@type\":\"ReadAction\",\"target\":[\"https:\\\/\\\/e-leclerc.es\\\/pamplona\\\/tendencias\\\/e-leclerc-invita-mana-a-rosquillas-y-chocolata-por-san-blas\\\/\"]}]},{\"@type\":\"ImageObject\",\"inLanguage\":\"es\",\"@id\":\"https:\\\/\\\/e-leclerc.es\\\/pamplona\\\/tendencias\\\/e-leclerc-invita-mana-a-rosquillas-y-chocolata-por-san-blas\\\/#primaryimage\",\"url\":\"https:\\\/\\\/e-leclerc.es\\\/pamplona\\\/wp-content\\\/uploads\\\/sites\\\/16\\\/2016\\\/05\\\/san-blas-2013-1_639.jpg\",\"contentUrl\":\"https:\\\/\\\/e-leclerc.es\\\/pamplona\\\/wp-content\\\/uploads\\\/sites\\\/16\\\/2016\\\/05\\\/san-blas-2013-1_639.jpg\",\"width\":356,\"height\":218},{\"@type\":\"BreadcrumbList\",\"@id\":\"https:\\\/\\\/e-leclerc.es\\\/pamplona\\\/tendencias\\\/e-leclerc-invita-mana-a-rosquillas-y-chocolata-por-san-blas\\\/#breadcrumb\",\"itemListElement\":[{\"@type\":\"ListItem\",\"position\":1,\"name\":\"Portada\",\"item\":\"https:\\\/\\\/e-leclerc.es\\\/pamplona\\\/\"},{\"@type\":\"ListItem\",\"position\":2,\"name\":\"E.Leclerc invita ma\u00f1a a rosquillas y chocolata por san blas\"}]},{\"@type\":\"WebSite\",\"@id\":\"https:\\\/\\\/e-leclerc.es\\\/pamplona\\\/#website\",\"url\":\"https:\\\/\\\/e-leclerc.es\\\/pamplona\\\/\",\"name\":\"E.Leclerc Pamplona\",\"description\":\"Descubre los folletos, ofertas y promociones de nuestro hipermercado E.Leclerc Pamplona en Arag\u00f3n. Direcci\u00f3n | Horario | Productos locales\",\"publisher\":{\"@id\":\"https:\\\/\\\/e-leclerc.es\\\/pamplona\\\/#organization\"},\"potentialAction\":[{\"@type\":\"SearchAction\",\"target\":{\"@type\":\"EntryPoint\",\"urlTemplate\":\"https:\\\/\\\/e-leclerc.es\\\/pamplona\\\/?s={search_term_string}\"},\"query-input\":{\"@type\":\"PropertyValueSpecification\",\"valueRequired\":true,\"valueName\":\"search_term_string\"}}],\"inLanguage\":\"es\"},{\"@type\":\"Organization\",\"@id\":\"https:\\\/\\\/e-leclerc.es\\\/pamplona\\\/#organization\",\"name\":\"E.Leclerc Pamplona\",\"url\":\"https:\\\/\\\/e-leclerc.es\\\/pamplona\\\/\",\"logo\":{\"@type\":\"ImageObject\",\"inLanguage\":\"es\",\"@id\":\"https:\\\/\\\/e-leclerc.es\\\/pamplona\\\/#\\\/schema\\\/logo\\\/image\\\/\",\"url\":\"https:\\\/\\\/e-leclerc.es\\\/pamplona\\\/wp-content\\\/uploads\\\/sites\\\/16\\\/2024\\\/03\\\/Leclerc_Logo.svg\",\"contentUrl\":\"https:\\\/\\\/e-leclerc.es\\\/pamplona\\\/wp-content\\\/uploads\\\/sites\\\/16\\\/2024\\\/03\\\/Leclerc_Logo.svg\",\"caption\":\"E.Leclerc Pamplona\"},\"image\":{\"@id\":\"https:\\\/\\\/e-leclerc.es\\\/pamplona\\\/#\\\/schema\\\/logo\\\/image\\\/\"}}]}<\/script>\n<!-- \/ Yoast SEO plugin. -->","yoast_head_json":{"title":"E.Leclerc invita ma\u00f1a a rosquillas y chocolata por san blas - E.Leclerc Pamplona","robots":{"index":"index","follow":"follow","max-snippet":"max-snippet:-1","max-image-preview":"max-image-preview:large","max-video-preview":"max-video-preview:-1"},"canonical":"https:\/\/e-leclerc.es\/pamplona\/tendencias\/e-leclerc-invita-mana-a-rosquillas-y-chocolata-por-san-blas\/","og_locale":"es_ES","og_type":"article","og_title":"E.Leclerc invita ma\u00f1a a rosquillas y chocolata por san blas - E.Leclerc Pamplona","og_description":"Para celebrar San Blas, ma\u00f1ana, de las 18.30 horas a las 20.00 horas, el hipermercado E.Leclerc invitar\u00e1 a todos sus clientes a probar sus tradicionales rosquillas acompa\u00f1adas del chocolate Subiza. El establecimiento contar\u00e1 con el chocolatero navarro, que acaba de ser galardonado con el Premio Aut\u00f3nomo del a\u00f1o 2012 a la mejor trayectoria profesional por [&hellip;]","og_url":"https:\/\/e-leclerc.es\/pamplona\/tendencias\/e-leclerc-invita-mana-a-rosquillas-y-chocolata-por-san-blas\/","og_site_name":"E.Leclerc Pamplona","article_published_time":"2016-05-10T09:03:38+00:00","og_image":[{"width":356,"height":218,"url":"https:\/\/e-leclerc.es\/pamplona\/wp-content\/uploads\/sites\/16\/2016\/05\/san-blas-2013-1_639.jpg","type":"image\/jpeg"}],"twitter_card":"summary_large_image","twitter_misc":{"Tiempo de lectura":"1 minuto"},"schema":{"@context":"https:\/\/schema.org","@graph":[{"@type":"Article","@id":"https:\/\/e-leclerc.es\/pamplona\/tendencias\/e-leclerc-invita-mana-a-rosquillas-y-chocolata-por-san-blas\/#article","isPartOf":{"@id":"https:\/\/e-leclerc.es\/pamplona\/tendencias\/e-leclerc-invita-mana-a-rosquillas-y-chocolata-por-san-blas\/"},"author":{"name":"","@id":""},"headline":"E.Leclerc invita ma\u00f1a a rosquillas y chocolata por san blas","datePublished":"2016-05-10T09:03:38+00:00","mainEntityOfPage":{"@id":"https:\/\/e-leclerc.es\/pamplona\/tendencias\/e-leclerc-invita-mana-a-rosquillas-y-chocolata-por-san-blas\/"},"wordCount":118,"publisher":{"@id":"https:\/\/e-leclerc.es\/pamplona\/#organization"},"image":{"@id":"https:\/\/e-leclerc.es\/pamplona\/tendencias\/e-leclerc-invita-mana-a-rosquillas-y-chocolata-por-san-blas\/#primaryimage"},"thumbnailUrl":"https:\/\/e-leclerc.es\/pamplona\/wp-content\/uploads\/sites\/16\/2016\/05\/san-blas-2013-1_639.jpg","articleSection":["Uncategorized"],"inLanguage":"es"},{"@type":"WebPage","@id":"https:\/\/e-leclerc.es\/pamplona\/tendencias\/e-leclerc-invita-mana-a-rosquillas-y-chocolata-por-san-blas\/","url":"https:\/\/e-leclerc.es\/pamplona\/tendencias\/e-leclerc-invita-mana-a-rosquillas-y-chocolata-por-san-blas\/","name":"E.Leclerc invita ma\u00f1a a rosquillas y chocolata por san blas - E.Leclerc Pamplona","isPartOf":{"@id":"https:\/\/e-leclerc.es\/pamplona\/#website"},"primaryImageOfPage":{"@id":"https:\/\/e-leclerc.es\/pamplona\/tendencias\/e-leclerc-invita-mana-a-rosquillas-y-chocolata-por-san-blas\/#primaryimage"},"image":{"@id":"https:\/\/e-leclerc.es\/pamplona\/tendencias\/e-leclerc-invita-mana-a-rosquillas-y-chocolata-por-san-blas\/#primaryimage"},"thumbnailUrl":"https:\/\/e-leclerc.es\/pamplona\/wp-content\/uploads\/sites\/16\/2016\/05\/san-blas-2013-1_639.jpg","datePublished":"2016-05-10T09:03:38+00:00","breadcrumb":{"@id":"https:\/\/e-leclerc.es\/pamplona\/tendencias\/e-leclerc-invita-mana-a-rosquillas-y-chocolata-por-san-blas\/#breadcrumb"},"inLanguage":"es","potentialAction":[{"@type":"ReadAction","target":["https:\/\/e-leclerc.es\/pamplona\/tendencias\/e-leclerc-invita-mana-a-rosquillas-y-chocolata-por-san-blas\/"]}]},{"@type":"ImageObject","inLanguage":"es","@id":"https:\/\/e-leclerc.es\/pamplona\/tendencias\/e-leclerc-invita-mana-a-rosquillas-y-chocolata-por-san-blas\/#primaryimage","url":"https:\/\/e-leclerc.es\/pamplona\/wp-content\/uploads\/sites\/16\/2016\/05\/san-blas-2013-1_639.jpg","contentUrl":"https:\/\/e-leclerc.es\/pamplona\/wp-content\/uploads\/sites\/16\/2016\/05\/san-blas-2013-1_639.jpg","width":356,"height":218},{"@type":"BreadcrumbList","@id":"https:\/\/e-leclerc.es\/pamplona\/tendencias\/e-leclerc-invita-mana-a-rosquillas-y-chocolata-por-san-blas\/#breadcrumb","itemListElement":[{"@type":"ListItem","position":1,"name":"Portada","item":"https:\/\/e-leclerc.es\/pamplona\/"},{"@type":"ListItem","position":2,"name":"E.Leclerc invita ma\u00f1a a rosquillas y chocolata por san blas"}]},{"@type":"WebSite","@id":"https:\/\/e-leclerc.es\/pamplona\/#website","url":"https:\/\/e-leclerc.es\/pamplona\/","name":"E.Leclerc Pamplona","description":"Descubre los folletos, ofertas y promociones de nuestro hipermercado E.Leclerc Pamplona en Arag\u00f3n. Direcci\u00f3n | Horario | Productos locales","publisher":{"@id":"https:\/\/e-leclerc.es\/pamplona\/#organization"},"potentialAction":[{"@type":"SearchAction","target":{"@type":"EntryPoint","urlTemplate":"https:\/\/e-leclerc.es\/pamplona\/?s={search_term_string}"},"query-input":{"@type":"PropertyValueSpecification","valueRequired":true,"valueName":"search_term_string"}}],"inLanguage":"es"},{"@type":"Organization","@id":"https:\/\/e-leclerc.es\/pamplona\/#organization","name":"E.Leclerc Pamplona","url":"https:\/\/e-leclerc.es\/pamplona\/","logo":{"@type":"ImageObject","inLanguage":"es","@id":"https:\/\/e-leclerc.es\/pamplona\/#\/schema\/logo\/image\/","url":"https:\/\/e-leclerc.es\/pamplona\/wp-content\/uploads\/sites\/16\/2024\/03\/Leclerc_Logo.svg","contentUrl":"https:\/\/e-leclerc.es\/pamplona\/wp-content\/uploads\/sites\/16\/2024\/03\/Leclerc_Logo.svg","caption":"E.Leclerc Pamplona"},"image":{"@id":"https:\/\/e-leclerc.es\/pamplona\/#\/schema\/logo\/image\/"}}]}},"_links":{"self":[{"href":"https:\/\/e-leclerc.es\/pamplona\/wp-json\/wp\/v2\/posts\/6682","targetHints":{"allow":["GET"]}}],"collection":[{"href":"https:\/\/e-leclerc.es\/pamplona\/wp-json\/wp\/v2\/posts"}],"about":[{"href":"https:\/\/e-leclerc.es\/pamplona\/wp-json\/wp\/v2\/types\/post"}],"replies":[{"embeddable":true,"href":"https:\/\/e-leclerc.es\/pamplona\/wp-json\/wp\/v2\/comments?post=6682"}],"version-history":[{"count":0,"href":"https:\/\/e-leclerc.es\/pamplona\/wp-json\/wp\/v2\/posts\/6682\/revisions"}],"wp:featuredmedia":[{"embeddable":true,"href":"https:\/\/e-leclerc.es\/pamplona\/wp-json\/wp\/v2\/media\/6683"}],"wp:attachment":[{"href":"https:\/\/e-leclerc.es\/pamplona\/wp-json\/wp\/v2\/media?parent=6682"}],"wp:term":[{"taxonomy":"category","embeddable":true,"href":"https:\/\/e-leclerc.es\/pamplona\/wp-json\/wp\/v2\/categories?post=6682"},{"taxonomy":"post_tag","embeddable":true,"href":"https:\/\/e-leclerc.es\/pamplona\/wp-json\/wp\/v2\/tags?post=6682"}],"curies":[{"name":"wp","href":"https:\/\/api.w.org\/{rel}","templated":true}]}}