{"id":6132,"date":"2016-05-10T11:12:30","date_gmt":"2016-05-10T09:12:30","guid":{"rendered":"https:\/\/www.e-leclerc.es\/leon\/tendencias\/e-leclerc-abre-super-en-alvaro-lopez-nunez\/"},"modified":"2025-03-13T09:39:06","modified_gmt":"2025-03-13T08:39:06","slug":"e-leclerc-abre-super-en-alvaro-lopez-nunez","status":"publish","type":"post","link":"https:\/\/e-leclerc.es\/leon\/tendencias\/e-leclerc-abre-super-en-alvaro-lopez-nunez\/","title":{"rendered":"E. Leclerc abre s\u00faper en \u00c1lvaro L\u00f3pez N\u00fa\u00f1ez"},"content":{"rendered":"<p>El supermercado E. Leclerc abri\u00f3 ayer un nuevo mercado en la calle \u00c1lvaro L\u00f3pez N\u00fa\u00f1ez. El nuevo espacio tiene 1.200 metros cuadrados de superficie de ventas, en el que se han creado 20 puestos de trabajo directos y otros tantos aproximadamente, indirectos. El alcalde, Emilio Guti\u00e9rrez, mostr\u00f3 su apoyo a los empresarios, y ha manifestado que \u00ablos empresarios son los que crean trabajo, mientras las instituciones debemos darles todas las facilidades que est\u00e9n en nuestras manos para eso\u00bb. Manuel Rilo y su esposa son los accionistas y propietarios de este establecimiento que pertenece al grupo E. Leclerc, grupo que est\u00e1 entre las 20 empresas m\u00e1s importantes de la provincia de Le\u00f3n.<\/p>\n<p><a href=\"http:\/\/www.diariodeleon.es\/noticias\/leon\/e-leclerc-abre-super-alvaro-lopez-nunez_926541.html\" target=\"_blank\" rel=\"noopener\">Diario de Le\u00f3n<\/a><\/p>\n","protected":false},"excerpt":{"rendered":"<p>El supermercado E. Leclerc abri\u00f3 ayer un nuevo mercado en la calle \u00c1lvaro L\u00f3pez N\u00fa\u00f1ez. El nuevo espacio tiene 1.200 metros cuadrados de superficie de ventas, en el que se han creado 20 puestos de trabajo directos y otros tantos aproximadamente, indirectos. El alcalde, Emilio Guti\u00e9rrez, mostr\u00f3 su apoyo a los empresarios, y ha manifestado [&hellip;]<\/p>\n","protected":false},"author":37,"featured_media":6133,"comment_status":"closed","ping_status":"open","sticky":false,"template":"","format":"standard","meta":{"_acf_changed":false,"footnotes":""},"categories":[112],"tags":[],"class_list":["post-6132","post","type-post","status-publish","format-standard","has-post-thumbnail","hentry","category-moda"],"acf":[],"yoast_head":"<!-- This site is optimized with the Yoast SEO plugin v27.4 - https:\/\/yoast.com\/product\/yoast-seo-wordpress\/ -->\n<title>E. Leclerc abre s\u00faper en \u00c1lvaro L\u00f3pez N\u00fa\u00f1ez - E.Leclerc Le\u00f3n<\/title>\n<meta name=\"robots\" content=\"index, follow, max-snippet:-1, max-image-preview:large, max-video-preview:-1\" \/>\n<link rel=\"canonical\" href=\"https:\/\/e-leclerc.es\/leon\/tendencias\/e-leclerc-abre-super-en-alvaro-lopez-nunez\/\" \/>\n<meta property=\"og:locale\" content=\"es_ES\" \/>\n<meta property=\"og:type\" content=\"article\" \/>\n<meta property=\"og:title\" content=\"E. Leclerc abre s\u00faper en \u00c1lvaro L\u00f3pez N\u00fa\u00f1ez - E.Leclerc Le\u00f3n\" \/>\n<meta property=\"og:description\" content=\"El supermercado E. Leclerc abri\u00f3 ayer un nuevo mercado en la calle \u00c1lvaro L\u00f3pez N\u00fa\u00f1ez. El nuevo espacio tiene 1.200 metros cuadrados de superficie de ventas, en el que se han creado 20 puestos de trabajo directos y otros tantos aproximadamente, indirectos. El alcalde, Emilio Guti\u00e9rrez, mostr\u00f3 su apoyo a los empresarios, y ha manifestado [&hellip;]\" \/>\n<meta property=\"og:url\" content=\"https:\/\/e-leclerc.es\/leon\/tendencias\/e-leclerc-abre-super-en-alvaro-lopez-nunez\/\" \/>\n<meta property=\"og:site_name\" content=\"E.Leclerc Le\u00f3n\" \/>\n<meta property=\"article:published_time\" content=\"2016-05-10T09:12:30+00:00\" \/>\n<meta property=\"article:modified_time\" content=\"2025-03-13T08:39:06+00:00\" \/>\n<meta property=\"og:image\" content=\"https:\/\/e-leclerc.es\/leon\/wp-content\/uploads\/sites\/10\/2016\/05\/2fnunez_883.jpg\" \/>\n\t<meta property=\"og:image:width\" content=\"800\" \/>\n\t<meta property=\"og:image:height\" content=\"544\" \/>\n\t<meta property=\"og:image:type\" content=\"image\/jpeg\" \/>\n<meta name=\"author\" content=\"luis\" \/>\n<meta name=\"twitter:card\" content=\"summary_large_image\" \/>\n<meta name=\"twitter:label1\" content=\"Escrito por\" \/>\n\t<meta name=\"twitter:data1\" content=\"luis\" \/>\n\t<meta name=\"twitter:label2\" content=\"Tiempo de lectura\" \/>\n\t<meta name=\"twitter:data2\" content=\"1 minuto\" \/>\n<script type=\"application\/ld+json\" class=\"yoast-schema-graph\">{\"@context\":\"https:\\\/\\\/schema.org\",\"@graph\":[{\"@type\":\"Article\",\"@id\":\"https:\\\/\\\/e-leclerc.es\\\/leon\\\/tendencias\\\/e-leclerc-abre-super-en-alvaro-lopez-nunez\\\/#article\",\"isPartOf\":{\"@id\":\"https:\\\/\\\/e-leclerc.es\\\/leon\\\/tendencias\\\/e-leclerc-abre-super-en-alvaro-lopez-nunez\\\/\"},\"author\":{\"name\":\"luis\",\"@id\":\"https:\\\/\\\/e-leclerc.es\\\/leon\\\/#\\\/schema\\\/person\\\/80c3966a5bb4aaaa7363a865c2743ae6\"},\"headline\":\"E. Leclerc abre s\u00faper en \u00c1lvaro L\u00f3pez N\u00fa\u00f1ez\",\"datePublished\":\"2016-05-10T09:12:30+00:00\",\"dateModified\":\"2025-03-13T08:39:06+00:00\",\"mainEntityOfPage\":{\"@id\":\"https:\\\/\\\/e-leclerc.es\\\/leon\\\/tendencias\\\/e-leclerc-abre-super-en-alvaro-lopez-nunez\\\/\"},\"wordCount\":129,\"publisher\":{\"@id\":\"https:\\\/\\\/e-leclerc.es\\\/leon\\\/#organization\"},\"image\":{\"@id\":\"https:\\\/\\\/e-leclerc.es\\\/leon\\\/tendencias\\\/e-leclerc-abre-super-en-alvaro-lopez-nunez\\\/#primaryimage\"},\"thumbnailUrl\":\"https:\\\/\\\/e-leclerc.es\\\/leon\\\/wp-content\\\/uploads\\\/sites\\\/10\\\/2016\\\/05\\\/2fnunez_883.jpg\",\"articleSection\":[\"Moda\"],\"inLanguage\":\"es\"},{\"@type\":\"WebPage\",\"@id\":\"https:\\\/\\\/e-leclerc.es\\\/leon\\\/tendencias\\\/e-leclerc-abre-super-en-alvaro-lopez-nunez\\\/\",\"url\":\"https:\\\/\\\/e-leclerc.es\\\/leon\\\/tendencias\\\/e-leclerc-abre-super-en-alvaro-lopez-nunez\\\/\",\"name\":\"E. Leclerc abre s\u00faper en \u00c1lvaro L\u00f3pez N\u00fa\u00f1ez - E.Leclerc Le\u00f3n\",\"isPartOf\":{\"@id\":\"https:\\\/\\\/e-leclerc.es\\\/leon\\\/#website\"},\"primaryImageOfPage\":{\"@id\":\"https:\\\/\\\/e-leclerc.es\\\/leon\\\/tendencias\\\/e-leclerc-abre-super-en-alvaro-lopez-nunez\\\/#primaryimage\"},\"image\":{\"@id\":\"https:\\\/\\\/e-leclerc.es\\\/leon\\\/tendencias\\\/e-leclerc-abre-super-en-alvaro-lopez-nunez\\\/#primaryimage\"},\"thumbnailUrl\":\"https:\\\/\\\/e-leclerc.es\\\/leon\\\/wp-content\\\/uploads\\\/sites\\\/10\\\/2016\\\/05\\\/2fnunez_883.jpg\",\"datePublished\":\"2016-05-10T09:12:30+00:00\",\"dateModified\":\"2025-03-13T08:39:06+00:00\",\"breadcrumb\":{\"@id\":\"https:\\\/\\\/e-leclerc.es\\\/leon\\\/tendencias\\\/e-leclerc-abre-super-en-alvaro-lopez-nunez\\\/#breadcrumb\"},\"inLanguage\":\"es\",\"potentialAction\":[{\"@type\":\"ReadAction\",\"target\":[\"https:\\\/\\\/e-leclerc.es\\\/leon\\\/tendencias\\\/e-leclerc-abre-super-en-alvaro-lopez-nunez\\\/\"]}]},{\"@type\":\"ImageObject\",\"inLanguage\":\"es\",\"@id\":\"https:\\\/\\\/e-leclerc.es\\\/leon\\\/tendencias\\\/e-leclerc-abre-super-en-alvaro-lopez-nunez\\\/#primaryimage\",\"url\":\"https:\\\/\\\/e-leclerc.es\\\/leon\\\/wp-content\\\/uploads\\\/sites\\\/10\\\/2016\\\/05\\\/2fnunez_883.jpg\",\"contentUrl\":\"https:\\\/\\\/e-leclerc.es\\\/leon\\\/wp-content\\\/uploads\\\/sites\\\/10\\\/2016\\\/05\\\/2fnunez_883.jpg\",\"width\":800,\"height\":544},{\"@type\":\"BreadcrumbList\",\"@id\":\"https:\\\/\\\/e-leclerc.es\\\/leon\\\/tendencias\\\/e-leclerc-abre-super-en-alvaro-lopez-nunez\\\/#breadcrumb\",\"itemListElement\":[{\"@type\":\"ListItem\",\"position\":1,\"name\":\"Portada\",\"item\":\"https:\\\/\\\/e-leclerc.es\\\/leon\\\/\"},{\"@type\":\"ListItem\",\"position\":2,\"name\":\"E. Leclerc abre s\u00faper en \u00c1lvaro L\u00f3pez N\u00fa\u00f1ez\"}]},{\"@type\":\"WebSite\",\"@id\":\"https:\\\/\\\/e-leclerc.es\\\/leon\\\/#website\",\"url\":\"https:\\\/\\\/e-leclerc.es\\\/leon\\\/\",\"name\":\"E.Leclerc Le\u00f3n\",\"description\":\"Descubre los folletos, ofertas y promociones de nuestro hipermercado E.Leclerc Le\u00f3n en Castilla y Le\u00f3n. Direcci\u00f3n | Horario | Productos locales\",\"publisher\":{\"@id\":\"https:\\\/\\\/e-leclerc.es\\\/leon\\\/#organization\"},\"potentialAction\":[{\"@type\":\"SearchAction\",\"target\":{\"@type\":\"EntryPoint\",\"urlTemplate\":\"https:\\\/\\\/e-leclerc.es\\\/leon\\\/?s={search_term_string}\"},\"query-input\":{\"@type\":\"PropertyValueSpecification\",\"valueRequired\":true,\"valueName\":\"search_term_string\"}}],\"inLanguage\":\"es\"},{\"@type\":\"Organization\",\"@id\":\"https:\\\/\\\/e-leclerc.es\\\/leon\\\/#organization\",\"name\":\"E.Leclerc Le\u00f3n\",\"url\":\"https:\\\/\\\/e-leclerc.es\\\/leon\\\/\",\"logo\":{\"@type\":\"ImageObject\",\"inLanguage\":\"es\",\"@id\":\"https:\\\/\\\/e-leclerc.es\\\/leon\\\/#\\\/schema\\\/logo\\\/image\\\/\",\"url\":\"https:\\\/\\\/e-leclerc.es\\\/leon\\\/wp-content\\\/uploads\\\/sites\\\/10\\\/2024\\\/03\\\/Leclerc_Logo.svg\",\"contentUrl\":\"https:\\\/\\\/e-leclerc.es\\\/leon\\\/wp-content\\\/uploads\\\/sites\\\/10\\\/2024\\\/03\\\/Leclerc_Logo.svg\",\"caption\":\"E.Leclerc Le\u00f3n\"},\"image\":{\"@id\":\"https:\\\/\\\/e-leclerc.es\\\/leon\\\/#\\\/schema\\\/logo\\\/image\\\/\"}},{\"@type\":\"Person\",\"@id\":\"https:\\\/\\\/e-leclerc.es\\\/leon\\\/#\\\/schema\\\/person\\\/80c3966a5bb4aaaa7363a865c2743ae6\",\"name\":\"luis\",\"url\":\"https:\\\/\\\/e-leclerc.es\\\/leon\\\/author\\\/luis\\\/\"}]}<\/script>\n<!-- \/ Yoast SEO plugin. -->","yoast_head_json":{"title":"E. Leclerc abre s\u00faper en \u00c1lvaro L\u00f3pez N\u00fa\u00f1ez - E.Leclerc Le\u00f3n","robots":{"index":"index","follow":"follow","max-snippet":"max-snippet:-1","max-image-preview":"max-image-preview:large","max-video-preview":"max-video-preview:-1"},"canonical":"https:\/\/e-leclerc.es\/leon\/tendencias\/e-leclerc-abre-super-en-alvaro-lopez-nunez\/","og_locale":"es_ES","og_type":"article","og_title":"E. Leclerc abre s\u00faper en \u00c1lvaro L\u00f3pez N\u00fa\u00f1ez - E.Leclerc Le\u00f3n","og_description":"El supermercado E. Leclerc abri\u00f3 ayer un nuevo mercado en la calle \u00c1lvaro L\u00f3pez N\u00fa\u00f1ez. El nuevo espacio tiene 1.200 metros cuadrados de superficie de ventas, en el que se han creado 20 puestos de trabajo directos y otros tantos aproximadamente, indirectos. El alcalde, Emilio Guti\u00e9rrez, mostr\u00f3 su apoyo a los empresarios, y ha manifestado [&hellip;]","og_url":"https:\/\/e-leclerc.es\/leon\/tendencias\/e-leclerc-abre-super-en-alvaro-lopez-nunez\/","og_site_name":"E.Leclerc Le\u00f3n","article_published_time":"2016-05-10T09:12:30+00:00","article_modified_time":"2025-03-13T08:39:06+00:00","og_image":[{"width":800,"height":544,"url":"https:\/\/e-leclerc.es\/leon\/wp-content\/uploads\/sites\/10\/2016\/05\/2fnunez_883.jpg","type":"image\/jpeg"}],"author":"luis","twitter_card":"summary_large_image","twitter_misc":{"Escrito por":"luis","Tiempo de lectura":"1 minuto"},"schema":{"@context":"https:\/\/schema.org","@graph":[{"@type":"Article","@id":"https:\/\/e-leclerc.es\/leon\/tendencias\/e-leclerc-abre-super-en-alvaro-lopez-nunez\/#article","isPartOf":{"@id":"https:\/\/e-leclerc.es\/leon\/tendencias\/e-leclerc-abre-super-en-alvaro-lopez-nunez\/"},"author":{"name":"luis","@id":"https:\/\/e-leclerc.es\/leon\/#\/schema\/person\/80c3966a5bb4aaaa7363a865c2743ae6"},"headline":"E. Leclerc abre s\u00faper en \u00c1lvaro L\u00f3pez N\u00fa\u00f1ez","datePublished":"2016-05-10T09:12:30+00:00","dateModified":"2025-03-13T08:39:06+00:00","mainEntityOfPage":{"@id":"https:\/\/e-leclerc.es\/leon\/tendencias\/e-leclerc-abre-super-en-alvaro-lopez-nunez\/"},"wordCount":129,"publisher":{"@id":"https:\/\/e-leclerc.es\/leon\/#organization"},"image":{"@id":"https:\/\/e-leclerc.es\/leon\/tendencias\/e-leclerc-abre-super-en-alvaro-lopez-nunez\/#primaryimage"},"thumbnailUrl":"https:\/\/e-leclerc.es\/leon\/wp-content\/uploads\/sites\/10\/2016\/05\/2fnunez_883.jpg","articleSection":["Moda"],"inLanguage":"es"},{"@type":"WebPage","@id":"https:\/\/e-leclerc.es\/leon\/tendencias\/e-leclerc-abre-super-en-alvaro-lopez-nunez\/","url":"https:\/\/e-leclerc.es\/leon\/tendencias\/e-leclerc-abre-super-en-alvaro-lopez-nunez\/","name":"E. Leclerc abre s\u00faper en \u00c1lvaro L\u00f3pez N\u00fa\u00f1ez - E.Leclerc Le\u00f3n","isPartOf":{"@id":"https:\/\/e-leclerc.es\/leon\/#website"},"primaryImageOfPage":{"@id":"https:\/\/e-leclerc.es\/leon\/tendencias\/e-leclerc-abre-super-en-alvaro-lopez-nunez\/#primaryimage"},"image":{"@id":"https:\/\/e-leclerc.es\/leon\/tendencias\/e-leclerc-abre-super-en-alvaro-lopez-nunez\/#primaryimage"},"thumbnailUrl":"https:\/\/e-leclerc.es\/leon\/wp-content\/uploads\/sites\/10\/2016\/05\/2fnunez_883.jpg","datePublished":"2016-05-10T09:12:30+00:00","dateModified":"2025-03-13T08:39:06+00:00","breadcrumb":{"@id":"https:\/\/e-leclerc.es\/leon\/tendencias\/e-leclerc-abre-super-en-alvaro-lopez-nunez\/#breadcrumb"},"inLanguage":"es","potentialAction":[{"@type":"ReadAction","target":["https:\/\/e-leclerc.es\/leon\/tendencias\/e-leclerc-abre-super-en-alvaro-lopez-nunez\/"]}]},{"@type":"ImageObject","inLanguage":"es","@id":"https:\/\/e-leclerc.es\/leon\/tendencias\/e-leclerc-abre-super-en-alvaro-lopez-nunez\/#primaryimage","url":"https:\/\/e-leclerc.es\/leon\/wp-content\/uploads\/sites\/10\/2016\/05\/2fnunez_883.jpg","contentUrl":"https:\/\/e-leclerc.es\/leon\/wp-content\/uploads\/sites\/10\/2016\/05\/2fnunez_883.jpg","width":800,"height":544},{"@type":"BreadcrumbList","@id":"https:\/\/e-leclerc.es\/leon\/tendencias\/e-leclerc-abre-super-en-alvaro-lopez-nunez\/#breadcrumb","itemListElement":[{"@type":"ListItem","position":1,"name":"Portada","item":"https:\/\/e-leclerc.es\/leon\/"},{"@type":"ListItem","position":2,"name":"E. Leclerc abre s\u00faper en \u00c1lvaro L\u00f3pez N\u00fa\u00f1ez"}]},{"@type":"WebSite","@id":"https:\/\/e-leclerc.es\/leon\/#website","url":"https:\/\/e-leclerc.es\/leon\/","name":"E.Leclerc Le\u00f3n","description":"Descubre los folletos, ofertas y promociones de nuestro hipermercado E.Leclerc Le\u00f3n en Castilla y Le\u00f3n. Direcci\u00f3n | Horario | Productos locales","publisher":{"@id":"https:\/\/e-leclerc.es\/leon\/#organization"},"potentialAction":[{"@type":"SearchAction","target":{"@type":"EntryPoint","urlTemplate":"https:\/\/e-leclerc.es\/leon\/?s={search_term_string}"},"query-input":{"@type":"PropertyValueSpecification","valueRequired":true,"valueName":"search_term_string"}}],"inLanguage":"es"},{"@type":"Organization","@id":"https:\/\/e-leclerc.es\/leon\/#organization","name":"E.Leclerc Le\u00f3n","url":"https:\/\/e-leclerc.es\/leon\/","logo":{"@type":"ImageObject","inLanguage":"es","@id":"https:\/\/e-leclerc.es\/leon\/#\/schema\/logo\/image\/","url":"https:\/\/e-leclerc.es\/leon\/wp-content\/uploads\/sites\/10\/2024\/03\/Leclerc_Logo.svg","contentUrl":"https:\/\/e-leclerc.es\/leon\/wp-content\/uploads\/sites\/10\/2024\/03\/Leclerc_Logo.svg","caption":"E.Leclerc Le\u00f3n"},"image":{"@id":"https:\/\/e-leclerc.es\/leon\/#\/schema\/logo\/image\/"}},{"@type":"Person","@id":"https:\/\/e-leclerc.es\/leon\/#\/schema\/person\/80c3966a5bb4aaaa7363a865c2743ae6","name":"luis","url":"https:\/\/e-leclerc.es\/leon\/author\/luis\/"}]}},"_links":{"self":[{"href":"https:\/\/e-leclerc.es\/leon\/wp-json\/wp\/v2\/posts\/6132","targetHints":{"allow":["GET"]}}],"collection":[{"href":"https:\/\/e-leclerc.es\/leon\/wp-json\/wp\/v2\/posts"}],"about":[{"href":"https:\/\/e-leclerc.es\/leon\/wp-json\/wp\/v2\/types\/post"}],"author":[{"embeddable":true,"href":"https:\/\/e-leclerc.es\/leon\/wp-json\/wp\/v2\/users\/37"}],"replies":[{"embeddable":true,"href":"https:\/\/e-leclerc.es\/leon\/wp-json\/wp\/v2\/comments?post=6132"}],"version-history":[{"count":1,"href":"https:\/\/e-leclerc.es\/leon\/wp-json\/wp\/v2\/posts\/6132\/revisions"}],"predecessor-version":[{"id":9727,"href":"https:\/\/e-leclerc.es\/leon\/wp-json\/wp\/v2\/posts\/6132\/revisions\/9727"}],"wp:featuredmedia":[{"embeddable":true,"href":"https:\/\/e-leclerc.es\/leon\/wp-json\/wp\/v2\/media\/6133"}],"wp:attachment":[{"href":"https:\/\/e-leclerc.es\/leon\/wp-json\/wp\/v2\/media?parent=6132"}],"wp:term":[{"taxonomy":"category","embeddable":true,"href":"https:\/\/e-leclerc.es\/leon\/wp-json\/wp\/v2\/categories?post=6132"},{"taxonomy":"post_tag","embeddable":true,"href":"https:\/\/e-leclerc.es\/leon\/wp-json\/wp\/v2\/tags?post=6132"}],"curies":[{"name":"wp","href":"https:\/\/api.w.org\/{rel}","templated":true}]}}