{"id":6115,"date":"2016-05-10T11:08:41","date_gmt":"2016-05-10T09:08:41","guid":{"rendered":"https:\/\/www.e-leclerc.es\/leon\/tendencias\/desfile-e-leclerc-leon-2013\/"},"modified":"2025-03-13T09:38:07","modified_gmt":"2025-03-13T08:38:07","slug":"desfile-e-leclerc-leon-2013","status":"publish","type":"post","link":"https:\/\/e-leclerc.es\/leon\/tendencias\/desfile-e-leclerc-leon-2013\/","title":{"rendered":"Desfile E.Leclerc-Le\u00f3n 2013"},"content":{"rendered":"<p>DESFILE MODA OTO\u00d1O-INVIERNO EN E.LECLERC LE\u00d3N<br \/>\nEl Centro Comercial E. Leclerc celebr\u00f3 el domingo 4 de Noviembre un desfile de modelos sobre las \u00faltimas tendencias disponibles en el centro de ropa para adultos, nieve, interior e infantil. El centro comercial ofrece del 5 al 17 de noviembre un tique descuento del 50% en todas las prendas de abrigo, botas, zapatos de vestir infantiles, de se\u00f1ora y caballero.<\/p><\/p>\n","protected":false},"excerpt":{"rendered":"<p>DESFILE MODA OTO\u00d1O-INVIERNO EN E.LECLERC LE\u00d3N El Centro Comercial E. Leclerc celebr\u00f3 el domingo 4 de Noviembre un desfile de modelos sobre las \u00faltimas tendencias disponibles en el centro de ropa para adultos, nieve, interior e infantil. El centro comercial ofrece del 5 al 17 de noviembre un tique descuento del 50% en todas las [&hellip;]<\/p>\n","protected":false},"author":37,"featured_media":6116,"comment_status":"closed","ping_status":"open","sticky":false,"template":"","format":"standard","meta":{"_acf_changed":false,"footnotes":""},"categories":[112],"tags":[],"class_list":["post-6115","post","type-post","status-publish","format-standard","has-post-thumbnail","hentry","category-moda"],"acf":[],"yoast_head":"<!-- This site is optimized with the Yoast SEO plugin v27.4 - https:\/\/yoast.com\/product\/yoast-seo-wordpress\/ -->\n<title>Desfile E.Leclerc-Le\u00f3n 2013 - E.Leclerc Le\u00f3n<\/title>\n<meta name=\"robots\" content=\"index, follow, max-snippet:-1, max-image-preview:large, max-video-preview:-1\" \/>\n<link rel=\"canonical\" href=\"https:\/\/e-leclerc.es\/leon\/tendencias\/desfile-e-leclerc-leon-2013\/\" \/>\n<meta property=\"og:locale\" content=\"es_ES\" \/>\n<meta property=\"og:type\" content=\"article\" \/>\n<meta property=\"og:title\" content=\"Desfile E.Leclerc-Le\u00f3n 2013 - E.Leclerc Le\u00f3n\" \/>\n<meta property=\"og:description\" content=\"DESFILE MODA OTO\u00d1O-INVIERNO EN E.LECLERC LE\u00d3N El Centro Comercial E. Leclerc celebr\u00f3 el domingo 4 de Noviembre un desfile de modelos sobre las \u00faltimas tendencias disponibles en el centro de ropa para adultos, nieve, interior e infantil. El centro comercial ofrece del 5 al 17 de noviembre un tique descuento del 50% en todas las [&hellip;]\" \/>\n<meta property=\"og:url\" content=\"https:\/\/e-leclerc.es\/leon\/tendencias\/desfile-e-leclerc-leon-2013\/\" \/>\n<meta property=\"og:site_name\" content=\"E.Leclerc Le\u00f3n\" \/>\n<meta property=\"article:published_time\" content=\"2016-05-10T09:08:41+00:00\" \/>\n<meta property=\"article:modified_time\" content=\"2025-03-13T08:38:07+00:00\" \/>\n<meta property=\"og:image\" content=\"https:\/\/e-leclerc.es\/leon\/wp-content\/uploads\/sites\/10\/2016\/05\/2fdesfile2_789.jpg\" \/>\n\t<meta property=\"og:image:width\" content=\"400\" \/>\n\t<meta property=\"og:image:height\" content=\"282\" \/>\n\t<meta property=\"og:image:type\" content=\"image\/jpeg\" \/>\n<meta name=\"author\" content=\"luis\" \/>\n<meta name=\"twitter:card\" content=\"summary_large_image\" \/>\n<meta name=\"twitter:label1\" content=\"Escrito por\" \/>\n\t<meta name=\"twitter:data1\" content=\"luis\" \/>\n\t<meta name=\"twitter:label2\" content=\"Tiempo de lectura\" \/>\n\t<meta name=\"twitter:data2\" content=\"1 minuto\" \/>\n<script type=\"application\/ld+json\" class=\"yoast-schema-graph\">{\"@context\":\"https:\\\/\\\/schema.org\",\"@graph\":[{\"@type\":\"Article\",\"@id\":\"https:\\\/\\\/e-leclerc.es\\\/leon\\\/tendencias\\\/desfile-e-leclerc-leon-2013\\\/#article\",\"isPartOf\":{\"@id\":\"https:\\\/\\\/e-leclerc.es\\\/leon\\\/tendencias\\\/desfile-e-leclerc-leon-2013\\\/\"},\"author\":{\"name\":\"luis\",\"@id\":\"https:\\\/\\\/e-leclerc.es\\\/leon\\\/#\\\/schema\\\/person\\\/80c3966a5bb4aaaa7363a865c2743ae6\"},\"headline\":\"Desfile E.Leclerc-Le\u00f3n 2013\",\"datePublished\":\"2016-05-10T09:08:41+00:00\",\"dateModified\":\"2025-03-13T08:38:07+00:00\",\"mainEntityOfPage\":{\"@id\":\"https:\\\/\\\/e-leclerc.es\\\/leon\\\/tendencias\\\/desfile-e-leclerc-leon-2013\\\/\"},\"wordCount\":71,\"publisher\":{\"@id\":\"https:\\\/\\\/e-leclerc.es\\\/leon\\\/#organization\"},\"image\":{\"@id\":\"https:\\\/\\\/e-leclerc.es\\\/leon\\\/tendencias\\\/desfile-e-leclerc-leon-2013\\\/#primaryimage\"},\"thumbnailUrl\":\"https:\\\/\\\/e-leclerc.es\\\/leon\\\/wp-content\\\/uploads\\\/sites\\\/10\\\/2016\\\/05\\\/2fdesfile2_789.jpg\",\"articleSection\":[\"Moda\"],\"inLanguage\":\"es\"},{\"@type\":\"WebPage\",\"@id\":\"https:\\\/\\\/e-leclerc.es\\\/leon\\\/tendencias\\\/desfile-e-leclerc-leon-2013\\\/\",\"url\":\"https:\\\/\\\/e-leclerc.es\\\/leon\\\/tendencias\\\/desfile-e-leclerc-leon-2013\\\/\",\"name\":\"Desfile E.Leclerc-Le\u00f3n 2013 - E.Leclerc Le\u00f3n\",\"isPartOf\":{\"@id\":\"https:\\\/\\\/e-leclerc.es\\\/leon\\\/#website\"},\"primaryImageOfPage\":{\"@id\":\"https:\\\/\\\/e-leclerc.es\\\/leon\\\/tendencias\\\/desfile-e-leclerc-leon-2013\\\/#primaryimage\"},\"image\":{\"@id\":\"https:\\\/\\\/e-leclerc.es\\\/leon\\\/tendencias\\\/desfile-e-leclerc-leon-2013\\\/#primaryimage\"},\"thumbnailUrl\":\"https:\\\/\\\/e-leclerc.es\\\/leon\\\/wp-content\\\/uploads\\\/sites\\\/10\\\/2016\\\/05\\\/2fdesfile2_789.jpg\",\"datePublished\":\"2016-05-10T09:08:41+00:00\",\"dateModified\":\"2025-03-13T08:38:07+00:00\",\"breadcrumb\":{\"@id\":\"https:\\\/\\\/e-leclerc.es\\\/leon\\\/tendencias\\\/desfile-e-leclerc-leon-2013\\\/#breadcrumb\"},\"inLanguage\":\"es\",\"potentialAction\":[{\"@type\":\"ReadAction\",\"target\":[\"https:\\\/\\\/e-leclerc.es\\\/leon\\\/tendencias\\\/desfile-e-leclerc-leon-2013\\\/\"]}]},{\"@type\":\"ImageObject\",\"inLanguage\":\"es\",\"@id\":\"https:\\\/\\\/e-leclerc.es\\\/leon\\\/tendencias\\\/desfile-e-leclerc-leon-2013\\\/#primaryimage\",\"url\":\"https:\\\/\\\/e-leclerc.es\\\/leon\\\/wp-content\\\/uploads\\\/sites\\\/10\\\/2016\\\/05\\\/2fdesfile2_789.jpg\",\"contentUrl\":\"https:\\\/\\\/e-leclerc.es\\\/leon\\\/wp-content\\\/uploads\\\/sites\\\/10\\\/2016\\\/05\\\/2fdesfile2_789.jpg\",\"width\":400,\"height\":282},{\"@type\":\"BreadcrumbList\",\"@id\":\"https:\\\/\\\/e-leclerc.es\\\/leon\\\/tendencias\\\/desfile-e-leclerc-leon-2013\\\/#breadcrumb\",\"itemListElement\":[{\"@type\":\"ListItem\",\"position\":1,\"name\":\"Portada\",\"item\":\"https:\\\/\\\/e-leclerc.es\\\/leon\\\/\"},{\"@type\":\"ListItem\",\"position\":2,\"name\":\"Desfile E.Leclerc-Le\u00f3n 2013\"}]},{\"@type\":\"WebSite\",\"@id\":\"https:\\\/\\\/e-leclerc.es\\\/leon\\\/#website\",\"url\":\"https:\\\/\\\/e-leclerc.es\\\/leon\\\/\",\"name\":\"E.Leclerc Le\u00f3n\",\"description\":\"Descubre los folletos, ofertas y promociones de nuestro hipermercado E.Leclerc Le\u00f3n en Castilla y Le\u00f3n. Direcci\u00f3n | Horario | Productos locales\",\"publisher\":{\"@id\":\"https:\\\/\\\/e-leclerc.es\\\/leon\\\/#organization\"},\"potentialAction\":[{\"@type\":\"SearchAction\",\"target\":{\"@type\":\"EntryPoint\",\"urlTemplate\":\"https:\\\/\\\/e-leclerc.es\\\/leon\\\/?s={search_term_string}\"},\"query-input\":{\"@type\":\"PropertyValueSpecification\",\"valueRequired\":true,\"valueName\":\"search_term_string\"}}],\"inLanguage\":\"es\"},{\"@type\":\"Organization\",\"@id\":\"https:\\\/\\\/e-leclerc.es\\\/leon\\\/#organization\",\"name\":\"E.Leclerc Le\u00f3n\",\"url\":\"https:\\\/\\\/e-leclerc.es\\\/leon\\\/\",\"logo\":{\"@type\":\"ImageObject\",\"inLanguage\":\"es\",\"@id\":\"https:\\\/\\\/e-leclerc.es\\\/leon\\\/#\\\/schema\\\/logo\\\/image\\\/\",\"url\":\"https:\\\/\\\/e-leclerc.es\\\/leon\\\/wp-content\\\/uploads\\\/sites\\\/10\\\/2024\\\/03\\\/Leclerc_Logo.svg\",\"contentUrl\":\"https:\\\/\\\/e-leclerc.es\\\/leon\\\/wp-content\\\/uploads\\\/sites\\\/10\\\/2024\\\/03\\\/Leclerc_Logo.svg\",\"caption\":\"E.Leclerc Le\u00f3n\"},\"image\":{\"@id\":\"https:\\\/\\\/e-leclerc.es\\\/leon\\\/#\\\/schema\\\/logo\\\/image\\\/\"}},{\"@type\":\"Person\",\"@id\":\"https:\\\/\\\/e-leclerc.es\\\/leon\\\/#\\\/schema\\\/person\\\/80c3966a5bb4aaaa7363a865c2743ae6\",\"name\":\"luis\",\"url\":\"https:\\\/\\\/e-leclerc.es\\\/leon\\\/author\\\/luis\\\/\"}]}<\/script>\n<!-- \/ Yoast SEO plugin. -->","yoast_head_json":{"title":"Desfile E.Leclerc-Le\u00f3n 2013 - E.Leclerc Le\u00f3n","robots":{"index":"index","follow":"follow","max-snippet":"max-snippet:-1","max-image-preview":"max-image-preview:large","max-video-preview":"max-video-preview:-1"},"canonical":"https:\/\/e-leclerc.es\/leon\/tendencias\/desfile-e-leclerc-leon-2013\/","og_locale":"es_ES","og_type":"article","og_title":"Desfile E.Leclerc-Le\u00f3n 2013 - E.Leclerc Le\u00f3n","og_description":"DESFILE MODA OTO\u00d1O-INVIERNO EN E.LECLERC LE\u00d3N El Centro Comercial E. Leclerc celebr\u00f3 el domingo 4 de Noviembre un desfile de modelos sobre las \u00faltimas tendencias disponibles en el centro de ropa para adultos, nieve, interior e infantil. El centro comercial ofrece del 5 al 17 de noviembre un tique descuento del 50% en todas las [&hellip;]","og_url":"https:\/\/e-leclerc.es\/leon\/tendencias\/desfile-e-leclerc-leon-2013\/","og_site_name":"E.Leclerc Le\u00f3n","article_published_time":"2016-05-10T09:08:41+00:00","article_modified_time":"2025-03-13T08:38:07+00:00","og_image":[{"width":400,"height":282,"url":"https:\/\/e-leclerc.es\/leon\/wp-content\/uploads\/sites\/10\/2016\/05\/2fdesfile2_789.jpg","type":"image\/jpeg"}],"author":"luis","twitter_card":"summary_large_image","twitter_misc":{"Escrito por":"luis","Tiempo de lectura":"1 minuto"},"schema":{"@context":"https:\/\/schema.org","@graph":[{"@type":"Article","@id":"https:\/\/e-leclerc.es\/leon\/tendencias\/desfile-e-leclerc-leon-2013\/#article","isPartOf":{"@id":"https:\/\/e-leclerc.es\/leon\/tendencias\/desfile-e-leclerc-leon-2013\/"},"author":{"name":"luis","@id":"https:\/\/e-leclerc.es\/leon\/#\/schema\/person\/80c3966a5bb4aaaa7363a865c2743ae6"},"headline":"Desfile E.Leclerc-Le\u00f3n 2013","datePublished":"2016-05-10T09:08:41+00:00","dateModified":"2025-03-13T08:38:07+00:00","mainEntityOfPage":{"@id":"https:\/\/e-leclerc.es\/leon\/tendencias\/desfile-e-leclerc-leon-2013\/"},"wordCount":71,"publisher":{"@id":"https:\/\/e-leclerc.es\/leon\/#organization"},"image":{"@id":"https:\/\/e-leclerc.es\/leon\/tendencias\/desfile-e-leclerc-leon-2013\/#primaryimage"},"thumbnailUrl":"https:\/\/e-leclerc.es\/leon\/wp-content\/uploads\/sites\/10\/2016\/05\/2fdesfile2_789.jpg","articleSection":["Moda"],"inLanguage":"es"},{"@type":"WebPage","@id":"https:\/\/e-leclerc.es\/leon\/tendencias\/desfile-e-leclerc-leon-2013\/","url":"https:\/\/e-leclerc.es\/leon\/tendencias\/desfile-e-leclerc-leon-2013\/","name":"Desfile E.Leclerc-Le\u00f3n 2013 - E.Leclerc Le\u00f3n","isPartOf":{"@id":"https:\/\/e-leclerc.es\/leon\/#website"},"primaryImageOfPage":{"@id":"https:\/\/e-leclerc.es\/leon\/tendencias\/desfile-e-leclerc-leon-2013\/#primaryimage"},"image":{"@id":"https:\/\/e-leclerc.es\/leon\/tendencias\/desfile-e-leclerc-leon-2013\/#primaryimage"},"thumbnailUrl":"https:\/\/e-leclerc.es\/leon\/wp-content\/uploads\/sites\/10\/2016\/05\/2fdesfile2_789.jpg","datePublished":"2016-05-10T09:08:41+00:00","dateModified":"2025-03-13T08:38:07+00:00","breadcrumb":{"@id":"https:\/\/e-leclerc.es\/leon\/tendencias\/desfile-e-leclerc-leon-2013\/#breadcrumb"},"inLanguage":"es","potentialAction":[{"@type":"ReadAction","target":["https:\/\/e-leclerc.es\/leon\/tendencias\/desfile-e-leclerc-leon-2013\/"]}]},{"@type":"ImageObject","inLanguage":"es","@id":"https:\/\/e-leclerc.es\/leon\/tendencias\/desfile-e-leclerc-leon-2013\/#primaryimage","url":"https:\/\/e-leclerc.es\/leon\/wp-content\/uploads\/sites\/10\/2016\/05\/2fdesfile2_789.jpg","contentUrl":"https:\/\/e-leclerc.es\/leon\/wp-content\/uploads\/sites\/10\/2016\/05\/2fdesfile2_789.jpg","width":400,"height":282},{"@type":"BreadcrumbList","@id":"https:\/\/e-leclerc.es\/leon\/tendencias\/desfile-e-leclerc-leon-2013\/#breadcrumb","itemListElement":[{"@type":"ListItem","position":1,"name":"Portada","item":"https:\/\/e-leclerc.es\/leon\/"},{"@type":"ListItem","position":2,"name":"Desfile E.Leclerc-Le\u00f3n 2013"}]},{"@type":"WebSite","@id":"https:\/\/e-leclerc.es\/leon\/#website","url":"https:\/\/e-leclerc.es\/leon\/","name":"E.Leclerc Le\u00f3n","description":"Descubre los folletos, ofertas y promociones de nuestro hipermercado E.Leclerc Le\u00f3n en Castilla y Le\u00f3n. Direcci\u00f3n | Horario | Productos locales","publisher":{"@id":"https:\/\/e-leclerc.es\/leon\/#organization"},"potentialAction":[{"@type":"SearchAction","target":{"@type":"EntryPoint","urlTemplate":"https:\/\/e-leclerc.es\/leon\/?s={search_term_string}"},"query-input":{"@type":"PropertyValueSpecification","valueRequired":true,"valueName":"search_term_string"}}],"inLanguage":"es"},{"@type":"Organization","@id":"https:\/\/e-leclerc.es\/leon\/#organization","name":"E.Leclerc Le\u00f3n","url":"https:\/\/e-leclerc.es\/leon\/","logo":{"@type":"ImageObject","inLanguage":"es","@id":"https:\/\/e-leclerc.es\/leon\/#\/schema\/logo\/image\/","url":"https:\/\/e-leclerc.es\/leon\/wp-content\/uploads\/sites\/10\/2024\/03\/Leclerc_Logo.svg","contentUrl":"https:\/\/e-leclerc.es\/leon\/wp-content\/uploads\/sites\/10\/2024\/03\/Leclerc_Logo.svg","caption":"E.Leclerc Le\u00f3n"},"image":{"@id":"https:\/\/e-leclerc.es\/leon\/#\/schema\/logo\/image\/"}},{"@type":"Person","@id":"https:\/\/e-leclerc.es\/leon\/#\/schema\/person\/80c3966a5bb4aaaa7363a865c2743ae6","name":"luis","url":"https:\/\/e-leclerc.es\/leon\/author\/luis\/"}]}},"_links":{"self":[{"href":"https:\/\/e-leclerc.es\/leon\/wp-json\/wp\/v2\/posts\/6115","targetHints":{"allow":["GET"]}}],"collection":[{"href":"https:\/\/e-leclerc.es\/leon\/wp-json\/wp\/v2\/posts"}],"about":[{"href":"https:\/\/e-leclerc.es\/leon\/wp-json\/wp\/v2\/types\/post"}],"author":[{"embeddable":true,"href":"https:\/\/e-leclerc.es\/leon\/wp-json\/wp\/v2\/users\/37"}],"replies":[{"embeddable":true,"href":"https:\/\/e-leclerc.es\/leon\/wp-json\/wp\/v2\/comments?post=6115"}],"version-history":[{"count":1,"href":"https:\/\/e-leclerc.es\/leon\/wp-json\/wp\/v2\/posts\/6115\/revisions"}],"predecessor-version":[{"id":9724,"href":"https:\/\/e-leclerc.es\/leon\/wp-json\/wp\/v2\/posts\/6115\/revisions\/9724"}],"wp:featuredmedia":[{"embeddable":true,"href":"https:\/\/e-leclerc.es\/leon\/wp-json\/wp\/v2\/media\/6116"}],"wp:attachment":[{"href":"https:\/\/e-leclerc.es\/leon\/wp-json\/wp\/v2\/media?parent=6115"}],"wp:term":[{"taxonomy":"category","embeddable":true,"href":"https:\/\/e-leclerc.es\/leon\/wp-json\/wp\/v2\/categories?post=6115"},{"taxonomy":"post_tag","embeddable":true,"href":"https:\/\/e-leclerc.es\/leon\/wp-json\/wp\/v2\/tags?post=6115"}],"curies":[{"name":"wp","href":"https:\/\/api.w.org\/{rel}","templated":true}]}}