{"id":10375,"date":"2025-04-10T13:03:32","date_gmt":"2025-04-10T11:03:32","guid":{"rendered":"https:\/\/www.e-leclerc.es\/leon\/tendencias\/\/"},"modified":"2025-04-10T13:14:06","modified_gmt":"2025-04-10T11:14:06","slug":"campus-multideporte-semana-santa-ademar","status":"publish","type":"post","link":"https:\/\/e-leclerc.es\/leon\/tendencias\/campus-multideporte-semana-santa-ademar\/","title":{"rendered":"Campus Multideporte Semana Santa ADEMAR"},"content":{"rendered":"\n<p>\ud83c\udfc3\u200d\u2642\ufe0f E.Leclerc Le\u00f3n colabora con el II Campus Multideporte Semana Santa \u2013 ADEMAR Le\u00f3n\u00a0<\/p>\n<p>Desde E.Leclerc Le\u00f3n seguimos comprometidos con el deporte, la vida activa y los h\u00e1bitos saludables, especialmente entre los m\u00e1s peque\u00f1os. Por ello, nos alegra anunciar nuestra colaboraci\u00f3n con el II CAMPUS MULTIDEPORTE SEMANA SANTA \u2013 ADEMAR LE\u00d3N, una iniciativa que apuesta por valores como el juego limpio, el esfuerzo, la solidaridad, la amistad y el respeto a trav\u00e9s del deporte.<\/p>\n<p>\ud83d\udccd \u00bfD\u00f3nde se celebra?<br \/>En el Polideportivo Ventas Oeste de Le\u00f3n<\/p>\n<p>\ud83d\udcc5 \u00bfCu\u00e1ndo?<\/p>\n<p>Del 14 al 16 de abril<\/p>\n<p>Y los d\u00edas 21 y 22 de abril<\/p>\n<p>\ud83d\udc67\ud83d\udc66 \u00bfQui\u00e9n participa?<br \/>Entre 35 y 40 ni\u00f1os y ni\u00f1as, de entre 6 y 12 a\u00f1os, que disfrutar\u00e1n de unas jornadas llenas de deporte, diversi\u00f3n y aprendizaje.<\/p>\n<p>\ud83e\udd57 \u00bfEn qu\u00e9 consiste nuestra colaboraci\u00f3n?<br \/>Desde E.Leclerc Le\u00f3n nos encargaremos de ofrecerles diariamente un almuerzo saludable<\/p>\n<p>\u00a0<\/p>\n\n<figure><\/figure>\n\t\t\n\t\t\t<img fetchpriority=\"high\" decoding=\"async\" width=\"1024\" height=\"768\" src=\"https:\/\/e-leclerc.es\/leon\/wp-content\/uploads\/sites\/10\/2025\/04\/image3-1024x768.jpeg\" alt=\"\" \/>\t\t\t\t\t\n\t\t\t<img decoding=\"async\" width=\"1024\" height=\"768\" src=\"https:\/\/e-leclerc.es\/leon\/wp-content\/uploads\/sites\/10\/2025\/04\/image2-1024x768.jpeg\" alt=\"\" \/>","protected":false},"excerpt":{"rendered":"<p>\ud83c\udfc3\u200d\u2642\ufe0f E.Leclerc Le\u00f3n colabora con el II Campus Multideporte Semana Santa \u2013 ADEMAR Le\u00f3n\u00a0 Desde E.Leclerc Le\u00f3n seguimos comprometidos con el deporte, la vida activa y los h\u00e1bitos saludables, especialmente entre los m\u00e1s peque\u00f1os. Por ello, nos alegra anunciar nuestra colaboraci\u00f3n con el II CAMPUS MULTIDEPORTE SEMANA SANTA \u2013 ADEMAR LE\u00d3N, una iniciativa que apuesta [&hellip;]<\/p>\n","protected":false},"author":38,"featured_media":10390,"comment_status":"closed","ping_status":"open","sticky":false,"template":"","format":"standard","meta":{"_acf_changed":false,"footnotes":""},"categories":[122],"tags":[],"class_list":["post-10375","post","type-post","status-publish","format-standard","has-post-thumbnail","hentry","category-deporte"],"acf":[],"yoast_head":"<!-- This site is optimized with the Yoast SEO plugin v27.4 - https:\/\/yoast.com\/product\/yoast-seo-wordpress\/ -->\n<title>Campus Multideporte Semana Santa ADEMAR - E.Leclerc Le\u00f3n<\/title>\n<meta name=\"robots\" content=\"index, follow, max-snippet:-1, max-image-preview:large, max-video-preview:-1\" \/>\n<link rel=\"canonical\" href=\"https:\/\/e-leclerc.es\/leon\/tendencias\/campus-multideporte-semana-santa-ademar\/\" \/>\n<meta property=\"og:locale\" content=\"es_ES\" \/>\n<meta property=\"og:type\" content=\"article\" \/>\n<meta property=\"og:title\" content=\"Campus Multideporte Semana Santa ADEMAR - E.Leclerc Le\u00f3n\" \/>\n<meta property=\"og:description\" content=\"\ud83c\udfc3\u200d\u2642\ufe0f E.Leclerc Le\u00f3n colabora con el II Campus Multideporte Semana Santa \u2013 ADEMAR Le\u00f3n\u00a0 Desde E.Leclerc Le\u00f3n seguimos comprometidos con el deporte, la vida activa y los h\u00e1bitos saludables, especialmente entre los m\u00e1s peque\u00f1os. Por ello, nos alegra anunciar nuestra colaboraci\u00f3n con el II CAMPUS MULTIDEPORTE SEMANA SANTA \u2013 ADEMAR LE\u00d3N, una iniciativa que apuesta [&hellip;]\" \/>\n<meta property=\"og:url\" content=\"https:\/\/e-leclerc.es\/leon\/tendencias\/campus-multideporte-semana-santa-ademar\/\" \/>\n<meta property=\"og:site_name\" content=\"E.Leclerc Le\u00f3n\" \/>\n<meta property=\"article:published_time\" content=\"2025-04-10T11:03:32+00:00\" \/>\n<meta property=\"article:modified_time\" content=\"2025-04-10T11:14:06+00:00\" \/>\n<meta property=\"og:image\" content=\"https:\/\/e-leclerc.es\/leon\/wp-content\/uploads\/sites\/10\/2025\/04\/Diseno-sin-titulo-e1744283635253.jpg\" \/>\n\t<meta property=\"og:image:width\" content=\"1338\" \/>\n\t<meta property=\"og:image:height\" content=\"1680\" \/>\n\t<meta property=\"og:image:type\" content=\"image\/jpeg\" \/>\n<meta name=\"author\" content=\"nuria\" \/>\n<meta name=\"twitter:card\" content=\"summary_large_image\" \/>\n<meta name=\"twitter:label1\" content=\"Escrito por\" \/>\n\t<meta name=\"twitter:data1\" content=\"nuria\" \/>\n\t<meta name=\"twitter:label2\" content=\"Tiempo de lectura\" \/>\n\t<meta name=\"twitter:data2\" content=\"2 minutos\" \/>\n<script type=\"application\/ld+json\" class=\"yoast-schema-graph\">{\"@context\":\"https:\\\/\\\/schema.org\",\"@graph\":[{\"@type\":\"Article\",\"@id\":\"https:\\\/\\\/e-leclerc.es\\\/leon\\\/tendencias\\\/campus-multideporte-semana-santa-ademar\\\/#article\",\"isPartOf\":{\"@id\":\"https:\\\/\\\/e-leclerc.es\\\/leon\\\/tendencias\\\/campus-multideporte-semana-santa-ademar\\\/\"},\"author\":{\"name\":\"nuria\",\"@id\":\"https:\\\/\\\/e-leclerc.es\\\/leon\\\/#\\\/schema\\\/person\\\/5bc73c5fbc353d27d1a9671ca5d6bc1a\"},\"headline\":\"Campus Multideporte Semana Santa ADEMAR\",\"datePublished\":\"2025-04-10T11:03:32+00:00\",\"dateModified\":\"2025-04-10T11:14:06+00:00\",\"mainEntityOfPage\":{\"@id\":\"https:\\\/\\\/e-leclerc.es\\\/leon\\\/tendencias\\\/campus-multideporte-semana-santa-ademar\\\/\"},\"wordCount\":159,\"publisher\":{\"@id\":\"https:\\\/\\\/e-leclerc.es\\\/leon\\\/#organization\"},\"image\":{\"@id\":\"https:\\\/\\\/e-leclerc.es\\\/leon\\\/tendencias\\\/campus-multideporte-semana-santa-ademar\\\/#primaryimage\"},\"thumbnailUrl\":\"https:\\\/\\\/e-leclerc.es\\\/leon\\\/wp-content\\\/uploads\\\/sites\\\/10\\\/2025\\\/04\\\/Diseno-sin-titulo-e1744283635253.jpg\",\"articleSection\":[\"Deporte\"],\"inLanguage\":\"es\"},{\"@type\":\"WebPage\",\"@id\":\"https:\\\/\\\/e-leclerc.es\\\/leon\\\/tendencias\\\/campus-multideporte-semana-santa-ademar\\\/\",\"url\":\"https:\\\/\\\/e-leclerc.es\\\/leon\\\/tendencias\\\/campus-multideporte-semana-santa-ademar\\\/\",\"name\":\"Campus Multideporte Semana Santa ADEMAR - E.Leclerc Le\u00f3n\",\"isPartOf\":{\"@id\":\"https:\\\/\\\/e-leclerc.es\\\/leon\\\/#website\"},\"primaryImageOfPage\":{\"@id\":\"https:\\\/\\\/e-leclerc.es\\\/leon\\\/tendencias\\\/campus-multideporte-semana-santa-ademar\\\/#primaryimage\"},\"image\":{\"@id\":\"https:\\\/\\\/e-leclerc.es\\\/leon\\\/tendencias\\\/campus-multideporte-semana-santa-ademar\\\/#primaryimage\"},\"thumbnailUrl\":\"https:\\\/\\\/e-leclerc.es\\\/leon\\\/wp-content\\\/uploads\\\/sites\\\/10\\\/2025\\\/04\\\/Diseno-sin-titulo-e1744283635253.jpg\",\"datePublished\":\"2025-04-10T11:03:32+00:00\",\"dateModified\":\"2025-04-10T11:14:06+00:00\",\"breadcrumb\":{\"@id\":\"https:\\\/\\\/e-leclerc.es\\\/leon\\\/tendencias\\\/campus-multideporte-semana-santa-ademar\\\/#breadcrumb\"},\"inLanguage\":\"es\",\"potentialAction\":[{\"@type\":\"ReadAction\",\"target\":[\"https:\\\/\\\/e-leclerc.es\\\/leon\\\/tendencias\\\/campus-multideporte-semana-santa-ademar\\\/\"]}]},{\"@type\":\"ImageObject\",\"inLanguage\":\"es\",\"@id\":\"https:\\\/\\\/e-leclerc.es\\\/leon\\\/tendencias\\\/campus-multideporte-semana-santa-ademar\\\/#primaryimage\",\"url\":\"https:\\\/\\\/e-leclerc.es\\\/leon\\\/wp-content\\\/uploads\\\/sites\\\/10\\\/2025\\\/04\\\/Diseno-sin-titulo-e1744283635253.jpg\",\"contentUrl\":\"https:\\\/\\\/e-leclerc.es\\\/leon\\\/wp-content\\\/uploads\\\/sites\\\/10\\\/2025\\\/04\\\/Diseno-sin-titulo-e1744283635253.jpg\",\"width\":1338,\"height\":1680},{\"@type\":\"BreadcrumbList\",\"@id\":\"https:\\\/\\\/e-leclerc.es\\\/leon\\\/tendencias\\\/campus-multideporte-semana-santa-ademar\\\/#breadcrumb\",\"itemListElement\":[{\"@type\":\"ListItem\",\"position\":1,\"name\":\"Portada\",\"item\":\"https:\\\/\\\/e-leclerc.es\\\/leon\\\/\"},{\"@type\":\"ListItem\",\"position\":2,\"name\":\"Campus Multideporte Semana Santa ADEMAR\"}]},{\"@type\":\"WebSite\",\"@id\":\"https:\\\/\\\/e-leclerc.es\\\/leon\\\/#website\",\"url\":\"https:\\\/\\\/e-leclerc.es\\\/leon\\\/\",\"name\":\"E.Leclerc Le\u00f3n\",\"description\":\"Descubre los folletos, ofertas y promociones de nuestro hipermercado E.Leclerc Le\u00f3n en Castilla y Le\u00f3n. Direcci\u00f3n | Horario | Productos locales\",\"publisher\":{\"@id\":\"https:\\\/\\\/e-leclerc.es\\\/leon\\\/#organization\"},\"potentialAction\":[{\"@type\":\"SearchAction\",\"target\":{\"@type\":\"EntryPoint\",\"urlTemplate\":\"https:\\\/\\\/e-leclerc.es\\\/leon\\\/?s={search_term_string}\"},\"query-input\":{\"@type\":\"PropertyValueSpecification\",\"valueRequired\":true,\"valueName\":\"search_term_string\"}}],\"inLanguage\":\"es\"},{\"@type\":\"Organization\",\"@id\":\"https:\\\/\\\/e-leclerc.es\\\/leon\\\/#organization\",\"name\":\"E.Leclerc Le\u00f3n\",\"url\":\"https:\\\/\\\/e-leclerc.es\\\/leon\\\/\",\"logo\":{\"@type\":\"ImageObject\",\"inLanguage\":\"es\",\"@id\":\"https:\\\/\\\/e-leclerc.es\\\/leon\\\/#\\\/schema\\\/logo\\\/image\\\/\",\"url\":\"https:\\\/\\\/e-leclerc.es\\\/leon\\\/wp-content\\\/uploads\\\/sites\\\/10\\\/2024\\\/03\\\/Leclerc_Logo.svg\",\"contentUrl\":\"https:\\\/\\\/e-leclerc.es\\\/leon\\\/wp-content\\\/uploads\\\/sites\\\/10\\\/2024\\\/03\\\/Leclerc_Logo.svg\",\"caption\":\"E.Leclerc Le\u00f3n\"},\"image\":{\"@id\":\"https:\\\/\\\/e-leclerc.es\\\/leon\\\/#\\\/schema\\\/logo\\\/image\\\/\"}},{\"@type\":\"Person\",\"@id\":\"https:\\\/\\\/e-leclerc.es\\\/leon\\\/#\\\/schema\\\/person\\\/5bc73c5fbc353d27d1a9671ca5d6bc1a\",\"name\":\"nuria\",\"url\":\"https:\\\/\\\/e-leclerc.es\\\/leon\\\/author\\\/nuria\\\/\"}]}<\/script>\n<!-- \/ Yoast SEO plugin. -->","yoast_head_json":{"title":"Campus Multideporte Semana Santa ADEMAR - E.Leclerc Le\u00f3n","robots":{"index":"index","follow":"follow","max-snippet":"max-snippet:-1","max-image-preview":"max-image-preview:large","max-video-preview":"max-video-preview:-1"},"canonical":"https:\/\/e-leclerc.es\/leon\/tendencias\/campus-multideporte-semana-santa-ademar\/","og_locale":"es_ES","og_type":"article","og_title":"Campus Multideporte Semana Santa ADEMAR - E.Leclerc Le\u00f3n","og_description":"\ud83c\udfc3\u200d\u2642\ufe0f E.Leclerc Le\u00f3n colabora con el II Campus Multideporte Semana Santa \u2013 ADEMAR Le\u00f3n\u00a0 Desde E.Leclerc Le\u00f3n seguimos comprometidos con el deporte, la vida activa y los h\u00e1bitos saludables, especialmente entre los m\u00e1s peque\u00f1os. Por ello, nos alegra anunciar nuestra colaboraci\u00f3n con el II CAMPUS MULTIDEPORTE SEMANA SANTA \u2013 ADEMAR LE\u00d3N, una iniciativa que apuesta [&hellip;]","og_url":"https:\/\/e-leclerc.es\/leon\/tendencias\/campus-multideporte-semana-santa-ademar\/","og_site_name":"E.Leclerc Le\u00f3n","article_published_time":"2025-04-10T11:03:32+00:00","article_modified_time":"2025-04-10T11:14:06+00:00","og_image":[{"width":1338,"height":1680,"url":"https:\/\/e-leclerc.es\/leon\/wp-content\/uploads\/sites\/10\/2025\/04\/Diseno-sin-titulo-e1744283635253.jpg","type":"image\/jpeg"}],"author":"nuria","twitter_card":"summary_large_image","twitter_misc":{"Escrito por":"nuria","Tiempo de lectura":"2 minutos"},"schema":{"@context":"https:\/\/schema.org","@graph":[{"@type":"Article","@id":"https:\/\/e-leclerc.es\/leon\/tendencias\/campus-multideporte-semana-santa-ademar\/#article","isPartOf":{"@id":"https:\/\/e-leclerc.es\/leon\/tendencias\/campus-multideporte-semana-santa-ademar\/"},"author":{"name":"nuria","@id":"https:\/\/e-leclerc.es\/leon\/#\/schema\/person\/5bc73c5fbc353d27d1a9671ca5d6bc1a"},"headline":"Campus Multideporte Semana Santa ADEMAR","datePublished":"2025-04-10T11:03:32+00:00","dateModified":"2025-04-10T11:14:06+00:00","mainEntityOfPage":{"@id":"https:\/\/e-leclerc.es\/leon\/tendencias\/campus-multideporte-semana-santa-ademar\/"},"wordCount":159,"publisher":{"@id":"https:\/\/e-leclerc.es\/leon\/#organization"},"image":{"@id":"https:\/\/e-leclerc.es\/leon\/tendencias\/campus-multideporte-semana-santa-ademar\/#primaryimage"},"thumbnailUrl":"https:\/\/e-leclerc.es\/leon\/wp-content\/uploads\/sites\/10\/2025\/04\/Diseno-sin-titulo-e1744283635253.jpg","articleSection":["Deporte"],"inLanguage":"es"},{"@type":"WebPage","@id":"https:\/\/e-leclerc.es\/leon\/tendencias\/campus-multideporte-semana-santa-ademar\/","url":"https:\/\/e-leclerc.es\/leon\/tendencias\/campus-multideporte-semana-santa-ademar\/","name":"Campus Multideporte Semana Santa ADEMAR - E.Leclerc Le\u00f3n","isPartOf":{"@id":"https:\/\/e-leclerc.es\/leon\/#website"},"primaryImageOfPage":{"@id":"https:\/\/e-leclerc.es\/leon\/tendencias\/campus-multideporte-semana-santa-ademar\/#primaryimage"},"image":{"@id":"https:\/\/e-leclerc.es\/leon\/tendencias\/campus-multideporte-semana-santa-ademar\/#primaryimage"},"thumbnailUrl":"https:\/\/e-leclerc.es\/leon\/wp-content\/uploads\/sites\/10\/2025\/04\/Diseno-sin-titulo-e1744283635253.jpg","datePublished":"2025-04-10T11:03:32+00:00","dateModified":"2025-04-10T11:14:06+00:00","breadcrumb":{"@id":"https:\/\/e-leclerc.es\/leon\/tendencias\/campus-multideporte-semana-santa-ademar\/#breadcrumb"},"inLanguage":"es","potentialAction":[{"@type":"ReadAction","target":["https:\/\/e-leclerc.es\/leon\/tendencias\/campus-multideporte-semana-santa-ademar\/"]}]},{"@type":"ImageObject","inLanguage":"es","@id":"https:\/\/e-leclerc.es\/leon\/tendencias\/campus-multideporte-semana-santa-ademar\/#primaryimage","url":"https:\/\/e-leclerc.es\/leon\/wp-content\/uploads\/sites\/10\/2025\/04\/Diseno-sin-titulo-e1744283635253.jpg","contentUrl":"https:\/\/e-leclerc.es\/leon\/wp-content\/uploads\/sites\/10\/2025\/04\/Diseno-sin-titulo-e1744283635253.jpg","width":1338,"height":1680},{"@type":"BreadcrumbList","@id":"https:\/\/e-leclerc.es\/leon\/tendencias\/campus-multideporte-semana-santa-ademar\/#breadcrumb","itemListElement":[{"@type":"ListItem","position":1,"name":"Portada","item":"https:\/\/e-leclerc.es\/leon\/"},{"@type":"ListItem","position":2,"name":"Campus Multideporte Semana Santa ADEMAR"}]},{"@type":"WebSite","@id":"https:\/\/e-leclerc.es\/leon\/#website","url":"https:\/\/e-leclerc.es\/leon\/","name":"E.Leclerc Le\u00f3n","description":"Descubre los folletos, ofertas y promociones de nuestro hipermercado E.Leclerc Le\u00f3n en Castilla y Le\u00f3n. Direcci\u00f3n | Horario | Productos locales","publisher":{"@id":"https:\/\/e-leclerc.es\/leon\/#organization"},"potentialAction":[{"@type":"SearchAction","target":{"@type":"EntryPoint","urlTemplate":"https:\/\/e-leclerc.es\/leon\/?s={search_term_string}"},"query-input":{"@type":"PropertyValueSpecification","valueRequired":true,"valueName":"search_term_string"}}],"inLanguage":"es"},{"@type":"Organization","@id":"https:\/\/e-leclerc.es\/leon\/#organization","name":"E.Leclerc Le\u00f3n","url":"https:\/\/e-leclerc.es\/leon\/","logo":{"@type":"ImageObject","inLanguage":"es","@id":"https:\/\/e-leclerc.es\/leon\/#\/schema\/logo\/image\/","url":"https:\/\/e-leclerc.es\/leon\/wp-content\/uploads\/sites\/10\/2024\/03\/Leclerc_Logo.svg","contentUrl":"https:\/\/e-leclerc.es\/leon\/wp-content\/uploads\/sites\/10\/2024\/03\/Leclerc_Logo.svg","caption":"E.Leclerc Le\u00f3n"},"image":{"@id":"https:\/\/e-leclerc.es\/leon\/#\/schema\/logo\/image\/"}},{"@type":"Person","@id":"https:\/\/e-leclerc.es\/leon\/#\/schema\/person\/5bc73c5fbc353d27d1a9671ca5d6bc1a","name":"nuria","url":"https:\/\/e-leclerc.es\/leon\/author\/nuria\/"}]}},"_links":{"self":[{"href":"https:\/\/e-leclerc.es\/leon\/wp-json\/wp\/v2\/posts\/10375","targetHints":{"allow":["GET"]}}],"collection":[{"href":"https:\/\/e-leclerc.es\/leon\/wp-json\/wp\/v2\/posts"}],"about":[{"href":"https:\/\/e-leclerc.es\/leon\/wp-json\/wp\/v2\/types\/post"}],"author":[{"embeddable":true,"href":"https:\/\/e-leclerc.es\/leon\/wp-json\/wp\/v2\/users\/38"}],"replies":[{"embeddable":true,"href":"https:\/\/e-leclerc.es\/leon\/wp-json\/wp\/v2\/comments?post=10375"}],"version-history":[{"count":5,"href":"https:\/\/e-leclerc.es\/leon\/wp-json\/wp\/v2\/posts\/10375\/revisions"}],"predecessor-version":[{"id":10388,"href":"https:\/\/e-leclerc.es\/leon\/wp-json\/wp\/v2\/posts\/10375\/revisions\/10388"}],"wp:featuredmedia":[{"embeddable":true,"href":"https:\/\/e-leclerc.es\/leon\/wp-json\/wp\/v2\/media\/10390"}],"wp:attachment":[{"href":"https:\/\/e-leclerc.es\/leon\/wp-json\/wp\/v2\/media?parent=10375"}],"wp:term":[{"taxonomy":"category","embeddable":true,"href":"https:\/\/e-leclerc.es\/leon\/wp-json\/wp\/v2\/categories?post=10375"},{"taxonomy":"post_tag","embeddable":true,"href":"https:\/\/e-leclerc.es\/leon\/wp-json\/wp\/v2\/tags?post=10375"}],"curies":[{"name":"wp","href":"https:\/\/api.w.org\/{rel}","templated":true}]}}