{"id":9756,"date":"2025-04-15T12:06:30","date_gmt":"2025-04-15T10:06:30","guid":{"rendered":"https:\/\/www.e-leclerc.es\/ciudad-real\/tendencias\/\/"},"modified":"2025-04-15T12:06:30","modified_gmt":"2025-04-15T10:06:30","slug":"libros-de-autoayuda","status":"publish","type":"post","link":"https:\/\/e-leclerc.es\/ciudad-real\/tendencias\/libros-de-autoayuda\/","title":{"rendered":"Libros de autoayuda"},"content":{"rendered":"\t\t<div data-elementor-type=\"wp-post\" data-elementor-id=\"9756\" class=\"elementor elementor-9756\" data-elementor-post-type=\"post\">\n\t\t\t\t<div class=\"elementor-element elementor-element-dd8fb95 e-con-full e-flex e-con e-parent\" data-id=\"dd8fb95\" data-element_type=\"container\" data-e-type=\"container\">\n\t\t\t\t<div class=\"elementor-element elementor-element-7bd3bc1 elementor-widget elementor-widget-image\" data-id=\"7bd3bc1\" data-element_type=\"widget\" data-e-type=\"widget\" data-widget_type=\"image.default\">\n\t\t\t\t<div class=\"elementor-widget-container\">\n\t\t\t\t\t\t\t\t\t\t\t\t\t\t\t<img fetchpriority=\"high\" decoding=\"async\" width=\"612\" height=\"485\" src=\"https:\/\/e-leclerc.es\/ciudad-real\/wp-content\/uploads\/sites\/9\/2025\/04\/istockphoto-1337098223-612x612-1.jpg\" class=\"attachment-large size-large wp-image-9757\" alt=\"\" srcset=\"https:\/\/e-leclerc.es\/ciudad-real\/wp-content\/uploads\/sites\/9\/2025\/04\/istockphoto-1337098223-612x612-1.jpg 612w, https:\/\/e-leclerc.es\/ciudad-real\/wp-content\/uploads\/sites\/9\/2025\/04\/istockphoto-1337098223-612x612-1-300x238.jpg 300w\" sizes=\"(max-width: 612px) 100vw, 612px\" \/>\t\t\t\t\t\t\t\t\t\t\t\t\t\t\t<\/div>\n\t\t\t\t<\/div>\n\t\t\t\t<\/div>\n\t\t<div class=\"elementor-element elementor-element-512e3de e-flex e-con-boxed e-con e-parent\" data-id=\"512e3de\" data-element_type=\"container\" data-e-type=\"container\">\n\t\t\t\t\t<div class=\"e-con-inner\">\n\t\t<div class=\"elementor-element elementor-element-2e59f4c e-con-full e-flex e-con e-child\" data-id=\"2e59f4c\" data-element_type=\"container\" data-e-type=\"container\">\n\t\t\t\t<div class=\"elementor-element elementor-element-37b4180 elementor-widget elementor-widget-heading\" data-id=\"37b4180\" data-element_type=\"widget\" data-e-type=\"widget\" data-widget_type=\"heading.default\">\n\t\t\t\t<div class=\"elementor-widget-container\">\n\t\t\t\t\t<h2 class=\"elementor-heading-title elementor-size-default\">Libros de autoayuda<\/h2>\t\t\t\t<\/div>\n\t\t\t\t<\/div>\n\t\t\t\t<\/div>\n\t\t\t\t\t<\/div>\n\t\t\t\t<\/div>\n\t\t<div class=\"elementor-element elementor-element-6f81b4e e-flex e-con-boxed e-con e-parent\" data-id=\"6f81b4e\" data-element_type=\"container\" data-e-type=\"container\">\n\t\t\t\t\t<div class=\"e-con-inner\">\n\t\t<div class=\"elementor-element elementor-element-851b35c e-con-full e-flex e-con e-child\" data-id=\"851b35c\" data-element_type=\"container\" data-e-type=\"container\">\n\t\t\t\t<div class=\"elementor-element elementor-element-d68774b elementor-widget elementor-widget-text-editor\" data-id=\"d68774b\" data-element_type=\"widget\" data-e-type=\"widget\" data-widget_type=\"text-editor.default\">\n\t\t\t\t<div class=\"elementor-widget-container\">\n\t\t\t\t\t\t\t\t\t<p>Los libros de autoayuda son herramientas inspiradoras dise\u00f1adas para fomentar el crecimiento personal y el bienestar. A trav\u00e9s de consejos pr\u00e1cticos, reflexiones motivadoras y estrategias efectivas, estos libros ayudan a los lectores a superar desaf\u00edos, descubrir su potencial y construir una vida m\u00e1s plena y equilibrada. Son una gu\u00eda para transformar pensamientos en acciones positivas.<\/p>\t\t\t\t\t\t\t\t<\/div>\n\t\t\t\t<\/div>\n\t\t\t\t<\/div>\n\t\t\t\t\t<\/div>\n\t\t\t\t<\/div>\n\t\t<div class=\"elementor-element elementor-element-f2fed14 e-flex e-con-boxed e-con e-parent\" data-id=\"f2fed14\" data-element_type=\"container\" data-e-type=\"container\">\n\t\t\t\t\t<div class=\"e-con-inner\">\n\t\t<div class=\"elementor-element elementor-element-1eb8279 e-con-full e-flex e-con e-child\" data-id=\"1eb8279\" data-element_type=\"container\" data-e-type=\"container\">\n\t\t\t\t<div class=\"elementor-element elementor-element-aa80672 elementor-widget elementor-widget-heading\" data-id=\"aa80672\" data-element_type=\"widget\" data-e-type=\"widget\" data-widget_type=\"heading.default\">\n\t\t\t\t<div class=\"elementor-widget-container\">\n\t\t\t\t\t<h2 class=\"elementor-heading-title elementor-size-default\">Nuestras recomendaciones<\/h2>\t\t\t\t<\/div>\n\t\t\t\t<\/div>\n\t\t\t\t<\/div>\n\t\t\t\t\t<\/div>\n\t\t\t\t<\/div>\n\t\t<div class=\"elementor-element elementor-element-6ffc77b e-flex e-con-boxed e-con e-parent\" data-id=\"6ffc77b\" data-element_type=\"container\" data-e-type=\"container\">\n\t\t\t\t\t<div class=\"e-con-inner\">\n\t\t<div class=\"elementor-element elementor-element-af31b69 e-con-full e-flex e-con e-child\" data-id=\"af31b69\" data-element_type=\"container\" data-e-type=\"container\">\n\t\t<div class=\"elementor-element elementor-element-a8756b1 e-con-full e-flex e-con e-child\" data-id=\"a8756b1\" data-element_type=\"container\" data-e-type=\"container\">\n\t\t\t\t<div class=\"elementor-element elementor-element-3fe38e7 elementor-widget elementor-widget-image\" data-id=\"3fe38e7\" data-element_type=\"widget\" data-e-type=\"widget\" data-widget_type=\"image.default\">\n\t\t\t\t<div class=\"elementor-widget-container\">\n\t\t\t\t\t\t\t\t\t\t\t\t\t\t\t<img decoding=\"async\" width=\"735\" height=\"735\" src=\"https:\/\/e-leclerc.es\/ciudad-real\/wp-content\/uploads\/sites\/9\/2025\/04\/9788418118036_G.jpg\" class=\"attachment-large size-large wp-image-9736\" alt=\"\" srcset=\"https:\/\/e-leclerc.es\/ciudad-real\/wp-content\/uploads\/sites\/9\/2025\/04\/9788418118036_G.jpg 735w, https:\/\/e-leclerc.es\/ciudad-real\/wp-content\/uploads\/sites\/9\/2025\/04\/9788418118036_G-300x300.jpg 300w, https:\/\/e-leclerc.es\/ciudad-real\/wp-content\/uploads\/sites\/9\/2025\/04\/9788418118036_G-150x150.jpg 150w, https:\/\/e-leclerc.es\/ciudad-real\/wp-content\/uploads\/sites\/9\/2025\/04\/9788418118036_G-200x200.jpg 200w\" sizes=\"(max-width: 735px) 100vw, 735px\" \/>\t\t\t\t\t\t\t\t\t\t\t\t\t\t\t<\/div>\n\t\t\t\t<\/div>\n\t\t\t\t<\/div>\n\t\t<div class=\"elementor-element elementor-element-204a816 e-con-full e-flex e-con e-child\" data-id=\"204a816\" data-element_type=\"container\" data-e-type=\"container\">\n\t\t\t\t<div class=\"elementor-element elementor-element-f87d5fc elementor-widget elementor-widget-heading\" data-id=\"f87d5fc\" data-element_type=\"widget\" data-e-type=\"widget\" data-widget_type=\"heading.default\">\n\t\t\t\t<div class=\"elementor-widget-container\">\n\t\t\t\t\t<h3 class=\"elementor-heading-title elementor-size-default\">\"H\u00e1bitos at\u00f3micos\"\n<br>James Clear<\/h3>\t\t\t\t<\/div>\n\t\t\t\t<\/div>\n\t\t\t\t<div class=\"elementor-element elementor-element-bd9388c elementor-widget elementor-widget-text-editor\" data-id=\"bd9388c\" data-element_type=\"widget\" data-e-type=\"widget\" data-widget_type=\"text-editor.default\">\n\t\t\t\t<div class=\"elementor-widget-container\">\n\t\t\t\t\t\t\t\t\t<p>A menudo pensamos que para cambiar de vida tenemos que pensar en hacer cambios grandes. Nada m\u00e1s lejos de la realidad. Seg\u00fan el reconocido experto en h\u00e1bitos James Clear, el cambio real proviene del resultado de cientos de peque\u00f1as decisiones: hacer dos flexiones al d\u00eda, levantarse cinco minutos antes o hacer una corta llamada telef\u00f3nica.<\/p><p>Clear llama a estas decisiones \u201ch\u00e1bitos at\u00f3micos\u201d: tan peque\u00f1os como una part\u00edcula, pero tan poderosos como un tsunami. En este libro innovador nos revela exactamente c\u00f3mo esos cambios min\u00fasculos pueden crecer hasta llegar a cambiar nuestra carrera profesional, nuestras relaciones y todos los aspectos de nuestra vida.<\/p><p>\u00a0<\/p>\t\t\t\t\t\t\t\t<\/div>\n\t\t\t\t<\/div>\n\t\t\t\t<\/div>\n\t\t\t\t<\/div>\n\t\t\t\t\t<\/div>\n\t\t\t\t<\/div>\n\t\t<div class=\"elementor-element elementor-element-1954d6b e-flex e-con-boxed e-con e-parent\" data-id=\"1954d6b\" data-element_type=\"container\" data-e-type=\"container\">\n\t\t\t\t\t<div class=\"e-con-inner\">\n\t\t<div class=\"elementor-element elementor-element-44e6b9e e-con-full e-flex e-con e-child\" data-id=\"44e6b9e\" data-element_type=\"container\" data-e-type=\"container\">\n\t\t<div class=\"elementor-element elementor-element-8ad254c e-con-full e-flex e-con e-child\" data-id=\"8ad254c\" data-element_type=\"container\" data-e-type=\"container\">\n\t\t<div class=\"elementor-element elementor-element-3dda6be e-con-full e-flex e-con e-child\" data-id=\"3dda6be\" data-element_type=\"container\" data-e-type=\"container\">\n\t\t\t\t<div class=\"elementor-element elementor-element-1574f14 elementor-widget elementor-widget-heading\" data-id=\"1574f14\" data-element_type=\"widget\" data-e-type=\"widget\" data-widget_type=\"heading.default\">\n\t\t\t\t<div class=\"elementor-widget-container\">\n\t\t\t\t\t<h3 class=\"elementor-heading-title elementor-size-default\">\"Destroza este diario ahora a todo color\"\n <br>Keri Smith<\/h3>\t\t\t\t<\/div>\n\t\t\t\t<\/div>\n\t\t\t\t<div class=\"elementor-element elementor-element-6973988 elementor-widget elementor-widget-text-editor\" data-id=\"6973988\" data-element_type=\"widget\" data-e-type=\"widget\" data-widget_type=\"text-editor.default\">\n\t\t\t\t<div class=\"elementor-widget-container\">\n\t\t\t\t\t\t\t\t\t<p>Vuelve Destroza este diario, el gran bestseller de Paid\u00f3s, ahora a todo color: una edici\u00f3n especial que no dejar\u00e1 indiferente a nadie.<br \/>Puede que seas un experto destrozador y que hayas devorado uno o varios ejemplares de Destroza este diario. O tal vez esta sea tu primera vez (pst, puede que esta experiencia te cambie la vida). Sea como sea, no busques m\u00e1s, has encontrado el libro perfecto para destrozar.<\/p><p>Te presentamos el nuevo, Destroza este diario, \u00a1ahora en una impresionante edici\u00f3n a todo color! Dentro encontrar\u00e1s retos para pintar, romper, transformar y dar rienda suelta a tu creatividad; una mezcla de tus retos favoritos y otros completamente nuevos. Destroza este diario. Ahora a todo color te invita a destrozar en colores: mezcla pinturas para crear barro, deja que la suerte elija el tono, recorta tiras de papel de brillantes colores, y mucho m\u00e1s.<\/p><p>\u00bfQu\u00e9 colores usar\u00e1s para destrozar tu diario?<\/p>\t\t\t\t\t\t\t\t<\/div>\n\t\t\t\t<\/div>\n\t\t\t\t<\/div>\n\t\t<div class=\"elementor-element elementor-element-026d90f e-con-full e-flex e-con e-child\" data-id=\"026d90f\" data-element_type=\"container\" data-e-type=\"container\">\n\t\t\t\t<div class=\"elementor-element elementor-element-2993228 elementor-widget elementor-widget-image\" data-id=\"2993228\" data-element_type=\"widget\" data-e-type=\"widget\" data-widget_type=\"image.default\">\n\t\t\t\t<div class=\"elementor-widget-container\">\n\t\t\t\t\t\t\t\t\t\t\t\t\t\t\t<img decoding=\"async\" width=\"735\" height=\"735\" src=\"https:\/\/e-leclerc.es\/ciudad-real\/wp-content\/uploads\/sites\/9\/2025\/04\/9788449333736_G.jpg\" class=\"attachment-large size-large wp-image-9737\" alt=\"\" srcset=\"https:\/\/e-leclerc.es\/ciudad-real\/wp-content\/uploads\/sites\/9\/2025\/04\/9788449333736_G.jpg 735w, https:\/\/e-leclerc.es\/ciudad-real\/wp-content\/uploads\/sites\/9\/2025\/04\/9788449333736_G-300x300.jpg 300w, https:\/\/e-leclerc.es\/ciudad-real\/wp-content\/uploads\/sites\/9\/2025\/04\/9788449333736_G-150x150.jpg 150w, https:\/\/e-leclerc.es\/ciudad-real\/wp-content\/uploads\/sites\/9\/2025\/04\/9788449333736_G-200x200.jpg 200w\" sizes=\"(max-width: 735px) 100vw, 735px\" \/>\t\t\t\t\t\t\t\t\t\t\t\t\t\t\t<\/div>\n\t\t\t\t<\/div>\n\t\t\t\t<\/div>\n\t\t\t\t<\/div>\n\t\t\t\t<\/div>\n\t\t\t\t\t<\/div>\n\t\t\t\t<\/div>\n\t\t<div class=\"elementor-element elementor-element-710c78b e-flex e-con-boxed e-con e-parent\" data-id=\"710c78b\" data-element_type=\"container\" data-e-type=\"container\">\n\t\t\t\t\t<div class=\"e-con-inner\">\n\t\t<div class=\"elementor-element elementor-element-0c7a2fb e-con-full e-flex e-con e-child\" data-id=\"0c7a2fb\" data-element_type=\"container\" data-e-type=\"container\">\n\t\t\t\t<div class=\"elementor-element elementor-element-280d110 elementor-align-center elementor-widget__width-initial elementor-widget elementor-widget-button\" data-id=\"280d110\" data-element_type=\"widget\" data-e-type=\"widget\" data-widget_type=\"button.default\">\n\t\t\t\t<div class=\"elementor-widget-container\">\n\t\t\t\t\t\t\t\t\t<div class=\"elementor-button-wrapper\">\n\t\t\t\t\t<a class=\"elementor-button elementor-button-link elementor-size-sm\" href=\"https:\/\/e-leclerc.es\/ciudad-real\/tendencias\/feria-del-libro-2025\/\">\n\t\t\t\t\t\t<span class=\"elementor-button-content-wrapper\">\n\t\t\t\t\t\t\t\t\t<span class=\"elementor-button-text\">Feria del Libro 2025<\/span>\n\t\t\t\t\t<\/span>\n\t\t\t\t\t<\/a>\n\t\t\t\t<\/div>\n\t\t\t\t\t\t\t\t<\/div>\n\t\t\t\t<\/div>\n\t\t\t\t<\/div>\n\t\t\t\t\t<\/div>\n\t\t\t\t<\/div>\n\t\t\t\t<\/div>\n\t\t","protected":false},"excerpt":{"rendered":"<p>Libros de autoayuda Los libros de autoayuda son herramientas inspiradoras dise\u00f1adas para fomentar el crecimiento personal y el bienestar. A trav\u00e9s de consejos pr\u00e1cticos, reflexiones motivadoras y estrategias efectivas, estos libros ayudan a los lectores a superar desaf\u00edos, descubrir su potencial y construir una vida m\u00e1s plena y equilibrada. Son una gu\u00eda para transformar pensamientos [&hellip;]<\/p>\n","protected":false},"author":56,"featured_media":9757,"comment_status":"closed","ping_status":"open","sticky":false,"template":"","format":"standard","meta":{"_acf_changed":false,"footnotes":""},"categories":[214,215],"tags":[],"class_list":["post-9756","post","type-post","status-publish","format-standard","has-post-thumbnail","hentry","category-dias-especiales","category-feria-del-libro"],"acf":[],"yoast_head":"<!-- This site is optimized with the Yoast SEO plugin v27.4 - https:\/\/yoast.com\/product\/yoast-seo-wordpress\/ -->\n<title>Libros de autoayuda - E.Leclerc Ciudad Real<\/title>\n<meta name=\"robots\" content=\"index, follow, max-snippet:-1, max-image-preview:large, max-video-preview:-1\" \/>\n<link rel=\"canonical\" href=\"https:\/\/e-leclerc.es\/ciudad-real\/tendencias\/libros-de-autoayuda\/\" \/>\n<meta property=\"og:locale\" content=\"es_ES\" \/>\n<meta property=\"og:type\" content=\"article\" \/>\n<meta property=\"og:title\" content=\"Libros de autoayuda - E.Leclerc Ciudad Real\" \/>\n<meta property=\"og:description\" content=\"Libros de autoayuda Los libros de autoayuda son herramientas inspiradoras dise\u00f1adas para fomentar el crecimiento personal y el bienestar. A trav\u00e9s de consejos pr\u00e1cticos, reflexiones motivadoras y estrategias efectivas, estos libros ayudan a los lectores a superar desaf\u00edos, descubrir su potencial y construir una vida m\u00e1s plena y equilibrada. Son una gu\u00eda para transformar pensamientos [&hellip;]\" \/>\n<meta property=\"og:url\" content=\"https:\/\/e-leclerc.es\/ciudad-real\/tendencias\/libros-de-autoayuda\/\" \/>\n<meta property=\"og:site_name\" content=\"E.Leclerc Ciudad Real\" \/>\n<meta property=\"article:published_time\" content=\"2025-04-15T10:06:30+00:00\" \/>\n<meta property=\"og:image\" content=\"https:\/\/e-leclerc.es\/ciudad-real\/wp-content\/uploads\/sites\/9\/2025\/04\/istockphoto-1337098223-612x612-1.jpg\" \/>\n\t<meta property=\"og:image:width\" content=\"612\" \/>\n\t<meta property=\"og:image:height\" content=\"485\" \/>\n\t<meta property=\"og:image:type\" content=\"image\/jpeg\" \/>\n<meta name=\"author\" content=\"jorge\" \/>\n<meta name=\"twitter:card\" content=\"summary_large_image\" \/>\n<meta name=\"twitter:label1\" content=\"Escrito por\" \/>\n\t<meta name=\"twitter:data1\" content=\"jorge\" \/>\n\t<meta name=\"twitter:label2\" content=\"Tiempo de lectura\" \/>\n\t<meta name=\"twitter:data2\" content=\"3 minutos\" \/>\n<script type=\"application\/ld+json\" class=\"yoast-schema-graph\">{\"@context\":\"https:\\\/\\\/schema.org\",\"@graph\":[{\"@type\":\"Article\",\"@id\":\"https:\\\/\\\/e-leclerc.es\\\/ciudad-real\\\/tendencias\\\/libros-de-autoayuda\\\/#article\",\"isPartOf\":{\"@id\":\"https:\\\/\\\/e-leclerc.es\\\/ciudad-real\\\/tendencias\\\/libros-de-autoayuda\\\/\"},\"author\":{\"name\":\"jorge\",\"@id\":\"https:\\\/\\\/e-leclerc.es\\\/ciudad-real\\\/#\\\/schema\\\/person\\\/04ab2c7a51567f015c9ebf63cedfd818\"},\"headline\":\"Libros de autoayuda\",\"datePublished\":\"2025-04-15T10:06:30+00:00\",\"mainEntityOfPage\":{\"@id\":\"https:\\\/\\\/e-leclerc.es\\\/ciudad-real\\\/tendencias\\\/libros-de-autoayuda\\\/\"},\"wordCount\":359,\"publisher\":{\"@id\":\"https:\\\/\\\/e-leclerc.es\\\/ciudad-real\\\/#organization\"},\"image\":{\"@id\":\"https:\\\/\\\/e-leclerc.es\\\/ciudad-real\\\/tendencias\\\/libros-de-autoayuda\\\/#primaryimage\"},\"thumbnailUrl\":\"https:\\\/\\\/e-leclerc.es\\\/ciudad-real\\\/wp-content\\\/uploads\\\/sites\\\/9\\\/2025\\\/04\\\/istockphoto-1337098223-612x612-1.jpg\",\"articleSection\":[\"Dias especiales\",\"Feria del libro\"],\"inLanguage\":\"es\"},{\"@type\":\"WebPage\",\"@id\":\"https:\\\/\\\/e-leclerc.es\\\/ciudad-real\\\/tendencias\\\/libros-de-autoayuda\\\/\",\"url\":\"https:\\\/\\\/e-leclerc.es\\\/ciudad-real\\\/tendencias\\\/libros-de-autoayuda\\\/\",\"name\":\"Libros de autoayuda - E.Leclerc Ciudad Real\",\"isPartOf\":{\"@id\":\"https:\\\/\\\/e-leclerc.es\\\/ciudad-real\\\/#website\"},\"primaryImageOfPage\":{\"@id\":\"https:\\\/\\\/e-leclerc.es\\\/ciudad-real\\\/tendencias\\\/libros-de-autoayuda\\\/#primaryimage\"},\"image\":{\"@id\":\"https:\\\/\\\/e-leclerc.es\\\/ciudad-real\\\/tendencias\\\/libros-de-autoayuda\\\/#primaryimage\"},\"thumbnailUrl\":\"https:\\\/\\\/e-leclerc.es\\\/ciudad-real\\\/wp-content\\\/uploads\\\/sites\\\/9\\\/2025\\\/04\\\/istockphoto-1337098223-612x612-1.jpg\",\"datePublished\":\"2025-04-15T10:06:30+00:00\",\"breadcrumb\":{\"@id\":\"https:\\\/\\\/e-leclerc.es\\\/ciudad-real\\\/tendencias\\\/libros-de-autoayuda\\\/#breadcrumb\"},\"inLanguage\":\"es\",\"potentialAction\":[{\"@type\":\"ReadAction\",\"target\":[\"https:\\\/\\\/e-leclerc.es\\\/ciudad-real\\\/tendencias\\\/libros-de-autoayuda\\\/\"]}]},{\"@type\":\"ImageObject\",\"inLanguage\":\"es\",\"@id\":\"https:\\\/\\\/e-leclerc.es\\\/ciudad-real\\\/tendencias\\\/libros-de-autoayuda\\\/#primaryimage\",\"url\":\"https:\\\/\\\/e-leclerc.es\\\/ciudad-real\\\/wp-content\\\/uploads\\\/sites\\\/9\\\/2025\\\/04\\\/istockphoto-1337098223-612x612-1.jpg\",\"contentUrl\":\"https:\\\/\\\/e-leclerc.es\\\/ciudad-real\\\/wp-content\\\/uploads\\\/sites\\\/9\\\/2025\\\/04\\\/istockphoto-1337098223-612x612-1.jpg\",\"width\":612,\"height\":485},{\"@type\":\"BreadcrumbList\",\"@id\":\"https:\\\/\\\/e-leclerc.es\\\/ciudad-real\\\/tendencias\\\/libros-de-autoayuda\\\/#breadcrumb\",\"itemListElement\":[{\"@type\":\"ListItem\",\"position\":1,\"name\":\"Portada\",\"item\":\"https:\\\/\\\/e-leclerc.es\\\/ciudad-real\\\/\"},{\"@type\":\"ListItem\",\"position\":2,\"name\":\"Libros de autoayuda\"}]},{\"@type\":\"WebSite\",\"@id\":\"https:\\\/\\\/e-leclerc.es\\\/ciudad-real\\\/#website\",\"url\":\"https:\\\/\\\/e-leclerc.es\\\/ciudad-real\\\/\",\"name\":\"E.Leclerc Ciudad Real\",\"description\":\"Descubre los folletos, ofertas y promociones de nuestro hipermercado E.Leclerc Ciudad Real en Castilla-La Mancha. Direcci\u00f3n | Horario | Productos locales\",\"publisher\":{\"@id\":\"https:\\\/\\\/e-leclerc.es\\\/ciudad-real\\\/#organization\"},\"potentialAction\":[{\"@type\":\"SearchAction\",\"target\":{\"@type\":\"EntryPoint\",\"urlTemplate\":\"https:\\\/\\\/e-leclerc.es\\\/ciudad-real\\\/?s={search_term_string}\"},\"query-input\":{\"@type\":\"PropertyValueSpecification\",\"valueRequired\":true,\"valueName\":\"search_term_string\"}}],\"inLanguage\":\"es\"},{\"@type\":\"Organization\",\"@id\":\"https:\\\/\\\/e-leclerc.es\\\/ciudad-real\\\/#organization\",\"name\":\"E.Leclerc Ciudad Real\",\"url\":\"https:\\\/\\\/e-leclerc.es\\\/ciudad-real\\\/\",\"logo\":{\"@type\":\"ImageObject\",\"inLanguage\":\"es\",\"@id\":\"https:\\\/\\\/e-leclerc.es\\\/ciudad-real\\\/#\\\/schema\\\/logo\\\/image\\\/\",\"url\":\"https:\\\/\\\/e-leclerc.es\\\/ciudad-real\\\/wp-content\\\/uploads\\\/sites\\\/9\\\/2024\\\/03\\\/Leclerc_Logo.svg\",\"contentUrl\":\"https:\\\/\\\/e-leclerc.es\\\/ciudad-real\\\/wp-content\\\/uploads\\\/sites\\\/9\\\/2024\\\/03\\\/Leclerc_Logo.svg\",\"caption\":\"E.Leclerc Ciudad Real\"},\"image\":{\"@id\":\"https:\\\/\\\/e-leclerc.es\\\/ciudad-real\\\/#\\\/schema\\\/logo\\\/image\\\/\"}},{\"@type\":\"Person\",\"@id\":\"https:\\\/\\\/e-leclerc.es\\\/ciudad-real\\\/#\\\/schema\\\/person\\\/04ab2c7a51567f015c9ebf63cedfd818\",\"name\":\"jorge\",\"url\":\"https:\\\/\\\/e-leclerc.es\\\/ciudad-real\\\/author\\\/jorge\\\/\"}]}<\/script>\n<!-- \/ Yoast SEO plugin. -->","yoast_head_json":{"title":"Libros de autoayuda - E.Leclerc Ciudad Real","robots":{"index":"index","follow":"follow","max-snippet":"max-snippet:-1","max-image-preview":"max-image-preview:large","max-video-preview":"max-video-preview:-1"},"canonical":"https:\/\/e-leclerc.es\/ciudad-real\/tendencias\/libros-de-autoayuda\/","og_locale":"es_ES","og_type":"article","og_title":"Libros de autoayuda - E.Leclerc Ciudad Real","og_description":"Libros de autoayuda Los libros de autoayuda son herramientas inspiradoras dise\u00f1adas para fomentar el crecimiento personal y el bienestar. A trav\u00e9s de consejos pr\u00e1cticos, reflexiones motivadoras y estrategias efectivas, estos libros ayudan a los lectores a superar desaf\u00edos, descubrir su potencial y construir una vida m\u00e1s plena y equilibrada. Son una gu\u00eda para transformar pensamientos [&hellip;]","og_url":"https:\/\/e-leclerc.es\/ciudad-real\/tendencias\/libros-de-autoayuda\/","og_site_name":"E.Leclerc Ciudad Real","article_published_time":"2025-04-15T10:06:30+00:00","og_image":[{"width":612,"height":485,"url":"https:\/\/e-leclerc.es\/ciudad-real\/wp-content\/uploads\/sites\/9\/2025\/04\/istockphoto-1337098223-612x612-1.jpg","type":"image\/jpeg"}],"author":"jorge","twitter_card":"summary_large_image","twitter_misc":{"Escrito por":"jorge","Tiempo de lectura":"3 minutos"},"schema":{"@context":"https:\/\/schema.org","@graph":[{"@type":"Article","@id":"https:\/\/e-leclerc.es\/ciudad-real\/tendencias\/libros-de-autoayuda\/#article","isPartOf":{"@id":"https:\/\/e-leclerc.es\/ciudad-real\/tendencias\/libros-de-autoayuda\/"},"author":{"name":"jorge","@id":"https:\/\/e-leclerc.es\/ciudad-real\/#\/schema\/person\/04ab2c7a51567f015c9ebf63cedfd818"},"headline":"Libros de autoayuda","datePublished":"2025-04-15T10:06:30+00:00","mainEntityOfPage":{"@id":"https:\/\/e-leclerc.es\/ciudad-real\/tendencias\/libros-de-autoayuda\/"},"wordCount":359,"publisher":{"@id":"https:\/\/e-leclerc.es\/ciudad-real\/#organization"},"image":{"@id":"https:\/\/e-leclerc.es\/ciudad-real\/tendencias\/libros-de-autoayuda\/#primaryimage"},"thumbnailUrl":"https:\/\/e-leclerc.es\/ciudad-real\/wp-content\/uploads\/sites\/9\/2025\/04\/istockphoto-1337098223-612x612-1.jpg","articleSection":["Dias especiales","Feria del libro"],"inLanguage":"es"},{"@type":"WebPage","@id":"https:\/\/e-leclerc.es\/ciudad-real\/tendencias\/libros-de-autoayuda\/","url":"https:\/\/e-leclerc.es\/ciudad-real\/tendencias\/libros-de-autoayuda\/","name":"Libros de autoayuda - E.Leclerc Ciudad Real","isPartOf":{"@id":"https:\/\/e-leclerc.es\/ciudad-real\/#website"},"primaryImageOfPage":{"@id":"https:\/\/e-leclerc.es\/ciudad-real\/tendencias\/libros-de-autoayuda\/#primaryimage"},"image":{"@id":"https:\/\/e-leclerc.es\/ciudad-real\/tendencias\/libros-de-autoayuda\/#primaryimage"},"thumbnailUrl":"https:\/\/e-leclerc.es\/ciudad-real\/wp-content\/uploads\/sites\/9\/2025\/04\/istockphoto-1337098223-612x612-1.jpg","datePublished":"2025-04-15T10:06:30+00:00","breadcrumb":{"@id":"https:\/\/e-leclerc.es\/ciudad-real\/tendencias\/libros-de-autoayuda\/#breadcrumb"},"inLanguage":"es","potentialAction":[{"@type":"ReadAction","target":["https:\/\/e-leclerc.es\/ciudad-real\/tendencias\/libros-de-autoayuda\/"]}]},{"@type":"ImageObject","inLanguage":"es","@id":"https:\/\/e-leclerc.es\/ciudad-real\/tendencias\/libros-de-autoayuda\/#primaryimage","url":"https:\/\/e-leclerc.es\/ciudad-real\/wp-content\/uploads\/sites\/9\/2025\/04\/istockphoto-1337098223-612x612-1.jpg","contentUrl":"https:\/\/e-leclerc.es\/ciudad-real\/wp-content\/uploads\/sites\/9\/2025\/04\/istockphoto-1337098223-612x612-1.jpg","width":612,"height":485},{"@type":"BreadcrumbList","@id":"https:\/\/e-leclerc.es\/ciudad-real\/tendencias\/libros-de-autoayuda\/#breadcrumb","itemListElement":[{"@type":"ListItem","position":1,"name":"Portada","item":"https:\/\/e-leclerc.es\/ciudad-real\/"},{"@type":"ListItem","position":2,"name":"Libros de autoayuda"}]},{"@type":"WebSite","@id":"https:\/\/e-leclerc.es\/ciudad-real\/#website","url":"https:\/\/e-leclerc.es\/ciudad-real\/","name":"E.Leclerc Ciudad Real","description":"Descubre los folletos, ofertas y promociones de nuestro hipermercado E.Leclerc Ciudad Real en Castilla-La Mancha. Direcci\u00f3n | Horario | Productos locales","publisher":{"@id":"https:\/\/e-leclerc.es\/ciudad-real\/#organization"},"potentialAction":[{"@type":"SearchAction","target":{"@type":"EntryPoint","urlTemplate":"https:\/\/e-leclerc.es\/ciudad-real\/?s={search_term_string}"},"query-input":{"@type":"PropertyValueSpecification","valueRequired":true,"valueName":"search_term_string"}}],"inLanguage":"es"},{"@type":"Organization","@id":"https:\/\/e-leclerc.es\/ciudad-real\/#organization","name":"E.Leclerc Ciudad Real","url":"https:\/\/e-leclerc.es\/ciudad-real\/","logo":{"@type":"ImageObject","inLanguage":"es","@id":"https:\/\/e-leclerc.es\/ciudad-real\/#\/schema\/logo\/image\/","url":"https:\/\/e-leclerc.es\/ciudad-real\/wp-content\/uploads\/sites\/9\/2024\/03\/Leclerc_Logo.svg","contentUrl":"https:\/\/e-leclerc.es\/ciudad-real\/wp-content\/uploads\/sites\/9\/2024\/03\/Leclerc_Logo.svg","caption":"E.Leclerc Ciudad Real"},"image":{"@id":"https:\/\/e-leclerc.es\/ciudad-real\/#\/schema\/logo\/image\/"}},{"@type":"Person","@id":"https:\/\/e-leclerc.es\/ciudad-real\/#\/schema\/person\/04ab2c7a51567f015c9ebf63cedfd818","name":"jorge","url":"https:\/\/e-leclerc.es\/ciudad-real\/author\/jorge\/"}]}},"_links":{"self":[{"href":"https:\/\/e-leclerc.es\/ciudad-real\/wp-json\/wp\/v2\/posts\/9756","targetHints":{"allow":["GET"]}}],"collection":[{"href":"https:\/\/e-leclerc.es\/ciudad-real\/wp-json\/wp\/v2\/posts"}],"about":[{"href":"https:\/\/e-leclerc.es\/ciudad-real\/wp-json\/wp\/v2\/types\/post"}],"author":[{"embeddable":true,"href":"https:\/\/e-leclerc.es\/ciudad-real\/wp-json\/wp\/v2\/users\/56"}],"replies":[{"embeddable":true,"href":"https:\/\/e-leclerc.es\/ciudad-real\/wp-json\/wp\/v2\/comments?post=9756"}],"version-history":[{"count":6,"href":"https:\/\/e-leclerc.es\/ciudad-real\/wp-json\/wp\/v2\/posts\/9756\/revisions"}],"predecessor-version":[{"id":9763,"href":"https:\/\/e-leclerc.es\/ciudad-real\/wp-json\/wp\/v2\/posts\/9756\/revisions\/9763"}],"wp:featuredmedia":[{"embeddable":true,"href":"https:\/\/e-leclerc.es\/ciudad-real\/wp-json\/wp\/v2\/media\/9757"}],"wp:attachment":[{"href":"https:\/\/e-leclerc.es\/ciudad-real\/wp-json\/wp\/v2\/media?parent=9756"}],"wp:term":[{"taxonomy":"category","embeddable":true,"href":"https:\/\/e-leclerc.es\/ciudad-real\/wp-json\/wp\/v2\/categories?post=9756"},{"taxonomy":"post_tag","embeddable":true,"href":"https:\/\/e-leclerc.es\/ciudad-real\/wp-json\/wp\/v2\/tags?post=9756"}],"curies":[{"name":"wp","href":"https:\/\/api.w.org\/{rel}","templated":true}]}}