{"id":6179,"date":"2016-05-10T11:07:07","date_gmt":"2016-05-10T09:07:07","guid":{"rendered":"https:\/\/www.e-leclerc.es\/ciudad-real\/tendencias\/e-leclerc-colabora-con-el-campus-de-futbol-de-ciudad-real\/"},"modified":"2016-05-10T11:07:07","modified_gmt":"2016-05-10T09:07:07","slug":"e-leclerc-colabora-con-el-campus-de-futbol-de-ciudad-real","status":"publish","type":"post","link":"https:\/\/e-leclerc.es\/ciudad-real\/tendencias\/e-leclerc-colabora-con-el-campus-de-futbol-de-ciudad-real\/","title":{"rendered":"E.LECLERC COLABORA CON EL CAMPUS DE F\u00daTBOL DE CIUDAD REAL"},"content":{"rendered":"<p>Tal y como viene haciendo desde hace varios a\u00f1os Hipermercado E.Leclerc colabora con el Campus de F\u00fatbol de Ciudad Real, apoyando, como siempre, el deporte entre los m\u00e1s j\u00f3venes de nuestra ciudad.<\/p>\n","protected":false},"excerpt":{"rendered":"<p>Tal y como viene haciendo desde hace varios a\u00f1os Hipermercado E.Leclerc colabora con el Campus de F\u00fatbol de Ciudad Real, apoyando, como siempre, el deporte entre los m\u00e1s j\u00f3venes de nuestra ciudad.<\/p>\n","protected":false},"author":0,"featured_media":6180,"comment_status":"","ping_status":"open","sticky":false,"template":"","format":"standard","meta":{"_acf_changed":false,"footnotes":""},"categories":[1],"tags":[],"class_list":["post-6179","post","type-post","status-publish","format-standard","has-post-thumbnail","hentry","category-uncategorized"],"acf":[],"yoast_head":"<!-- This site is optimized with the Yoast SEO plugin v27.4 - https:\/\/yoast.com\/product\/yoast-seo-wordpress\/ -->\n<title>E.LECLERC COLABORA CON EL CAMPUS DE F\u00daTBOL DE CIUDAD REAL - E.Leclerc Ciudad Real<\/title>\n<meta name=\"robots\" content=\"index, follow, max-snippet:-1, max-image-preview:large, max-video-preview:-1\" \/>\n<link rel=\"canonical\" href=\"https:\/\/e-leclerc.es\/ciudad-real\/tendencias\/e-leclerc-colabora-con-el-campus-de-futbol-de-ciudad-real\/\" \/>\n<meta property=\"og:locale\" content=\"es_ES\" \/>\n<meta property=\"og:type\" content=\"article\" \/>\n<meta property=\"og:title\" content=\"E.LECLERC COLABORA CON EL CAMPUS DE F\u00daTBOL DE CIUDAD REAL - E.Leclerc Ciudad Real\" \/>\n<meta property=\"og:description\" content=\"Tal y como viene haciendo desde hace varios a\u00f1os Hipermercado E.Leclerc colabora con el Campus de F\u00fatbol de Ciudad Real, apoyando, como siempre, el deporte entre los m\u00e1s j\u00f3venes de nuestra ciudad.\" \/>\n<meta property=\"og:url\" content=\"https:\/\/e-leclerc.es\/ciudad-real\/tendencias\/e-leclerc-colabora-con-el-campus-de-futbol-de-ciudad-real\/\" \/>\n<meta property=\"og:site_name\" content=\"E.Leclerc Ciudad Real\" \/>\n<meta property=\"article:published_time\" content=\"2016-05-10T09:07:07+00:00\" \/>\n<meta property=\"og:image\" content=\"https:\/\/e-leclerc.es\/ciudad-real\/wp-content\/uploads\/sites\/9\/2016\/05\/2013_737.jpg\" \/>\n\t<meta property=\"og:image:width\" content=\"995\" \/>\n\t<meta property=\"og:image:height\" content=\"459\" \/>\n\t<meta property=\"og:image:type\" content=\"image\/jpeg\" \/>\n<meta name=\"twitter:card\" content=\"summary_large_image\" \/>\n<script type=\"application\/ld+json\" class=\"yoast-schema-graph\">{\"@context\":\"https:\\\/\\\/schema.org\",\"@graph\":[{\"@type\":\"Article\",\"@id\":\"https:\\\/\\\/e-leclerc.es\\\/ciudad-real\\\/tendencias\\\/e-leclerc-colabora-con-el-campus-de-futbol-de-ciudad-real\\\/#article\",\"isPartOf\":{\"@id\":\"https:\\\/\\\/e-leclerc.es\\\/ciudad-real\\\/tendencias\\\/e-leclerc-colabora-con-el-campus-de-futbol-de-ciudad-real\\\/\"},\"author\":{\"name\":\"\",\"@id\":\"\"},\"headline\":\"E.LECLERC COLABORA CON EL CAMPUS DE F\u00daTBOL DE CIUDAD REAL\",\"datePublished\":\"2016-05-10T09:07:07+00:00\",\"mainEntityOfPage\":{\"@id\":\"https:\\\/\\\/e-leclerc.es\\\/ciudad-real\\\/tendencias\\\/e-leclerc-colabora-con-el-campus-de-futbol-de-ciudad-real\\\/\"},\"wordCount\":49,\"publisher\":{\"@id\":\"https:\\\/\\\/e-leclerc.es\\\/ciudad-real\\\/#organization\"},\"image\":{\"@id\":\"https:\\\/\\\/e-leclerc.es\\\/ciudad-real\\\/tendencias\\\/e-leclerc-colabora-con-el-campus-de-futbol-de-ciudad-real\\\/#primaryimage\"},\"thumbnailUrl\":\"https:\\\/\\\/e-leclerc.es\\\/ciudad-real\\\/wp-content\\\/uploads\\\/sites\\\/9\\\/2016\\\/05\\\/2013_737.jpg\",\"articleSection\":[\"E.Leclerc en los medios\"],\"inLanguage\":\"es\"},{\"@type\":\"WebPage\",\"@id\":\"https:\\\/\\\/e-leclerc.es\\\/ciudad-real\\\/tendencias\\\/e-leclerc-colabora-con-el-campus-de-futbol-de-ciudad-real\\\/\",\"url\":\"https:\\\/\\\/e-leclerc.es\\\/ciudad-real\\\/tendencias\\\/e-leclerc-colabora-con-el-campus-de-futbol-de-ciudad-real\\\/\",\"name\":\"E.LECLERC COLABORA CON EL CAMPUS DE F\u00daTBOL DE CIUDAD REAL - E.Leclerc Ciudad Real\",\"isPartOf\":{\"@id\":\"https:\\\/\\\/e-leclerc.es\\\/ciudad-real\\\/#website\"},\"primaryImageOfPage\":{\"@id\":\"https:\\\/\\\/e-leclerc.es\\\/ciudad-real\\\/tendencias\\\/e-leclerc-colabora-con-el-campus-de-futbol-de-ciudad-real\\\/#primaryimage\"},\"image\":{\"@id\":\"https:\\\/\\\/e-leclerc.es\\\/ciudad-real\\\/tendencias\\\/e-leclerc-colabora-con-el-campus-de-futbol-de-ciudad-real\\\/#primaryimage\"},\"thumbnailUrl\":\"https:\\\/\\\/e-leclerc.es\\\/ciudad-real\\\/wp-content\\\/uploads\\\/sites\\\/9\\\/2016\\\/05\\\/2013_737.jpg\",\"datePublished\":\"2016-05-10T09:07:07+00:00\",\"breadcrumb\":{\"@id\":\"https:\\\/\\\/e-leclerc.es\\\/ciudad-real\\\/tendencias\\\/e-leclerc-colabora-con-el-campus-de-futbol-de-ciudad-real\\\/#breadcrumb\"},\"inLanguage\":\"es\",\"potentialAction\":[{\"@type\":\"ReadAction\",\"target\":[\"https:\\\/\\\/e-leclerc.es\\\/ciudad-real\\\/tendencias\\\/e-leclerc-colabora-con-el-campus-de-futbol-de-ciudad-real\\\/\"]}]},{\"@type\":\"ImageObject\",\"inLanguage\":\"es\",\"@id\":\"https:\\\/\\\/e-leclerc.es\\\/ciudad-real\\\/tendencias\\\/e-leclerc-colabora-con-el-campus-de-futbol-de-ciudad-real\\\/#primaryimage\",\"url\":\"https:\\\/\\\/e-leclerc.es\\\/ciudad-real\\\/wp-content\\\/uploads\\\/sites\\\/9\\\/2016\\\/05\\\/2013_737.jpg\",\"contentUrl\":\"https:\\\/\\\/e-leclerc.es\\\/ciudad-real\\\/wp-content\\\/uploads\\\/sites\\\/9\\\/2016\\\/05\\\/2013_737.jpg\",\"width\":995,\"height\":459},{\"@type\":\"BreadcrumbList\",\"@id\":\"https:\\\/\\\/e-leclerc.es\\\/ciudad-real\\\/tendencias\\\/e-leclerc-colabora-con-el-campus-de-futbol-de-ciudad-real\\\/#breadcrumb\",\"itemListElement\":[{\"@type\":\"ListItem\",\"position\":1,\"name\":\"Portada\",\"item\":\"https:\\\/\\\/e-leclerc.es\\\/ciudad-real\\\/\"},{\"@type\":\"ListItem\",\"position\":2,\"name\":\"E.LECLERC COLABORA CON EL CAMPUS DE F\u00daTBOL DE CIUDAD REAL\"}]},{\"@type\":\"WebSite\",\"@id\":\"https:\\\/\\\/e-leclerc.es\\\/ciudad-real\\\/#website\",\"url\":\"https:\\\/\\\/e-leclerc.es\\\/ciudad-real\\\/\",\"name\":\"E.Leclerc Ciudad Real\",\"description\":\"Descubre los folletos, ofertas y promociones de nuestro hipermercado E.Leclerc Ciudad Real en Castilla-La Mancha. Direcci\u00f3n | Horario | Productos locales\",\"publisher\":{\"@id\":\"https:\\\/\\\/e-leclerc.es\\\/ciudad-real\\\/#organization\"},\"potentialAction\":[{\"@type\":\"SearchAction\",\"target\":{\"@type\":\"EntryPoint\",\"urlTemplate\":\"https:\\\/\\\/e-leclerc.es\\\/ciudad-real\\\/?s={search_term_string}\"},\"query-input\":{\"@type\":\"PropertyValueSpecification\",\"valueRequired\":true,\"valueName\":\"search_term_string\"}}],\"inLanguage\":\"es\"},{\"@type\":\"Organization\",\"@id\":\"https:\\\/\\\/e-leclerc.es\\\/ciudad-real\\\/#organization\",\"name\":\"E.Leclerc Ciudad Real\",\"url\":\"https:\\\/\\\/e-leclerc.es\\\/ciudad-real\\\/\",\"logo\":{\"@type\":\"ImageObject\",\"inLanguage\":\"es\",\"@id\":\"https:\\\/\\\/e-leclerc.es\\\/ciudad-real\\\/#\\\/schema\\\/logo\\\/image\\\/\",\"url\":\"https:\\\/\\\/e-leclerc.es\\\/ciudad-real\\\/wp-content\\\/uploads\\\/sites\\\/9\\\/2024\\\/03\\\/Leclerc_Logo.svg\",\"contentUrl\":\"https:\\\/\\\/e-leclerc.es\\\/ciudad-real\\\/wp-content\\\/uploads\\\/sites\\\/9\\\/2024\\\/03\\\/Leclerc_Logo.svg\",\"caption\":\"E.Leclerc Ciudad Real\"},\"image\":{\"@id\":\"https:\\\/\\\/e-leclerc.es\\\/ciudad-real\\\/#\\\/schema\\\/logo\\\/image\\\/\"}}]}<\/script>\n<!-- \/ Yoast SEO plugin. -->","yoast_head_json":{"title":"E.LECLERC COLABORA CON EL CAMPUS DE F\u00daTBOL DE CIUDAD REAL - E.Leclerc Ciudad Real","robots":{"index":"index","follow":"follow","max-snippet":"max-snippet:-1","max-image-preview":"max-image-preview:large","max-video-preview":"max-video-preview:-1"},"canonical":"https:\/\/e-leclerc.es\/ciudad-real\/tendencias\/e-leclerc-colabora-con-el-campus-de-futbol-de-ciudad-real\/","og_locale":"es_ES","og_type":"article","og_title":"E.LECLERC COLABORA CON EL CAMPUS DE F\u00daTBOL DE CIUDAD REAL - E.Leclerc Ciudad Real","og_description":"Tal y como viene haciendo desde hace varios a\u00f1os Hipermercado E.Leclerc colabora con el Campus de F\u00fatbol de Ciudad Real, apoyando, como siempre, el deporte entre los m\u00e1s j\u00f3venes de nuestra ciudad.","og_url":"https:\/\/e-leclerc.es\/ciudad-real\/tendencias\/e-leclerc-colabora-con-el-campus-de-futbol-de-ciudad-real\/","og_site_name":"E.Leclerc Ciudad Real","article_published_time":"2016-05-10T09:07:07+00:00","og_image":[{"width":995,"height":459,"url":"https:\/\/e-leclerc.es\/ciudad-real\/wp-content\/uploads\/sites\/9\/2016\/05\/2013_737.jpg","type":"image\/jpeg"}],"twitter_card":"summary_large_image","schema":{"@context":"https:\/\/schema.org","@graph":[{"@type":"Article","@id":"https:\/\/e-leclerc.es\/ciudad-real\/tendencias\/e-leclerc-colabora-con-el-campus-de-futbol-de-ciudad-real\/#article","isPartOf":{"@id":"https:\/\/e-leclerc.es\/ciudad-real\/tendencias\/e-leclerc-colabora-con-el-campus-de-futbol-de-ciudad-real\/"},"author":{"name":"","@id":""},"headline":"E.LECLERC COLABORA CON EL CAMPUS DE F\u00daTBOL DE CIUDAD REAL","datePublished":"2016-05-10T09:07:07+00:00","mainEntityOfPage":{"@id":"https:\/\/e-leclerc.es\/ciudad-real\/tendencias\/e-leclerc-colabora-con-el-campus-de-futbol-de-ciudad-real\/"},"wordCount":49,"publisher":{"@id":"https:\/\/e-leclerc.es\/ciudad-real\/#organization"},"image":{"@id":"https:\/\/e-leclerc.es\/ciudad-real\/tendencias\/e-leclerc-colabora-con-el-campus-de-futbol-de-ciudad-real\/#primaryimage"},"thumbnailUrl":"https:\/\/e-leclerc.es\/ciudad-real\/wp-content\/uploads\/sites\/9\/2016\/05\/2013_737.jpg","articleSection":["E.Leclerc en los medios"],"inLanguage":"es"},{"@type":"WebPage","@id":"https:\/\/e-leclerc.es\/ciudad-real\/tendencias\/e-leclerc-colabora-con-el-campus-de-futbol-de-ciudad-real\/","url":"https:\/\/e-leclerc.es\/ciudad-real\/tendencias\/e-leclerc-colabora-con-el-campus-de-futbol-de-ciudad-real\/","name":"E.LECLERC COLABORA CON EL CAMPUS DE F\u00daTBOL DE CIUDAD REAL - E.Leclerc Ciudad Real","isPartOf":{"@id":"https:\/\/e-leclerc.es\/ciudad-real\/#website"},"primaryImageOfPage":{"@id":"https:\/\/e-leclerc.es\/ciudad-real\/tendencias\/e-leclerc-colabora-con-el-campus-de-futbol-de-ciudad-real\/#primaryimage"},"image":{"@id":"https:\/\/e-leclerc.es\/ciudad-real\/tendencias\/e-leclerc-colabora-con-el-campus-de-futbol-de-ciudad-real\/#primaryimage"},"thumbnailUrl":"https:\/\/e-leclerc.es\/ciudad-real\/wp-content\/uploads\/sites\/9\/2016\/05\/2013_737.jpg","datePublished":"2016-05-10T09:07:07+00:00","breadcrumb":{"@id":"https:\/\/e-leclerc.es\/ciudad-real\/tendencias\/e-leclerc-colabora-con-el-campus-de-futbol-de-ciudad-real\/#breadcrumb"},"inLanguage":"es","potentialAction":[{"@type":"ReadAction","target":["https:\/\/e-leclerc.es\/ciudad-real\/tendencias\/e-leclerc-colabora-con-el-campus-de-futbol-de-ciudad-real\/"]}]},{"@type":"ImageObject","inLanguage":"es","@id":"https:\/\/e-leclerc.es\/ciudad-real\/tendencias\/e-leclerc-colabora-con-el-campus-de-futbol-de-ciudad-real\/#primaryimage","url":"https:\/\/e-leclerc.es\/ciudad-real\/wp-content\/uploads\/sites\/9\/2016\/05\/2013_737.jpg","contentUrl":"https:\/\/e-leclerc.es\/ciudad-real\/wp-content\/uploads\/sites\/9\/2016\/05\/2013_737.jpg","width":995,"height":459},{"@type":"BreadcrumbList","@id":"https:\/\/e-leclerc.es\/ciudad-real\/tendencias\/e-leclerc-colabora-con-el-campus-de-futbol-de-ciudad-real\/#breadcrumb","itemListElement":[{"@type":"ListItem","position":1,"name":"Portada","item":"https:\/\/e-leclerc.es\/ciudad-real\/"},{"@type":"ListItem","position":2,"name":"E.LECLERC COLABORA CON EL CAMPUS DE F\u00daTBOL DE CIUDAD REAL"}]},{"@type":"WebSite","@id":"https:\/\/e-leclerc.es\/ciudad-real\/#website","url":"https:\/\/e-leclerc.es\/ciudad-real\/","name":"E.Leclerc Ciudad Real","description":"Descubre los folletos, ofertas y promociones de nuestro hipermercado E.Leclerc Ciudad Real en Castilla-La Mancha. Direcci\u00f3n | Horario | Productos locales","publisher":{"@id":"https:\/\/e-leclerc.es\/ciudad-real\/#organization"},"potentialAction":[{"@type":"SearchAction","target":{"@type":"EntryPoint","urlTemplate":"https:\/\/e-leclerc.es\/ciudad-real\/?s={search_term_string}"},"query-input":{"@type":"PropertyValueSpecification","valueRequired":true,"valueName":"search_term_string"}}],"inLanguage":"es"},{"@type":"Organization","@id":"https:\/\/e-leclerc.es\/ciudad-real\/#organization","name":"E.Leclerc Ciudad Real","url":"https:\/\/e-leclerc.es\/ciudad-real\/","logo":{"@type":"ImageObject","inLanguage":"es","@id":"https:\/\/e-leclerc.es\/ciudad-real\/#\/schema\/logo\/image\/","url":"https:\/\/e-leclerc.es\/ciudad-real\/wp-content\/uploads\/sites\/9\/2024\/03\/Leclerc_Logo.svg","contentUrl":"https:\/\/e-leclerc.es\/ciudad-real\/wp-content\/uploads\/sites\/9\/2024\/03\/Leclerc_Logo.svg","caption":"E.Leclerc Ciudad Real"},"image":{"@id":"https:\/\/e-leclerc.es\/ciudad-real\/#\/schema\/logo\/image\/"}}]}},"_links":{"self":[{"href":"https:\/\/e-leclerc.es\/ciudad-real\/wp-json\/wp\/v2\/posts\/6179","targetHints":{"allow":["GET"]}}],"collection":[{"href":"https:\/\/e-leclerc.es\/ciudad-real\/wp-json\/wp\/v2\/posts"}],"about":[{"href":"https:\/\/e-leclerc.es\/ciudad-real\/wp-json\/wp\/v2\/types\/post"}],"replies":[{"embeddable":true,"href":"https:\/\/e-leclerc.es\/ciudad-real\/wp-json\/wp\/v2\/comments?post=6179"}],"version-history":[{"count":0,"href":"https:\/\/e-leclerc.es\/ciudad-real\/wp-json\/wp\/v2\/posts\/6179\/revisions"}],"wp:featuredmedia":[{"embeddable":true,"href":"https:\/\/e-leclerc.es\/ciudad-real\/wp-json\/wp\/v2\/media\/6180"}],"wp:attachment":[{"href":"https:\/\/e-leclerc.es\/ciudad-real\/wp-json\/wp\/v2\/media?parent=6179"}],"wp:term":[{"taxonomy":"category","embeddable":true,"href":"https:\/\/e-leclerc.es\/ciudad-real\/wp-json\/wp\/v2\/categories?post=6179"},{"taxonomy":"post_tag","embeddable":true,"href":"https:\/\/e-leclerc.es\/ciudad-real\/wp-json\/wp\/v2\/tags?post=6179"}],"curies":[{"name":"wp","href":"https:\/\/api.w.org\/{rel}","templated":true}]}}